{"id":35233,"date":"2022-02-23T13:37:26","date_gmt":"2022-02-23T16:37:26","guid":{"rendered":"https:\/\/psol50.org.br\/?p=35233"},"modified":"2022-02-25T17:00:56","modified_gmt":"2022-02-25T20:00:56","slug":"psol-pede-investigacao-no-mpf-apos-inep-retirar-do-ar-dados-sobre-o-censo-escolar-da-educacao-basica","status":"publish","type":"post","link":"https:\/\/psol50.org.br\/psol-pede-investigacao-no-mpf-apos-inep-retirar-do-ar-dados-sobre-o-censo-escolar-da-educacao-basica\/","title":{"rendered":"PSOL pede investiga\u00e7\u00e3o no MPF ap\u00f3s Inep retirar do ar dados sobre Censo da Educa\u00e7\u00e3o B\u00e1sica"},"content":{"rendered":"<p>A bancada do PSOL na C\u00e2mara acionou o Minist\u00e9rio P\u00fablico Federal nesta ter\u00e7a-feira (22) pedindo que seja aberta uma investiga\u00e7\u00e3o ap\u00f3s o Instituto Nacional de Estudos e Pesquisas Educacionais An\u00edsio Teixeira (Inep) retirar do ar uma s\u00e9rie de dados sobre o Censo Escolar da Educa\u00e7\u00e3o B\u00e1sica.<\/p>\n<p>O Inep deixou de divulgar parte dos chamados microdados, que permitem analisar os resultados com recortes por ra\u00e7a, por renda, ou mesmo por escola, por exemplo. T\u00e9cnicos que acompanham o assunto falam em \u201capag\u00e3o de dados\u201d. Al\u00e9m disso, as informa\u00e7\u00f5es referentes ao ENEM dos anos anteriores foram retiradas do ar sem previs\u00e3o de retorno.<\/p>\n<p>Em seu portal na internet, o Inep alega ter omitido os dados como forma de suprimir qualquer possibilidade de identifica\u00e7\u00e3o das pessoas. Mas as tabelas, no entanto &#8211; destaca a l\u00edder do partido na C\u00e2mara, S\u00e2mia Bomfim -, n\u00e3o trazem informa\u00e7\u00f5es pessoais.<\/p>\n<p>\u201cOs alunos s\u00e3o identificados por c\u00f3digos. Especialistas em educa\u00e7\u00e3o e t\u00e9cnicos do Inep alertam que, sem as informa\u00e7\u00f5es, n\u00e3o \u00e9 poss\u00edvel fazer uma an\u00e1lise profunda dos desafios educacionais brasileiros, como a evas\u00e3o escolar durante a pandemia, muito menos elaborar pol\u00edticas p\u00fablicas para enfrent\u00e1-los\u201d.<\/p>\n<p>N\u00e3o \u00e9 a primeira ocasi\u00e3o em que o MEC tenta controlar, pautado em bases pouco claras e de escassa objetividade, o conte\u00fado das quest\u00f5es do Enem. No ano passado, o INEP tentou criar uma comiss\u00e3o permanente para revis\u00e3o ideol\u00f3gica da prova.<\/p>\n<p>A gravidade do caso levou \u00e0 uma a\u00e7\u00e3o do PSOL tamb\u00e9m na Procuradoria Federal dos Direitos do Cidad\u00e3o para que houvesse investiga\u00e7\u00e3o urgente sobre a cria\u00e7\u00e3o do \u201cTribunal Ideol\u00f3gico\u201d. Em resposta ao pedido do PSOL, \u00e0 \u00e9poca, a PFC determinou investiga\u00e7\u00e3o.<\/p>\n<p>\u201cN\u00e3o h\u00e1 como negar: o obscurantismo \u00e9 a marca do governo Jair Bolsonaro na Educa\u00e7\u00e3o. O presidente do INEP Danilo Dupas \u00e9 uma das muitas faces que comp\u00f5em a estrutura conservadora e retr\u00f3grada do governo Bolsonaro&#8221;, afirmam os deputados do PSOL no documento.<\/p>\n<p>&#8220;Entre o amorda\u00e7amento de servidores, ideologiza\u00e7\u00e3o de um Minist\u00e9rio extremamente importante e agora o sumi\u00e7o de dados fundamentais para an\u00e1lises estat\u00edsticas e pol\u00edticas, resta claro que o desmonte de pol\u00edticas p\u00fablicas educacionais \u00e9 um projeto no Governo Bolsonaro, tendo no Dupas um fiel seguidor&#8221;, enfatizam.<\/p>\n<p>\u201c\u00c9 preciso que o Minist\u00e9rio P\u00fablico Federal garanta a ampla divulga\u00e7\u00e3o, com transpar\u00eancia e em canais oficiais, de todos os dados referentes ao Exame Nacional do Ensino M\u00e9dio (Enem) de 2020 e do Censo Escolar da Educa\u00e7\u00e3o B\u00e1sica de 2021\u201d, concluem.<\/p>\n","protected":false},"excerpt":{"rendered":"<p>A bancada do PSOL na C\u00e2mara acionou o Minist\u00e9rio P\u00fablico Federal nesta ter\u00e7a-feira (22) pedindo que seja aberta uma investiga\u00e7\u00e3o ap\u00f3s o Instituto Nacional de Estudos e Pesquisas Educacionais An\u00edsio Teixeira (Inep) retirar do ar uma s\u00e9rie de dados sobre o Censo Escolar da Educa\u00e7\u00e3o B\u00e1sica. O Inep deixou de divulgar parte dos chamados microdados, [&hellip;]<\/p>\n","protected":false},"author":2,"featured_media":35234,"comment_status":"open","ping_status":"open","sticky":false,"template":"","format":"standard","meta":{"_acf_changed":false,"footnotes":""},"categories":[10],"tags":[4825],"class_list":{"0":"post-35233","1":"post","2":"type-post","3":"status-publish","4":"format-standard","5":"has-post-thumbnail","7":"category-acao-parlamentares","8":"tag-noticias"},"acf":[],"yoast_head":"<!-- This site is optimized with the Yoast SEO plugin v26.5 - https:\/\/yoast.com\/wordpress\/plugins\/seo\/ -->\n<title>PSOL pede investiga\u00e7\u00e3o no MPF ap\u00f3s Inep retirar do ar dados sobre Censo da Educa\u00e7\u00e3o B\u00e1sica<\/title>\n<meta name=\"description\" content=\"T\u00e9cnicos que acompanham o assunto falam em \u201capag\u00e3o de dados\u201d, o que impede uma an\u00e1lise profunda dos desafios educacionais brasileiros.\" \/>\n<meta name=\"robots\" content=\"index, follow, max-snippet:-1, max-image-preview:large, max-video-preview:-1\" \/>\n<link rel=\"canonical\" href=\"https:\/\/psol50.org.br\/psol-pede-investigacao-no-mpf-apos-inep-retirar-do-ar-dados-sobre-o-censo-escolar-da-educacao-basica\/\" \/>\n<meta property=\"og:locale\" content=\"pt_BR\" \/>\n<meta property=\"og:type\" content=\"article\" \/>\n<meta property=\"og:title\" content=\"PSOL pede investiga\u00e7\u00e3o no MPF ap\u00f3s Inep retirar do ar dados sobre Censo da Educa\u00e7\u00e3o B\u00e1sica\" \/>\n<meta property=\"og:description\" content=\"T\u00e9cnicos que acompanham o assunto falam em \u201capag\u00e3o de dados\u201d, o que impede uma an\u00e1lise profunda dos desafios educacionais brasileiros.\" \/>\n<meta property=\"og:url\" content=\"https:\/\/psol50.org.br\/psol-pede-investigacao-no-mpf-apos-inep-retirar-do-ar-dados-sobre-o-censo-escolar-da-educacao-basica\/\" \/>\n<meta property=\"og:site_name\" content=\"PSOL 50\" \/>\n<meta property=\"article:publisher\" content=\"https:\/\/www.facebook.com\/psol50\" \/>\n<meta property=\"article:published_time\" content=\"2022-02-23T16:37:26+00:00\" \/>\n<meta property=\"article:modified_time\" content=\"2022-02-25T20:00:56+00:00\" \/>\n<meta property=\"og:image\" content=\"https:\/\/psol50.org.br\/inc\/uploads\/2022\/02\/ribeiro_bolsonaro_dupas_03.mar_.2021.jpg\" \/>\n\t<meta property=\"og:image:width\" content=\"2048\" \/>\n\t<meta property=\"og:image:height\" content=\"1365\" \/>\n\t<meta property=\"og:image:type\" content=\"image\/jpeg\" \/>\n<meta name=\"author\" content=\"Comunica\u00e7\u00e3o PSOL\" \/>\n<meta name=\"twitter:card\" content=\"summary_large_image\" \/>\n<meta name=\"twitter:creator\" content=\"@psol50\" \/>\n<meta name=\"twitter:site\" content=\"@psol50\" \/>\n<meta name=\"twitter:label1\" content=\"Escrito por\" \/>\n\t<meta name=\"twitter:data1\" content=\"Comunica\u00e7\u00e3o PSOL\" \/>\n\t<meta name=\"twitter:label2\" content=\"Est. tempo de leitura\" \/>\n\t<meta name=\"twitter:data2\" content=\"2 minutos\" \/>\n<script type=\"application\/ld+json\" class=\"yoast-schema-graph\">{\"@context\":\"https:\/\/schema.org\",\"@graph\":[{\"@type\":\"Article\",\"@id\":\"https:\/\/psol50.org.br\/psol-pede-investigacao-no-mpf-apos-inep-retirar-do-ar-dados-sobre-o-censo-escolar-da-educacao-basica\/#article\",\"isPartOf\":{\"@id\":\"https:\/\/psol50.org.br\/psol-pede-investigacao-no-mpf-apos-inep-retirar-do-ar-dados-sobre-o-censo-escolar-da-educacao-basica\/\"},\"author\":{\"name\":\"Comunica\u00e7\u00e3o PSOL\",\"@id\":\"https:\/\/psol50.org.br\/#\/schema\/person\/475dfa57d0b815993c714c2e96491fcd\"},\"headline\":\"PSOL pede investiga\u00e7\u00e3o no MPF ap\u00f3s Inep retirar do ar dados sobre Censo da Educa\u00e7\u00e3o B\u00e1sica\",\"datePublished\":\"2022-02-23T16:37:26+00:00\",\"dateModified\":\"2022-02-25T20:00:56+00:00\",\"mainEntityOfPage\":{\"@id\":\"https:\/\/psol50.org.br\/psol-pede-investigacao-no-mpf-apos-inep-retirar-do-ar-dados-sobre-o-censo-escolar-da-educacao-basica\/\"},\"wordCount\":473,\"commentCount\":0,\"publisher\":{\"@id\":\"https:\/\/psol50.org.br\/#organization\"},\"image\":{\"@id\":\"https:\/\/psol50.org.br\/psol-pede-investigacao-no-mpf-apos-inep-retirar-do-ar-dados-sobre-o-censo-escolar-da-educacao-basica\/#primaryimage\"},\"thumbnailUrl\":\"https:\/\/psol50.org.br\/inc\/uploads\/2022\/02\/ribeiro_bolsonaro_dupas_03.mar_.2021.jpg\",\"keywords\":[\"Not\u00edcias\"],\"articleSection\":[\"A\u00e7\u00e3o Parlamentar\"],\"inLanguage\":\"pt-BR\",\"potentialAction\":[{\"@type\":\"CommentAction\",\"name\":\"Comment\",\"target\":[\"https:\/\/psol50.org.br\/psol-pede-investigacao-no-mpf-apos-inep-retirar-do-ar-dados-sobre-o-censo-escolar-da-educacao-basica\/#respond\"]}]},{\"@type\":\"WebPage\",\"@id\":\"https:\/\/psol50.org.br\/psol-pede-investigacao-no-mpf-apos-inep-retirar-do-ar-dados-sobre-o-censo-escolar-da-educacao-basica\/\",\"url\":\"https:\/\/psol50.org.br\/psol-pede-investigacao-no-mpf-apos-inep-retirar-do-ar-dados-sobre-o-censo-escolar-da-educacao-basica\/\",\"name\":\"PSOL pede investiga\u00e7\u00e3o no MPF ap\u00f3s Inep retirar do ar dados sobre Censo da Educa\u00e7\u00e3o B\u00e1sica\",\"isPartOf\":{\"@id\":\"https:\/\/psol50.org.br\/#website\"},\"primaryImageOfPage\":{\"@id\":\"https:\/\/psol50.org.br\/psol-pede-investigacao-no-mpf-apos-inep-retirar-do-ar-dados-sobre-o-censo-escolar-da-educacao-basica\/#primaryimage\"},\"image\":{\"@id\":\"https:\/\/psol50.org.br\/psol-pede-investigacao-no-mpf-apos-inep-retirar-do-ar-dados-sobre-o-censo-escolar-da-educacao-basica\/#primaryimage\"},\"thumbnailUrl\":\"https:\/\/psol50.org.br\/inc\/uploads\/2022\/02\/ribeiro_bolsonaro_dupas_03.mar_.2021.jpg\",\"datePublished\":\"2022-02-23T16:37:26+00:00\",\"dateModified\":\"2022-02-25T20:00:56+00:00\",\"description\":\"T\u00e9cnicos que acompanham o assunto falam em \u201capag\u00e3o de dados\u201d, o que impede uma an\u00e1lise profunda dos desafios educacionais brasileiros.\",\"breadcrumb\":{\"@id\":\"https:\/\/psol50.org.br\/psol-pede-investigacao-no-mpf-apos-inep-retirar-do-ar-dados-sobre-o-censo-escolar-da-educacao-basica\/#breadcrumb\"},\"inLanguage\":\"pt-BR\",\"potentialAction\":[{\"@type\":\"ReadAction\",\"target\":[\"https:\/\/psol50.org.br\/psol-pede-investigacao-no-mpf-apos-inep-retirar-do-ar-dados-sobre-o-censo-escolar-da-educacao-basica\/\"]}]},{\"@type\":\"ImageObject\",\"inLanguage\":\"pt-BR\",\"@id\":\"https:\/\/psol50.org.br\/psol-pede-investigacao-no-mpf-apos-inep-retirar-do-ar-dados-sobre-o-censo-escolar-da-educacao-basica\/#primaryimage\",\"url\":\"https:\/\/psol50.org.br\/inc\/uploads\/2022\/02\/ribeiro_bolsonaro_dupas_03.mar_.2021.jpg\",\"contentUrl\":\"https:\/\/psol50.org.br\/inc\/uploads\/2022\/02\/ribeiro_bolsonaro_dupas_03.mar_.2021.jpg\",\"width\":2048,\"height\":1365,\"caption\":\"Foto: Alan Santos\/PR\"},{\"@type\":\"BreadcrumbList\",\"@id\":\"https:\/\/psol50.org.br\/psol-pede-investigacao-no-mpf-apos-inep-retirar-do-ar-dados-sobre-o-censo-escolar-da-educacao-basica\/#breadcrumb\",\"itemListElement\":[{\"@type\":\"ListItem\",\"position\":1,\"name\":\"In\u00edcio\",\"item\":\"https:\/\/psol50.org.br\/\"},{\"@type\":\"ListItem\",\"position\":2,\"name\":\"PSOL pede investiga\u00e7\u00e3o no MPF ap\u00f3s Inep retirar do ar dados sobre Censo da Educa\u00e7\u00e3o B\u00e1sica\"}]},{\"@type\":\"WebSite\",\"@id\":\"https:\/\/psol50.org.br\/#website\",\"url\":\"https:\/\/psol50.org.br\/\",\"name\":\"PSOL 50\",\"description\":\"Site oficial do Partido Socialismo e Liberdade\",\"publisher\":{\"@id\":\"https:\/\/psol50.org.br\/#organization\"},\"alternateName\":\"PSOL50\",\"potentialAction\":[{\"@type\":\"SearchAction\",\"target\":{\"@type\":\"EntryPoint\",\"urlTemplate\":\"https:\/\/psol50.org.br\/?s={search_term_string}\"},\"query-input\":{\"@type\":\"PropertyValueSpecification\",\"valueRequired\":true,\"valueName\":\"search_term_string\"}}],\"inLanguage\":\"pt-BR\"},{\"@type\":\"Organization\",\"@id\":\"https:\/\/psol50.org.br\/#organization\",\"name\":\"PSOL 50\",\"alternateName\":\"PSOL 50\",\"url\":\"https:\/\/psol50.org.br\/\",\"logo\":{\"@type\":\"ImageObject\",\"inLanguage\":\"pt-BR\",\"@id\":\"https:\/\/psol50.org.br\/#\/schema\/logo\/image\/\",\"url\":\"https:\/\/psol50.org.br\/inc\/uploads\/2018\/07\/capa.png\",\"contentUrl\":\"https:\/\/psol50.org.br\/inc\/uploads\/2018\/07\/capa.png\",\"width\":1350,\"height\":900,\"caption\":\"PSOL 50\"},\"image\":{\"@id\":\"https:\/\/psol50.org.br\/#\/schema\/logo\/image\/\"},\"sameAs\":[\"https:\/\/www.facebook.com\/psol50\",\"https:\/\/x.com\/psol50\",\"https:\/\/www.instagram.com\/psol50\/\",\"https:\/\/www.youtube.com\/channel\/UC7SnJS5o1os7a6CaiNabzcg\"]},{\"@type\":\"Person\",\"@id\":\"https:\/\/psol50.org.br\/#\/schema\/person\/475dfa57d0b815993c714c2e96491fcd\",\"name\":\"Comunica\u00e7\u00e3o PSOL\",\"image\":{\"@type\":\"ImageObject\",\"inLanguage\":\"pt-BR\",\"@id\":\"https:\/\/psol50.org.br\/#\/schema\/person\/image\/\",\"url\":\"https:\/\/secure.gravatar.com\/avatar\/b34fc4f4e468a4e51785917065a3db57b841f5c95dba6ad8c73aaf8f66f8f9bf?s=96&d=mm&r=g\",\"contentUrl\":\"https:\/\/secure.gravatar.com\/avatar\/b34fc4f4e468a4e51785917065a3db57b841f5c95dba6ad8c73aaf8f66f8f9bf?s=96&d=mm&r=g\",\"caption\":\"Comunica\u00e7\u00e3o PSOL\"}}]}<\/script>\n<!-- \/ Yoast SEO plugin. -->","yoast_head_json":{"title":"PSOL pede investiga\u00e7\u00e3o no MPF ap\u00f3s Inep retirar do ar dados sobre Censo da Educa\u00e7\u00e3o B\u00e1sica","description":"T\u00e9cnicos que acompanham o assunto falam em \u201capag\u00e3o de dados\u201d, o que impede uma an\u00e1lise profunda dos desafios educacionais brasileiros.","robots":{"index":"index","follow":"follow","max-snippet":"max-snippet:-1","max-image-preview":"max-image-preview:large","max-video-preview":"max-video-preview:-1"},"canonical":"https:\/\/psol50.org.br\/psol-pede-investigacao-no-mpf-apos-inep-retirar-do-ar-dados-sobre-o-censo-escolar-da-educacao-basica\/","og_locale":"pt_BR","og_type":"article","og_title":"PSOL pede investiga\u00e7\u00e3o no MPF ap\u00f3s Inep retirar do ar dados sobre Censo da Educa\u00e7\u00e3o B\u00e1sica","og_description":"T\u00e9cnicos que acompanham o assunto falam em \u201capag\u00e3o de dados\u201d, o que impede uma an\u00e1lise profunda dos desafios educacionais brasileiros.","og_url":"https:\/\/psol50.org.br\/psol-pede-investigacao-no-mpf-apos-inep-retirar-do-ar-dados-sobre-o-censo-escolar-da-educacao-basica\/","og_site_name":"PSOL 50","article_publisher":"https:\/\/www.facebook.com\/psol50","article_published_time":"2022-02-23T16:37:26+00:00","article_modified_time":"2022-02-25T20:00:56+00:00","og_image":[{"width":2048,"height":1365,"url":"https:\/\/psol50.org.br\/inc\/uploads\/2022\/02\/ribeiro_bolsonaro_dupas_03.mar_.2021.jpg","type":"image\/jpeg"}],"author":"Comunica\u00e7\u00e3o PSOL","twitter_card":"summary_large_image","twitter_creator":"@psol50","twitter_site":"@psol50","twitter_misc":{"Escrito por":"Comunica\u00e7\u00e3o PSOL","Est. tempo de leitura":"2 minutos"},"schema":{"@context":"https:\/\/schema.org","@graph":[{"@type":"Article","@id":"https:\/\/psol50.org.br\/psol-pede-investigacao-no-mpf-apos-inep-retirar-do-ar-dados-sobre-o-censo-escolar-da-educacao-basica\/#article","isPartOf":{"@id":"https:\/\/psol50.org.br\/psol-pede-investigacao-no-mpf-apos-inep-retirar-do-ar-dados-sobre-o-censo-escolar-da-educacao-basica\/"},"author":{"name":"Comunica\u00e7\u00e3o PSOL","@id":"https:\/\/psol50.org.br\/#\/schema\/person\/475dfa57d0b815993c714c2e96491fcd"},"headline":"PSOL pede investiga\u00e7\u00e3o no MPF ap\u00f3s Inep retirar do ar dados sobre Censo da Educa\u00e7\u00e3o B\u00e1sica","datePublished":"2022-02-23T16:37:26+00:00","dateModified":"2022-02-25T20:00:56+00:00","mainEntityOfPage":{"@id":"https:\/\/psol50.org.br\/psol-pede-investigacao-no-mpf-apos-inep-retirar-do-ar-dados-sobre-o-censo-escolar-da-educacao-basica\/"},"wordCount":473,"commentCount":0,"publisher":{"@id":"https:\/\/psol50.org.br\/#organization"},"image":{"@id":"https:\/\/psol50.org.br\/psol-pede-investigacao-no-mpf-apos-inep-retirar-do-ar-dados-sobre-o-censo-escolar-da-educacao-basica\/#primaryimage"},"thumbnailUrl":"https:\/\/psol50.org.br\/inc\/uploads\/2022\/02\/ribeiro_bolsonaro_dupas_03.mar_.2021.jpg","keywords":["Not\u00edcias"],"articleSection":["A\u00e7\u00e3o Parlamentar"],"inLanguage":"pt-BR","potentialAction":[{"@type":"CommentAction","name":"Comment","target":["https:\/\/psol50.org.br\/psol-pede-investigacao-no-mpf-apos-inep-retirar-do-ar-dados-sobre-o-censo-escolar-da-educacao-basica\/#respond"]}]},{"@type":"WebPage","@id":"https:\/\/psol50.org.br\/psol-pede-investigacao-no-mpf-apos-inep-retirar-do-ar-dados-sobre-o-censo-escolar-da-educacao-basica\/","url":"https:\/\/psol50.org.br\/psol-pede-investigacao-no-mpf-apos-inep-retirar-do-ar-dados-sobre-o-censo-escolar-da-educacao-basica\/","name":"PSOL pede investiga\u00e7\u00e3o no MPF ap\u00f3s Inep retirar do ar dados sobre Censo da Educa\u00e7\u00e3o B\u00e1sica","isPartOf":{"@id":"https:\/\/psol50.org.br\/#website"},"primaryImageOfPage":{"@id":"https:\/\/psol50.org.br\/psol-pede-investigacao-no-mpf-apos-inep-retirar-do-ar-dados-sobre-o-censo-escolar-da-educacao-basica\/#primaryimage"},"image":{"@id":"https:\/\/psol50.org.br\/psol-pede-investigacao-no-mpf-apos-inep-retirar-do-ar-dados-sobre-o-censo-escolar-da-educacao-basica\/#primaryimage"},"thumbnailUrl":"https:\/\/psol50.org.br\/inc\/uploads\/2022\/02\/ribeiro_bolsonaro_dupas_03.mar_.2021.jpg","datePublished":"2022-02-23T16:37:26+00:00","dateModified":"2022-02-25T20:00:56+00:00","description":"T\u00e9cnicos que acompanham o assunto falam em \u201capag\u00e3o de dados\u201d, o que impede uma an\u00e1lise profunda dos desafios educacionais brasileiros.","breadcrumb":{"@id":"https:\/\/psol50.org.br\/psol-pede-investigacao-no-mpf-apos-inep-retirar-do-ar-dados-sobre-o-censo-escolar-da-educacao-basica\/#breadcrumb"},"inLanguage":"pt-BR","potentialAction":[{"@type":"ReadAction","target":["https:\/\/psol50.org.br\/psol-pede-investigacao-no-mpf-apos-inep-retirar-do-ar-dados-sobre-o-censo-escolar-da-educacao-basica\/"]}]},{"@type":"ImageObject","inLanguage":"pt-BR","@id":"https:\/\/psol50.org.br\/psol-pede-investigacao-no-mpf-apos-inep-retirar-do-ar-dados-sobre-o-censo-escolar-da-educacao-basica\/#primaryimage","url":"https:\/\/psol50.org.br\/inc\/uploads\/2022\/02\/ribeiro_bolsonaro_dupas_03.mar_.2021.jpg","contentUrl":"https:\/\/psol50.org.br\/inc\/uploads\/2022\/02\/ribeiro_bolsonaro_dupas_03.mar_.2021.jpg","width":2048,"height":1365,"caption":"Foto: Alan Santos\/PR"},{"@type":"BreadcrumbList","@id":"https:\/\/psol50.org.br\/psol-pede-investigacao-no-mpf-apos-inep-retirar-do-ar-dados-sobre-o-censo-escolar-da-educacao-basica\/#breadcrumb","itemListElement":[{"@type":"ListItem","position":1,"name":"In\u00edcio","item":"https:\/\/psol50.org.br\/"},{"@type":"ListItem","position":2,"name":"PSOL pede investiga\u00e7\u00e3o no MPF ap\u00f3s Inep retirar do ar dados sobre Censo da Educa\u00e7\u00e3o B\u00e1sica"}]},{"@type":"WebSite","@id":"https:\/\/psol50.org.br\/#website","url":"https:\/\/psol50.org.br\/","name":"PSOL 50","description":"Site oficial do Partido Socialismo e Liberdade","publisher":{"@id":"https:\/\/psol50.org.br\/#organization"},"alternateName":"PSOL50","potentialAction":[{"@type":"SearchAction","target":{"@type":"EntryPoint","urlTemplate":"https:\/\/psol50.org.br\/?s={search_term_string}"},"query-input":{"@type":"PropertyValueSpecification","valueRequired":true,"valueName":"search_term_string"}}],"inLanguage":"pt-BR"},{"@type":"Organization","@id":"https:\/\/psol50.org.br\/#organization","name":"PSOL 50","alternateName":"PSOL 50","url":"https:\/\/psol50.org.br\/","logo":{"@type":"ImageObject","inLanguage":"pt-BR","@id":"https:\/\/psol50.org.br\/#\/schema\/logo\/image\/","url":"https:\/\/psol50.org.br\/inc\/uploads\/2018\/07\/capa.png","contentUrl":"https:\/\/psol50.org.br\/inc\/uploads\/2018\/07\/capa.png","width":1350,"height":900,"caption":"PSOL 50"},"image":{"@id":"https:\/\/psol50.org.br\/#\/schema\/logo\/image\/"},"sameAs":["https:\/\/www.facebook.com\/psol50","https:\/\/x.com\/psol50","https:\/\/www.instagram.com\/psol50\/","https:\/\/www.youtube.com\/channel\/UC7SnJS5o1os7a6CaiNabzcg"]},{"@type":"Person","@id":"https:\/\/psol50.org.br\/#\/schema\/person\/475dfa57d0b815993c714c2e96491fcd","name":"Comunica\u00e7\u00e3o PSOL","image":{"@type":"ImageObject","inLanguage":"pt-BR","@id":"https:\/\/psol50.org.br\/#\/schema\/person\/image\/","url":"https:\/\/secure.gravatar.com\/avatar\/b34fc4f4e468a4e51785917065a3db57b841f5c95dba6ad8c73aaf8f66f8f9bf?s=96&d=mm&r=g","contentUrl":"https:\/\/secure.gravatar.com\/avatar\/b34fc4f4e468a4e51785917065a3db57b841f5c95dba6ad8c73aaf8f66f8f9bf?s=96&d=mm&r=g","caption":"Comunica\u00e7\u00e3o PSOL"}}]}},"_links":{"self":[{"href":"https:\/\/psol50.org.br\/rest\/wp\/v2\/posts\/35233","targetHints":{"allow":["GET"]}}],"collection":[{"href":"https:\/\/psol50.org.br\/rest\/wp\/v2\/posts"}],"about":[{"href":"https:\/\/psol50.org.br\/rest\/wp\/v2\/types\/post"}],"author":[{"embeddable":true,"href":"https:\/\/psol50.org.br\/rest\/wp\/v2\/users\/2"}],"replies":[{"embeddable":true,"href":"https:\/\/psol50.org.br\/rest\/wp\/v2\/comments?post=35233"}],"version-history":[{"count":2,"href":"https:\/\/psol50.org.br\/rest\/wp\/v2\/posts\/35233\/revisions"}],"predecessor-version":[{"id":35236,"href":"https:\/\/psol50.org.br\/rest\/wp\/v2\/posts\/35233\/revisions\/35236"}],"wp:featuredmedia":[{"embeddable":true,"href":"https:\/\/psol50.org.br\/rest\/wp\/v2\/media\/35234"}],"wp:attachment":[{"href":"https:\/\/psol50.org.br\/rest\/wp\/v2\/media?parent=35233"}],"wp:term":[{"taxonomy":"category","embeddable":true,"href":"https:\/\/psol50.org.br\/rest\/wp\/v2\/categories?post=35233"},{"taxonomy":"post_tag","embeddable":true,"href":"https:\/\/psol50.org.br\/rest\/wp\/v2\/tags?post=35233"}],"curies":[{"name":"wp","href":"https:\/\/api.w.org\/{rel}","templated":true}]}}