{"id":35270,"date":"2022-03-04T14:36:57","date_gmt":"2022-03-04T17:36:57","guid":{"rendered":"https:\/\/psol50.org.br\/?p=35270"},"modified":"2022-03-09T16:02:21","modified_gmt":"2022-03-09T19:02:21","slug":"8m-pela-vida-das-mulheres-saiba-onde-ja-tem-ato-confirmado-para-o-8-de-marco","status":"publish","type":"post","link":"https:\/\/psol50.org.br\/8m-pela-vida-das-mulheres-saiba-onde-ja-tem-ato-confirmado-para-o-8-de-marco\/","title":{"rendered":"#8M pela vida das mulheres: Saiba onde j\u00e1 tem ato confirmado para o 8 de mar\u00e7o"},"content":{"rendered":"<p>No Dia Internacional de Luta das Mulheres, as tradicionais manifesta\u00e7\u00f5es de 8 de mar\u00e7o tomar\u00e3o as ruas de todo o Brasil novamente neste ano. Mais de 25 cidades de todas as regi\u00f5es brasileiras j\u00e1 tem atos marcados e o n\u00famero vai subir nos pr\u00f3ximos dias.<\/p>\n<p>Sob o mote &#8220;Pela vida das mulheres: Bolsonaro nunca mais! Por um Brasil sem machismo, racismo e fome&#8221;, as organiza\u00e7\u00f5es, entidades, articula\u00e7\u00f5es e ativistas feministas, entre elas a Setorial Nacional de Mulheres do PSOL, v\u00e3o marchar nas ruas contra o governo genocida de Bolsonaro e contra o machismo, racismo e LGBTQIA+fobia.<\/p>\n<p><strong>Leia mais: <a href=\"https:\/\/psol50.org.br\/8m-pela-vida-das-mulheres-bolsonaro-nunca-mais-por-um-brasil-sem-machismo-racismo-e-fome\/\" target=\"_blank\" rel=\"noopener\">\u00cdntegra do manifesto deste #8M pela Vida das Mulheres<\/a><\/strong><\/p>\n<h6><strong>Veja a lista de manifesta\u00e7\u00f5es confirmadas at\u00e9 agora pelo Brasil:<\/strong><\/h6>\n<h5><strong>Norte<\/strong><\/h5>\n<p><strong>Par\u00e1<\/strong><br \/>\nBel\u00e9m &#8211; Pra\u00e7a da Rep\u00fablica &#8211; 8 de mar\u00e7o, \u00e0s 17h<br \/>\nAnanindeua &#8211; DEAM, Cidade Nova 5, We 31, 1112 &#8211; 8 de mar\u00e7o, \u00e0s 7h<br \/>\nMarab\u00e1 &#8211; Pra\u00e7a S\u00e3o Francisco &#8211; 8 de mar\u00e7o (hor\u00e1rio a definir)<\/p>\n<h5><strong>Nordeste<\/strong><\/h5>\n<p><strong>Alagoas<br \/>\n<\/strong>Macei\u00f3 &#8211; Pra\u00e7a dos Martirios &#8211; 8 de mar\u00e7o, \u00e0s 8h<\/p>\n<p><strong>Pernambuco<\/strong><br \/>\nRecife &#8211; Parque 13 de Maio &#8211; 8 de mar\u00e7o, \u00e0s 15h<\/p>\n<p><strong>Bahia<br \/>\n<\/strong>Salvador &#8211; Campo Grande &#8211; 8 de mar\u00e7o, \u00e0s 14h<br \/>\nSanto Ant\u00f4nio de Jesus &#8211; Pra\u00e7a Padre Mateus &#8211; 8 de mar\u00e7o, \u00e0s 17h<\/p>\n<p><strong>Cear\u00e1<\/strong><br \/>\nFortaleza &#8211; Pra\u00e7a do Ferreira &#8211; 8 de mar\u00e7o, \u00e0s 13h<br \/>\nCariri &#8211; Pra\u00e7a da Prefeitura (Crato) &#8211; 8 de mar\u00e7o, \u00e0s 8h<br \/>\nSobral &#8211; Arco do Triunfo &#8211; 8 de mar\u00e7o, \u00e0s 17h<\/p>\n<p><strong>Para\u00edba<br \/>\n<\/strong>Jo\u00e3o Pessoa &#8211; Pra\u00e7a do Ponto de Cem R\u00e9is &#8211; 8 de mar\u00e7o, \u00e0s 7h30<br \/>\nCajazeiras &#8211; Pra\u00e7a Leblon &#8211; 8 de mar\u00e7o, \u00e0s 16h<br \/>\nCampina Grande &#8211; Pra\u00e7a da Bandeira &#8211; 8 de mar\u00e7o, \u00e0s 8h<br \/>\nBa\u00eda da Trai\u00e7\u00e3o &#8211; Aldeia &#8211; 8 de mar\u00e7o, \u00e0s 14h<\/p>\n<p><strong>Rio Grande do Norte<\/strong><br \/>\nNatal &#8211; Pra\u00e7a Gentil Ferreira &#8211; 8 de mar\u00e7o, \u00e0s 14h30<br \/>\nMossor\u00f3 &#8211; Pra\u00e7a da PAX &#8211; 8 de mar\u00e7o, \u00e0s 16h<\/p>\n<p><strong>Maranh\u00e3o<\/strong><br \/>\nS\u00e3o Lu\u00eds &#8211; Pra\u00e7a Deodoro &#8211; 8 de mar\u00e7o, \u00e0s 15h<\/p>\n<p><strong>Sergipe<\/strong><br \/>\nAracaju &#8211; Reserva da Mangaba &#8211; 8 de mar\u00e7o, \u00e0s 9h<\/p>\n<h5><strong>Sul<\/strong><\/h5>\n<p><strong>Rio Grande do Sul<br \/>\n<\/strong>Porto Alegre &#8211; Esquina Democr\u00e1tica &#8211; 8 de mar\u00e7o, \u00e0s 18h<br \/>\nCaxias do Sul &#8211; Pra\u00e7a Dante &#8211; 8 de mar\u00e7o, \u00e0s 18h<\/p>\n<p><strong>Santa Catarina<\/strong><br \/>\nFlorian\u00f3polis &#8211; Ticen &#8211; 8 de mar\u00e7o, a partir das 12h<br \/>\nChapec\u00f3 &#8211; Pra\u00e7a Central &#8211; 8 de mar\u00e7o, das 9h \u00e0s 13h<br \/>\nJoinville &#8211; Pra\u00e7a da Bandeira &#8211; 8 de mar\u00e7o, \u00e0s 18h<br \/>\nLages &#8211; Associa\u00e7\u00e3o de Moradores e Amigos do Bairro Popular &#8211; 8 de mar\u00e7o, com atividades das 9h \u00e0s 17h<br \/>\nS\u00e3o Miguel do Oeste &#8211; Pra\u00e7a Municipal Walnir Bottaro Daniel &#8211; 8 de mar\u00e7o, \u00e0s 9h<\/p>\n<p><strong>Paran\u00e1<\/strong><br \/>\nCuritiba &#8211; Pra\u00e7a Santos Andrade &#8211; 8 de mar\u00e7o, concentra\u00e7\u00e3o a partir das 16h30<br \/>\nGuarapuava &#8211; Terminal da Fonte &#8211; 8 de mar\u00e7o, \u00e0s 17h<br \/>\nFoz do Igua\u00e7u &#8211; Em frente ao Bosque Guarani (TTU) &#8211; 8 de mar\u00e7o, \u00e0s 17h<br \/>\nLondrina &#8211; Cal\u00e7ad\u00e3o &#8211; 8 de mar\u00e7o, \u00e0s 17h30<br \/>\nApucarana &#8211; Pra\u00e7a Rui Barbosa &#8211; 8 de mar\u00e7o, \u00e0s 18h<\/p>\n<h5><strong>Sudeste<\/strong><\/h5>\n<p><strong>Esp\u00edrito Santo<br \/>\n<\/strong>Vit\u00f3ria &#8211; Pra\u00e7a Costa Pereira \u2013 8 de mar\u00e7o, \u00e0s 14h<\/p>\n<p><strong>Minas Gerais<br \/>\n<\/strong>Belo Horizonte &#8211; Pra\u00e7a da Liberdade \u2013 8 de mar\u00e7o, \u00e0s 16h30<br \/>\nJuiz de Fora &#8211; Pra\u00e7a da Esta\u00e7\u00e3o &#8211; 8 de mar\u00e7o, \u00e0s 17h<br \/>\nDivin\u00f3polis &#8211; No quarteir\u00e3o fechado da Rua S\u00e3o Paulo &#8211; 8 de mar\u00e7o, \u00e0s 15h30<br \/>\nIpatinga &#8211; Pra\u00e7a Primeiro de Maio \u2013 8 de mar\u00e7o, \u00e0s 8h<br \/>\nIta\u00fana &#8211; Local a definir &#8211; 12 de mar\u00e7o, \u00e0s 8h<br \/>\nOuro Preto &#8211; Pra\u00e7a Tiradentes &#8211; 8 de mar\u00e7o, \u00e0s 15h30<br \/>\nBarbacena &#8211; Centro \u2013 Pra\u00e7a dos Macacos 8 de mar\u00e7o, \u00e0s 16h<br \/>\nPonte Nova &#8211; Pra\u00e7a dos Palmares \u2013 8 de mar\u00e7o, \u00e0s 17h<br \/>\nUberl\u00e2ndia &#8211; Pra\u00e7a Ismene Mendes \u2013 8 de mar\u00e7o, \u00e0s 16h30<\/p>\n<p><strong>S\u00e3o Paulo<br \/>\n<\/strong>S\u00e3o Paulo &#8211; MASP &#8211; 8 de mar\u00e7o, \u00e0s 16h<br \/>\nCampinas &#8211; Largo do Ros\u00e1rio &#8211; 8 de mar\u00e7o, \u00e0s 16h<br \/>\nS\u00e3o Bernardo do Campo &#8211; Pra\u00e7a da Matriz &#8211; 12 de mar\u00e7o, \u00e0s 10h<\/p>\n<p><strong>Rio de Janeiro<\/strong><br \/>\nRio de Janeiro &#8211; Candel\u00e1ria &#8211; 8 de mar\u00e7o, \u00e0s 16h<\/p>\n<h5><strong>Centro-Oeste<\/strong><\/h5>\n<p><strong>Distrito Federal<br \/>\n<\/strong>Bras\u00edlia &#8211; Museu da Rep\u00fablica &#8211; 8 de mar\u00e7o, \u00e0s 18h30<\/p>\n<p><strong>Goi\u00e1s<\/strong><br \/>\nGoi\u00e2nia &#8211; Catedral Metropolitana &#8211; 8 de mar\u00e7o, \u00e0s 9h<\/p>\n<p><strong>Mato Grosso do Sul<\/strong><br \/>\nCampo Grande &#8211; Avenida Afonso Pena com a 14 de Julho &#8211; 8 de mar\u00e7o, \u00e0s 8h<\/p>\n","protected":false},"excerpt":{"rendered":"<p>No Dia Internacional de Luta das Mulheres, as tradicionais manifesta\u00e7\u00f5es de 8 de mar\u00e7o tomar\u00e3o as ruas de todo o Brasil novamente neste ano. Mais de 25 cidades de todas as regi\u00f5es brasileiras j\u00e1 tem atos marcados e o n\u00famero vai subir nos pr\u00f3ximos dias. Sob o mote &#8220;Pela vida das mulheres: Bolsonaro nunca mais! [&hellip;]<\/p>\n","protected":false},"author":2,"featured_media":35273,"comment_status":"open","ping_status":"open","sticky":false,"template":"","format":"standard","meta":{"_acf_changed":false,"footnotes":""},"categories":[1882],"tags":[4825],"class_list":{"0":"post-35270","1":"post","2":"type-post","3":"status-publish","4":"format-standard","5":"has-post-thumbnail","7":"category-brasil","8":"tag-noticias"},"acf":[],"yoast_head":"<!-- This site is optimized with the Yoast SEO plugin v26.5 - https:\/\/yoast.com\/wordpress\/plugins\/seo\/ -->\n<title>#8M pela vida das mulheres: Saiba onde j\u00e1 tem ato confirmado para o 8 de mar\u00e7o<\/title>\n<meta name=\"robots\" content=\"index, follow, max-snippet:-1, max-image-preview:large, max-video-preview:-1\" \/>\n<link rel=\"canonical\" href=\"https:\/\/psol50.org.br\/8m-pela-vida-das-mulheres-saiba-onde-ja-tem-ato-confirmado-para-o-8-de-marco\/\" \/>\n<meta property=\"og:locale\" content=\"pt_BR\" \/>\n<meta property=\"og:type\" content=\"article\" \/>\n<meta property=\"og:title\" content=\"#8M pela vida das mulheres: Saiba onde j\u00e1 tem ato confirmado para o 8 de mar\u00e7o\" \/>\n<meta property=\"og:description\" content=\"No Dia Internacional de Luta das Mulheres, as tradicionais manifesta\u00e7\u00f5es de 8 de mar\u00e7o tomar\u00e3o as ruas de todo o Brasil novamente neste ano. Mais de 25 cidades de todas as regi\u00f5es brasileiras j\u00e1 tem atos marcados e o n\u00famero vai subir nos pr\u00f3ximos dias. Sob o mote &#8220;Pela vida das mulheres: Bolsonaro nunca mais! [&hellip;]\" \/>\n<meta property=\"og:url\" content=\"https:\/\/psol50.org.br\/8m-pela-vida-das-mulheres-saiba-onde-ja-tem-ato-confirmado-para-o-8-de-marco\/\" \/>\n<meta property=\"og:site_name\" content=\"PSOL 50\" \/>\n<meta property=\"article:publisher\" content=\"https:\/\/www.facebook.com\/psol50\" \/>\n<meta property=\"article:published_time\" content=\"2022-03-04T17:36:57+00:00\" \/>\n<meta property=\"article:modified_time\" content=\"2022-03-09T19:02:21+00:00\" \/>\n<meta property=\"og:image\" content=\"https:\/\/psol50.org.br\/inc\/uploads\/2022\/03\/84167983_2831489243582325_8417068875664850944_n.jpeg\" \/>\n\t<meta property=\"og:image:width\" content=\"1200\" \/>\n\t<meta property=\"og:image:height\" content=\"754\" \/>\n\t<meta property=\"og:image:type\" content=\"image\/jpeg\" \/>\n<meta name=\"author\" content=\"Comunica\u00e7\u00e3o PSOL\" \/>\n<meta name=\"twitter:card\" content=\"summary_large_image\" \/>\n<meta name=\"twitter:creator\" content=\"@psol50\" \/>\n<meta name=\"twitter:site\" content=\"@psol50\" \/>\n<meta name=\"twitter:label1\" content=\"Escrito por\" \/>\n\t<meta name=\"twitter:data1\" content=\"Comunica\u00e7\u00e3o PSOL\" \/>\n\t<meta name=\"twitter:label2\" content=\"Est. tempo de leitura\" \/>\n\t<meta name=\"twitter:data2\" content=\"2 minutos\" \/>\n<script type=\"application\/ld+json\" class=\"yoast-schema-graph\">{\"@context\":\"https:\/\/schema.org\",\"@graph\":[{\"@type\":\"Article\",\"@id\":\"https:\/\/psol50.org.br\/8m-pela-vida-das-mulheres-saiba-onde-ja-tem-ato-confirmado-para-o-8-de-marco\/#article\",\"isPartOf\":{\"@id\":\"https:\/\/psol50.org.br\/8m-pela-vida-das-mulheres-saiba-onde-ja-tem-ato-confirmado-para-o-8-de-marco\/\"},\"author\":{\"name\":\"Comunica\u00e7\u00e3o PSOL\",\"@id\":\"https:\/\/psol50.org.br\/#\/schema\/person\/475dfa57d0b815993c714c2e96491fcd\"},\"headline\":\"#8M pela vida das mulheres: Saiba onde j\u00e1 tem ato confirmado para o 8 de mar\u00e7o\",\"datePublished\":\"2022-03-04T17:36:57+00:00\",\"dateModified\":\"2022-03-09T19:02:21+00:00\",\"mainEntityOfPage\":{\"@id\":\"https:\/\/psol50.org.br\/8m-pela-vida-das-mulheres-saiba-onde-ja-tem-ato-confirmado-para-o-8-de-marco\/\"},\"wordCount\":805,\"commentCount\":0,\"publisher\":{\"@id\":\"https:\/\/psol50.org.br\/#organization\"},\"image\":{\"@id\":\"https:\/\/psol50.org.br\/8m-pela-vida-das-mulheres-saiba-onde-ja-tem-ato-confirmado-para-o-8-de-marco\/#primaryimage\"},\"thumbnailUrl\":\"https:\/\/psol50.org.br\/inc\/uploads\/2022\/03\/84167983_2831489243582325_8417068875664850944_n.jpeg\",\"keywords\":[\"Not\u00edcias\"],\"articleSection\":[\"Brasil\"],\"inLanguage\":\"pt-BR\",\"potentialAction\":[{\"@type\":\"CommentAction\",\"name\":\"Comment\",\"target\":[\"https:\/\/psol50.org.br\/8m-pela-vida-das-mulheres-saiba-onde-ja-tem-ato-confirmado-para-o-8-de-marco\/#respond\"]}]},{\"@type\":\"WebPage\",\"@id\":\"https:\/\/psol50.org.br\/8m-pela-vida-das-mulheres-saiba-onde-ja-tem-ato-confirmado-para-o-8-de-marco\/\",\"url\":\"https:\/\/psol50.org.br\/8m-pela-vida-das-mulheres-saiba-onde-ja-tem-ato-confirmado-para-o-8-de-marco\/\",\"name\":\"#8M pela vida das mulheres: Saiba onde j\u00e1 tem ato confirmado para o 8 de mar\u00e7o\",\"isPartOf\":{\"@id\":\"https:\/\/psol50.org.br\/#website\"},\"primaryImageOfPage\":{\"@id\":\"https:\/\/psol50.org.br\/8m-pela-vida-das-mulheres-saiba-onde-ja-tem-ato-confirmado-para-o-8-de-marco\/#primaryimage\"},\"image\":{\"@id\":\"https:\/\/psol50.org.br\/8m-pela-vida-das-mulheres-saiba-onde-ja-tem-ato-confirmado-para-o-8-de-marco\/#primaryimage\"},\"thumbnailUrl\":\"https:\/\/psol50.org.br\/inc\/uploads\/2022\/03\/84167983_2831489243582325_8417068875664850944_n.jpeg\",\"datePublished\":\"2022-03-04T17:36:57+00:00\",\"dateModified\":\"2022-03-09T19:02:21+00:00\",\"breadcrumb\":{\"@id\":\"https:\/\/psol50.org.br\/8m-pela-vida-das-mulheres-saiba-onde-ja-tem-ato-confirmado-para-o-8-de-marco\/#breadcrumb\"},\"inLanguage\":\"pt-BR\",\"potentialAction\":[{\"@type\":\"ReadAction\",\"target\":[\"https:\/\/psol50.org.br\/8m-pela-vida-das-mulheres-saiba-onde-ja-tem-ato-confirmado-para-o-8-de-marco\/\"]}]},{\"@type\":\"ImageObject\",\"inLanguage\":\"pt-BR\",\"@id\":\"https:\/\/psol50.org.br\/8m-pela-vida-das-mulheres-saiba-onde-ja-tem-ato-confirmado-para-o-8-de-marco\/#primaryimage\",\"url\":\"https:\/\/psol50.org.br\/inc\/uploads\/2022\/03\/84167983_2831489243582325_8417068875664850944_n.jpeg\",\"contentUrl\":\"https:\/\/psol50.org.br\/inc\/uploads\/2022\/03\/84167983_2831489243582325_8417068875664850944_n.jpeg\",\"width\":1200,\"height\":754,\"caption\":\"Foto: Marcha Mundial das Mulheres\"},{\"@type\":\"BreadcrumbList\",\"@id\":\"https:\/\/psol50.org.br\/8m-pela-vida-das-mulheres-saiba-onde-ja-tem-ato-confirmado-para-o-8-de-marco\/#breadcrumb\",\"itemListElement\":[{\"@type\":\"ListItem\",\"position\":1,\"name\":\"In\u00edcio\",\"item\":\"https:\/\/psol50.org.br\/\"},{\"@type\":\"ListItem\",\"position\":2,\"name\":\"#8M pela vida das mulheres: Saiba onde j\u00e1 tem ato confirmado para o 8 de mar\u00e7o\"}]},{\"@type\":\"WebSite\",\"@id\":\"https:\/\/psol50.org.br\/#website\",\"url\":\"https:\/\/psol50.org.br\/\",\"name\":\"PSOL 50\",\"description\":\"Site oficial do Partido Socialismo e Liberdade\",\"publisher\":{\"@id\":\"https:\/\/psol50.org.br\/#organization\"},\"alternateName\":\"PSOL50\",\"potentialAction\":[{\"@type\":\"SearchAction\",\"target\":{\"@type\":\"EntryPoint\",\"urlTemplate\":\"https:\/\/psol50.org.br\/?s={search_term_string}\"},\"query-input\":{\"@type\":\"PropertyValueSpecification\",\"valueRequired\":true,\"valueName\":\"search_term_string\"}}],\"inLanguage\":\"pt-BR\"},{\"@type\":\"Organization\",\"@id\":\"https:\/\/psol50.org.br\/#organization\",\"name\":\"PSOL 50\",\"alternateName\":\"PSOL 50\",\"url\":\"https:\/\/psol50.org.br\/\",\"logo\":{\"@type\":\"ImageObject\",\"inLanguage\":\"pt-BR\",\"@id\":\"https:\/\/psol50.org.br\/#\/schema\/logo\/image\/\",\"url\":\"https:\/\/psol50.org.br\/inc\/uploads\/2018\/07\/capa.png\",\"contentUrl\":\"https:\/\/psol50.org.br\/inc\/uploads\/2018\/07\/capa.png\",\"width\":1350,\"height\":900,\"caption\":\"PSOL 50\"},\"image\":{\"@id\":\"https:\/\/psol50.org.br\/#\/schema\/logo\/image\/\"},\"sameAs\":[\"https:\/\/www.facebook.com\/psol50\",\"https:\/\/x.com\/psol50\",\"https:\/\/www.instagram.com\/psol50\/\",\"https:\/\/www.youtube.com\/channel\/UC7SnJS5o1os7a6CaiNabzcg\"]},{\"@type\":\"Person\",\"@id\":\"https:\/\/psol50.org.br\/#\/schema\/person\/475dfa57d0b815993c714c2e96491fcd\",\"name\":\"Comunica\u00e7\u00e3o PSOL\",\"image\":{\"@type\":\"ImageObject\",\"inLanguage\":\"pt-BR\",\"@id\":\"https:\/\/psol50.org.br\/#\/schema\/person\/image\/\",\"url\":\"https:\/\/secure.gravatar.com\/avatar\/b34fc4f4e468a4e51785917065a3db57b841f5c95dba6ad8c73aaf8f66f8f9bf?s=96&d=mm&r=g\",\"contentUrl\":\"https:\/\/secure.gravatar.com\/avatar\/b34fc4f4e468a4e51785917065a3db57b841f5c95dba6ad8c73aaf8f66f8f9bf?s=96&d=mm&r=g\",\"caption\":\"Comunica\u00e7\u00e3o PSOL\"}}]}<\/script>\n<!-- \/ Yoast SEO plugin. -->","yoast_head_json":{"title":"#8M pela vida das mulheres: Saiba onde j\u00e1 tem ato confirmado para o 8 de mar\u00e7o","robots":{"index":"index","follow":"follow","max-snippet":"max-snippet:-1","max-image-preview":"max-image-preview:large","max-video-preview":"max-video-preview:-1"},"canonical":"https:\/\/psol50.org.br\/8m-pela-vida-das-mulheres-saiba-onde-ja-tem-ato-confirmado-para-o-8-de-marco\/","og_locale":"pt_BR","og_type":"article","og_title":"#8M pela vida das mulheres: Saiba onde j\u00e1 tem ato confirmado para o 8 de mar\u00e7o","og_description":"No Dia Internacional de Luta das Mulheres, as tradicionais manifesta\u00e7\u00f5es de 8 de mar\u00e7o tomar\u00e3o as ruas de todo o Brasil novamente neste ano. Mais de 25 cidades de todas as regi\u00f5es brasileiras j\u00e1 tem atos marcados e o n\u00famero vai subir nos pr\u00f3ximos dias. Sob o mote &#8220;Pela vida das mulheres: Bolsonaro nunca mais! [&hellip;]","og_url":"https:\/\/psol50.org.br\/8m-pela-vida-das-mulheres-saiba-onde-ja-tem-ato-confirmado-para-o-8-de-marco\/","og_site_name":"PSOL 50","article_publisher":"https:\/\/www.facebook.com\/psol50","article_published_time":"2022-03-04T17:36:57+00:00","article_modified_time":"2022-03-09T19:02:21+00:00","og_image":[{"width":1200,"height":754,"url":"https:\/\/psol50.org.br\/inc\/uploads\/2022\/03\/84167983_2831489243582325_8417068875664850944_n.jpeg","type":"image\/jpeg"}],"author":"Comunica\u00e7\u00e3o PSOL","twitter_card":"summary_large_image","twitter_creator":"@psol50","twitter_site":"@psol50","twitter_misc":{"Escrito por":"Comunica\u00e7\u00e3o PSOL","Est. tempo de leitura":"2 minutos"},"schema":{"@context":"https:\/\/schema.org","@graph":[{"@type":"Article","@id":"https:\/\/psol50.org.br\/8m-pela-vida-das-mulheres-saiba-onde-ja-tem-ato-confirmado-para-o-8-de-marco\/#article","isPartOf":{"@id":"https:\/\/psol50.org.br\/8m-pela-vida-das-mulheres-saiba-onde-ja-tem-ato-confirmado-para-o-8-de-marco\/"},"author":{"name":"Comunica\u00e7\u00e3o PSOL","@id":"https:\/\/psol50.org.br\/#\/schema\/person\/475dfa57d0b815993c714c2e96491fcd"},"headline":"#8M pela vida das mulheres: Saiba onde j\u00e1 tem ato confirmado para o 8 de mar\u00e7o","datePublished":"2022-03-04T17:36:57+00:00","dateModified":"2022-03-09T19:02:21+00:00","mainEntityOfPage":{"@id":"https:\/\/psol50.org.br\/8m-pela-vida-das-mulheres-saiba-onde-ja-tem-ato-confirmado-para-o-8-de-marco\/"},"wordCount":805,"commentCount":0,"publisher":{"@id":"https:\/\/psol50.org.br\/#organization"},"image":{"@id":"https:\/\/psol50.org.br\/8m-pela-vida-das-mulheres-saiba-onde-ja-tem-ato-confirmado-para-o-8-de-marco\/#primaryimage"},"thumbnailUrl":"https:\/\/psol50.org.br\/inc\/uploads\/2022\/03\/84167983_2831489243582325_8417068875664850944_n.jpeg","keywords":["Not\u00edcias"],"articleSection":["Brasil"],"inLanguage":"pt-BR","potentialAction":[{"@type":"CommentAction","name":"Comment","target":["https:\/\/psol50.org.br\/8m-pela-vida-das-mulheres-saiba-onde-ja-tem-ato-confirmado-para-o-8-de-marco\/#respond"]}]},{"@type":"WebPage","@id":"https:\/\/psol50.org.br\/8m-pela-vida-das-mulheres-saiba-onde-ja-tem-ato-confirmado-para-o-8-de-marco\/","url":"https:\/\/psol50.org.br\/8m-pela-vida-das-mulheres-saiba-onde-ja-tem-ato-confirmado-para-o-8-de-marco\/","name":"#8M pela vida das mulheres: Saiba onde j\u00e1 tem ato confirmado para o 8 de mar\u00e7o","isPartOf":{"@id":"https:\/\/psol50.org.br\/#website"},"primaryImageOfPage":{"@id":"https:\/\/psol50.org.br\/8m-pela-vida-das-mulheres-saiba-onde-ja-tem-ato-confirmado-para-o-8-de-marco\/#primaryimage"},"image":{"@id":"https:\/\/psol50.org.br\/8m-pela-vida-das-mulheres-saiba-onde-ja-tem-ato-confirmado-para-o-8-de-marco\/#primaryimage"},"thumbnailUrl":"https:\/\/psol50.org.br\/inc\/uploads\/2022\/03\/84167983_2831489243582325_8417068875664850944_n.jpeg","datePublished":"2022-03-04T17:36:57+00:00","dateModified":"2022-03-09T19:02:21+00:00","breadcrumb":{"@id":"https:\/\/psol50.org.br\/8m-pela-vida-das-mulheres-saiba-onde-ja-tem-ato-confirmado-para-o-8-de-marco\/#breadcrumb"},"inLanguage":"pt-BR","potentialAction":[{"@type":"ReadAction","target":["https:\/\/psol50.org.br\/8m-pela-vida-das-mulheres-saiba-onde-ja-tem-ato-confirmado-para-o-8-de-marco\/"]}]},{"@type":"ImageObject","inLanguage":"pt-BR","@id":"https:\/\/psol50.org.br\/8m-pela-vida-das-mulheres-saiba-onde-ja-tem-ato-confirmado-para-o-8-de-marco\/#primaryimage","url":"https:\/\/psol50.org.br\/inc\/uploads\/2022\/03\/84167983_2831489243582325_8417068875664850944_n.jpeg","contentUrl":"https:\/\/psol50.org.br\/inc\/uploads\/2022\/03\/84167983_2831489243582325_8417068875664850944_n.jpeg","width":1200,"height":754,"caption":"Foto: Marcha Mundial das Mulheres"},{"@type":"BreadcrumbList","@id":"https:\/\/psol50.org.br\/8m-pela-vida-das-mulheres-saiba-onde-ja-tem-ato-confirmado-para-o-8-de-marco\/#breadcrumb","itemListElement":[{"@type":"ListItem","position":1,"name":"In\u00edcio","item":"https:\/\/psol50.org.br\/"},{"@type":"ListItem","position":2,"name":"#8M pela vida das mulheres: Saiba onde j\u00e1 tem ato confirmado para o 8 de mar\u00e7o"}]},{"@type":"WebSite","@id":"https:\/\/psol50.org.br\/#website","url":"https:\/\/psol50.org.br\/","name":"PSOL 50","description":"Site oficial do Partido Socialismo e Liberdade","publisher":{"@id":"https:\/\/psol50.org.br\/#organization"},"alternateName":"PSOL50","potentialAction":[{"@type":"SearchAction","target":{"@type":"EntryPoint","urlTemplate":"https:\/\/psol50.org.br\/?s={search_term_string}"},"query-input":{"@type":"PropertyValueSpecification","valueRequired":true,"valueName":"search_term_string"}}],"inLanguage":"pt-BR"},{"@type":"Organization","@id":"https:\/\/psol50.org.br\/#organization","name":"PSOL 50","alternateName":"PSOL 50","url":"https:\/\/psol50.org.br\/","logo":{"@type":"ImageObject","inLanguage":"pt-BR","@id":"https:\/\/psol50.org.br\/#\/schema\/logo\/image\/","url":"https:\/\/psol50.org.br\/inc\/uploads\/2018\/07\/capa.png","contentUrl":"https:\/\/psol50.org.br\/inc\/uploads\/2018\/07\/capa.png","width":1350,"height":900,"caption":"PSOL 50"},"image":{"@id":"https:\/\/psol50.org.br\/#\/schema\/logo\/image\/"},"sameAs":["https:\/\/www.facebook.com\/psol50","https:\/\/x.com\/psol50","https:\/\/www.instagram.com\/psol50\/","https:\/\/www.youtube.com\/channel\/UC7SnJS5o1os7a6CaiNabzcg"]},{"@type":"Person","@id":"https:\/\/psol50.org.br\/#\/schema\/person\/475dfa57d0b815993c714c2e96491fcd","name":"Comunica\u00e7\u00e3o PSOL","image":{"@type":"ImageObject","inLanguage":"pt-BR","@id":"https:\/\/psol50.org.br\/#\/schema\/person\/image\/","url":"https:\/\/secure.gravatar.com\/avatar\/b34fc4f4e468a4e51785917065a3db57b841f5c95dba6ad8c73aaf8f66f8f9bf?s=96&d=mm&r=g","contentUrl":"https:\/\/secure.gravatar.com\/avatar\/b34fc4f4e468a4e51785917065a3db57b841f5c95dba6ad8c73aaf8f66f8f9bf?s=96&d=mm&r=g","caption":"Comunica\u00e7\u00e3o PSOL"}}]}},"_links":{"self":[{"href":"https:\/\/psol50.org.br\/rest\/wp\/v2\/posts\/35270","targetHints":{"allow":["GET"]}}],"collection":[{"href":"https:\/\/psol50.org.br\/rest\/wp\/v2\/posts"}],"about":[{"href":"https:\/\/psol50.org.br\/rest\/wp\/v2\/types\/post"}],"author":[{"embeddable":true,"href":"https:\/\/psol50.org.br\/rest\/wp\/v2\/users\/2"}],"replies":[{"embeddable":true,"href":"https:\/\/psol50.org.br\/rest\/wp\/v2\/comments?post=35270"}],"version-history":[{"count":9,"href":"https:\/\/psol50.org.br\/rest\/wp\/v2\/posts\/35270\/revisions"}],"predecessor-version":[{"id":35285,"href":"https:\/\/psol50.org.br\/rest\/wp\/v2\/posts\/35270\/revisions\/35285"}],"wp:featuredmedia":[{"embeddable":true,"href":"https:\/\/psol50.org.br\/rest\/wp\/v2\/media\/35273"}],"wp:attachment":[{"href":"https:\/\/psol50.org.br\/rest\/wp\/v2\/media?parent=35270"}],"wp:term":[{"taxonomy":"category","embeddable":true,"href":"https:\/\/psol50.org.br\/rest\/wp\/v2\/categories?post=35270"},{"taxonomy":"post_tag","embeddable":true,"href":"https:\/\/psol50.org.br\/rest\/wp\/v2\/tags?post=35270"}],"curies":[{"name":"wp","href":"https:\/\/api.w.org\/{rel}","templated":true}]}}