{"id":35327,"date":"2022-03-13T11:20:17","date_gmt":"2022-03-13T14:20:17","guid":{"rendered":"https:\/\/psol50.org.br\/?p=35327"},"modified":"2022-03-13T11:21:55","modified_gmt":"2022-03-13T14:21:55","slug":"nota-de-pesar-alain-krivine","status":"publish","type":"post","link":"https:\/\/psol50.org.br\/nota-de-pesar-alain-krivine\/","title":{"rendered":"Nota de pesar: Alain Krivine"},"content":{"rendered":"<p>Faleceu neste s\u00e1bado, 12 de mar\u00e7o, em Paris\/Fran\u00e7a, Alain Krivine, um dos principais nomes da esquerda radical francesa e dirigente do Novo Partido Anticapitalista (NPA).<\/p>\n<p>Alain Krivine come\u00e7ou a sua milit\u00e2ncia na juventude do Partido Comunista Franc\u00eas (PCF). Foi parte de uma gera\u00e7\u00e3o pol\u00edtica que se radicalizou na luta contra a guerra da Arg\u00e9lia e nas mobiliza\u00e7\u00f5es contra a guerra do Vietn\u00e3. Depois, foi expulso da organiza\u00e7\u00e3o estudantil do PCF em 1966, fundando no ano seguinte a Juventude Comunista Revolucion\u00e1ria (JCR). Essa organiza\u00e7\u00e3o teve \u00e0 frente l\u00edderes como Alain Krivine, Daniel Bensaid, Catherine Samary e Henri Weber e cumpriu um papel fundamental nas mobiliza\u00e7\u00f5es que culminaram nos eventos do chamado Maio de 68.<\/p>\n<p>Krivine foi preso e perseguido pela repress\u00e3o, quando recebeu a solidariedade de grandes nomes dos meios intelectuais e art\u00edsticos franceses como Jean-Paul Sartre, Simone de Beauvoir e Marguerite Duras. Foi candidato presidencial pela antiga LC (Liga Comunista) e depois LCR (Liga Comunista Revolucion\u00e1ria) em 1969 e 1974 respectivamente e por fim, foi eleito deputado europeu em 1999 pela LCR. Em 2009, foi um dos fundadores do Novo Partido Anticapitalista (NPA).<\/p>\n<p>O PSOL presta sua homenagem a esse grande revolucion\u00e1rio e envia condol\u00eancias para os companheiros do NPA, familiares e amigos de Alain Krivine.<\/p>\n<p>Deborah Cavalcante &#8211; Secretaria de Rela\u00e7\u00f5es internacionais do PSOL<br \/>\nJuliano Medeiros &#8211; Presidente Nacional do PSOL<br \/>\nIsrael Dutra &#8211; Secret\u00e1rio Geral do PSOL<br \/>\nNadja Carvalho &#8211; 2\u00aa Secretaria de Rela\u00e7\u00f5es Internacionais do PSOL<br \/>\nMaria da Consola\u00e7\u00e3o &#8211; 2\u00aa Secret\u00e1ria de Rela\u00e7\u00f5es Institucionais do PSOL<br \/>\nMarcelo Ramos &#8211; Executiva Nacional do PSOL<\/p>\n<p>___________________________________________________________<\/p>\n<p>&nbsp;<\/p>\n<p>Note de d\u00e9c\u00e8s<\/p>\n<p>Est d\u00e9c\u00e9d\u00e9 ce samedi, 12 mars, \u00e0 Paris, Alain Krivine, un des principaux noms de la gauche radicale fran\u00e7aise et dirigeant du Nouveau Parti Anticapitaliste (NPA), Alain Krivine a d\u00e9but\u00e9 sa vie de militant dans la jeunesse du Parti Communiste Fran\u00e7ais (PCF). Il a appartenu \u00e0 une g\u00e9n\u00e9ration politique qusi s\u2019est radicalis\u00e9e dans la lutte contre la guerra d\u2019Alg\u00e9rie et pendant les manifestations \u00a0contre la guerre du Vietnam. Par la suite, il a \u00e9t\u00e9 expuls\u00e9 de l\u2019organisation des \u00e9tudiants du PCF en 1966 e a fond\u00e9 l\u2019ann\u00e9e suivante la Jeunesse Communiste R\u00e9volutionnaire (JCR). Cette formation a eu des dirigeants comme Alain Krivine, Daniel Bensa\u00efd, Catherine Samary et Henri Weber et a rempli un r\u00f4le essentiel lors des manifestations que ont abouti aux \u00e9v\u00e9nements de Mai 1968.<\/p>\n<p>Krivine a \u00e9t\u00e9 emprisonn\u00e9 et poursuivi par la r\u00e9pression,et a b\u00e9n\u00e9fici\u00e9 de la solidarit\u00e9 des grands noms parmi les intellectuels et artistes fran\u00e7ais, dont Jean-Paul Sartre, Simone de Beauvoir et Marguerite Duras. Il a \u00e9t\u00e9 candidat \u00e0 la Pr\u00e9sidence de la R\u00e9publique par l\u2019ancienne Ligue Communiste (LC), plus tard Ligue Communiste R\u00e9volutionnaire (LCR) en 1969 et 1974, respectivement et a \u00e9t\u00e9 finalement \u00e9lu d\u00e9put\u00e9 europ\u00e9en en 1999 par la LCR. En 2009, il a \u00e9t\u00e9 un des fondateurs du NPA.<\/p>\n<p>Le Parti du Socialisme et de la Libert\u00e9 (PSOL) \u00a0rend son hommage \u00e0 ce grand r\u00e9volutionnaire et fait part de ses sentiments aux camarades du NPA, aux familiers et amis de Alain Krivine.<\/p>\n<p>Ex\u00e9cutive Nationale du PSOL<\/p>\n<p>12 Mars 2022<\/p>\n","protected":false},"excerpt":{"rendered":"<p>Faleceu neste s\u00e1bado, 12 de mar\u00e7o, em Paris\/Fran\u00e7a, Alain Krivine, um dos principais nomes da esquerda radical francesa e dirigente do Novo Partido Anticapitalista (NPA). Alain Krivine come\u00e7ou a sua milit\u00e2ncia na juventude do Partido Comunista Franc\u00eas (PCF). Foi parte de uma gera\u00e7\u00e3o pol\u00edtica que se radicalizou na luta contra a guerra da Arg\u00e9lia e [&hellip;]<\/p>\n","protected":false},"author":2,"featured_media":35332,"comment_status":"open","ping_status":"open","sticky":false,"template":"","format":"standard","meta":{"_acf_changed":false,"footnotes":""},"categories":[14],"tags":[4825],"class_list":{"0":"post-35327","1":"post","2":"type-post","3":"status-publish","4":"format-standard","5":"has-post-thumbnail","7":"category-partido","8":"tag-noticias"},"acf":[],"yoast_head":"<!-- This site is optimized with the Yoast SEO plugin v26.5 - https:\/\/yoast.com\/wordpress\/plugins\/seo\/ -->\n<title>Nota de pesar: Alain Krivine<\/title>\n<meta name=\"robots\" content=\"index, follow, max-snippet:-1, max-image-preview:large, max-video-preview:-1\" \/>\n<link rel=\"canonical\" href=\"https:\/\/psol50.org.br\/nota-de-pesar-alain-krivine\/\" \/>\n<meta property=\"og:locale\" content=\"pt_BR\" \/>\n<meta property=\"og:type\" content=\"article\" \/>\n<meta property=\"og:title\" content=\"Nota de pesar: Alain Krivine\" \/>\n<meta property=\"og:description\" content=\"Faleceu neste s\u00e1bado, 12 de mar\u00e7o, em Paris\/Fran\u00e7a, Alain Krivine, um dos principais nomes da esquerda radical francesa e dirigente do Novo Partido Anticapitalista (NPA). Alain Krivine come\u00e7ou a sua milit\u00e2ncia na juventude do Partido Comunista Franc\u00eas (PCF). Foi parte de uma gera\u00e7\u00e3o pol\u00edtica que se radicalizou na luta contra a guerra da Arg\u00e9lia e [&hellip;]\" \/>\n<meta property=\"og:url\" content=\"https:\/\/psol50.org.br\/nota-de-pesar-alain-krivine\/\" \/>\n<meta property=\"og:site_name\" content=\"PSOL 50\" \/>\n<meta property=\"article:publisher\" content=\"https:\/\/www.facebook.com\/psol50\" \/>\n<meta property=\"article:published_time\" content=\"2022-03-13T14:20:17+00:00\" \/>\n<meta property=\"article:modified_time\" content=\"2022-03-13T14:21:55+00:00\" \/>\n<meta property=\"og:image\" content=\"https:\/\/psol50.org.br\/inc\/uploads\/2022\/03\/AlainKrivine_Divulgacao.jpeg\" \/>\n\t<meta property=\"og:image:width\" content=\"1250\" \/>\n\t<meta property=\"og:image:height\" content=\"600\" \/>\n\t<meta property=\"og:image:type\" content=\"image\/jpeg\" \/>\n<meta name=\"author\" content=\"Comunica\u00e7\u00e3o PSOL\" \/>\n<meta name=\"twitter:card\" content=\"summary_large_image\" \/>\n<meta name=\"twitter:title\" content=\"Nota de pesar: Alain Krivine\" \/>\n<meta name=\"twitter:image\" content=\"https:\/\/psol50.org.br\/inc\/uploads\/2022\/03\/AlainKrivine_Divulgacao.jpeg\" \/>\n<meta name=\"twitter:creator\" content=\"@psol50\" \/>\n<meta name=\"twitter:site\" content=\"@psol50\" \/>\n<meta name=\"twitter:label1\" content=\"Escrito por\" \/>\n\t<meta name=\"twitter:data1\" content=\"Comunica\u00e7\u00e3o PSOL\" \/>\n\t<meta name=\"twitter:label2\" content=\"Est. tempo de leitura\" \/>\n\t<meta name=\"twitter:data2\" content=\"3 minutos\" \/>\n<script type=\"application\/ld+json\" class=\"yoast-schema-graph\">{\"@context\":\"https:\/\/schema.org\",\"@graph\":[{\"@type\":\"Article\",\"@id\":\"https:\/\/psol50.org.br\/nota-de-pesar-alain-krivine\/#article\",\"isPartOf\":{\"@id\":\"https:\/\/psol50.org.br\/nota-de-pesar-alain-krivine\/\"},\"author\":{\"name\":\"Comunica\u00e7\u00e3o PSOL\",\"@id\":\"https:\/\/psol50.org.br\/#\/schema\/person\/475dfa57d0b815993c714c2e96491fcd\"},\"headline\":\"Nota de pesar: Alain Krivine\",\"datePublished\":\"2022-03-13T14:20:17+00:00\",\"dateModified\":\"2022-03-13T14:21:55+00:00\",\"mainEntityOfPage\":{\"@id\":\"https:\/\/psol50.org.br\/nota-de-pesar-alain-krivine\/\"},\"wordCount\":549,\"commentCount\":0,\"publisher\":{\"@id\":\"https:\/\/psol50.org.br\/#organization\"},\"image\":{\"@id\":\"https:\/\/psol50.org.br\/nota-de-pesar-alain-krivine\/#primaryimage\"},\"thumbnailUrl\":\"https:\/\/psol50.org.br\/inc\/uploads\/2022\/03\/AlainKrivine_Divulgacao.jpeg\",\"keywords\":[\"Not\u00edcias\"],\"articleSection\":[\"Partido\"],\"inLanguage\":\"pt-BR\",\"potentialAction\":[{\"@type\":\"CommentAction\",\"name\":\"Comment\",\"target\":[\"https:\/\/psol50.org.br\/nota-de-pesar-alain-krivine\/#respond\"]}]},{\"@type\":\"WebPage\",\"@id\":\"https:\/\/psol50.org.br\/nota-de-pesar-alain-krivine\/\",\"url\":\"https:\/\/psol50.org.br\/nota-de-pesar-alain-krivine\/\",\"name\":\"Nota de pesar: Alain Krivine\",\"isPartOf\":{\"@id\":\"https:\/\/psol50.org.br\/#website\"},\"primaryImageOfPage\":{\"@id\":\"https:\/\/psol50.org.br\/nota-de-pesar-alain-krivine\/#primaryimage\"},\"image\":{\"@id\":\"https:\/\/psol50.org.br\/nota-de-pesar-alain-krivine\/#primaryimage\"},\"thumbnailUrl\":\"https:\/\/psol50.org.br\/inc\/uploads\/2022\/03\/AlainKrivine_Divulgacao.jpeg\",\"datePublished\":\"2022-03-13T14:20:17+00:00\",\"dateModified\":\"2022-03-13T14:21:55+00:00\",\"breadcrumb\":{\"@id\":\"https:\/\/psol50.org.br\/nota-de-pesar-alain-krivine\/#breadcrumb\"},\"inLanguage\":\"pt-BR\",\"potentialAction\":[{\"@type\":\"ReadAction\",\"target\":[\"https:\/\/psol50.org.br\/nota-de-pesar-alain-krivine\/\"]}]},{\"@type\":\"ImageObject\",\"inLanguage\":\"pt-BR\",\"@id\":\"https:\/\/psol50.org.br\/nota-de-pesar-alain-krivine\/#primaryimage\",\"url\":\"https:\/\/psol50.org.br\/inc\/uploads\/2022\/03\/AlainKrivine_Divulgacao.jpeg\",\"contentUrl\":\"https:\/\/psol50.org.br\/inc\/uploads\/2022\/03\/AlainKrivine_Divulgacao.jpeg\",\"width\":1250,\"height\":600,\"caption\":\"Foto: Divulga\u00e7\u00e3o\"},{\"@type\":\"BreadcrumbList\",\"@id\":\"https:\/\/psol50.org.br\/nota-de-pesar-alain-krivine\/#breadcrumb\",\"itemListElement\":[{\"@type\":\"ListItem\",\"position\":1,\"name\":\"In\u00edcio\",\"item\":\"https:\/\/psol50.org.br\/\"},{\"@type\":\"ListItem\",\"position\":2,\"name\":\"Nota de pesar: Alain Krivine\"}]},{\"@type\":\"WebSite\",\"@id\":\"https:\/\/psol50.org.br\/#website\",\"url\":\"https:\/\/psol50.org.br\/\",\"name\":\"PSOL 50\",\"description\":\"Site oficial do Partido Socialismo e Liberdade\",\"publisher\":{\"@id\":\"https:\/\/psol50.org.br\/#organization\"},\"alternateName\":\"PSOL50\",\"potentialAction\":[{\"@type\":\"SearchAction\",\"target\":{\"@type\":\"EntryPoint\",\"urlTemplate\":\"https:\/\/psol50.org.br\/?s={search_term_string}\"},\"query-input\":{\"@type\":\"PropertyValueSpecification\",\"valueRequired\":true,\"valueName\":\"search_term_string\"}}],\"inLanguage\":\"pt-BR\"},{\"@type\":\"Organization\",\"@id\":\"https:\/\/psol50.org.br\/#organization\",\"name\":\"PSOL 50\",\"alternateName\":\"PSOL 50\",\"url\":\"https:\/\/psol50.org.br\/\",\"logo\":{\"@type\":\"ImageObject\",\"inLanguage\":\"pt-BR\",\"@id\":\"https:\/\/psol50.org.br\/#\/schema\/logo\/image\/\",\"url\":\"https:\/\/psol50.org.br\/inc\/uploads\/2018\/07\/capa.png\",\"contentUrl\":\"https:\/\/psol50.org.br\/inc\/uploads\/2018\/07\/capa.png\",\"width\":1350,\"height\":900,\"caption\":\"PSOL 50\"},\"image\":{\"@id\":\"https:\/\/psol50.org.br\/#\/schema\/logo\/image\/\"},\"sameAs\":[\"https:\/\/www.facebook.com\/psol50\",\"https:\/\/x.com\/psol50\",\"https:\/\/www.instagram.com\/psol50\/\",\"https:\/\/www.youtube.com\/channel\/UC7SnJS5o1os7a6CaiNabzcg\"]},{\"@type\":\"Person\",\"@id\":\"https:\/\/psol50.org.br\/#\/schema\/person\/475dfa57d0b815993c714c2e96491fcd\",\"name\":\"Comunica\u00e7\u00e3o PSOL\",\"image\":{\"@type\":\"ImageObject\",\"inLanguage\":\"pt-BR\",\"@id\":\"https:\/\/psol50.org.br\/#\/schema\/person\/image\/\",\"url\":\"https:\/\/secure.gravatar.com\/avatar\/b34fc4f4e468a4e51785917065a3db57b841f5c95dba6ad8c73aaf8f66f8f9bf?s=96&d=mm&r=g\",\"contentUrl\":\"https:\/\/secure.gravatar.com\/avatar\/b34fc4f4e468a4e51785917065a3db57b841f5c95dba6ad8c73aaf8f66f8f9bf?s=96&d=mm&r=g\",\"caption\":\"Comunica\u00e7\u00e3o PSOL\"}}]}<\/script>\n<!-- \/ Yoast SEO plugin. -->","yoast_head_json":{"title":"Nota de pesar: Alain Krivine","robots":{"index":"index","follow":"follow","max-snippet":"max-snippet:-1","max-image-preview":"max-image-preview:large","max-video-preview":"max-video-preview:-1"},"canonical":"https:\/\/psol50.org.br\/nota-de-pesar-alain-krivine\/","og_locale":"pt_BR","og_type":"article","og_title":"Nota de pesar: Alain Krivine","og_description":"Faleceu neste s\u00e1bado, 12 de mar\u00e7o, em Paris\/Fran\u00e7a, Alain Krivine, um dos principais nomes da esquerda radical francesa e dirigente do Novo Partido Anticapitalista (NPA). Alain Krivine come\u00e7ou a sua milit\u00e2ncia na juventude do Partido Comunista Franc\u00eas (PCF). Foi parte de uma gera\u00e7\u00e3o pol\u00edtica que se radicalizou na luta contra a guerra da Arg\u00e9lia e [&hellip;]","og_url":"https:\/\/psol50.org.br\/nota-de-pesar-alain-krivine\/","og_site_name":"PSOL 50","article_publisher":"https:\/\/www.facebook.com\/psol50","article_published_time":"2022-03-13T14:20:17+00:00","article_modified_time":"2022-03-13T14:21:55+00:00","og_image":[{"width":1250,"height":600,"url":"https:\/\/psol50.org.br\/inc\/uploads\/2022\/03\/AlainKrivine_Divulgacao.jpeg","type":"image\/jpeg"}],"author":"Comunica\u00e7\u00e3o PSOL","twitter_card":"summary_large_image","twitter_title":"Nota de pesar: Alain Krivine","twitter_image":"https:\/\/psol50.org.br\/inc\/uploads\/2022\/03\/AlainKrivine_Divulgacao.jpeg","twitter_creator":"@psol50","twitter_site":"@psol50","twitter_misc":{"Escrito por":"Comunica\u00e7\u00e3o PSOL","Est. tempo de leitura":"3 minutos"},"schema":{"@context":"https:\/\/schema.org","@graph":[{"@type":"Article","@id":"https:\/\/psol50.org.br\/nota-de-pesar-alain-krivine\/#article","isPartOf":{"@id":"https:\/\/psol50.org.br\/nota-de-pesar-alain-krivine\/"},"author":{"name":"Comunica\u00e7\u00e3o PSOL","@id":"https:\/\/psol50.org.br\/#\/schema\/person\/475dfa57d0b815993c714c2e96491fcd"},"headline":"Nota de pesar: Alain Krivine","datePublished":"2022-03-13T14:20:17+00:00","dateModified":"2022-03-13T14:21:55+00:00","mainEntityOfPage":{"@id":"https:\/\/psol50.org.br\/nota-de-pesar-alain-krivine\/"},"wordCount":549,"commentCount":0,"publisher":{"@id":"https:\/\/psol50.org.br\/#organization"},"image":{"@id":"https:\/\/psol50.org.br\/nota-de-pesar-alain-krivine\/#primaryimage"},"thumbnailUrl":"https:\/\/psol50.org.br\/inc\/uploads\/2022\/03\/AlainKrivine_Divulgacao.jpeg","keywords":["Not\u00edcias"],"articleSection":["Partido"],"inLanguage":"pt-BR","potentialAction":[{"@type":"CommentAction","name":"Comment","target":["https:\/\/psol50.org.br\/nota-de-pesar-alain-krivine\/#respond"]}]},{"@type":"WebPage","@id":"https:\/\/psol50.org.br\/nota-de-pesar-alain-krivine\/","url":"https:\/\/psol50.org.br\/nota-de-pesar-alain-krivine\/","name":"Nota de pesar: Alain Krivine","isPartOf":{"@id":"https:\/\/psol50.org.br\/#website"},"primaryImageOfPage":{"@id":"https:\/\/psol50.org.br\/nota-de-pesar-alain-krivine\/#primaryimage"},"image":{"@id":"https:\/\/psol50.org.br\/nota-de-pesar-alain-krivine\/#primaryimage"},"thumbnailUrl":"https:\/\/psol50.org.br\/inc\/uploads\/2022\/03\/AlainKrivine_Divulgacao.jpeg","datePublished":"2022-03-13T14:20:17+00:00","dateModified":"2022-03-13T14:21:55+00:00","breadcrumb":{"@id":"https:\/\/psol50.org.br\/nota-de-pesar-alain-krivine\/#breadcrumb"},"inLanguage":"pt-BR","potentialAction":[{"@type":"ReadAction","target":["https:\/\/psol50.org.br\/nota-de-pesar-alain-krivine\/"]}]},{"@type":"ImageObject","inLanguage":"pt-BR","@id":"https:\/\/psol50.org.br\/nota-de-pesar-alain-krivine\/#primaryimage","url":"https:\/\/psol50.org.br\/inc\/uploads\/2022\/03\/AlainKrivine_Divulgacao.jpeg","contentUrl":"https:\/\/psol50.org.br\/inc\/uploads\/2022\/03\/AlainKrivine_Divulgacao.jpeg","width":1250,"height":600,"caption":"Foto: Divulga\u00e7\u00e3o"},{"@type":"BreadcrumbList","@id":"https:\/\/psol50.org.br\/nota-de-pesar-alain-krivine\/#breadcrumb","itemListElement":[{"@type":"ListItem","position":1,"name":"In\u00edcio","item":"https:\/\/psol50.org.br\/"},{"@type":"ListItem","position":2,"name":"Nota de pesar: Alain Krivine"}]},{"@type":"WebSite","@id":"https:\/\/psol50.org.br\/#website","url":"https:\/\/psol50.org.br\/","name":"PSOL 50","description":"Site oficial do Partido Socialismo e Liberdade","publisher":{"@id":"https:\/\/psol50.org.br\/#organization"},"alternateName":"PSOL50","potentialAction":[{"@type":"SearchAction","target":{"@type":"EntryPoint","urlTemplate":"https:\/\/psol50.org.br\/?s={search_term_string}"},"query-input":{"@type":"PropertyValueSpecification","valueRequired":true,"valueName":"search_term_string"}}],"inLanguage":"pt-BR"},{"@type":"Organization","@id":"https:\/\/psol50.org.br\/#organization","name":"PSOL 50","alternateName":"PSOL 50","url":"https:\/\/psol50.org.br\/","logo":{"@type":"ImageObject","inLanguage":"pt-BR","@id":"https:\/\/psol50.org.br\/#\/schema\/logo\/image\/","url":"https:\/\/psol50.org.br\/inc\/uploads\/2018\/07\/capa.png","contentUrl":"https:\/\/psol50.org.br\/inc\/uploads\/2018\/07\/capa.png","width":1350,"height":900,"caption":"PSOL 50"},"image":{"@id":"https:\/\/psol50.org.br\/#\/schema\/logo\/image\/"},"sameAs":["https:\/\/www.facebook.com\/psol50","https:\/\/x.com\/psol50","https:\/\/www.instagram.com\/psol50\/","https:\/\/www.youtube.com\/channel\/UC7SnJS5o1os7a6CaiNabzcg"]},{"@type":"Person","@id":"https:\/\/psol50.org.br\/#\/schema\/person\/475dfa57d0b815993c714c2e96491fcd","name":"Comunica\u00e7\u00e3o PSOL","image":{"@type":"ImageObject","inLanguage":"pt-BR","@id":"https:\/\/psol50.org.br\/#\/schema\/person\/image\/","url":"https:\/\/secure.gravatar.com\/avatar\/b34fc4f4e468a4e51785917065a3db57b841f5c95dba6ad8c73aaf8f66f8f9bf?s=96&d=mm&r=g","contentUrl":"https:\/\/secure.gravatar.com\/avatar\/b34fc4f4e468a4e51785917065a3db57b841f5c95dba6ad8c73aaf8f66f8f9bf?s=96&d=mm&r=g","caption":"Comunica\u00e7\u00e3o PSOL"}}]}},"_links":{"self":[{"href":"https:\/\/psol50.org.br\/rest\/wp\/v2\/posts\/35327","targetHints":{"allow":["GET"]}}],"collection":[{"href":"https:\/\/psol50.org.br\/rest\/wp\/v2\/posts"}],"about":[{"href":"https:\/\/psol50.org.br\/rest\/wp\/v2\/types\/post"}],"author":[{"embeddable":true,"href":"https:\/\/psol50.org.br\/rest\/wp\/v2\/users\/2"}],"replies":[{"embeddable":true,"href":"https:\/\/psol50.org.br\/rest\/wp\/v2\/comments?post=35327"}],"version-history":[{"count":1,"href":"https:\/\/psol50.org.br\/rest\/wp\/v2\/posts\/35327\/revisions"}],"predecessor-version":[{"id":35331,"href":"https:\/\/psol50.org.br\/rest\/wp\/v2\/posts\/35327\/revisions\/35331"}],"wp:featuredmedia":[{"embeddable":true,"href":"https:\/\/psol50.org.br\/rest\/wp\/v2\/media\/35332"}],"wp:attachment":[{"href":"https:\/\/psol50.org.br\/rest\/wp\/v2\/media?parent=35327"}],"wp:term":[{"taxonomy":"category","embeddable":true,"href":"https:\/\/psol50.org.br\/rest\/wp\/v2\/categories?post=35327"},{"taxonomy":"post_tag","embeddable":true,"href":"https:\/\/psol50.org.br\/rest\/wp\/v2\/tags?post=35327"}],"curies":[{"name":"wp","href":"https:\/\/api.w.org\/{rel}","templated":true}]}}