{"id":35360,"date":"2022-03-16T12:17:32","date_gmt":"2022-03-16T15:17:32","guid":{"rendered":"https:\/\/psol50.org.br\/?p=35360"},"modified":"2022-03-22T11:51:27","modified_gmt":"2022-03-22T14:51:27","slug":"psol-repudia-assassinato-de-militante-do-mtst-em-invasao-da-pm-na-ocupacao-valdice-teles-em-aracaju-se","status":"publish","type":"post","link":"https:\/\/psol50.org.br\/psol-repudia-assassinato-de-militante-do-mtst-em-invasao-da-pm-na-ocupacao-valdice-teles-em-aracaju-se\/","title":{"rendered":"PSOL repudia assassinato de militante do MTST em invas\u00e3o da PM na Ocupa\u00e7\u00e3o Valdice Teles, em Aracaju (SE)"},"content":{"rendered":"<p>Na noite da \u00faltima ter\u00e7a-feira (15), uma a\u00e7\u00e3o policial criminosa na Ocupa\u00e7\u00e3o Valdice Teles, em Aracaju (SE), resultou no assassinato de Will Goiana da Silva, militante do Movimento dos Trabalhadores Sem Teto (MTST), outras tr\u00eas pessoas desaparecidas e uma s\u00e9rie de moradores feridos. Quatro coordenadores do MTST foram levados presos.<\/p>\n<p>Will participava da festa de anivers\u00e1rio da m\u00e3e quando a Pol\u00edcia Militar invadiu a ocupa\u00e7\u00e3o a tiros. Ele deixa duas filhas.<\/p>\n<p>A Ocupa\u00e7\u00e3o Valdice Teles abriga mais de 350 fam\u00edlias na luta por moradia no bairro de Santa Maria, na capital sergipana.<\/p>\n<p>Parlamentares e figuras p\u00fablicas do PSOL est\u00e3o, desde que o acontecimento se tornou p\u00fablico, cobrando r\u00e1pidas e s\u00e9rias investiga\u00e7\u00f5es sobre esse crime cometido pelo Estado durante uma nova tentativa de criminalizar movimentos sociais.<\/p>\n<p>O governador do Sergipe, Belivaldo Chagas (PSD), precisa dar explica\u00e7\u00f5es ap\u00f3s esse crime cometido pela Pol\u00edcia Militar de seu estado.<\/p>\n<h5><strong>Veja abaixo as rea\u00e7\u00f5es do PSOL a mais esse crime:<\/strong><\/h5>\n<blockquote class=\"twitter-tweet\" data-width=\"550\" data-dnt=\"true\">\n<p lang=\"pt\" dir=\"ltr\">URGENTE! PM assassinou membro do MTST em Sergipe! <\/p>\n<p>Will Goiana da Silva foi morto nesta madrugada pela PM na Ocupa\u00e7\u00e3o Valdice Teles. Foram disparados mais de 20 tiros e h\u00e1 moradores feridos. Will estava na festa de anivers\u00e1rio de sua m\u00e3e. Ele deixa duas filhas. EXIGIMOS JUSTI\u00c7A!<\/p>\n<p>&mdash; Guilherme Boulos (@GuilhermeBoulos) <a href=\"https:\/\/twitter.com\/GuilhermeBoulos\/status\/1504068698226794496?ref_src=twsrc%5Etfw\">March 16, 2022<\/a><\/p><\/blockquote>\n<p><script async src=\"https:\/\/platform.twitter.com\/widgets.js\" charset=\"utf-8\"><\/script><\/p>\n<blockquote class=\"twitter-tweet\" data-width=\"550\" data-dnt=\"true\">\n<p lang=\"pt\" dir=\"ltr\">URGENTE!<br \/>Militante do <a href=\"https:\/\/twitter.com\/mtst?ref_src=twsrc%5Etfw\">@mtst<\/a> \u00e9 assassinado pela PM de Sergipe dentro de uma ocupa\u00e7\u00e3o do movimento! Will Goiana da Silva foi morto enquanto participava de uma festa de anivers\u00e1rio. H\u00e1 pessoas feridas. Exigimos explica\u00e7\u00f5es do governo de Sergipe e o fim da viol\u00eancia contra o MTST!<\/p>\n<p>&mdash; Juliano Medeiros (@julianopsol) <a href=\"https:\/\/twitter.com\/julianopsol\/status\/1504071557391749129?ref_src=twsrc%5Etfw\">March 16, 2022<\/a><\/p><\/blockquote>\n<p><script async src=\"https:\/\/platform.twitter.com\/widgets.js\" charset=\"utf-8\"><\/script><\/p>\n<blockquote class=\"twitter-tweet\" data-width=\"550\" data-dnt=\"true\">\n<p lang=\"pt\" dir=\"ltr\">Nessa madrugada, a PM de Sergipe disparou tiros contra uma ocupa\u00e7\u00e3o do <a href=\"https:\/\/twitter.com\/mtst?ref_src=twsrc%5Etfw\">@mtst<\/a>. Will Goiana da Silva, militante do movimento, foi morto em decorr\u00eancia dessa a\u00e7\u00e3o criminosa. Situa\u00e7\u00e3o grav\u00edssima e intoler\u00e1vel. Nossa solidariedade aos companheiros e familiares na luta por justi\u00e7a!<\/p>\n<p>&mdash; S\u00e2mia Bomfim (@samiabomfim) <a href=\"https:\/\/twitter.com\/samiabomfim\/status\/1504092101184786437?ref_src=twsrc%5Etfw\">March 16, 2022<\/a><\/p><\/blockquote>\n<p><script async src=\"https:\/\/platform.twitter.com\/widgets.js\" charset=\"utf-8\"><\/script><\/p>\n<blockquote class=\"twitter-tweet\" data-width=\"550\" data-dnt=\"true\">\n<p lang=\"pt\" dir=\"ltr\">ABSURDO! Toda nossa solidariedade aos companheiros do <a href=\"https:\/\/twitter.com\/mtst?ref_src=twsrc%5Etfw\">@mtst<\/a> de Sergipe. Lutar n\u00e3o \u00e9 crime! <a href=\"https:\/\/t.co\/Yk9ocnoE3a\">https:\/\/t.co\/Yk9ocnoE3a<\/a><\/p>\n<p>&mdash; Tal\u00edria Petrone (@taliriapetrone) <a href=\"https:\/\/twitter.com\/taliriapetrone\/status\/1504104377925128192?ref_src=twsrc%5Etfw\">March 16, 2022<\/a><\/p><\/blockquote>\n<p><script async src=\"https:\/\/platform.twitter.com\/widgets.js\" charset=\"utf-8\"><\/script><\/p>\n<blockquote class=\"twitter-tweet\" data-width=\"550\" data-dnt=\"true\">\n<p lang=\"pt\" dir=\"ltr\">Lutar n\u00e3o pode ser risco de morte! Nesta madrugada a PM de Sergipe realizou uma &quot;a\u00e7\u00e3o&quot; criminosa em uma ocupa\u00e7\u00e3o do <a href=\"https:\/\/twitter.com\/mtst?ref_src=twsrc%5Etfw\">@mtst<\/a> que resultou na morte do militante Will Goiana da Silva. Outras 3 pessoas seguem desaparecidas. Solidariedade aos familiares e militantes. Exigimos justi\u00e7a!!!<\/p>\n<p>&mdash; Fernanda Melchionna (@fernandapsol) <a href=\"https:\/\/twitter.com\/fernandapsol\/status\/1504096920754655239?ref_src=twsrc%5Etfw\">March 16, 2022<\/a><\/p><\/blockquote>\n<p><script async src=\"https:\/\/platform.twitter.com\/widgets.js\" charset=\"utf-8\"><\/script><\/p>\n<blockquote class=\"twitter-tweet\" data-width=\"550\" data-dnt=\"true\">\n<p lang=\"pt\" dir=\"ltr\">ABSURDO! Uma invas\u00e3o violenta realizada pela PM na noite de ontem na Ocupa\u00e7\u00e3o Valdice Teles, do <a href=\"https:\/\/twitter.com\/mtst?ref_src=twsrc%5Etfw\">@mtst<\/a> em Aracaju (SE), deixou UM MORADOR MORTO E OUTROS 3 DESAPARECIDOS. \u00c9 inadmiss\u00edvel que essa seja a resposta do Estado \u00e0 luta por moradia. Vamos exigir uma s\u00e9ria investiga\u00e7\u00e3o.<\/p>\n<p>&mdash; PSOL 50 (@psol50) <a href=\"https:\/\/twitter.com\/psol50\/status\/1504075702932586499?ref_src=twsrc%5Etfw\">March 16, 2022<\/a><\/p><\/blockquote>\n<p><script async src=\"https:\/\/platform.twitter.com\/widgets.js\" charset=\"utf-8\"><\/script><\/p>\n","protected":false},"excerpt":{"rendered":"<p>Na noite da \u00faltima ter\u00e7a-feira (15), uma a\u00e7\u00e3o policial criminosa na Ocupa\u00e7\u00e3o Valdice Teles, em Aracaju (SE), resultou no assassinato de Will Goiana da Silva, militante do Movimento dos Trabalhadores Sem Teto (MTST), outras tr\u00eas pessoas desaparecidas e uma s\u00e9rie de moradores feridos. Quatro coordenadores do MTST foram levados presos. Will participava da festa de [&hellip;]<\/p>\n","protected":false},"author":2,"featured_media":35362,"comment_status":"open","ping_status":"open","sticky":false,"template":"","format":"standard","meta":{"_acf_changed":false,"footnotes":""},"categories":[1882],"tags":[4825],"class_list":{"0":"post-35360","1":"post","2":"type-post","3":"status-publish","4":"format-standard","5":"has-post-thumbnail","7":"category-brasil","8":"tag-noticias"},"acf":[],"yoast_head":"<!-- This site is optimized with the Yoast SEO plugin v26.5 - https:\/\/yoast.com\/wordpress\/plugins\/seo\/ -->\n<title>PSOL repudia assassinato de militante do MTST em invas\u00e3o da PM na Ocupa\u00e7\u00e3o Valdice Teles, em Aracaju (SE)<\/title>\n<meta name=\"description\" content=\"Um morador da ocupa\u00e7\u00e3o foi assassinado e outros tr\u00eas est\u00e3o desaparecidos desde a a\u00e7\u00e3o policial da \u00faltima ter\u00e7a-feira (15).\" \/>\n<meta name=\"robots\" content=\"index, follow, max-snippet:-1, max-image-preview:large, max-video-preview:-1\" \/>\n<link rel=\"canonical\" href=\"https:\/\/psol50.org.br\/psol-repudia-assassinato-de-militante-do-mtst-em-invasao-da-pm-na-ocupacao-valdice-teles-em-aracaju-se\/\" \/>\n<meta property=\"og:locale\" content=\"pt_BR\" \/>\n<meta property=\"og:type\" content=\"article\" \/>\n<meta property=\"og:title\" content=\"PSOL repudia assassinato de militante do MTST em invas\u00e3o da PM na Ocupa\u00e7\u00e3o Valdice Teles, em Aracaju (SE)\" \/>\n<meta property=\"og:description\" content=\"Um morador da ocupa\u00e7\u00e3o foi assassinado e outros tr\u00eas est\u00e3o desaparecidos desde a a\u00e7\u00e3o policial da \u00faltima ter\u00e7a-feira (15).\" \/>\n<meta property=\"og:url\" content=\"https:\/\/psol50.org.br\/psol-repudia-assassinato-de-militante-do-mtst-em-invasao-da-pm-na-ocupacao-valdice-teles-em-aracaju-se\/\" \/>\n<meta property=\"og:site_name\" content=\"PSOL 50\" \/>\n<meta property=\"article:publisher\" content=\"https:\/\/www.facebook.com\/psol50\" \/>\n<meta property=\"article:published_time\" content=\"2022-03-16T15:17:32+00:00\" \/>\n<meta property=\"article:modified_time\" content=\"2022-03-22T14:51:27+00:00\" \/>\n<meta property=\"og:image\" content=\"https:\/\/psol50.org.br\/inc\/uploads\/2022\/03\/EeSJbsjXoAICG0g.jpeg\" \/>\n\t<meta property=\"og:image:width\" content=\"720\" \/>\n\t<meta property=\"og:image:height\" content=\"405\" \/>\n\t<meta property=\"og:image:type\" content=\"image\/jpeg\" \/>\n<meta name=\"author\" content=\"Comunica\u00e7\u00e3o PSOL\" \/>\n<meta name=\"twitter:card\" content=\"summary_large_image\" \/>\n<meta name=\"twitter:creator\" content=\"@psol50\" \/>\n<meta name=\"twitter:site\" content=\"@psol50\" \/>\n<meta name=\"twitter:label1\" content=\"Escrito por\" \/>\n\t<meta name=\"twitter:data1\" content=\"Comunica\u00e7\u00e3o PSOL\" \/>\n\t<meta name=\"twitter:label2\" content=\"Est. tempo de leitura\" \/>\n\t<meta name=\"twitter:data2\" content=\"1 minuto\" \/>\n<script type=\"application\/ld+json\" class=\"yoast-schema-graph\">{\"@context\":\"https:\/\/schema.org\",\"@graph\":[{\"@type\":\"Article\",\"@id\":\"https:\/\/psol50.org.br\/psol-repudia-assassinato-de-militante-do-mtst-em-invasao-da-pm-na-ocupacao-valdice-teles-em-aracaju-se\/#article\",\"isPartOf\":{\"@id\":\"https:\/\/psol50.org.br\/psol-repudia-assassinato-de-militante-do-mtst-em-invasao-da-pm-na-ocupacao-valdice-teles-em-aracaju-se\/\"},\"author\":{\"name\":\"Comunica\u00e7\u00e3o PSOL\",\"@id\":\"https:\/\/psol50.org.br\/#\/schema\/person\/475dfa57d0b815993c714c2e96491fcd\"},\"headline\":\"PSOL repudia assassinato de militante do MTST em invas\u00e3o da PM na Ocupa\u00e7\u00e3o Valdice Teles, em Aracaju (SE)\",\"datePublished\":\"2022-03-16T15:17:32+00:00\",\"dateModified\":\"2022-03-22T14:51:27+00:00\",\"mainEntityOfPage\":{\"@id\":\"https:\/\/psol50.org.br\/psol-repudia-assassinato-de-militante-do-mtst-em-invasao-da-pm-na-ocupacao-valdice-teles-em-aracaju-se\/\"},\"wordCount\":224,\"commentCount\":0,\"publisher\":{\"@id\":\"https:\/\/psol50.org.br\/#organization\"},\"image\":{\"@id\":\"https:\/\/psol50.org.br\/psol-repudia-assassinato-de-militante-do-mtst-em-invasao-da-pm-na-ocupacao-valdice-teles-em-aracaju-se\/#primaryimage\"},\"thumbnailUrl\":\"https:\/\/psol50.org.br\/inc\/uploads\/2022\/03\/EeSJbsjXoAICG0g.jpeg\",\"keywords\":[\"Not\u00edcias\"],\"articleSection\":[\"Brasil\"],\"inLanguage\":\"pt-BR\",\"potentialAction\":[{\"@type\":\"CommentAction\",\"name\":\"Comment\",\"target\":[\"https:\/\/psol50.org.br\/psol-repudia-assassinato-de-militante-do-mtst-em-invasao-da-pm-na-ocupacao-valdice-teles-em-aracaju-se\/#respond\"]}]},{\"@type\":\"WebPage\",\"@id\":\"https:\/\/psol50.org.br\/psol-repudia-assassinato-de-militante-do-mtst-em-invasao-da-pm-na-ocupacao-valdice-teles-em-aracaju-se\/\",\"url\":\"https:\/\/psol50.org.br\/psol-repudia-assassinato-de-militante-do-mtst-em-invasao-da-pm-na-ocupacao-valdice-teles-em-aracaju-se\/\",\"name\":\"PSOL repudia assassinato de militante do MTST em invas\u00e3o da PM na Ocupa\u00e7\u00e3o Valdice Teles, em Aracaju (SE)\",\"isPartOf\":{\"@id\":\"https:\/\/psol50.org.br\/#website\"},\"primaryImageOfPage\":{\"@id\":\"https:\/\/psol50.org.br\/psol-repudia-assassinato-de-militante-do-mtst-em-invasao-da-pm-na-ocupacao-valdice-teles-em-aracaju-se\/#primaryimage\"},\"image\":{\"@id\":\"https:\/\/psol50.org.br\/psol-repudia-assassinato-de-militante-do-mtst-em-invasao-da-pm-na-ocupacao-valdice-teles-em-aracaju-se\/#primaryimage\"},\"thumbnailUrl\":\"https:\/\/psol50.org.br\/inc\/uploads\/2022\/03\/EeSJbsjXoAICG0g.jpeg\",\"datePublished\":\"2022-03-16T15:17:32+00:00\",\"dateModified\":\"2022-03-22T14:51:27+00:00\",\"description\":\"Um morador da ocupa\u00e7\u00e3o foi assassinado e outros tr\u00eas est\u00e3o desaparecidos desde a a\u00e7\u00e3o policial da \u00faltima ter\u00e7a-feira (15).\",\"breadcrumb\":{\"@id\":\"https:\/\/psol50.org.br\/psol-repudia-assassinato-de-militante-do-mtst-em-invasao-da-pm-na-ocupacao-valdice-teles-em-aracaju-se\/#breadcrumb\"},\"inLanguage\":\"pt-BR\",\"potentialAction\":[{\"@type\":\"ReadAction\",\"target\":[\"https:\/\/psol50.org.br\/psol-repudia-assassinato-de-militante-do-mtst-em-invasao-da-pm-na-ocupacao-valdice-teles-em-aracaju-se\/\"]}]},{\"@type\":\"ImageObject\",\"inLanguage\":\"pt-BR\",\"@id\":\"https:\/\/psol50.org.br\/psol-repudia-assassinato-de-militante-do-mtst-em-invasao-da-pm-na-ocupacao-valdice-teles-em-aracaju-se\/#primaryimage\",\"url\":\"https:\/\/psol50.org.br\/inc\/uploads\/2022\/03\/EeSJbsjXoAICG0g.jpeg\",\"contentUrl\":\"https:\/\/psol50.org.br\/inc\/uploads\/2022\/03\/EeSJbsjXoAICG0g.jpeg\",\"width\":720,\"height\":405,\"caption\":\"Foto: MTST\"},{\"@type\":\"BreadcrumbList\",\"@id\":\"https:\/\/psol50.org.br\/psol-repudia-assassinato-de-militante-do-mtst-em-invasao-da-pm-na-ocupacao-valdice-teles-em-aracaju-se\/#breadcrumb\",\"itemListElement\":[{\"@type\":\"ListItem\",\"position\":1,\"name\":\"In\u00edcio\",\"item\":\"https:\/\/psol50.org.br\/\"},{\"@type\":\"ListItem\",\"position\":2,\"name\":\"PSOL repudia assassinato de militante do MTST em invas\u00e3o da PM na Ocupa\u00e7\u00e3o Valdice Teles, em Aracaju (SE)\"}]},{\"@type\":\"WebSite\",\"@id\":\"https:\/\/psol50.org.br\/#website\",\"url\":\"https:\/\/psol50.org.br\/\",\"name\":\"PSOL 50\",\"description\":\"Site oficial do Partido Socialismo e Liberdade\",\"publisher\":{\"@id\":\"https:\/\/psol50.org.br\/#organization\"},\"alternateName\":\"PSOL50\",\"potentialAction\":[{\"@type\":\"SearchAction\",\"target\":{\"@type\":\"EntryPoint\",\"urlTemplate\":\"https:\/\/psol50.org.br\/?s={search_term_string}\"},\"query-input\":{\"@type\":\"PropertyValueSpecification\",\"valueRequired\":true,\"valueName\":\"search_term_string\"}}],\"inLanguage\":\"pt-BR\"},{\"@type\":\"Organization\",\"@id\":\"https:\/\/psol50.org.br\/#organization\",\"name\":\"PSOL 50\",\"alternateName\":\"PSOL 50\",\"url\":\"https:\/\/psol50.org.br\/\",\"logo\":{\"@type\":\"ImageObject\",\"inLanguage\":\"pt-BR\",\"@id\":\"https:\/\/psol50.org.br\/#\/schema\/logo\/image\/\",\"url\":\"https:\/\/psol50.org.br\/inc\/uploads\/2018\/07\/capa.png\",\"contentUrl\":\"https:\/\/psol50.org.br\/inc\/uploads\/2018\/07\/capa.png\",\"width\":1350,\"height\":900,\"caption\":\"PSOL 50\"},\"image\":{\"@id\":\"https:\/\/psol50.org.br\/#\/schema\/logo\/image\/\"},\"sameAs\":[\"https:\/\/www.facebook.com\/psol50\",\"https:\/\/x.com\/psol50\",\"https:\/\/www.instagram.com\/psol50\/\",\"https:\/\/www.youtube.com\/channel\/UC7SnJS5o1os7a6CaiNabzcg\"]},{\"@type\":\"Person\",\"@id\":\"https:\/\/psol50.org.br\/#\/schema\/person\/475dfa57d0b815993c714c2e96491fcd\",\"name\":\"Comunica\u00e7\u00e3o PSOL\",\"image\":{\"@type\":\"ImageObject\",\"inLanguage\":\"pt-BR\",\"@id\":\"https:\/\/psol50.org.br\/#\/schema\/person\/image\/\",\"url\":\"https:\/\/secure.gravatar.com\/avatar\/b34fc4f4e468a4e51785917065a3db57b841f5c95dba6ad8c73aaf8f66f8f9bf?s=96&d=mm&r=g\",\"contentUrl\":\"https:\/\/secure.gravatar.com\/avatar\/b34fc4f4e468a4e51785917065a3db57b841f5c95dba6ad8c73aaf8f66f8f9bf?s=96&d=mm&r=g\",\"caption\":\"Comunica\u00e7\u00e3o PSOL\"}}]}<\/script>\n<!-- \/ Yoast SEO plugin. -->","yoast_head_json":{"title":"PSOL repudia assassinato de militante do MTST em invas\u00e3o da PM na Ocupa\u00e7\u00e3o Valdice Teles, em Aracaju (SE)","description":"Um morador da ocupa\u00e7\u00e3o foi assassinado e outros tr\u00eas est\u00e3o desaparecidos desde a a\u00e7\u00e3o policial da \u00faltima ter\u00e7a-feira (15).","robots":{"index":"index","follow":"follow","max-snippet":"max-snippet:-1","max-image-preview":"max-image-preview:large","max-video-preview":"max-video-preview:-1"},"canonical":"https:\/\/psol50.org.br\/psol-repudia-assassinato-de-militante-do-mtst-em-invasao-da-pm-na-ocupacao-valdice-teles-em-aracaju-se\/","og_locale":"pt_BR","og_type":"article","og_title":"PSOL repudia assassinato de militante do MTST em invas\u00e3o da PM na Ocupa\u00e7\u00e3o Valdice Teles, em Aracaju (SE)","og_description":"Um morador da ocupa\u00e7\u00e3o foi assassinado e outros tr\u00eas est\u00e3o desaparecidos desde a a\u00e7\u00e3o policial da \u00faltima ter\u00e7a-feira (15).","og_url":"https:\/\/psol50.org.br\/psol-repudia-assassinato-de-militante-do-mtst-em-invasao-da-pm-na-ocupacao-valdice-teles-em-aracaju-se\/","og_site_name":"PSOL 50","article_publisher":"https:\/\/www.facebook.com\/psol50","article_published_time":"2022-03-16T15:17:32+00:00","article_modified_time":"2022-03-22T14:51:27+00:00","og_image":[{"width":720,"height":405,"url":"https:\/\/psol50.org.br\/inc\/uploads\/2022\/03\/EeSJbsjXoAICG0g.jpeg","type":"image\/jpeg"}],"author":"Comunica\u00e7\u00e3o PSOL","twitter_card":"summary_large_image","twitter_creator":"@psol50","twitter_site":"@psol50","twitter_misc":{"Escrito por":"Comunica\u00e7\u00e3o PSOL","Est. tempo de leitura":"1 minuto"},"schema":{"@context":"https:\/\/schema.org","@graph":[{"@type":"Article","@id":"https:\/\/psol50.org.br\/psol-repudia-assassinato-de-militante-do-mtst-em-invasao-da-pm-na-ocupacao-valdice-teles-em-aracaju-se\/#article","isPartOf":{"@id":"https:\/\/psol50.org.br\/psol-repudia-assassinato-de-militante-do-mtst-em-invasao-da-pm-na-ocupacao-valdice-teles-em-aracaju-se\/"},"author":{"name":"Comunica\u00e7\u00e3o PSOL","@id":"https:\/\/psol50.org.br\/#\/schema\/person\/475dfa57d0b815993c714c2e96491fcd"},"headline":"PSOL repudia assassinato de militante do MTST em invas\u00e3o da PM na Ocupa\u00e7\u00e3o Valdice Teles, em Aracaju (SE)","datePublished":"2022-03-16T15:17:32+00:00","dateModified":"2022-03-22T14:51:27+00:00","mainEntityOfPage":{"@id":"https:\/\/psol50.org.br\/psol-repudia-assassinato-de-militante-do-mtst-em-invasao-da-pm-na-ocupacao-valdice-teles-em-aracaju-se\/"},"wordCount":224,"commentCount":0,"publisher":{"@id":"https:\/\/psol50.org.br\/#organization"},"image":{"@id":"https:\/\/psol50.org.br\/psol-repudia-assassinato-de-militante-do-mtst-em-invasao-da-pm-na-ocupacao-valdice-teles-em-aracaju-se\/#primaryimage"},"thumbnailUrl":"https:\/\/psol50.org.br\/inc\/uploads\/2022\/03\/EeSJbsjXoAICG0g.jpeg","keywords":["Not\u00edcias"],"articleSection":["Brasil"],"inLanguage":"pt-BR","potentialAction":[{"@type":"CommentAction","name":"Comment","target":["https:\/\/psol50.org.br\/psol-repudia-assassinato-de-militante-do-mtst-em-invasao-da-pm-na-ocupacao-valdice-teles-em-aracaju-se\/#respond"]}]},{"@type":"WebPage","@id":"https:\/\/psol50.org.br\/psol-repudia-assassinato-de-militante-do-mtst-em-invasao-da-pm-na-ocupacao-valdice-teles-em-aracaju-se\/","url":"https:\/\/psol50.org.br\/psol-repudia-assassinato-de-militante-do-mtst-em-invasao-da-pm-na-ocupacao-valdice-teles-em-aracaju-se\/","name":"PSOL repudia assassinato de militante do MTST em invas\u00e3o da PM na Ocupa\u00e7\u00e3o Valdice Teles, em Aracaju (SE)","isPartOf":{"@id":"https:\/\/psol50.org.br\/#website"},"primaryImageOfPage":{"@id":"https:\/\/psol50.org.br\/psol-repudia-assassinato-de-militante-do-mtst-em-invasao-da-pm-na-ocupacao-valdice-teles-em-aracaju-se\/#primaryimage"},"image":{"@id":"https:\/\/psol50.org.br\/psol-repudia-assassinato-de-militante-do-mtst-em-invasao-da-pm-na-ocupacao-valdice-teles-em-aracaju-se\/#primaryimage"},"thumbnailUrl":"https:\/\/psol50.org.br\/inc\/uploads\/2022\/03\/EeSJbsjXoAICG0g.jpeg","datePublished":"2022-03-16T15:17:32+00:00","dateModified":"2022-03-22T14:51:27+00:00","description":"Um morador da ocupa\u00e7\u00e3o foi assassinado e outros tr\u00eas est\u00e3o desaparecidos desde a a\u00e7\u00e3o policial da \u00faltima ter\u00e7a-feira (15).","breadcrumb":{"@id":"https:\/\/psol50.org.br\/psol-repudia-assassinato-de-militante-do-mtst-em-invasao-da-pm-na-ocupacao-valdice-teles-em-aracaju-se\/#breadcrumb"},"inLanguage":"pt-BR","potentialAction":[{"@type":"ReadAction","target":["https:\/\/psol50.org.br\/psol-repudia-assassinato-de-militante-do-mtst-em-invasao-da-pm-na-ocupacao-valdice-teles-em-aracaju-se\/"]}]},{"@type":"ImageObject","inLanguage":"pt-BR","@id":"https:\/\/psol50.org.br\/psol-repudia-assassinato-de-militante-do-mtst-em-invasao-da-pm-na-ocupacao-valdice-teles-em-aracaju-se\/#primaryimage","url":"https:\/\/psol50.org.br\/inc\/uploads\/2022\/03\/EeSJbsjXoAICG0g.jpeg","contentUrl":"https:\/\/psol50.org.br\/inc\/uploads\/2022\/03\/EeSJbsjXoAICG0g.jpeg","width":720,"height":405,"caption":"Foto: MTST"},{"@type":"BreadcrumbList","@id":"https:\/\/psol50.org.br\/psol-repudia-assassinato-de-militante-do-mtst-em-invasao-da-pm-na-ocupacao-valdice-teles-em-aracaju-se\/#breadcrumb","itemListElement":[{"@type":"ListItem","position":1,"name":"In\u00edcio","item":"https:\/\/psol50.org.br\/"},{"@type":"ListItem","position":2,"name":"PSOL repudia assassinato de militante do MTST em invas\u00e3o da PM na Ocupa\u00e7\u00e3o Valdice Teles, em Aracaju (SE)"}]},{"@type":"WebSite","@id":"https:\/\/psol50.org.br\/#website","url":"https:\/\/psol50.org.br\/","name":"PSOL 50","description":"Site oficial do Partido Socialismo e Liberdade","publisher":{"@id":"https:\/\/psol50.org.br\/#organization"},"alternateName":"PSOL50","potentialAction":[{"@type":"SearchAction","target":{"@type":"EntryPoint","urlTemplate":"https:\/\/psol50.org.br\/?s={search_term_string}"},"query-input":{"@type":"PropertyValueSpecification","valueRequired":true,"valueName":"search_term_string"}}],"inLanguage":"pt-BR"},{"@type":"Organization","@id":"https:\/\/psol50.org.br\/#organization","name":"PSOL 50","alternateName":"PSOL 50","url":"https:\/\/psol50.org.br\/","logo":{"@type":"ImageObject","inLanguage":"pt-BR","@id":"https:\/\/psol50.org.br\/#\/schema\/logo\/image\/","url":"https:\/\/psol50.org.br\/inc\/uploads\/2018\/07\/capa.png","contentUrl":"https:\/\/psol50.org.br\/inc\/uploads\/2018\/07\/capa.png","width":1350,"height":900,"caption":"PSOL 50"},"image":{"@id":"https:\/\/psol50.org.br\/#\/schema\/logo\/image\/"},"sameAs":["https:\/\/www.facebook.com\/psol50","https:\/\/x.com\/psol50","https:\/\/www.instagram.com\/psol50\/","https:\/\/www.youtube.com\/channel\/UC7SnJS5o1os7a6CaiNabzcg"]},{"@type":"Person","@id":"https:\/\/psol50.org.br\/#\/schema\/person\/475dfa57d0b815993c714c2e96491fcd","name":"Comunica\u00e7\u00e3o PSOL","image":{"@type":"ImageObject","inLanguage":"pt-BR","@id":"https:\/\/psol50.org.br\/#\/schema\/person\/image\/","url":"https:\/\/secure.gravatar.com\/avatar\/b34fc4f4e468a4e51785917065a3db57b841f5c95dba6ad8c73aaf8f66f8f9bf?s=96&d=mm&r=g","contentUrl":"https:\/\/secure.gravatar.com\/avatar\/b34fc4f4e468a4e51785917065a3db57b841f5c95dba6ad8c73aaf8f66f8f9bf?s=96&d=mm&r=g","caption":"Comunica\u00e7\u00e3o PSOL"}}]}},"_links":{"self":[{"href":"https:\/\/psol50.org.br\/rest\/wp\/v2\/posts\/35360","targetHints":{"allow":["GET"]}}],"collection":[{"href":"https:\/\/psol50.org.br\/rest\/wp\/v2\/posts"}],"about":[{"href":"https:\/\/psol50.org.br\/rest\/wp\/v2\/types\/post"}],"author":[{"embeddable":true,"href":"https:\/\/psol50.org.br\/rest\/wp\/v2\/users\/2"}],"replies":[{"embeddable":true,"href":"https:\/\/psol50.org.br\/rest\/wp\/v2\/comments?post=35360"}],"version-history":[{"count":2,"href":"https:\/\/psol50.org.br\/rest\/wp\/v2\/posts\/35360\/revisions"}],"predecessor-version":[{"id":35363,"href":"https:\/\/psol50.org.br\/rest\/wp\/v2\/posts\/35360\/revisions\/35363"}],"wp:featuredmedia":[{"embeddable":true,"href":"https:\/\/psol50.org.br\/rest\/wp\/v2\/media\/35362"}],"wp:attachment":[{"href":"https:\/\/psol50.org.br\/rest\/wp\/v2\/media?parent=35360"}],"wp:term":[{"taxonomy":"category","embeddable":true,"href":"https:\/\/psol50.org.br\/rest\/wp\/v2\/categories?post=35360"},{"taxonomy":"post_tag","embeddable":true,"href":"https:\/\/psol50.org.br\/rest\/wp\/v2\/tags?post=35360"}],"curies":[{"name":"wp","href":"https:\/\/api.w.org\/{rel}","templated":true}]}}