{"id":35373,"date":"2022-03-16T17:08:18","date_gmt":"2022-03-16T20:08:18","guid":{"rendered":"https:\/\/psol50.org.br\/?p=35373"},"modified":"2022-03-17T14:21:12","modified_gmt":"2022-03-17T17:21:12","slug":"psol-quer-impedir-que-bolsonaro-conceda-a-si-proprio-a-medalha-do-merito-indigenista","status":"publish","type":"post","link":"https:\/\/psol50.org.br\/psol-quer-impedir-que-bolsonaro-conceda-a-si-proprio-a-medalha-do-merito-indigenista\/","title":{"rendered":"PSOL quer impedir que Bolsonaro conceda a si pr\u00f3prio a Medalha do M\u00e9rito Indigenista"},"content":{"rendered":"<p>A bancada do PSOL na C\u00e2mara dos Deputados apresentou nesta quarta-feira (16) um projeto de decreto legislativo (PDL) para derrubar a Portaria n\u00ba 47, de 15 de mar\u00e7o de 2022, do Minist\u00e9rio da Justi\u00e7a e Seguran\u00e7a P\u00fablica, que concede a Medalha do M\u00e9rito Indigenista a Jair Bolsonaro e outras 25 personalidades, em sua grande maioria integrantes do governo federal.<\/p>\n<p><span dir=\"ltr\" role=\"presentation\">A medalha, um reconhecimento a servi\u00e7os envolvidos na promo\u00e7\u00e3o de bem-estar, prote\u00e7\u00e3o e defesa dos povos ind\u00edgenas, pode ser concedida ao presidente que afirmou em entrevista recente que <\/span><span dir=\"ltr\" role=\"presentation\">\u201co \u00edndio mudou, t\u00e1 evoluindo. Cada vez mais, o \u00edndio \u00e9 <\/span><span dir=\"ltr\" role=\"presentation\">um ser humano igual a n\u00f3s\u201d.<\/span><\/p>\n<p><span dir=\"ltr\" role=\"presentation\">Bolsonaro tem um hist\u00f3rico de falas preconceituosas e <\/span><span dir=\"ltr\" role=\"presentation\">discriminat\u00f3rias contra os povos origin\u00e1rios. Em 1998, por exemplo, o ent\u00e3o deputado federal afirmou em um discurso: &#8220;Realmente, a cavalaria brasileira foi muito incompetente. Competente, sim, foi a cavalaria norte americana, que dizimou seus \u00edndios no passado e, hoje em dia, n\u00e3o tem esse problema em seu pa\u00eds&#8221;.<\/span><\/p>\n<p>Como presidente, sistematicamente tenta &#8220;passar a boiada&#8221; sobre as terras ind\u00edgenas, como definiu seu ex-Ministro do Meio Ambiente, Ricardo Salles. N\u00fameros crescentes de garimpo ilegal e desmatamento em terras ind\u00edgenas s\u00e3o um marco da gest\u00e3o Bolsonaro no governo federal.<\/p>\n<p><span dir=\"ltr\" role=\"presentation\">&#8220;\u00c9 um absoluto esc\u00e1rnio com os ind\u00edgenas a concess\u00e3o dessa <\/span><span dir=\"ltr\" role=\"presentation\">honraria para algu\u00e9m que tanto os desrespeita. Bolsonaro ser\u00e1 para <\/span><span dir=\"ltr\" role=\"presentation\">sempre lembrado como um ecocida. N\u00e3o merece homenagens, mas o <\/span><span dir=\"ltr\" role=\"presentation\">julgamento por crimes contra o meio ambiente e os direitos humanos&#8221;, diz trecho da justificativa do projeto do PSOL.<\/span><\/p>\n","protected":false},"excerpt":{"rendered":"<p>A bancada do PSOL na C\u00e2mara dos Deputados apresentou nesta quarta-feira (16) um projeto de decreto legislativo (PDL) para derrubar a Portaria n\u00ba 47, de 15 de mar\u00e7o de 2022, do Minist\u00e9rio da Justi\u00e7a e Seguran\u00e7a P\u00fablica, que concede a Medalha do M\u00e9rito Indigenista a Jair Bolsonaro e outras 25 personalidades, em sua grande maioria [&hellip;]<\/p>\n","protected":false},"author":2,"featured_media":25580,"comment_status":"open","ping_status":"open","sticky":false,"template":"","format":"standard","meta":{"_acf_changed":false,"footnotes":""},"categories":[10],"tags":[4825],"class_list":{"0":"post-35373","1":"post","2":"type-post","3":"status-publish","4":"format-standard","5":"has-post-thumbnail","7":"category-acao-parlamentares","8":"tag-noticias"},"acf":[],"yoast_head":"<!-- This site is optimized with the Yoast SEO plugin v26.5 - https:\/\/yoast.com\/wordpress\/plugins\/seo\/ -->\n<title>PSOL quer impedir que Bolsonaro conceda a si pr\u00f3prio a Medalha do M\u00e9rito Indigenista<\/title>\n<meta name=\"description\" content=\"Projeto busca impedir esc\u00e1rnio bolsonarista com os povos origin\u00e1rios ap\u00f3s governo marcado como &quot;inimigo dos povos ind\u00edgenas&quot;.\" \/>\n<meta name=\"robots\" content=\"index, follow, max-snippet:-1, max-image-preview:large, max-video-preview:-1\" \/>\n<link rel=\"canonical\" href=\"https:\/\/psol50.org.br\/psol-quer-impedir-que-bolsonaro-conceda-a-si-proprio-a-medalha-do-merito-indigenista\/\" \/>\n<meta property=\"og:locale\" content=\"pt_BR\" \/>\n<meta property=\"og:type\" content=\"article\" \/>\n<meta property=\"og:title\" content=\"PSOL quer impedir que Bolsonaro conceda a si pr\u00f3prio a Medalha do M\u00e9rito Indigenista\" \/>\n<meta property=\"og:description\" content=\"Projeto busca impedir esc\u00e1rnio bolsonarista com os povos origin\u00e1rios ap\u00f3s governo marcado como &quot;inimigo dos povos ind\u00edgenas&quot;.\" \/>\n<meta property=\"og:url\" content=\"https:\/\/psol50.org.br\/psol-quer-impedir-que-bolsonaro-conceda-a-si-proprio-a-medalha-do-merito-indigenista\/\" \/>\n<meta property=\"og:site_name\" content=\"PSOL 50\" \/>\n<meta property=\"article:publisher\" content=\"https:\/\/www.facebook.com\/psol50\" \/>\n<meta property=\"article:published_time\" content=\"2022-03-16T20:08:18+00:00\" \/>\n<meta property=\"article:modified_time\" content=\"2022-03-17T17:21:12+00:00\" \/>\n<meta property=\"og:image\" content=\"https:\/\/psol50.org.br\/inc\/uploads\/2019\/06\/indigenas-protesto-brasilia-constituicao-750x410-1.jpg\" \/>\n\t<meta property=\"og:image:width\" content=\"750\" \/>\n\t<meta property=\"og:image:height\" content=\"410\" \/>\n\t<meta property=\"og:image:type\" content=\"image\/jpeg\" \/>\n<meta name=\"author\" content=\"Comunica\u00e7\u00e3o PSOL\" \/>\n<meta name=\"twitter:card\" content=\"summary_large_image\" \/>\n<meta name=\"twitter:creator\" content=\"@psol50\" \/>\n<meta name=\"twitter:site\" content=\"@psol50\" \/>\n<meta name=\"twitter:label1\" content=\"Escrito por\" \/>\n\t<meta name=\"twitter:data1\" content=\"Comunica\u00e7\u00e3o PSOL\" \/>\n\t<meta name=\"twitter:label2\" content=\"Est. tempo de leitura\" \/>\n\t<meta name=\"twitter:data2\" content=\"1 minuto\" \/>\n<script type=\"application\/ld+json\" class=\"yoast-schema-graph\">{\"@context\":\"https:\/\/schema.org\",\"@graph\":[{\"@type\":\"Article\",\"@id\":\"https:\/\/psol50.org.br\/psol-quer-impedir-que-bolsonaro-conceda-a-si-proprio-a-medalha-do-merito-indigenista\/#article\",\"isPartOf\":{\"@id\":\"https:\/\/psol50.org.br\/psol-quer-impedir-que-bolsonaro-conceda-a-si-proprio-a-medalha-do-merito-indigenista\/\"},\"author\":{\"name\":\"Comunica\u00e7\u00e3o PSOL\",\"@id\":\"https:\/\/psol50.org.br\/#\/schema\/person\/475dfa57d0b815993c714c2e96491fcd\"},\"headline\":\"PSOL quer impedir que Bolsonaro conceda a si pr\u00f3prio a Medalha do M\u00e9rito Indigenista\",\"datePublished\":\"2022-03-16T20:08:18+00:00\",\"dateModified\":\"2022-03-17T17:21:12+00:00\",\"mainEntityOfPage\":{\"@id\":\"https:\/\/psol50.org.br\/psol-quer-impedir-que-bolsonaro-conceda-a-si-proprio-a-medalha-do-merito-indigenista\/\"},\"wordCount\":284,\"commentCount\":0,\"publisher\":{\"@id\":\"https:\/\/psol50.org.br\/#organization\"},\"image\":{\"@id\":\"https:\/\/psol50.org.br\/psol-quer-impedir-que-bolsonaro-conceda-a-si-proprio-a-medalha-do-merito-indigenista\/#primaryimage\"},\"thumbnailUrl\":\"https:\/\/psol50.org.br\/inc\/uploads\/2019\/06\/indigenas-protesto-brasilia-constituicao-750x410-1.jpg\",\"keywords\":[\"Not\u00edcias\"],\"articleSection\":[\"A\u00e7\u00e3o Parlamentar\"],\"inLanguage\":\"pt-BR\",\"potentialAction\":[{\"@type\":\"CommentAction\",\"name\":\"Comment\",\"target\":[\"https:\/\/psol50.org.br\/psol-quer-impedir-que-bolsonaro-conceda-a-si-proprio-a-medalha-do-merito-indigenista\/#respond\"]}]},{\"@type\":\"WebPage\",\"@id\":\"https:\/\/psol50.org.br\/psol-quer-impedir-que-bolsonaro-conceda-a-si-proprio-a-medalha-do-merito-indigenista\/\",\"url\":\"https:\/\/psol50.org.br\/psol-quer-impedir-que-bolsonaro-conceda-a-si-proprio-a-medalha-do-merito-indigenista\/\",\"name\":\"PSOL quer impedir que Bolsonaro conceda a si pr\u00f3prio a Medalha do M\u00e9rito Indigenista\",\"isPartOf\":{\"@id\":\"https:\/\/psol50.org.br\/#website\"},\"primaryImageOfPage\":{\"@id\":\"https:\/\/psol50.org.br\/psol-quer-impedir-que-bolsonaro-conceda-a-si-proprio-a-medalha-do-merito-indigenista\/#primaryimage\"},\"image\":{\"@id\":\"https:\/\/psol50.org.br\/psol-quer-impedir-que-bolsonaro-conceda-a-si-proprio-a-medalha-do-merito-indigenista\/#primaryimage\"},\"thumbnailUrl\":\"https:\/\/psol50.org.br\/inc\/uploads\/2019\/06\/indigenas-protesto-brasilia-constituicao-750x410-1.jpg\",\"datePublished\":\"2022-03-16T20:08:18+00:00\",\"dateModified\":\"2022-03-17T17:21:12+00:00\",\"description\":\"Projeto busca impedir esc\u00e1rnio bolsonarista com os povos origin\u00e1rios ap\u00f3s governo marcado como \\\"inimigo dos povos ind\u00edgenas\\\".\",\"breadcrumb\":{\"@id\":\"https:\/\/psol50.org.br\/psol-quer-impedir-que-bolsonaro-conceda-a-si-proprio-a-medalha-do-merito-indigenista\/#breadcrumb\"},\"inLanguage\":\"pt-BR\",\"potentialAction\":[{\"@type\":\"ReadAction\",\"target\":[\"https:\/\/psol50.org.br\/psol-quer-impedir-que-bolsonaro-conceda-a-si-proprio-a-medalha-do-merito-indigenista\/\"]}]},{\"@type\":\"ImageObject\",\"inLanguage\":\"pt-BR\",\"@id\":\"https:\/\/psol50.org.br\/psol-quer-impedir-que-bolsonaro-conceda-a-si-proprio-a-medalha-do-merito-indigenista\/#primaryimage\",\"url\":\"https:\/\/psol50.org.br\/inc\/uploads\/2019\/06\/indigenas-protesto-brasilia-constituicao-750x410-1.jpg\",\"contentUrl\":\"https:\/\/psol50.org.br\/inc\/uploads\/2019\/06\/indigenas-protesto-brasilia-constituicao-750x410-1.jpg\",\"width\":750,\"height\":410},{\"@type\":\"BreadcrumbList\",\"@id\":\"https:\/\/psol50.org.br\/psol-quer-impedir-que-bolsonaro-conceda-a-si-proprio-a-medalha-do-merito-indigenista\/#breadcrumb\",\"itemListElement\":[{\"@type\":\"ListItem\",\"position\":1,\"name\":\"In\u00edcio\",\"item\":\"https:\/\/psol50.org.br\/\"},{\"@type\":\"ListItem\",\"position\":2,\"name\":\"PSOL quer impedir que Bolsonaro conceda a si pr\u00f3prio a Medalha do M\u00e9rito Indigenista\"}]},{\"@type\":\"WebSite\",\"@id\":\"https:\/\/psol50.org.br\/#website\",\"url\":\"https:\/\/psol50.org.br\/\",\"name\":\"PSOL 50\",\"description\":\"Site oficial do Partido Socialismo e Liberdade\",\"publisher\":{\"@id\":\"https:\/\/psol50.org.br\/#organization\"},\"alternateName\":\"PSOL50\",\"potentialAction\":[{\"@type\":\"SearchAction\",\"target\":{\"@type\":\"EntryPoint\",\"urlTemplate\":\"https:\/\/psol50.org.br\/?s={search_term_string}\"},\"query-input\":{\"@type\":\"PropertyValueSpecification\",\"valueRequired\":true,\"valueName\":\"search_term_string\"}}],\"inLanguage\":\"pt-BR\"},{\"@type\":\"Organization\",\"@id\":\"https:\/\/psol50.org.br\/#organization\",\"name\":\"PSOL 50\",\"alternateName\":\"PSOL 50\",\"url\":\"https:\/\/psol50.org.br\/\",\"logo\":{\"@type\":\"ImageObject\",\"inLanguage\":\"pt-BR\",\"@id\":\"https:\/\/psol50.org.br\/#\/schema\/logo\/image\/\",\"url\":\"https:\/\/psol50.org.br\/inc\/uploads\/2018\/07\/capa.png\",\"contentUrl\":\"https:\/\/psol50.org.br\/inc\/uploads\/2018\/07\/capa.png\",\"width\":1350,\"height\":900,\"caption\":\"PSOL 50\"},\"image\":{\"@id\":\"https:\/\/psol50.org.br\/#\/schema\/logo\/image\/\"},\"sameAs\":[\"https:\/\/www.facebook.com\/psol50\",\"https:\/\/x.com\/psol50\",\"https:\/\/www.instagram.com\/psol50\/\",\"https:\/\/www.youtube.com\/channel\/UC7SnJS5o1os7a6CaiNabzcg\"]},{\"@type\":\"Person\",\"@id\":\"https:\/\/psol50.org.br\/#\/schema\/person\/475dfa57d0b815993c714c2e96491fcd\",\"name\":\"Comunica\u00e7\u00e3o PSOL\",\"image\":{\"@type\":\"ImageObject\",\"inLanguage\":\"pt-BR\",\"@id\":\"https:\/\/psol50.org.br\/#\/schema\/person\/image\/\",\"url\":\"https:\/\/secure.gravatar.com\/avatar\/b34fc4f4e468a4e51785917065a3db57b841f5c95dba6ad8c73aaf8f66f8f9bf?s=96&d=mm&r=g\",\"contentUrl\":\"https:\/\/secure.gravatar.com\/avatar\/b34fc4f4e468a4e51785917065a3db57b841f5c95dba6ad8c73aaf8f66f8f9bf?s=96&d=mm&r=g\",\"caption\":\"Comunica\u00e7\u00e3o PSOL\"}}]}<\/script>\n<!-- \/ Yoast SEO plugin. -->","yoast_head_json":{"title":"PSOL quer impedir que Bolsonaro conceda a si pr\u00f3prio a Medalha do M\u00e9rito Indigenista","description":"Projeto busca impedir esc\u00e1rnio bolsonarista com os povos origin\u00e1rios ap\u00f3s governo marcado como \"inimigo dos povos ind\u00edgenas\".","robots":{"index":"index","follow":"follow","max-snippet":"max-snippet:-1","max-image-preview":"max-image-preview:large","max-video-preview":"max-video-preview:-1"},"canonical":"https:\/\/psol50.org.br\/psol-quer-impedir-que-bolsonaro-conceda-a-si-proprio-a-medalha-do-merito-indigenista\/","og_locale":"pt_BR","og_type":"article","og_title":"PSOL quer impedir que Bolsonaro conceda a si pr\u00f3prio a Medalha do M\u00e9rito Indigenista","og_description":"Projeto busca impedir esc\u00e1rnio bolsonarista com os povos origin\u00e1rios ap\u00f3s governo marcado como \"inimigo dos povos ind\u00edgenas\".","og_url":"https:\/\/psol50.org.br\/psol-quer-impedir-que-bolsonaro-conceda-a-si-proprio-a-medalha-do-merito-indigenista\/","og_site_name":"PSOL 50","article_publisher":"https:\/\/www.facebook.com\/psol50","article_published_time":"2022-03-16T20:08:18+00:00","article_modified_time":"2022-03-17T17:21:12+00:00","og_image":[{"width":750,"height":410,"url":"https:\/\/psol50.org.br\/inc\/uploads\/2019\/06\/indigenas-protesto-brasilia-constituicao-750x410-1.jpg","type":"image\/jpeg"}],"author":"Comunica\u00e7\u00e3o PSOL","twitter_card":"summary_large_image","twitter_creator":"@psol50","twitter_site":"@psol50","twitter_misc":{"Escrito por":"Comunica\u00e7\u00e3o PSOL","Est. tempo de leitura":"1 minuto"},"schema":{"@context":"https:\/\/schema.org","@graph":[{"@type":"Article","@id":"https:\/\/psol50.org.br\/psol-quer-impedir-que-bolsonaro-conceda-a-si-proprio-a-medalha-do-merito-indigenista\/#article","isPartOf":{"@id":"https:\/\/psol50.org.br\/psol-quer-impedir-que-bolsonaro-conceda-a-si-proprio-a-medalha-do-merito-indigenista\/"},"author":{"name":"Comunica\u00e7\u00e3o PSOL","@id":"https:\/\/psol50.org.br\/#\/schema\/person\/475dfa57d0b815993c714c2e96491fcd"},"headline":"PSOL quer impedir que Bolsonaro conceda a si pr\u00f3prio a Medalha do M\u00e9rito Indigenista","datePublished":"2022-03-16T20:08:18+00:00","dateModified":"2022-03-17T17:21:12+00:00","mainEntityOfPage":{"@id":"https:\/\/psol50.org.br\/psol-quer-impedir-que-bolsonaro-conceda-a-si-proprio-a-medalha-do-merito-indigenista\/"},"wordCount":284,"commentCount":0,"publisher":{"@id":"https:\/\/psol50.org.br\/#organization"},"image":{"@id":"https:\/\/psol50.org.br\/psol-quer-impedir-que-bolsonaro-conceda-a-si-proprio-a-medalha-do-merito-indigenista\/#primaryimage"},"thumbnailUrl":"https:\/\/psol50.org.br\/inc\/uploads\/2019\/06\/indigenas-protesto-brasilia-constituicao-750x410-1.jpg","keywords":["Not\u00edcias"],"articleSection":["A\u00e7\u00e3o Parlamentar"],"inLanguage":"pt-BR","potentialAction":[{"@type":"CommentAction","name":"Comment","target":["https:\/\/psol50.org.br\/psol-quer-impedir-que-bolsonaro-conceda-a-si-proprio-a-medalha-do-merito-indigenista\/#respond"]}]},{"@type":"WebPage","@id":"https:\/\/psol50.org.br\/psol-quer-impedir-que-bolsonaro-conceda-a-si-proprio-a-medalha-do-merito-indigenista\/","url":"https:\/\/psol50.org.br\/psol-quer-impedir-que-bolsonaro-conceda-a-si-proprio-a-medalha-do-merito-indigenista\/","name":"PSOL quer impedir que Bolsonaro conceda a si pr\u00f3prio a Medalha do M\u00e9rito Indigenista","isPartOf":{"@id":"https:\/\/psol50.org.br\/#website"},"primaryImageOfPage":{"@id":"https:\/\/psol50.org.br\/psol-quer-impedir-que-bolsonaro-conceda-a-si-proprio-a-medalha-do-merito-indigenista\/#primaryimage"},"image":{"@id":"https:\/\/psol50.org.br\/psol-quer-impedir-que-bolsonaro-conceda-a-si-proprio-a-medalha-do-merito-indigenista\/#primaryimage"},"thumbnailUrl":"https:\/\/psol50.org.br\/inc\/uploads\/2019\/06\/indigenas-protesto-brasilia-constituicao-750x410-1.jpg","datePublished":"2022-03-16T20:08:18+00:00","dateModified":"2022-03-17T17:21:12+00:00","description":"Projeto busca impedir esc\u00e1rnio bolsonarista com os povos origin\u00e1rios ap\u00f3s governo marcado como \"inimigo dos povos ind\u00edgenas\".","breadcrumb":{"@id":"https:\/\/psol50.org.br\/psol-quer-impedir-que-bolsonaro-conceda-a-si-proprio-a-medalha-do-merito-indigenista\/#breadcrumb"},"inLanguage":"pt-BR","potentialAction":[{"@type":"ReadAction","target":["https:\/\/psol50.org.br\/psol-quer-impedir-que-bolsonaro-conceda-a-si-proprio-a-medalha-do-merito-indigenista\/"]}]},{"@type":"ImageObject","inLanguage":"pt-BR","@id":"https:\/\/psol50.org.br\/psol-quer-impedir-que-bolsonaro-conceda-a-si-proprio-a-medalha-do-merito-indigenista\/#primaryimage","url":"https:\/\/psol50.org.br\/inc\/uploads\/2019\/06\/indigenas-protesto-brasilia-constituicao-750x410-1.jpg","contentUrl":"https:\/\/psol50.org.br\/inc\/uploads\/2019\/06\/indigenas-protesto-brasilia-constituicao-750x410-1.jpg","width":750,"height":410},{"@type":"BreadcrumbList","@id":"https:\/\/psol50.org.br\/psol-quer-impedir-que-bolsonaro-conceda-a-si-proprio-a-medalha-do-merito-indigenista\/#breadcrumb","itemListElement":[{"@type":"ListItem","position":1,"name":"In\u00edcio","item":"https:\/\/psol50.org.br\/"},{"@type":"ListItem","position":2,"name":"PSOL quer impedir que Bolsonaro conceda a si pr\u00f3prio a Medalha do M\u00e9rito Indigenista"}]},{"@type":"WebSite","@id":"https:\/\/psol50.org.br\/#website","url":"https:\/\/psol50.org.br\/","name":"PSOL 50","description":"Site oficial do Partido Socialismo e Liberdade","publisher":{"@id":"https:\/\/psol50.org.br\/#organization"},"alternateName":"PSOL50","potentialAction":[{"@type":"SearchAction","target":{"@type":"EntryPoint","urlTemplate":"https:\/\/psol50.org.br\/?s={search_term_string}"},"query-input":{"@type":"PropertyValueSpecification","valueRequired":true,"valueName":"search_term_string"}}],"inLanguage":"pt-BR"},{"@type":"Organization","@id":"https:\/\/psol50.org.br\/#organization","name":"PSOL 50","alternateName":"PSOL 50","url":"https:\/\/psol50.org.br\/","logo":{"@type":"ImageObject","inLanguage":"pt-BR","@id":"https:\/\/psol50.org.br\/#\/schema\/logo\/image\/","url":"https:\/\/psol50.org.br\/inc\/uploads\/2018\/07\/capa.png","contentUrl":"https:\/\/psol50.org.br\/inc\/uploads\/2018\/07\/capa.png","width":1350,"height":900,"caption":"PSOL 50"},"image":{"@id":"https:\/\/psol50.org.br\/#\/schema\/logo\/image\/"},"sameAs":["https:\/\/www.facebook.com\/psol50","https:\/\/x.com\/psol50","https:\/\/www.instagram.com\/psol50\/","https:\/\/www.youtube.com\/channel\/UC7SnJS5o1os7a6CaiNabzcg"]},{"@type":"Person","@id":"https:\/\/psol50.org.br\/#\/schema\/person\/475dfa57d0b815993c714c2e96491fcd","name":"Comunica\u00e7\u00e3o PSOL","image":{"@type":"ImageObject","inLanguage":"pt-BR","@id":"https:\/\/psol50.org.br\/#\/schema\/person\/image\/","url":"https:\/\/secure.gravatar.com\/avatar\/b34fc4f4e468a4e51785917065a3db57b841f5c95dba6ad8c73aaf8f66f8f9bf?s=96&d=mm&r=g","contentUrl":"https:\/\/secure.gravatar.com\/avatar\/b34fc4f4e468a4e51785917065a3db57b841f5c95dba6ad8c73aaf8f66f8f9bf?s=96&d=mm&r=g","caption":"Comunica\u00e7\u00e3o PSOL"}}]}},"_links":{"self":[{"href":"https:\/\/psol50.org.br\/rest\/wp\/v2\/posts\/35373","targetHints":{"allow":["GET"]}}],"collection":[{"href":"https:\/\/psol50.org.br\/rest\/wp\/v2\/posts"}],"about":[{"href":"https:\/\/psol50.org.br\/rest\/wp\/v2\/types\/post"}],"author":[{"embeddable":true,"href":"https:\/\/psol50.org.br\/rest\/wp\/v2\/users\/2"}],"replies":[{"embeddable":true,"href":"https:\/\/psol50.org.br\/rest\/wp\/v2\/comments?post=35373"}],"version-history":[{"count":1,"href":"https:\/\/psol50.org.br\/rest\/wp\/v2\/posts\/35373\/revisions"}],"predecessor-version":[{"id":35374,"href":"https:\/\/psol50.org.br\/rest\/wp\/v2\/posts\/35373\/revisions\/35374"}],"wp:featuredmedia":[{"embeddable":true,"href":"https:\/\/psol50.org.br\/rest\/wp\/v2\/media\/25580"}],"wp:attachment":[{"href":"https:\/\/psol50.org.br\/rest\/wp\/v2\/media?parent=35373"}],"wp:term":[{"taxonomy":"category","embeddable":true,"href":"https:\/\/psol50.org.br\/rest\/wp\/v2\/categories?post=35373"},{"taxonomy":"post_tag","embeddable":true,"href":"https:\/\/psol50.org.br\/rest\/wp\/v2\/tags?post=35373"}],"curies":[{"name":"wp","href":"https:\/\/api.w.org\/{rel}","templated":true}]}}