{"id":35375,"date":"2022-03-17T13:34:21","date_gmt":"2022-03-17T16:34:21","guid":{"rendered":"https:\/\/psol50.org.br\/?p=35375"},"modified":"2022-03-31T11:22:01","modified_gmt":"2022-03-31T14:22:01","slug":"psol-movimentos-sociais-e-campanha-despejo-zero-pedem-que-stf-mantenha-despejos-suspensos-no-brasil","status":"publish","type":"post","link":"https:\/\/psol50.org.br\/psol-movimentos-sociais-e-campanha-despejo-zero-pedem-que-stf-mantenha-despejos-suspensos-no-brasil\/","title":{"rendered":"PSOL, movimentos sociais e Campanha Despejo Zero pedem que STF mantenha despejos suspensos no Brasil"},"content":{"rendered":"<p>O PSOL, ao lado do PT e de movimentos sociais como o MTST e a Campanha Despejo Zero, apresentou nesta semana uma peti\u00e7\u00e3o ao Supremo Tribunal Federal (STF) para que a liminar concedida pela Corte na ADPF 828, que mant\u00e9m despejos suspensos em todo o Brasil por causa da pandemia de Covid-19, seja prorrogada.<\/p>\n<p>A atual liminar vence no pr\u00f3ximo dia 31 de mar\u00e7o, o que pode colocar nas ruas, sem um teto para morar, mais de 132 mil fam\u00edlias brasileiras que est\u00e3o atualmente amea\u00e7adas de despejo no pa\u00eds. Este n\u00famero \u00e9 602% maior do que no in\u00edcio da pandemia. Em mar\u00e7o de 2020, eram pouco mais de 18 mil fam\u00edlias que corriam o risco de perder suas casas.<\/p>\n<p>A peti\u00e7\u00e3o pede a prorroga\u00e7\u00e3o da liminar por pelo menos mais 6 meses, ou at\u00e9 que o m\u00e9rito da a\u00e7\u00e3o seja julgado pelo plen\u00e1rio do STF. O documento tamb\u00e9m sugere que se mantenha a suspens\u00e3o, ao menos, at\u00e9 que o estado de calamidade p\u00fablica decretado por causa da pandemia chegue ao fim.<\/p>\n<p>Mais de 27,6 mil fam\u00edlias foram efetivamente despejadas de suas casas durante a pandemia de Covid-19. O n\u00famero s\u00f3 n\u00e3o foi ainda maior gra\u00e7as \u00e0 liminar do STF.<\/p>\n<p>At\u00e9 agora j\u00e1 foram, pelo menos, 14,6 mil pessoas protegidas diretamente com a\u00e7\u00f5es baseadas na liminar do STF e que puderam permanecer em suas casas. Somando-se a outras iniciativas, como leis municipais e estaduais aprovadas pelo pa\u00eds que impediram a realiza\u00e7\u00e3o de despejos durante a pandemia, j\u00e1 s\u00e3o quase 23 mil fam\u00edlias brasileiras a mais que teriam perdido suas casas.<\/p>\n<p>Assinam a iniciativa: Partido Socialismo e Liberdade (PSOL), Partido dos Trabalhadores (PT), Movimento dos Trabalhadores Sem-Teto (MTST), Movimento dos Trabalhadores Rurais Sem Terra (MST), Rede Nacional de Advogadas e Advogados Populares (RENAP), Centro Popular de Direitos Humanos, N\u00facleo de Assessoria Jur\u00eddica Popular Luiza Mahin (NAJUP\/FND\/UFRJ), Centro de Direitos Econ\u00f4micos e Sociais (CDES), Conselho Estadual dos Direitos Humanos da Para\u00edba (CEDH\/PB), Terra de Direitos, Centro Gaspar Garcia de Direitos Humanos, Transforma Minist\u00e9rio P\u00fablico, Associa\u00e7\u00e3o Brasileira de Juristas pela Democracia, Associa\u00e7\u00e3o das Advogadas e Advogados P\u00fablicos para a Democracia.<\/p>\n","protected":false},"excerpt":{"rendered":"<p>O PSOL, ao lado do PT e de movimentos sociais como o MTST e a Campanha Despejo Zero, apresentou nesta semana uma peti\u00e7\u00e3o ao Supremo Tribunal Federal (STF) para que a liminar concedida pela Corte na ADPF 828, que mant\u00e9m despejos suspensos em todo o Brasil por causa da pandemia de Covid-19, seja prorrogada. A [&hellip;]<\/p>\n","protected":false},"author":2,"featured_media":32307,"comment_status":"open","ping_status":"open","sticky":false,"template":"","format":"standard","meta":{"_acf_changed":false,"footnotes":""},"categories":[1664],"tags":[4825],"class_list":{"0":"post-35375","1":"post","2":"type-post","3":"status-publish","4":"format-standard","5":"has-post-thumbnail","7":"category-acao-do-psol","8":"tag-noticias"},"acf":[],"yoast_head":"<!-- This site is optimized with the Yoast SEO plugin v26.5 - https:\/\/yoast.com\/wordpress\/plugins\/seo\/ -->\n<title>PSOL, movimentos sociais e Campanha Despejo Zero pedem que STF mantenha despejos suspensos no Brasil<\/title>\n<meta name=\"description\" content=\"Peti\u00e7\u00e3o apresentada nesta semana pede manuten\u00e7\u00e3o da suspens\u00e3o dos despejos no Brasil, j\u00e1 que medida cautelar do STF vence no pr\u00f3ximo dia 31.\" \/>\n<meta name=\"robots\" content=\"index, follow, max-snippet:-1, max-image-preview:large, max-video-preview:-1\" \/>\n<link rel=\"canonical\" href=\"https:\/\/psol50.org.br\/psol-movimentos-sociais-e-campanha-despejo-zero-pedem-que-stf-mantenha-despejos-suspensos-no-brasil\/\" \/>\n<meta property=\"og:locale\" content=\"pt_BR\" \/>\n<meta property=\"og:type\" content=\"article\" \/>\n<meta property=\"og:title\" content=\"PSOL, movimentos sociais e Campanha Despejo Zero pedem que STF mantenha despejos suspensos no Brasil\" \/>\n<meta property=\"og:description\" content=\"Peti\u00e7\u00e3o apresentada nesta semana pede manuten\u00e7\u00e3o da suspens\u00e3o dos despejos no Brasil, j\u00e1 que medida cautelar do STF vence no pr\u00f3ximo dia 31.\" \/>\n<meta property=\"og:url\" content=\"https:\/\/psol50.org.br\/psol-movimentos-sociais-e-campanha-despejo-zero-pedem-que-stf-mantenha-despejos-suspensos-no-brasil\/\" \/>\n<meta property=\"og:site_name\" content=\"PSOL 50\" \/>\n<meta property=\"article:publisher\" content=\"https:\/\/www.facebook.com\/psol50\" \/>\n<meta property=\"article:published_time\" content=\"2022-03-17T16:34:21+00:00\" \/>\n<meta property=\"article:modified_time\" content=\"2022-03-31T14:22:01+00:00\" \/>\n<meta property=\"og:image\" content=\"https:\/\/psol50.org.br\/inc\/uploads\/2021\/04\/20210407174854_eynvry1wqaao7el-1-.jpg\" \/>\n\t<meta property=\"og:image:width\" content=\"766\" \/>\n\t<meta property=\"og:image:height\" content=\"514\" \/>\n\t<meta property=\"og:image:type\" content=\"image\/jpeg\" \/>\n<meta name=\"author\" content=\"Comunica\u00e7\u00e3o PSOL\" \/>\n<meta name=\"twitter:card\" content=\"summary_large_image\" \/>\n<meta name=\"twitter:creator\" content=\"@psol50\" \/>\n<meta name=\"twitter:site\" content=\"@psol50\" \/>\n<meta name=\"twitter:label1\" content=\"Escrito por\" \/>\n\t<meta name=\"twitter:data1\" content=\"Comunica\u00e7\u00e3o PSOL\" \/>\n\t<meta name=\"twitter:label2\" content=\"Est. tempo de leitura\" \/>\n\t<meta name=\"twitter:data2\" content=\"2 minutos\" \/>\n<script type=\"application\/ld+json\" class=\"yoast-schema-graph\">{\"@context\":\"https:\/\/schema.org\",\"@graph\":[{\"@type\":\"Article\",\"@id\":\"https:\/\/psol50.org.br\/psol-movimentos-sociais-e-campanha-despejo-zero-pedem-que-stf-mantenha-despejos-suspensos-no-brasil\/#article\",\"isPartOf\":{\"@id\":\"https:\/\/psol50.org.br\/psol-movimentos-sociais-e-campanha-despejo-zero-pedem-que-stf-mantenha-despejos-suspensos-no-brasil\/\"},\"author\":{\"name\":\"Comunica\u00e7\u00e3o PSOL\",\"@id\":\"https:\/\/psol50.org.br\/#\/schema\/person\/475dfa57d0b815993c714c2e96491fcd\"},\"headline\":\"PSOL, movimentos sociais e Campanha Despejo Zero pedem que STF mantenha despejos suspensos no Brasil\",\"datePublished\":\"2022-03-17T16:34:21+00:00\",\"dateModified\":\"2022-03-31T14:22:01+00:00\",\"mainEntityOfPage\":{\"@id\":\"https:\/\/psol50.org.br\/psol-movimentos-sociais-e-campanha-despejo-zero-pedem-que-stf-mantenha-despejos-suspensos-no-brasil\/\"},\"wordCount\":390,\"commentCount\":0,\"publisher\":{\"@id\":\"https:\/\/psol50.org.br\/#organization\"},\"image\":{\"@id\":\"https:\/\/psol50.org.br\/psol-movimentos-sociais-e-campanha-despejo-zero-pedem-que-stf-mantenha-despejos-suspensos-no-brasil\/#primaryimage\"},\"thumbnailUrl\":\"https:\/\/psol50.org.br\/inc\/uploads\/2021\/04\/20210407174854_eynvry1wqaao7el-1-.jpg\",\"keywords\":[\"Not\u00edcias\"],\"articleSection\":[\"A\u00e7\u00e3o do PSOL\"],\"inLanguage\":\"pt-BR\",\"potentialAction\":[{\"@type\":\"CommentAction\",\"name\":\"Comment\",\"target\":[\"https:\/\/psol50.org.br\/psol-movimentos-sociais-e-campanha-despejo-zero-pedem-que-stf-mantenha-despejos-suspensos-no-brasil\/#respond\"]}]},{\"@type\":\"WebPage\",\"@id\":\"https:\/\/psol50.org.br\/psol-movimentos-sociais-e-campanha-despejo-zero-pedem-que-stf-mantenha-despejos-suspensos-no-brasil\/\",\"url\":\"https:\/\/psol50.org.br\/psol-movimentos-sociais-e-campanha-despejo-zero-pedem-que-stf-mantenha-despejos-suspensos-no-brasil\/\",\"name\":\"PSOL, movimentos sociais e Campanha Despejo Zero pedem que STF mantenha despejos suspensos no Brasil\",\"isPartOf\":{\"@id\":\"https:\/\/psol50.org.br\/#website\"},\"primaryImageOfPage\":{\"@id\":\"https:\/\/psol50.org.br\/psol-movimentos-sociais-e-campanha-despejo-zero-pedem-que-stf-mantenha-despejos-suspensos-no-brasil\/#primaryimage\"},\"image\":{\"@id\":\"https:\/\/psol50.org.br\/psol-movimentos-sociais-e-campanha-despejo-zero-pedem-que-stf-mantenha-despejos-suspensos-no-brasil\/#primaryimage\"},\"thumbnailUrl\":\"https:\/\/psol50.org.br\/inc\/uploads\/2021\/04\/20210407174854_eynvry1wqaao7el-1-.jpg\",\"datePublished\":\"2022-03-17T16:34:21+00:00\",\"dateModified\":\"2022-03-31T14:22:01+00:00\",\"description\":\"Peti\u00e7\u00e3o apresentada nesta semana pede manuten\u00e7\u00e3o da suspens\u00e3o dos despejos no Brasil, j\u00e1 que medida cautelar do STF vence no pr\u00f3ximo dia 31.\",\"breadcrumb\":{\"@id\":\"https:\/\/psol50.org.br\/psol-movimentos-sociais-e-campanha-despejo-zero-pedem-que-stf-mantenha-despejos-suspensos-no-brasil\/#breadcrumb\"},\"inLanguage\":\"pt-BR\",\"potentialAction\":[{\"@type\":\"ReadAction\",\"target\":[\"https:\/\/psol50.org.br\/psol-movimentos-sociais-e-campanha-despejo-zero-pedem-que-stf-mantenha-despejos-suspensos-no-brasil\/\"]}]},{\"@type\":\"ImageObject\",\"inLanguage\":\"pt-BR\",\"@id\":\"https:\/\/psol50.org.br\/psol-movimentos-sociais-e-campanha-despejo-zero-pedem-que-stf-mantenha-despejos-suspensos-no-brasil\/#primaryimage\",\"url\":\"https:\/\/psol50.org.br\/inc\/uploads\/2021\/04\/20210407174854_eynvry1wqaao7el-1-.jpg\",\"contentUrl\":\"https:\/\/psol50.org.br\/inc\/uploads\/2021\/04\/20210407174854_eynvry1wqaao7el-1-.jpg\",\"width\":766,\"height\":514},{\"@type\":\"BreadcrumbList\",\"@id\":\"https:\/\/psol50.org.br\/psol-movimentos-sociais-e-campanha-despejo-zero-pedem-que-stf-mantenha-despejos-suspensos-no-brasil\/#breadcrumb\",\"itemListElement\":[{\"@type\":\"ListItem\",\"position\":1,\"name\":\"In\u00edcio\",\"item\":\"https:\/\/psol50.org.br\/\"},{\"@type\":\"ListItem\",\"position\":2,\"name\":\"PSOL, movimentos sociais e Campanha Despejo Zero pedem que STF mantenha despejos suspensos no Brasil\"}]},{\"@type\":\"WebSite\",\"@id\":\"https:\/\/psol50.org.br\/#website\",\"url\":\"https:\/\/psol50.org.br\/\",\"name\":\"PSOL 50\",\"description\":\"Site oficial do Partido Socialismo e Liberdade\",\"publisher\":{\"@id\":\"https:\/\/psol50.org.br\/#organization\"},\"alternateName\":\"PSOL50\",\"potentialAction\":[{\"@type\":\"SearchAction\",\"target\":{\"@type\":\"EntryPoint\",\"urlTemplate\":\"https:\/\/psol50.org.br\/?s={search_term_string}\"},\"query-input\":{\"@type\":\"PropertyValueSpecification\",\"valueRequired\":true,\"valueName\":\"search_term_string\"}}],\"inLanguage\":\"pt-BR\"},{\"@type\":\"Organization\",\"@id\":\"https:\/\/psol50.org.br\/#organization\",\"name\":\"PSOL 50\",\"alternateName\":\"PSOL 50\",\"url\":\"https:\/\/psol50.org.br\/\",\"logo\":{\"@type\":\"ImageObject\",\"inLanguage\":\"pt-BR\",\"@id\":\"https:\/\/psol50.org.br\/#\/schema\/logo\/image\/\",\"url\":\"https:\/\/psol50.org.br\/inc\/uploads\/2018\/07\/capa.png\",\"contentUrl\":\"https:\/\/psol50.org.br\/inc\/uploads\/2018\/07\/capa.png\",\"width\":1350,\"height\":900,\"caption\":\"PSOL 50\"},\"image\":{\"@id\":\"https:\/\/psol50.org.br\/#\/schema\/logo\/image\/\"},\"sameAs\":[\"https:\/\/www.facebook.com\/psol50\",\"https:\/\/x.com\/psol50\",\"https:\/\/www.instagram.com\/psol50\/\",\"https:\/\/www.youtube.com\/channel\/UC7SnJS5o1os7a6CaiNabzcg\"]},{\"@type\":\"Person\",\"@id\":\"https:\/\/psol50.org.br\/#\/schema\/person\/475dfa57d0b815993c714c2e96491fcd\",\"name\":\"Comunica\u00e7\u00e3o PSOL\",\"image\":{\"@type\":\"ImageObject\",\"inLanguage\":\"pt-BR\",\"@id\":\"https:\/\/psol50.org.br\/#\/schema\/person\/image\/\",\"url\":\"https:\/\/secure.gravatar.com\/avatar\/b34fc4f4e468a4e51785917065a3db57b841f5c95dba6ad8c73aaf8f66f8f9bf?s=96&d=mm&r=g\",\"contentUrl\":\"https:\/\/secure.gravatar.com\/avatar\/b34fc4f4e468a4e51785917065a3db57b841f5c95dba6ad8c73aaf8f66f8f9bf?s=96&d=mm&r=g\",\"caption\":\"Comunica\u00e7\u00e3o PSOL\"}}]}<\/script>\n<!-- \/ Yoast SEO plugin. -->","yoast_head_json":{"title":"PSOL, movimentos sociais e Campanha Despejo Zero pedem que STF mantenha despejos suspensos no Brasil","description":"Peti\u00e7\u00e3o apresentada nesta semana pede manuten\u00e7\u00e3o da suspens\u00e3o dos despejos no Brasil, j\u00e1 que medida cautelar do STF vence no pr\u00f3ximo dia 31.","robots":{"index":"index","follow":"follow","max-snippet":"max-snippet:-1","max-image-preview":"max-image-preview:large","max-video-preview":"max-video-preview:-1"},"canonical":"https:\/\/psol50.org.br\/psol-movimentos-sociais-e-campanha-despejo-zero-pedem-que-stf-mantenha-despejos-suspensos-no-brasil\/","og_locale":"pt_BR","og_type":"article","og_title":"PSOL, movimentos sociais e Campanha Despejo Zero pedem que STF mantenha despejos suspensos no Brasil","og_description":"Peti\u00e7\u00e3o apresentada nesta semana pede manuten\u00e7\u00e3o da suspens\u00e3o dos despejos no Brasil, j\u00e1 que medida cautelar do STF vence no pr\u00f3ximo dia 31.","og_url":"https:\/\/psol50.org.br\/psol-movimentos-sociais-e-campanha-despejo-zero-pedem-que-stf-mantenha-despejos-suspensos-no-brasil\/","og_site_name":"PSOL 50","article_publisher":"https:\/\/www.facebook.com\/psol50","article_published_time":"2022-03-17T16:34:21+00:00","article_modified_time":"2022-03-31T14:22:01+00:00","og_image":[{"width":766,"height":514,"url":"https:\/\/psol50.org.br\/inc\/uploads\/2021\/04\/20210407174854_eynvry1wqaao7el-1-.jpg","type":"image\/jpeg"}],"author":"Comunica\u00e7\u00e3o PSOL","twitter_card":"summary_large_image","twitter_creator":"@psol50","twitter_site":"@psol50","twitter_misc":{"Escrito por":"Comunica\u00e7\u00e3o PSOL","Est. tempo de leitura":"2 minutos"},"schema":{"@context":"https:\/\/schema.org","@graph":[{"@type":"Article","@id":"https:\/\/psol50.org.br\/psol-movimentos-sociais-e-campanha-despejo-zero-pedem-que-stf-mantenha-despejos-suspensos-no-brasil\/#article","isPartOf":{"@id":"https:\/\/psol50.org.br\/psol-movimentos-sociais-e-campanha-despejo-zero-pedem-que-stf-mantenha-despejos-suspensos-no-brasil\/"},"author":{"name":"Comunica\u00e7\u00e3o PSOL","@id":"https:\/\/psol50.org.br\/#\/schema\/person\/475dfa57d0b815993c714c2e96491fcd"},"headline":"PSOL, movimentos sociais e Campanha Despejo Zero pedem que STF mantenha despejos suspensos no Brasil","datePublished":"2022-03-17T16:34:21+00:00","dateModified":"2022-03-31T14:22:01+00:00","mainEntityOfPage":{"@id":"https:\/\/psol50.org.br\/psol-movimentos-sociais-e-campanha-despejo-zero-pedem-que-stf-mantenha-despejos-suspensos-no-brasil\/"},"wordCount":390,"commentCount":0,"publisher":{"@id":"https:\/\/psol50.org.br\/#organization"},"image":{"@id":"https:\/\/psol50.org.br\/psol-movimentos-sociais-e-campanha-despejo-zero-pedem-que-stf-mantenha-despejos-suspensos-no-brasil\/#primaryimage"},"thumbnailUrl":"https:\/\/psol50.org.br\/inc\/uploads\/2021\/04\/20210407174854_eynvry1wqaao7el-1-.jpg","keywords":["Not\u00edcias"],"articleSection":["A\u00e7\u00e3o do PSOL"],"inLanguage":"pt-BR","potentialAction":[{"@type":"CommentAction","name":"Comment","target":["https:\/\/psol50.org.br\/psol-movimentos-sociais-e-campanha-despejo-zero-pedem-que-stf-mantenha-despejos-suspensos-no-brasil\/#respond"]}]},{"@type":"WebPage","@id":"https:\/\/psol50.org.br\/psol-movimentos-sociais-e-campanha-despejo-zero-pedem-que-stf-mantenha-despejos-suspensos-no-brasil\/","url":"https:\/\/psol50.org.br\/psol-movimentos-sociais-e-campanha-despejo-zero-pedem-que-stf-mantenha-despejos-suspensos-no-brasil\/","name":"PSOL, movimentos sociais e Campanha Despejo Zero pedem que STF mantenha despejos suspensos no Brasil","isPartOf":{"@id":"https:\/\/psol50.org.br\/#website"},"primaryImageOfPage":{"@id":"https:\/\/psol50.org.br\/psol-movimentos-sociais-e-campanha-despejo-zero-pedem-que-stf-mantenha-despejos-suspensos-no-brasil\/#primaryimage"},"image":{"@id":"https:\/\/psol50.org.br\/psol-movimentos-sociais-e-campanha-despejo-zero-pedem-que-stf-mantenha-despejos-suspensos-no-brasil\/#primaryimage"},"thumbnailUrl":"https:\/\/psol50.org.br\/inc\/uploads\/2021\/04\/20210407174854_eynvry1wqaao7el-1-.jpg","datePublished":"2022-03-17T16:34:21+00:00","dateModified":"2022-03-31T14:22:01+00:00","description":"Peti\u00e7\u00e3o apresentada nesta semana pede manuten\u00e7\u00e3o da suspens\u00e3o dos despejos no Brasil, j\u00e1 que medida cautelar do STF vence no pr\u00f3ximo dia 31.","breadcrumb":{"@id":"https:\/\/psol50.org.br\/psol-movimentos-sociais-e-campanha-despejo-zero-pedem-que-stf-mantenha-despejos-suspensos-no-brasil\/#breadcrumb"},"inLanguage":"pt-BR","potentialAction":[{"@type":"ReadAction","target":["https:\/\/psol50.org.br\/psol-movimentos-sociais-e-campanha-despejo-zero-pedem-que-stf-mantenha-despejos-suspensos-no-brasil\/"]}]},{"@type":"ImageObject","inLanguage":"pt-BR","@id":"https:\/\/psol50.org.br\/psol-movimentos-sociais-e-campanha-despejo-zero-pedem-que-stf-mantenha-despejos-suspensos-no-brasil\/#primaryimage","url":"https:\/\/psol50.org.br\/inc\/uploads\/2021\/04\/20210407174854_eynvry1wqaao7el-1-.jpg","contentUrl":"https:\/\/psol50.org.br\/inc\/uploads\/2021\/04\/20210407174854_eynvry1wqaao7el-1-.jpg","width":766,"height":514},{"@type":"BreadcrumbList","@id":"https:\/\/psol50.org.br\/psol-movimentos-sociais-e-campanha-despejo-zero-pedem-que-stf-mantenha-despejos-suspensos-no-brasil\/#breadcrumb","itemListElement":[{"@type":"ListItem","position":1,"name":"In\u00edcio","item":"https:\/\/psol50.org.br\/"},{"@type":"ListItem","position":2,"name":"PSOL, movimentos sociais e Campanha Despejo Zero pedem que STF mantenha despejos suspensos no Brasil"}]},{"@type":"WebSite","@id":"https:\/\/psol50.org.br\/#website","url":"https:\/\/psol50.org.br\/","name":"PSOL 50","description":"Site oficial do Partido Socialismo e Liberdade","publisher":{"@id":"https:\/\/psol50.org.br\/#organization"},"alternateName":"PSOL50","potentialAction":[{"@type":"SearchAction","target":{"@type":"EntryPoint","urlTemplate":"https:\/\/psol50.org.br\/?s={search_term_string}"},"query-input":{"@type":"PropertyValueSpecification","valueRequired":true,"valueName":"search_term_string"}}],"inLanguage":"pt-BR"},{"@type":"Organization","@id":"https:\/\/psol50.org.br\/#organization","name":"PSOL 50","alternateName":"PSOL 50","url":"https:\/\/psol50.org.br\/","logo":{"@type":"ImageObject","inLanguage":"pt-BR","@id":"https:\/\/psol50.org.br\/#\/schema\/logo\/image\/","url":"https:\/\/psol50.org.br\/inc\/uploads\/2018\/07\/capa.png","contentUrl":"https:\/\/psol50.org.br\/inc\/uploads\/2018\/07\/capa.png","width":1350,"height":900,"caption":"PSOL 50"},"image":{"@id":"https:\/\/psol50.org.br\/#\/schema\/logo\/image\/"},"sameAs":["https:\/\/www.facebook.com\/psol50","https:\/\/x.com\/psol50","https:\/\/www.instagram.com\/psol50\/","https:\/\/www.youtube.com\/channel\/UC7SnJS5o1os7a6CaiNabzcg"]},{"@type":"Person","@id":"https:\/\/psol50.org.br\/#\/schema\/person\/475dfa57d0b815993c714c2e96491fcd","name":"Comunica\u00e7\u00e3o PSOL","image":{"@type":"ImageObject","inLanguage":"pt-BR","@id":"https:\/\/psol50.org.br\/#\/schema\/person\/image\/","url":"https:\/\/secure.gravatar.com\/avatar\/b34fc4f4e468a4e51785917065a3db57b841f5c95dba6ad8c73aaf8f66f8f9bf?s=96&d=mm&r=g","contentUrl":"https:\/\/secure.gravatar.com\/avatar\/b34fc4f4e468a4e51785917065a3db57b841f5c95dba6ad8c73aaf8f66f8f9bf?s=96&d=mm&r=g","caption":"Comunica\u00e7\u00e3o PSOL"}}]}},"_links":{"self":[{"href":"https:\/\/psol50.org.br\/rest\/wp\/v2\/posts\/35375","targetHints":{"allow":["GET"]}}],"collection":[{"href":"https:\/\/psol50.org.br\/rest\/wp\/v2\/posts"}],"about":[{"href":"https:\/\/psol50.org.br\/rest\/wp\/v2\/types\/post"}],"author":[{"embeddable":true,"href":"https:\/\/psol50.org.br\/rest\/wp\/v2\/users\/2"}],"replies":[{"embeddable":true,"href":"https:\/\/psol50.org.br\/rest\/wp\/v2\/comments?post=35375"}],"version-history":[{"count":4,"href":"https:\/\/psol50.org.br\/rest\/wp\/v2\/posts\/35375\/revisions"}],"predecessor-version":[{"id":35392,"href":"https:\/\/psol50.org.br\/rest\/wp\/v2\/posts\/35375\/revisions\/35392"}],"wp:featuredmedia":[{"embeddable":true,"href":"https:\/\/psol50.org.br\/rest\/wp\/v2\/media\/32307"}],"wp:attachment":[{"href":"https:\/\/psol50.org.br\/rest\/wp\/v2\/media?parent=35375"}],"wp:term":[{"taxonomy":"category","embeddable":true,"href":"https:\/\/psol50.org.br\/rest\/wp\/v2\/categories?post=35375"},{"taxonomy":"post_tag","embeddable":true,"href":"https:\/\/psol50.org.br\/rest\/wp\/v2\/tags?post=35375"}],"curies":[{"name":"wp","href":"https:\/\/api.w.org\/{rel}","templated":true}]}}