{"id":35378,"date":"2022-03-17T14:20:32","date_gmt":"2022-03-17T17:20:32","guid":{"rendered":"https:\/\/psol50.org.br\/?p=35378"},"modified":"2022-03-17T15:26:56","modified_gmt":"2022-03-17T18:26:56","slug":"psol-cobra-arthur-lira-para-que-suspensao-do-mandato-de-daniel-silveira-seja-votada-no-plenario-da-camara","status":"publish","type":"post","link":"https:\/\/psol50.org.br\/psol-cobra-arthur-lira-para-que-suspensao-do-mandato-de-daniel-silveira-seja-votada-no-plenario-da-camara\/","title":{"rendered":"PSOL cobra Arthur Lira para que suspens\u00e3o do mandato de Daniel Silveira seja votada no plen\u00e1rio da C\u00e2mara"},"content":{"rendered":"<p>A bancada do PSOL apresenta nesta semana um pedido ao presidente da C\u00e2mara dos Deputados, Arthur Lira, para que a representa\u00e7\u00e3o do Conselho de \u00c9tica que recomenda a suspens\u00e3o do mandato do deputado bolsonarista Daniel Silveira por 6 meses seja votada no plen\u00e1rio da Casa.<\/p>\n<p>Os parlamentares do PSOL argumentam que h\u00e1 flagrante ilegalidade na n\u00e3o-aprecia\u00e7\u00e3o do parecer da Representa\u00e7\u00e3o 01\/2021, j\u00e1 que os processos instaurados pelo Conselho de \u00c9tica n\u00e3o podem exceder o prazo de 60 dias \u00fateis para delibera\u00e7\u00e3o pelo Conselho ou pelo Plen\u00e1rio da C\u00e2mara.<\/p>\n<p>O pedido do PSOL se baseia no artigo 49, V, da Constitui\u00e7\u00e3o Federal com o artigo 95, do Regimento Interno da C\u00e2mara dos Deputados.<\/p>\n<p>O Conselho de \u00c9tica aprovou em julho de 2021 a suspens\u00e3o do mandato de Daniel Silveira por quebra de decoro parlamentar ao amea\u00e7ar integrantes do Supremo Tribunal Federal (STF). Foram 12 votos favor\u00e1veis e 8 contr\u00e1rios. O parecer precisa ser ratificado pelo plen\u00e1rio da C\u00e2mara, mas a representa\u00e7\u00e3o nunca foi colocada em vota\u00e7\u00e3o pelo conjunto dos deputados.<\/p>\n<p>Notificado oficialmente da decis\u00e3o pelo presidente do colegiado, deputado Paulo Azi, a defesa dispensou o recurso \u00e0 Comiss\u00e3o de Constitui\u00e7\u00e3o e Justi\u00e7a e de Cidadania. Seguindo o rito, no dia 30 de agosto de 2021, a Mesa Diretora da C\u00e2mara dos Deputados, em despacho assinado pelo presidente Arthur Lira, submeteu o parecer vencedor do dep. Fernando Rodolfo \u00e0 aprecia\u00e7\u00e3o do Plen\u00e1rio da C\u00e2mara dos Deputados.<\/p>\n<p>No entanto, a Mesa Diretora se mant\u00e9m inerte sobre a aprecia\u00e7\u00e3o do parecer que indica a suspens\u00e3o do deputado Daniel Silveira por seis meses. Do despacho at\u00e9 a data de protocolo desta quest\u00e3o de ordem, se passaram 198 dias corridos \u2013 ou 137 dias \u00fateis. Isso atesta a flagrante ilegalidade da n\u00e3o-aprecia\u00e7\u00e3o do parecer da Representa\u00e7\u00e3o 01\/2021.<\/p>\n<p>\u201c\u00c9 inadmiss\u00edvel que a C\u00e2mara n\u00e3o ofere\u00e7a respostas \u00e0 sociedade com rela\u00e7\u00e3o a cassa\u00e7\u00e3o do deputado Daniel Silveira, r\u00e9u por ofender o Judici\u00e1rio brasileiro e defender o AI-5, reinvindica\u00e7\u00f5es inconstitucionais. Em seu \u00faltimo ato de atrocidade, o parlamentar tripudiou na mem\u00f3ria de Marielle Franco, na semana em que se completam quatro anos de sua morte. Exigimos que a representa\u00e7\u00e3o contra o deputado seja pautada em Plen\u00e1rio\u201d, protesta a l\u00edder da bancada, S\u00e2mia Bomfim.<\/p>\n<h6><strong>Cumplicidade e impunidade<\/strong><\/h6>\n<p>Daniel Silveira foi condenado em tr\u00eas processos no Conselho de \u00c9tica. No primeiro deles, pelo pr\u00f3prio PSL, ele foi condenado a dois meses de suspens\u00e3o. Isso j\u00e1 tem 174 dias que est\u00e1 no plen\u00e1rio a ser votado. Ele tamb\u00e9m recebeu uma censura verbal por queimar os nomes de antifascistas, tamb\u00e9m h\u00e1 153 dias no plen\u00e1rio. Sobre a den\u00fancia da agress\u00e3o que ele patrocinou ao STF, pela qual ele foi preso pelo Supremo e confirmada a sua pris\u00e3o pela pr\u00f3pria C\u00e2mara dos Deputados com mais de 340 votos, ele foi suspenso por seis meses.<\/p>\n<p>\u201cIsso j\u00e1 tem 252 dias e est\u00e1 a 198 dias para ser votado no plen\u00e1rio, mostrando a impunidade com que Daniel Silveira est\u00e1 operando, com a cumplicidade da mesa e do presidente Arthur Lira. Por isso, n\u00f3s vamos exigir que sejam colocados em plen\u00e1rio imediatamente os processos j\u00e1 votados no conselho de \u00e9tica em que ele vai ficar pelo menos oito meses suspenso realmente de todas as atividades da C\u00e2mara\u201d, afirma o deputado Ivan Valente, membro do Conselho de \u00c9tica.<\/p>\n","protected":false},"excerpt":{"rendered":"<p>A bancada do PSOL apresenta nesta semana um pedido ao presidente da C\u00e2mara dos Deputados, Arthur Lira, para que a representa\u00e7\u00e3o do Conselho de \u00c9tica que recomenda a suspens\u00e3o do mandato do deputado bolsonarista Daniel Silveira por 6 meses seja votada no plen\u00e1rio da Casa. Os parlamentares do PSOL argumentam que h\u00e1 flagrante ilegalidade na [&hellip;]<\/p>\n","protected":false},"author":2,"featured_media":35382,"comment_status":"open","ping_status":"open","sticky":false,"template":"","format":"standard","meta":{"_acf_changed":false,"footnotes":""},"categories":[10],"tags":[4825],"class_list":{"0":"post-35378","1":"post","2":"type-post","3":"status-publish","4":"format-standard","5":"has-post-thumbnail","7":"category-acao-parlamentares","8":"tag-noticias"},"acf":[],"yoast_head":"<!-- This site is optimized with the Yoast SEO plugin v26.5 - https:\/\/yoast.com\/wordpress\/plugins\/seo\/ -->\n<title>PSOL cobra Arthur Lira para que suspens\u00e3o do mandato de Daniel Silveira seja votada no plen\u00e1rio da C\u00e2mara<\/title>\n<meta name=\"description\" content=\"Suspens\u00e3o do mandato do bolsonarista foi aprovada em julho de 2021 pelo Conselho de \u00c9tica, mas n\u00e3o foi votada pelo plen\u00e1rio da C\u00e2mara at\u00e9 agora.\" \/>\n<meta name=\"robots\" content=\"index, follow, max-snippet:-1, max-image-preview:large, max-video-preview:-1\" \/>\n<link rel=\"canonical\" href=\"https:\/\/psol50.org.br\/psol-cobra-arthur-lira-para-que-suspensao-do-mandato-de-daniel-silveira-seja-votada-no-plenario-da-camara\/\" \/>\n<meta property=\"og:locale\" content=\"pt_BR\" \/>\n<meta property=\"og:type\" content=\"article\" \/>\n<meta property=\"og:title\" content=\"PSOL cobra Arthur Lira para que suspens\u00e3o do mandato de Daniel Silveira seja votada no plen\u00e1rio da C\u00e2mara\" \/>\n<meta property=\"og:description\" content=\"Suspens\u00e3o do mandato do bolsonarista foi aprovada em julho de 2021 pelo Conselho de \u00c9tica, mas n\u00e3o foi votada pelo plen\u00e1rio da C\u00e2mara at\u00e9 agora.\" \/>\n<meta property=\"og:url\" content=\"https:\/\/psol50.org.br\/psol-cobra-arthur-lira-para-que-suspensao-do-mandato-de-daniel-silveira-seja-votada-no-plenario-da-camara\/\" \/>\n<meta property=\"og:site_name\" content=\"PSOL 50\" \/>\n<meta property=\"article:publisher\" content=\"https:\/\/www.facebook.com\/psol50\" \/>\n<meta property=\"article:published_time\" content=\"2022-03-17T17:20:32+00:00\" \/>\n<meta property=\"article:modified_time\" content=\"2022-03-17T18:26:56+00:00\" \/>\n<meta property=\"og:image\" content=\"https:\/\/psol50.org.br\/inc\/uploads\/2022\/03\/img20190509134326734-scaled.jpg\" \/>\n\t<meta property=\"og:image:width\" content=\"2560\" \/>\n\t<meta property=\"og:image:height\" content=\"1707\" \/>\n\t<meta property=\"og:image:type\" content=\"image\/jpeg\" \/>\n<meta name=\"author\" content=\"Comunica\u00e7\u00e3o PSOL\" \/>\n<meta name=\"twitter:card\" content=\"summary_large_image\" \/>\n<meta name=\"twitter:creator\" content=\"@psol50\" \/>\n<meta name=\"twitter:site\" content=\"@psol50\" \/>\n<meta name=\"twitter:label1\" content=\"Escrito por\" \/>\n\t<meta name=\"twitter:data1\" content=\"Comunica\u00e7\u00e3o PSOL\" \/>\n\t<meta name=\"twitter:label2\" content=\"Est. tempo de leitura\" \/>\n\t<meta name=\"twitter:data2\" content=\"3 minutos\" \/>\n<script type=\"application\/ld+json\" class=\"yoast-schema-graph\">{\"@context\":\"https:\/\/schema.org\",\"@graph\":[{\"@type\":\"Article\",\"@id\":\"https:\/\/psol50.org.br\/psol-cobra-arthur-lira-para-que-suspensao-do-mandato-de-daniel-silveira-seja-votada-no-plenario-da-camara\/#article\",\"isPartOf\":{\"@id\":\"https:\/\/psol50.org.br\/psol-cobra-arthur-lira-para-que-suspensao-do-mandato-de-daniel-silveira-seja-votada-no-plenario-da-camara\/\"},\"author\":{\"name\":\"Comunica\u00e7\u00e3o PSOL\",\"@id\":\"https:\/\/psol50.org.br\/#\/schema\/person\/475dfa57d0b815993c714c2e96491fcd\"},\"headline\":\"PSOL cobra Arthur Lira para que suspens\u00e3o do mandato de Daniel Silveira seja votada no plen\u00e1rio da C\u00e2mara\",\"datePublished\":\"2022-03-17T17:20:32+00:00\",\"dateModified\":\"2022-03-17T18:26:56+00:00\",\"mainEntityOfPage\":{\"@id\":\"https:\/\/psol50.org.br\/psol-cobra-arthur-lira-para-que-suspensao-do-mandato-de-daniel-silveira-seja-votada-no-plenario-da-camara\/\"},\"wordCount\":604,\"commentCount\":0,\"publisher\":{\"@id\":\"https:\/\/psol50.org.br\/#organization\"},\"image\":{\"@id\":\"https:\/\/psol50.org.br\/psol-cobra-arthur-lira-para-que-suspensao-do-mandato-de-daniel-silveira-seja-votada-no-plenario-da-camara\/#primaryimage\"},\"thumbnailUrl\":\"https:\/\/psol50.org.br\/inc\/uploads\/2022\/03\/img20190509134326734-scaled.jpg\",\"keywords\":[\"Not\u00edcias\"],\"articleSection\":[\"A\u00e7\u00e3o Parlamentar\"],\"inLanguage\":\"pt-BR\",\"potentialAction\":[{\"@type\":\"CommentAction\",\"name\":\"Comment\",\"target\":[\"https:\/\/psol50.org.br\/psol-cobra-arthur-lira-para-que-suspensao-do-mandato-de-daniel-silveira-seja-votada-no-plenario-da-camara\/#respond\"]}]},{\"@type\":\"WebPage\",\"@id\":\"https:\/\/psol50.org.br\/psol-cobra-arthur-lira-para-que-suspensao-do-mandato-de-daniel-silveira-seja-votada-no-plenario-da-camara\/\",\"url\":\"https:\/\/psol50.org.br\/psol-cobra-arthur-lira-para-que-suspensao-do-mandato-de-daniel-silveira-seja-votada-no-plenario-da-camara\/\",\"name\":\"PSOL cobra Arthur Lira para que suspens\u00e3o do mandato de Daniel Silveira seja votada no plen\u00e1rio da C\u00e2mara\",\"isPartOf\":{\"@id\":\"https:\/\/psol50.org.br\/#website\"},\"primaryImageOfPage\":{\"@id\":\"https:\/\/psol50.org.br\/psol-cobra-arthur-lira-para-que-suspensao-do-mandato-de-daniel-silveira-seja-votada-no-plenario-da-camara\/#primaryimage\"},\"image\":{\"@id\":\"https:\/\/psol50.org.br\/psol-cobra-arthur-lira-para-que-suspensao-do-mandato-de-daniel-silveira-seja-votada-no-plenario-da-camara\/#primaryimage\"},\"thumbnailUrl\":\"https:\/\/psol50.org.br\/inc\/uploads\/2022\/03\/img20190509134326734-scaled.jpg\",\"datePublished\":\"2022-03-17T17:20:32+00:00\",\"dateModified\":\"2022-03-17T18:26:56+00:00\",\"description\":\"Suspens\u00e3o do mandato do bolsonarista foi aprovada em julho de 2021 pelo Conselho de \u00c9tica, mas n\u00e3o foi votada pelo plen\u00e1rio da C\u00e2mara at\u00e9 agora.\",\"breadcrumb\":{\"@id\":\"https:\/\/psol50.org.br\/psol-cobra-arthur-lira-para-que-suspensao-do-mandato-de-daniel-silveira-seja-votada-no-plenario-da-camara\/#breadcrumb\"},\"inLanguage\":\"pt-BR\",\"potentialAction\":[{\"@type\":\"ReadAction\",\"target\":[\"https:\/\/psol50.org.br\/psol-cobra-arthur-lira-para-que-suspensao-do-mandato-de-daniel-silveira-seja-votada-no-plenario-da-camara\/\"]}]},{\"@type\":\"ImageObject\",\"inLanguage\":\"pt-BR\",\"@id\":\"https:\/\/psol50.org.br\/psol-cobra-arthur-lira-para-que-suspensao-do-mandato-de-daniel-silveira-seja-votada-no-plenario-da-camara\/#primaryimage\",\"url\":\"https:\/\/psol50.org.br\/inc\/uploads\/2022\/03\/img20190509134326734-scaled.jpg\",\"contentUrl\":\"https:\/\/psol50.org.br\/inc\/uploads\/2022\/03\/img20190509134326734-scaled.jpg\",\"width\":2560,\"height\":1707,\"caption\":\"Foto: Michel Jesus\/C\u00e2mara dos Deputados\"},{\"@type\":\"BreadcrumbList\",\"@id\":\"https:\/\/psol50.org.br\/psol-cobra-arthur-lira-para-que-suspensao-do-mandato-de-daniel-silveira-seja-votada-no-plenario-da-camara\/#breadcrumb\",\"itemListElement\":[{\"@type\":\"ListItem\",\"position\":1,\"name\":\"In\u00edcio\",\"item\":\"https:\/\/psol50.org.br\/\"},{\"@type\":\"ListItem\",\"position\":2,\"name\":\"PSOL cobra Arthur Lira para que suspens\u00e3o do mandato de Daniel Silveira seja votada no plen\u00e1rio da C\u00e2mara\"}]},{\"@type\":\"WebSite\",\"@id\":\"https:\/\/psol50.org.br\/#website\",\"url\":\"https:\/\/psol50.org.br\/\",\"name\":\"PSOL 50\",\"description\":\"Site oficial do Partido Socialismo e Liberdade\",\"publisher\":{\"@id\":\"https:\/\/psol50.org.br\/#organization\"},\"alternateName\":\"PSOL50\",\"potentialAction\":[{\"@type\":\"SearchAction\",\"target\":{\"@type\":\"EntryPoint\",\"urlTemplate\":\"https:\/\/psol50.org.br\/?s={search_term_string}\"},\"query-input\":{\"@type\":\"PropertyValueSpecification\",\"valueRequired\":true,\"valueName\":\"search_term_string\"}}],\"inLanguage\":\"pt-BR\"},{\"@type\":\"Organization\",\"@id\":\"https:\/\/psol50.org.br\/#organization\",\"name\":\"PSOL 50\",\"alternateName\":\"PSOL 50\",\"url\":\"https:\/\/psol50.org.br\/\",\"logo\":{\"@type\":\"ImageObject\",\"inLanguage\":\"pt-BR\",\"@id\":\"https:\/\/psol50.org.br\/#\/schema\/logo\/image\/\",\"url\":\"https:\/\/psol50.org.br\/inc\/uploads\/2018\/07\/capa.png\",\"contentUrl\":\"https:\/\/psol50.org.br\/inc\/uploads\/2018\/07\/capa.png\",\"width\":1350,\"height\":900,\"caption\":\"PSOL 50\"},\"image\":{\"@id\":\"https:\/\/psol50.org.br\/#\/schema\/logo\/image\/\"},\"sameAs\":[\"https:\/\/www.facebook.com\/psol50\",\"https:\/\/x.com\/psol50\",\"https:\/\/www.instagram.com\/psol50\/\",\"https:\/\/www.youtube.com\/channel\/UC7SnJS5o1os7a6CaiNabzcg\"]},{\"@type\":\"Person\",\"@id\":\"https:\/\/psol50.org.br\/#\/schema\/person\/475dfa57d0b815993c714c2e96491fcd\",\"name\":\"Comunica\u00e7\u00e3o PSOL\",\"image\":{\"@type\":\"ImageObject\",\"inLanguage\":\"pt-BR\",\"@id\":\"https:\/\/psol50.org.br\/#\/schema\/person\/image\/\",\"url\":\"https:\/\/secure.gravatar.com\/avatar\/b34fc4f4e468a4e51785917065a3db57b841f5c95dba6ad8c73aaf8f66f8f9bf?s=96&d=mm&r=g\",\"contentUrl\":\"https:\/\/secure.gravatar.com\/avatar\/b34fc4f4e468a4e51785917065a3db57b841f5c95dba6ad8c73aaf8f66f8f9bf?s=96&d=mm&r=g\",\"caption\":\"Comunica\u00e7\u00e3o PSOL\"}}]}<\/script>\n<!-- \/ Yoast SEO plugin. -->","yoast_head_json":{"title":"PSOL cobra Arthur Lira para que suspens\u00e3o do mandato de Daniel Silveira seja votada no plen\u00e1rio da C\u00e2mara","description":"Suspens\u00e3o do mandato do bolsonarista foi aprovada em julho de 2021 pelo Conselho de \u00c9tica, mas n\u00e3o foi votada pelo plen\u00e1rio da C\u00e2mara at\u00e9 agora.","robots":{"index":"index","follow":"follow","max-snippet":"max-snippet:-1","max-image-preview":"max-image-preview:large","max-video-preview":"max-video-preview:-1"},"canonical":"https:\/\/psol50.org.br\/psol-cobra-arthur-lira-para-que-suspensao-do-mandato-de-daniel-silveira-seja-votada-no-plenario-da-camara\/","og_locale":"pt_BR","og_type":"article","og_title":"PSOL cobra Arthur Lira para que suspens\u00e3o do mandato de Daniel Silveira seja votada no plen\u00e1rio da C\u00e2mara","og_description":"Suspens\u00e3o do mandato do bolsonarista foi aprovada em julho de 2021 pelo Conselho de \u00c9tica, mas n\u00e3o foi votada pelo plen\u00e1rio da C\u00e2mara at\u00e9 agora.","og_url":"https:\/\/psol50.org.br\/psol-cobra-arthur-lira-para-que-suspensao-do-mandato-de-daniel-silveira-seja-votada-no-plenario-da-camara\/","og_site_name":"PSOL 50","article_publisher":"https:\/\/www.facebook.com\/psol50","article_published_time":"2022-03-17T17:20:32+00:00","article_modified_time":"2022-03-17T18:26:56+00:00","og_image":[{"width":2560,"height":1707,"url":"https:\/\/psol50.org.br\/inc\/uploads\/2022\/03\/img20190509134326734-scaled.jpg","type":"image\/jpeg"}],"author":"Comunica\u00e7\u00e3o PSOL","twitter_card":"summary_large_image","twitter_creator":"@psol50","twitter_site":"@psol50","twitter_misc":{"Escrito por":"Comunica\u00e7\u00e3o PSOL","Est. tempo de leitura":"3 minutos"},"schema":{"@context":"https:\/\/schema.org","@graph":[{"@type":"Article","@id":"https:\/\/psol50.org.br\/psol-cobra-arthur-lira-para-que-suspensao-do-mandato-de-daniel-silveira-seja-votada-no-plenario-da-camara\/#article","isPartOf":{"@id":"https:\/\/psol50.org.br\/psol-cobra-arthur-lira-para-que-suspensao-do-mandato-de-daniel-silveira-seja-votada-no-plenario-da-camara\/"},"author":{"name":"Comunica\u00e7\u00e3o PSOL","@id":"https:\/\/psol50.org.br\/#\/schema\/person\/475dfa57d0b815993c714c2e96491fcd"},"headline":"PSOL cobra Arthur Lira para que suspens\u00e3o do mandato de Daniel Silveira seja votada no plen\u00e1rio da C\u00e2mara","datePublished":"2022-03-17T17:20:32+00:00","dateModified":"2022-03-17T18:26:56+00:00","mainEntityOfPage":{"@id":"https:\/\/psol50.org.br\/psol-cobra-arthur-lira-para-que-suspensao-do-mandato-de-daniel-silveira-seja-votada-no-plenario-da-camara\/"},"wordCount":604,"commentCount":0,"publisher":{"@id":"https:\/\/psol50.org.br\/#organization"},"image":{"@id":"https:\/\/psol50.org.br\/psol-cobra-arthur-lira-para-que-suspensao-do-mandato-de-daniel-silveira-seja-votada-no-plenario-da-camara\/#primaryimage"},"thumbnailUrl":"https:\/\/psol50.org.br\/inc\/uploads\/2022\/03\/img20190509134326734-scaled.jpg","keywords":["Not\u00edcias"],"articleSection":["A\u00e7\u00e3o Parlamentar"],"inLanguage":"pt-BR","potentialAction":[{"@type":"CommentAction","name":"Comment","target":["https:\/\/psol50.org.br\/psol-cobra-arthur-lira-para-que-suspensao-do-mandato-de-daniel-silveira-seja-votada-no-plenario-da-camara\/#respond"]}]},{"@type":"WebPage","@id":"https:\/\/psol50.org.br\/psol-cobra-arthur-lira-para-que-suspensao-do-mandato-de-daniel-silveira-seja-votada-no-plenario-da-camara\/","url":"https:\/\/psol50.org.br\/psol-cobra-arthur-lira-para-que-suspensao-do-mandato-de-daniel-silveira-seja-votada-no-plenario-da-camara\/","name":"PSOL cobra Arthur Lira para que suspens\u00e3o do mandato de Daniel Silveira seja votada no plen\u00e1rio da C\u00e2mara","isPartOf":{"@id":"https:\/\/psol50.org.br\/#website"},"primaryImageOfPage":{"@id":"https:\/\/psol50.org.br\/psol-cobra-arthur-lira-para-que-suspensao-do-mandato-de-daniel-silveira-seja-votada-no-plenario-da-camara\/#primaryimage"},"image":{"@id":"https:\/\/psol50.org.br\/psol-cobra-arthur-lira-para-que-suspensao-do-mandato-de-daniel-silveira-seja-votada-no-plenario-da-camara\/#primaryimage"},"thumbnailUrl":"https:\/\/psol50.org.br\/inc\/uploads\/2022\/03\/img20190509134326734-scaled.jpg","datePublished":"2022-03-17T17:20:32+00:00","dateModified":"2022-03-17T18:26:56+00:00","description":"Suspens\u00e3o do mandato do bolsonarista foi aprovada em julho de 2021 pelo Conselho de \u00c9tica, mas n\u00e3o foi votada pelo plen\u00e1rio da C\u00e2mara at\u00e9 agora.","breadcrumb":{"@id":"https:\/\/psol50.org.br\/psol-cobra-arthur-lira-para-que-suspensao-do-mandato-de-daniel-silveira-seja-votada-no-plenario-da-camara\/#breadcrumb"},"inLanguage":"pt-BR","potentialAction":[{"@type":"ReadAction","target":["https:\/\/psol50.org.br\/psol-cobra-arthur-lira-para-que-suspensao-do-mandato-de-daniel-silveira-seja-votada-no-plenario-da-camara\/"]}]},{"@type":"ImageObject","inLanguage":"pt-BR","@id":"https:\/\/psol50.org.br\/psol-cobra-arthur-lira-para-que-suspensao-do-mandato-de-daniel-silveira-seja-votada-no-plenario-da-camara\/#primaryimage","url":"https:\/\/psol50.org.br\/inc\/uploads\/2022\/03\/img20190509134326734-scaled.jpg","contentUrl":"https:\/\/psol50.org.br\/inc\/uploads\/2022\/03\/img20190509134326734-scaled.jpg","width":2560,"height":1707,"caption":"Foto: Michel Jesus\/C\u00e2mara dos Deputados"},{"@type":"BreadcrumbList","@id":"https:\/\/psol50.org.br\/psol-cobra-arthur-lira-para-que-suspensao-do-mandato-de-daniel-silveira-seja-votada-no-plenario-da-camara\/#breadcrumb","itemListElement":[{"@type":"ListItem","position":1,"name":"In\u00edcio","item":"https:\/\/psol50.org.br\/"},{"@type":"ListItem","position":2,"name":"PSOL cobra Arthur Lira para que suspens\u00e3o do mandato de Daniel Silveira seja votada no plen\u00e1rio da C\u00e2mara"}]},{"@type":"WebSite","@id":"https:\/\/psol50.org.br\/#website","url":"https:\/\/psol50.org.br\/","name":"PSOL 50","description":"Site oficial do Partido Socialismo e Liberdade","publisher":{"@id":"https:\/\/psol50.org.br\/#organization"},"alternateName":"PSOL50","potentialAction":[{"@type":"SearchAction","target":{"@type":"EntryPoint","urlTemplate":"https:\/\/psol50.org.br\/?s={search_term_string}"},"query-input":{"@type":"PropertyValueSpecification","valueRequired":true,"valueName":"search_term_string"}}],"inLanguage":"pt-BR"},{"@type":"Organization","@id":"https:\/\/psol50.org.br\/#organization","name":"PSOL 50","alternateName":"PSOL 50","url":"https:\/\/psol50.org.br\/","logo":{"@type":"ImageObject","inLanguage":"pt-BR","@id":"https:\/\/psol50.org.br\/#\/schema\/logo\/image\/","url":"https:\/\/psol50.org.br\/inc\/uploads\/2018\/07\/capa.png","contentUrl":"https:\/\/psol50.org.br\/inc\/uploads\/2018\/07\/capa.png","width":1350,"height":900,"caption":"PSOL 50"},"image":{"@id":"https:\/\/psol50.org.br\/#\/schema\/logo\/image\/"},"sameAs":["https:\/\/www.facebook.com\/psol50","https:\/\/x.com\/psol50","https:\/\/www.instagram.com\/psol50\/","https:\/\/www.youtube.com\/channel\/UC7SnJS5o1os7a6CaiNabzcg"]},{"@type":"Person","@id":"https:\/\/psol50.org.br\/#\/schema\/person\/475dfa57d0b815993c714c2e96491fcd","name":"Comunica\u00e7\u00e3o PSOL","image":{"@type":"ImageObject","inLanguage":"pt-BR","@id":"https:\/\/psol50.org.br\/#\/schema\/person\/image\/","url":"https:\/\/secure.gravatar.com\/avatar\/b34fc4f4e468a4e51785917065a3db57b841f5c95dba6ad8c73aaf8f66f8f9bf?s=96&d=mm&r=g","contentUrl":"https:\/\/secure.gravatar.com\/avatar\/b34fc4f4e468a4e51785917065a3db57b841f5c95dba6ad8c73aaf8f66f8f9bf?s=96&d=mm&r=g","caption":"Comunica\u00e7\u00e3o PSOL"}}]}},"_links":{"self":[{"href":"https:\/\/psol50.org.br\/rest\/wp\/v2\/posts\/35378","targetHints":{"allow":["GET"]}}],"collection":[{"href":"https:\/\/psol50.org.br\/rest\/wp\/v2\/posts"}],"about":[{"href":"https:\/\/psol50.org.br\/rest\/wp\/v2\/types\/post"}],"author":[{"embeddable":true,"href":"https:\/\/psol50.org.br\/rest\/wp\/v2\/users\/2"}],"replies":[{"embeddable":true,"href":"https:\/\/psol50.org.br\/rest\/wp\/v2\/comments?post=35378"}],"version-history":[{"count":3,"href":"https:\/\/psol50.org.br\/rest\/wp\/v2\/posts\/35378\/revisions"}],"predecessor-version":[{"id":35381,"href":"https:\/\/psol50.org.br\/rest\/wp\/v2\/posts\/35378\/revisions\/35381"}],"wp:featuredmedia":[{"embeddable":true,"href":"https:\/\/psol50.org.br\/rest\/wp\/v2\/media\/35382"}],"wp:attachment":[{"href":"https:\/\/psol50.org.br\/rest\/wp\/v2\/media?parent=35378"}],"wp:term":[{"taxonomy":"category","embeddable":true,"href":"https:\/\/psol50.org.br\/rest\/wp\/v2\/categories?post=35378"},{"taxonomy":"post_tag","embeddable":true,"href":"https:\/\/psol50.org.br\/rest\/wp\/v2\/tags?post=35378"}],"curies":[{"name":"wp","href":"https:\/\/api.w.org\/{rel}","templated":true}]}}