{"id":35465,"date":"2022-03-25T16:22:28","date_gmt":"2022-03-25T19:22:28","guid":{"rendered":"https:\/\/psol50.org.br\/?p=35465"},"modified":"2022-03-25T17:14:47","modified_gmt":"2022-03-25T20:14:47","slug":"secretaria-de-relacoes-internacionais-do-psol-faz-debate-no-dia-30-em-sp-sobre-luta-internacionalista-nos-parlamentos-e-nas-ruas","status":"publish","type":"post","link":"https:\/\/psol50.org.br\/secretaria-de-relacoes-internacionais-do-psol-faz-debate-no-dia-30-em-sp-sobre-luta-internacionalista-nos-parlamentos-e-nas-ruas\/","title":{"rendered":"PSOL faz debate no dia 30 em SP sobre luta internacionalista nos parlamentos e nas ruas"},"content":{"rendered":"<p>A Secretaria de Rela\u00e7\u00f5es Internacionais do PSOL organiza na pr\u00f3xima quarta-feira (30) um debate na cidade de S\u00e3o Paulo sobre a luta internacionalista nos parlamentos e nas ruas, com a participa\u00e7\u00e3o internacional do espanhol Miguel Urb\u00e1n, membro do Parlamento Europeu (The Left) e militante do Anticapitalistas.<\/p>\n<p>Tamb\u00e9m participam do debate Juliano Medeiros, presidente nacional do PSOL, Luana Alves, vereadora do partido em S\u00e3o Paulo, Luciana Ara\u00fajo, militante do Movimento Negro Unificado (MNU), da Marcha das Mulheres Negras e coordenadora do N\u00facleo de Consci\u00eancia Negra da USP, Silvia Ferraro e Nat\u00e1lia Chaves, covereadoras da Bancada Feminista do PSOL em SP.<\/p>\n<p>O evento acontece a partir das 19h, na Casa Carolina Maria de Jesus (R. Francisco Est\u00e1cio Fortes, 60).<\/p>\n","protected":false},"excerpt":{"rendered":"<p>A Secretaria de Rela\u00e7\u00f5es Internacionais do PSOL organiza na pr\u00f3xima quarta-feira (30) um debate na cidade de S\u00e3o Paulo sobre a luta internacionalista nos parlamentos e nas ruas, com a participa\u00e7\u00e3o internacional do espanhol Miguel Urb\u00e1n, membro do Parlamento Europeu (The Left) e militante do Anticapitalistas. Tamb\u00e9m participam do debate Juliano Medeiros, presidente nacional do [&hellip;]<\/p>\n","protected":false},"author":2,"featured_media":33896,"comment_status":"open","ping_status":"open","sticky":false,"template":"","format":"standard","meta":{"_acf_changed":false,"footnotes":""},"categories":[14],"tags":[4825],"class_list":{"0":"post-35465","1":"post","2":"type-post","3":"status-publish","4":"format-standard","5":"has-post-thumbnail","7":"category-partido","8":"tag-noticias"},"acf":[],"yoast_head":"<!-- This site is optimized with the Yoast SEO plugin v26.5 - https:\/\/yoast.com\/wordpress\/plugins\/seo\/ -->\n<title>PSOL faz debate no dia 30 em SP sobre luta internacionalista nos parlamentos e nas ruas<\/title>\n<meta name=\"description\" content=\"Evento ter\u00e1 a participa\u00e7\u00e3o internacional do espanhol Miguel Urb\u00e1n, membro do Parlamento Europeu (The Left) e militante do Anticapitalistas.\" \/>\n<meta name=\"robots\" content=\"index, follow, max-snippet:-1, max-image-preview:large, max-video-preview:-1\" \/>\n<link rel=\"canonical\" href=\"https:\/\/psol50.org.br\/secretaria-de-relacoes-internacionais-do-psol-faz-debate-no-dia-30-em-sp-sobre-luta-internacionalista-nos-parlamentos-e-nas-ruas\/\" \/>\n<meta property=\"og:locale\" content=\"pt_BR\" \/>\n<meta property=\"og:type\" content=\"article\" \/>\n<meta property=\"og:title\" content=\"PSOL faz debate no dia 30 em SP sobre luta internacionalista nos parlamentos e nas ruas\" \/>\n<meta property=\"og:description\" content=\"Evento ter\u00e1 a participa\u00e7\u00e3o internacional do espanhol Miguel Urb\u00e1n, membro do Parlamento Europeu (The Left) e militante do Anticapitalistas.\" \/>\n<meta property=\"og:url\" content=\"https:\/\/psol50.org.br\/secretaria-de-relacoes-internacionais-do-psol-faz-debate-no-dia-30-em-sp-sobre-luta-internacionalista-nos-parlamentos-e-nas-ruas\/\" \/>\n<meta property=\"og:site_name\" content=\"PSOL 50\" \/>\n<meta property=\"article:publisher\" content=\"https:\/\/www.facebook.com\/psol50\" \/>\n<meta property=\"article:published_time\" content=\"2022-03-25T19:22:28+00:00\" \/>\n<meta property=\"article:modified_time\" content=\"2022-03-25T20:14:47+00:00\" \/>\n<meta property=\"og:image\" content=\"https:\/\/psol50.org.br\/inc\/uploads\/2021\/07\/10-02-2021_PSOLThumbs-01.jpg\" \/>\n\t<meta property=\"og:image:width\" content=\"1350\" \/>\n\t<meta property=\"og:image:height\" content=\"901\" \/>\n\t<meta property=\"og:image:type\" content=\"image\/jpeg\" \/>\n<meta name=\"author\" content=\"Comunica\u00e7\u00e3o PSOL\" \/>\n<meta name=\"twitter:card\" content=\"summary_large_image\" \/>\n<meta name=\"twitter:creator\" content=\"@psol50\" \/>\n<meta name=\"twitter:site\" content=\"@psol50\" \/>\n<meta name=\"twitter:label1\" content=\"Escrito por\" \/>\n\t<meta name=\"twitter:data1\" content=\"Comunica\u00e7\u00e3o PSOL\" \/>\n\t<meta name=\"twitter:label2\" content=\"Est. tempo de leitura\" \/>\n\t<meta name=\"twitter:data2\" content=\"1 minuto\" \/>\n<script type=\"application\/ld+json\" class=\"yoast-schema-graph\">{\"@context\":\"https:\/\/schema.org\",\"@graph\":[{\"@type\":\"Article\",\"@id\":\"https:\/\/psol50.org.br\/secretaria-de-relacoes-internacionais-do-psol-faz-debate-no-dia-30-em-sp-sobre-luta-internacionalista-nos-parlamentos-e-nas-ruas\/#article\",\"isPartOf\":{\"@id\":\"https:\/\/psol50.org.br\/secretaria-de-relacoes-internacionais-do-psol-faz-debate-no-dia-30-em-sp-sobre-luta-internacionalista-nos-parlamentos-e-nas-ruas\/\"},\"author\":{\"name\":\"Comunica\u00e7\u00e3o PSOL\",\"@id\":\"https:\/\/psol50.org.br\/#\/schema\/person\/475dfa57d0b815993c714c2e96491fcd\"},\"headline\":\"PSOL faz debate no dia 30 em SP sobre luta internacionalista nos parlamentos e nas ruas\",\"datePublished\":\"2022-03-25T19:22:28+00:00\",\"dateModified\":\"2022-03-25T20:14:47+00:00\",\"mainEntityOfPage\":{\"@id\":\"https:\/\/psol50.org.br\/secretaria-de-relacoes-internacionais-do-psol-faz-debate-no-dia-30-em-sp-sobre-luta-internacionalista-nos-parlamentos-e-nas-ruas\/\"},\"wordCount\":142,\"commentCount\":0,\"publisher\":{\"@id\":\"https:\/\/psol50.org.br\/#organization\"},\"image\":{\"@id\":\"https:\/\/psol50.org.br\/secretaria-de-relacoes-internacionais-do-psol-faz-debate-no-dia-30-em-sp-sobre-luta-internacionalista-nos-parlamentos-e-nas-ruas\/#primaryimage\"},\"thumbnailUrl\":\"https:\/\/psol50.org.br\/inc\/uploads\/2021\/07\/10-02-2021_PSOLThumbs-01.jpg\",\"keywords\":[\"Not\u00edcias\"],\"articleSection\":[\"Partido\"],\"inLanguage\":\"pt-BR\",\"potentialAction\":[{\"@type\":\"CommentAction\",\"name\":\"Comment\",\"target\":[\"https:\/\/psol50.org.br\/secretaria-de-relacoes-internacionais-do-psol-faz-debate-no-dia-30-em-sp-sobre-luta-internacionalista-nos-parlamentos-e-nas-ruas\/#respond\"]}]},{\"@type\":\"WebPage\",\"@id\":\"https:\/\/psol50.org.br\/secretaria-de-relacoes-internacionais-do-psol-faz-debate-no-dia-30-em-sp-sobre-luta-internacionalista-nos-parlamentos-e-nas-ruas\/\",\"url\":\"https:\/\/psol50.org.br\/secretaria-de-relacoes-internacionais-do-psol-faz-debate-no-dia-30-em-sp-sobre-luta-internacionalista-nos-parlamentos-e-nas-ruas\/\",\"name\":\"PSOL faz debate no dia 30 em SP sobre luta internacionalista nos parlamentos e nas ruas\",\"isPartOf\":{\"@id\":\"https:\/\/psol50.org.br\/#website\"},\"primaryImageOfPage\":{\"@id\":\"https:\/\/psol50.org.br\/secretaria-de-relacoes-internacionais-do-psol-faz-debate-no-dia-30-em-sp-sobre-luta-internacionalista-nos-parlamentos-e-nas-ruas\/#primaryimage\"},\"image\":{\"@id\":\"https:\/\/psol50.org.br\/secretaria-de-relacoes-internacionais-do-psol-faz-debate-no-dia-30-em-sp-sobre-luta-internacionalista-nos-parlamentos-e-nas-ruas\/#primaryimage\"},\"thumbnailUrl\":\"https:\/\/psol50.org.br\/inc\/uploads\/2021\/07\/10-02-2021_PSOLThumbs-01.jpg\",\"datePublished\":\"2022-03-25T19:22:28+00:00\",\"dateModified\":\"2022-03-25T20:14:47+00:00\",\"description\":\"Evento ter\u00e1 a participa\u00e7\u00e3o internacional do espanhol Miguel Urb\u00e1n, membro do Parlamento Europeu (The Left) e militante do Anticapitalistas.\",\"breadcrumb\":{\"@id\":\"https:\/\/psol50.org.br\/secretaria-de-relacoes-internacionais-do-psol-faz-debate-no-dia-30-em-sp-sobre-luta-internacionalista-nos-parlamentos-e-nas-ruas\/#breadcrumb\"},\"inLanguage\":\"pt-BR\",\"potentialAction\":[{\"@type\":\"ReadAction\",\"target\":[\"https:\/\/psol50.org.br\/secretaria-de-relacoes-internacionais-do-psol-faz-debate-no-dia-30-em-sp-sobre-luta-internacionalista-nos-parlamentos-e-nas-ruas\/\"]}]},{\"@type\":\"ImageObject\",\"inLanguage\":\"pt-BR\",\"@id\":\"https:\/\/psol50.org.br\/secretaria-de-relacoes-internacionais-do-psol-faz-debate-no-dia-30-em-sp-sobre-luta-internacionalista-nos-parlamentos-e-nas-ruas\/#primaryimage\",\"url\":\"https:\/\/psol50.org.br\/inc\/uploads\/2021\/07\/10-02-2021_PSOLThumbs-01.jpg\",\"contentUrl\":\"https:\/\/psol50.org.br\/inc\/uploads\/2021\/07\/10-02-2021_PSOLThumbs-01.jpg\",\"width\":1350,\"height\":901},{\"@type\":\"BreadcrumbList\",\"@id\":\"https:\/\/psol50.org.br\/secretaria-de-relacoes-internacionais-do-psol-faz-debate-no-dia-30-em-sp-sobre-luta-internacionalista-nos-parlamentos-e-nas-ruas\/#breadcrumb\",\"itemListElement\":[{\"@type\":\"ListItem\",\"position\":1,\"name\":\"In\u00edcio\",\"item\":\"https:\/\/psol50.org.br\/\"},{\"@type\":\"ListItem\",\"position\":2,\"name\":\"PSOL faz debate no dia 30 em SP sobre luta internacionalista nos parlamentos e nas ruas\"}]},{\"@type\":\"WebSite\",\"@id\":\"https:\/\/psol50.org.br\/#website\",\"url\":\"https:\/\/psol50.org.br\/\",\"name\":\"PSOL 50\",\"description\":\"Site oficial do Partido Socialismo e Liberdade\",\"publisher\":{\"@id\":\"https:\/\/psol50.org.br\/#organization\"},\"alternateName\":\"PSOL50\",\"potentialAction\":[{\"@type\":\"SearchAction\",\"target\":{\"@type\":\"EntryPoint\",\"urlTemplate\":\"https:\/\/psol50.org.br\/?s={search_term_string}\"},\"query-input\":{\"@type\":\"PropertyValueSpecification\",\"valueRequired\":true,\"valueName\":\"search_term_string\"}}],\"inLanguage\":\"pt-BR\"},{\"@type\":\"Organization\",\"@id\":\"https:\/\/psol50.org.br\/#organization\",\"name\":\"PSOL 50\",\"alternateName\":\"PSOL 50\",\"url\":\"https:\/\/psol50.org.br\/\",\"logo\":{\"@type\":\"ImageObject\",\"inLanguage\":\"pt-BR\",\"@id\":\"https:\/\/psol50.org.br\/#\/schema\/logo\/image\/\",\"url\":\"https:\/\/psol50.org.br\/inc\/uploads\/2018\/07\/capa.png\",\"contentUrl\":\"https:\/\/psol50.org.br\/inc\/uploads\/2018\/07\/capa.png\",\"width\":1350,\"height\":900,\"caption\":\"PSOL 50\"},\"image\":{\"@id\":\"https:\/\/psol50.org.br\/#\/schema\/logo\/image\/\"},\"sameAs\":[\"https:\/\/www.facebook.com\/psol50\",\"https:\/\/x.com\/psol50\",\"https:\/\/www.instagram.com\/psol50\/\",\"https:\/\/www.youtube.com\/channel\/UC7SnJS5o1os7a6CaiNabzcg\"]},{\"@type\":\"Person\",\"@id\":\"https:\/\/psol50.org.br\/#\/schema\/person\/475dfa57d0b815993c714c2e96491fcd\",\"name\":\"Comunica\u00e7\u00e3o PSOL\",\"image\":{\"@type\":\"ImageObject\",\"inLanguage\":\"pt-BR\",\"@id\":\"https:\/\/psol50.org.br\/#\/schema\/person\/image\/\",\"url\":\"https:\/\/secure.gravatar.com\/avatar\/b34fc4f4e468a4e51785917065a3db57b841f5c95dba6ad8c73aaf8f66f8f9bf?s=96&d=mm&r=g\",\"contentUrl\":\"https:\/\/secure.gravatar.com\/avatar\/b34fc4f4e468a4e51785917065a3db57b841f5c95dba6ad8c73aaf8f66f8f9bf?s=96&d=mm&r=g\",\"caption\":\"Comunica\u00e7\u00e3o PSOL\"}}]}<\/script>\n<!-- \/ Yoast SEO plugin. -->","yoast_head_json":{"title":"PSOL faz debate no dia 30 em SP sobre luta internacionalista nos parlamentos e nas ruas","description":"Evento ter\u00e1 a participa\u00e7\u00e3o internacional do espanhol Miguel Urb\u00e1n, membro do Parlamento Europeu (The Left) e militante do Anticapitalistas.","robots":{"index":"index","follow":"follow","max-snippet":"max-snippet:-1","max-image-preview":"max-image-preview:large","max-video-preview":"max-video-preview:-1"},"canonical":"https:\/\/psol50.org.br\/secretaria-de-relacoes-internacionais-do-psol-faz-debate-no-dia-30-em-sp-sobre-luta-internacionalista-nos-parlamentos-e-nas-ruas\/","og_locale":"pt_BR","og_type":"article","og_title":"PSOL faz debate no dia 30 em SP sobre luta internacionalista nos parlamentos e nas ruas","og_description":"Evento ter\u00e1 a participa\u00e7\u00e3o internacional do espanhol Miguel Urb\u00e1n, membro do Parlamento Europeu (The Left) e militante do Anticapitalistas.","og_url":"https:\/\/psol50.org.br\/secretaria-de-relacoes-internacionais-do-psol-faz-debate-no-dia-30-em-sp-sobre-luta-internacionalista-nos-parlamentos-e-nas-ruas\/","og_site_name":"PSOL 50","article_publisher":"https:\/\/www.facebook.com\/psol50","article_published_time":"2022-03-25T19:22:28+00:00","article_modified_time":"2022-03-25T20:14:47+00:00","og_image":[{"width":1350,"height":901,"url":"https:\/\/psol50.org.br\/inc\/uploads\/2021\/07\/10-02-2021_PSOLThumbs-01.jpg","type":"image\/jpeg"}],"author":"Comunica\u00e7\u00e3o PSOL","twitter_card":"summary_large_image","twitter_creator":"@psol50","twitter_site":"@psol50","twitter_misc":{"Escrito por":"Comunica\u00e7\u00e3o PSOL","Est. tempo de leitura":"1 minuto"},"schema":{"@context":"https:\/\/schema.org","@graph":[{"@type":"Article","@id":"https:\/\/psol50.org.br\/secretaria-de-relacoes-internacionais-do-psol-faz-debate-no-dia-30-em-sp-sobre-luta-internacionalista-nos-parlamentos-e-nas-ruas\/#article","isPartOf":{"@id":"https:\/\/psol50.org.br\/secretaria-de-relacoes-internacionais-do-psol-faz-debate-no-dia-30-em-sp-sobre-luta-internacionalista-nos-parlamentos-e-nas-ruas\/"},"author":{"name":"Comunica\u00e7\u00e3o PSOL","@id":"https:\/\/psol50.org.br\/#\/schema\/person\/475dfa57d0b815993c714c2e96491fcd"},"headline":"PSOL faz debate no dia 30 em SP sobre luta internacionalista nos parlamentos e nas ruas","datePublished":"2022-03-25T19:22:28+00:00","dateModified":"2022-03-25T20:14:47+00:00","mainEntityOfPage":{"@id":"https:\/\/psol50.org.br\/secretaria-de-relacoes-internacionais-do-psol-faz-debate-no-dia-30-em-sp-sobre-luta-internacionalista-nos-parlamentos-e-nas-ruas\/"},"wordCount":142,"commentCount":0,"publisher":{"@id":"https:\/\/psol50.org.br\/#organization"},"image":{"@id":"https:\/\/psol50.org.br\/secretaria-de-relacoes-internacionais-do-psol-faz-debate-no-dia-30-em-sp-sobre-luta-internacionalista-nos-parlamentos-e-nas-ruas\/#primaryimage"},"thumbnailUrl":"https:\/\/psol50.org.br\/inc\/uploads\/2021\/07\/10-02-2021_PSOLThumbs-01.jpg","keywords":["Not\u00edcias"],"articleSection":["Partido"],"inLanguage":"pt-BR","potentialAction":[{"@type":"CommentAction","name":"Comment","target":["https:\/\/psol50.org.br\/secretaria-de-relacoes-internacionais-do-psol-faz-debate-no-dia-30-em-sp-sobre-luta-internacionalista-nos-parlamentos-e-nas-ruas\/#respond"]}]},{"@type":"WebPage","@id":"https:\/\/psol50.org.br\/secretaria-de-relacoes-internacionais-do-psol-faz-debate-no-dia-30-em-sp-sobre-luta-internacionalista-nos-parlamentos-e-nas-ruas\/","url":"https:\/\/psol50.org.br\/secretaria-de-relacoes-internacionais-do-psol-faz-debate-no-dia-30-em-sp-sobre-luta-internacionalista-nos-parlamentos-e-nas-ruas\/","name":"PSOL faz debate no dia 30 em SP sobre luta internacionalista nos parlamentos e nas ruas","isPartOf":{"@id":"https:\/\/psol50.org.br\/#website"},"primaryImageOfPage":{"@id":"https:\/\/psol50.org.br\/secretaria-de-relacoes-internacionais-do-psol-faz-debate-no-dia-30-em-sp-sobre-luta-internacionalista-nos-parlamentos-e-nas-ruas\/#primaryimage"},"image":{"@id":"https:\/\/psol50.org.br\/secretaria-de-relacoes-internacionais-do-psol-faz-debate-no-dia-30-em-sp-sobre-luta-internacionalista-nos-parlamentos-e-nas-ruas\/#primaryimage"},"thumbnailUrl":"https:\/\/psol50.org.br\/inc\/uploads\/2021\/07\/10-02-2021_PSOLThumbs-01.jpg","datePublished":"2022-03-25T19:22:28+00:00","dateModified":"2022-03-25T20:14:47+00:00","description":"Evento ter\u00e1 a participa\u00e7\u00e3o internacional do espanhol Miguel Urb\u00e1n, membro do Parlamento Europeu (The Left) e militante do Anticapitalistas.","breadcrumb":{"@id":"https:\/\/psol50.org.br\/secretaria-de-relacoes-internacionais-do-psol-faz-debate-no-dia-30-em-sp-sobre-luta-internacionalista-nos-parlamentos-e-nas-ruas\/#breadcrumb"},"inLanguage":"pt-BR","potentialAction":[{"@type":"ReadAction","target":["https:\/\/psol50.org.br\/secretaria-de-relacoes-internacionais-do-psol-faz-debate-no-dia-30-em-sp-sobre-luta-internacionalista-nos-parlamentos-e-nas-ruas\/"]}]},{"@type":"ImageObject","inLanguage":"pt-BR","@id":"https:\/\/psol50.org.br\/secretaria-de-relacoes-internacionais-do-psol-faz-debate-no-dia-30-em-sp-sobre-luta-internacionalista-nos-parlamentos-e-nas-ruas\/#primaryimage","url":"https:\/\/psol50.org.br\/inc\/uploads\/2021\/07\/10-02-2021_PSOLThumbs-01.jpg","contentUrl":"https:\/\/psol50.org.br\/inc\/uploads\/2021\/07\/10-02-2021_PSOLThumbs-01.jpg","width":1350,"height":901},{"@type":"BreadcrumbList","@id":"https:\/\/psol50.org.br\/secretaria-de-relacoes-internacionais-do-psol-faz-debate-no-dia-30-em-sp-sobre-luta-internacionalista-nos-parlamentos-e-nas-ruas\/#breadcrumb","itemListElement":[{"@type":"ListItem","position":1,"name":"In\u00edcio","item":"https:\/\/psol50.org.br\/"},{"@type":"ListItem","position":2,"name":"PSOL faz debate no dia 30 em SP sobre luta internacionalista nos parlamentos e nas ruas"}]},{"@type":"WebSite","@id":"https:\/\/psol50.org.br\/#website","url":"https:\/\/psol50.org.br\/","name":"PSOL 50","description":"Site oficial do Partido Socialismo e Liberdade","publisher":{"@id":"https:\/\/psol50.org.br\/#organization"},"alternateName":"PSOL50","potentialAction":[{"@type":"SearchAction","target":{"@type":"EntryPoint","urlTemplate":"https:\/\/psol50.org.br\/?s={search_term_string}"},"query-input":{"@type":"PropertyValueSpecification","valueRequired":true,"valueName":"search_term_string"}}],"inLanguage":"pt-BR"},{"@type":"Organization","@id":"https:\/\/psol50.org.br\/#organization","name":"PSOL 50","alternateName":"PSOL 50","url":"https:\/\/psol50.org.br\/","logo":{"@type":"ImageObject","inLanguage":"pt-BR","@id":"https:\/\/psol50.org.br\/#\/schema\/logo\/image\/","url":"https:\/\/psol50.org.br\/inc\/uploads\/2018\/07\/capa.png","contentUrl":"https:\/\/psol50.org.br\/inc\/uploads\/2018\/07\/capa.png","width":1350,"height":900,"caption":"PSOL 50"},"image":{"@id":"https:\/\/psol50.org.br\/#\/schema\/logo\/image\/"},"sameAs":["https:\/\/www.facebook.com\/psol50","https:\/\/x.com\/psol50","https:\/\/www.instagram.com\/psol50\/","https:\/\/www.youtube.com\/channel\/UC7SnJS5o1os7a6CaiNabzcg"]},{"@type":"Person","@id":"https:\/\/psol50.org.br\/#\/schema\/person\/475dfa57d0b815993c714c2e96491fcd","name":"Comunica\u00e7\u00e3o PSOL","image":{"@type":"ImageObject","inLanguage":"pt-BR","@id":"https:\/\/psol50.org.br\/#\/schema\/person\/image\/","url":"https:\/\/secure.gravatar.com\/avatar\/b34fc4f4e468a4e51785917065a3db57b841f5c95dba6ad8c73aaf8f66f8f9bf?s=96&d=mm&r=g","contentUrl":"https:\/\/secure.gravatar.com\/avatar\/b34fc4f4e468a4e51785917065a3db57b841f5c95dba6ad8c73aaf8f66f8f9bf?s=96&d=mm&r=g","caption":"Comunica\u00e7\u00e3o PSOL"}}]}},"_links":{"self":[{"href":"https:\/\/psol50.org.br\/rest\/wp\/v2\/posts\/35465","targetHints":{"allow":["GET"]}}],"collection":[{"href":"https:\/\/psol50.org.br\/rest\/wp\/v2\/posts"}],"about":[{"href":"https:\/\/psol50.org.br\/rest\/wp\/v2\/types\/post"}],"author":[{"embeddable":true,"href":"https:\/\/psol50.org.br\/rest\/wp\/v2\/users\/2"}],"replies":[{"embeddable":true,"href":"https:\/\/psol50.org.br\/rest\/wp\/v2\/comments?post=35465"}],"version-history":[{"count":3,"href":"https:\/\/psol50.org.br\/rest\/wp\/v2\/posts\/35465\/revisions"}],"predecessor-version":[{"id":35468,"href":"https:\/\/psol50.org.br\/rest\/wp\/v2\/posts\/35465\/revisions\/35468"}],"wp:featuredmedia":[{"embeddable":true,"href":"https:\/\/psol50.org.br\/rest\/wp\/v2\/media\/33896"}],"wp:attachment":[{"href":"https:\/\/psol50.org.br\/rest\/wp\/v2\/media?parent=35465"}],"wp:term":[{"taxonomy":"category","embeddable":true,"href":"https:\/\/psol50.org.br\/rest\/wp\/v2\/categories?post=35465"},{"taxonomy":"post_tag","embeddable":true,"href":"https:\/\/psol50.org.br\/rest\/wp\/v2\/tags?post=35465"}],"curies":[{"name":"wp","href":"https:\/\/api.w.org\/{rel}","templated":true}]}}