{"id":35485,"date":"2022-03-29T16:20:36","date_gmt":"2022-03-29T19:20:36","guid":{"rendered":"https:\/\/psol50.org.br\/?p=35485"},"modified":"2022-03-29T16:20:36","modified_gmt":"2022-03-29T19:20:36","slug":"agu-manifesta-se-a-favor-de-acao-do-psol-contra-lei-que-facilita-porte-de-armas-em-rondonia","status":"publish","type":"post","link":"https:\/\/psol50.org.br\/agu-manifesta-se-a-favor-de-acao-do-psol-contra-lei-que-facilita-porte-de-armas-em-rondonia\/","title":{"rendered":"AGU manifesta-se a favor de a\u00e7\u00e3o do PSOL contra lei que facilita porte de armas em Rond\u00f4nia"},"content":{"rendered":"<p>A Advocacia Geral da Uni\u00e3o (AGU) manifestou-se pela proced\u00eancia do pedido do PSOL na A\u00e7\u00e3o Direta de Inconstitucionalidade (ADI 7072) contra a Lei n.\u00b0 5.297 do Estado de Rond\u00f4nia, que reconhece automaticamente a necessidade do porte de armas de fogo para atiradores desportivos (colecionadores, atiradores e ca\u00e7adores &#8211; CAC) em raz\u00e3o do risco da atividade. A a\u00e7\u00e3o foi apresentada pelo partido no dia 2 de fevereiro deste ano.<\/p>\n<p>Na pr\u00e1tica, a lei de Rond\u00f4nia permite que o atirador desportivo solicite o porte de sua arma registrada na Pol\u00edcia Federal apenas anexando o seu Certificado de Registro (CR) comprovando que \u00e9 um CAC, ao inv\u00e9s de argumentar e comprovar a necessidade, como exige o Estatuto do Desarmamento (Lei 10.826\/2003).<\/p>\n<p>Segundo a ADI, a lei de Rond\u00f4nia \u00e9 inconstitucional porque cria regras n\u00e3o previstas no Estatuto &#8211; como o porte de armas de fogo para a categoria CAC &#8211; e legisla sobre tema penal, autoriza\u00e7\u00e3o, fiscaliza\u00e7\u00e3o e produ\u00e7\u00e3o de material b\u00e9lico, o que somente o Congresso Nacional tem compet\u00eancia para fazer.<\/p>\n<p>A ADI 7072 foi distribu\u00edda ao Ministro Nunes Marques, que solicitou informa\u00e7\u00f5es \u00e0 Assembleia Legislativa e ao Governador do Estado de Rond\u00f4nia. Tamb\u00e9m determinou a oitiva do Advogado-Geral da Uni\u00e3o e do Procurador-Geral da Rep\u00fablica. O Governador do Estado de Rond\u00f4nia limitou-se a relatar as etapas do processo legislativo que levou \u00e0\u00a0 promulga\u00e7\u00e3o da Lei estadual n\u00ba 5.797\/2022. J\u00e1 a Assembleia Legislativa deixou de apresentar suas informa\u00e7\u00f5es dentro do prazo legal.<\/p>\n<p>De acordo com a manifesta\u00e7\u00e3o da AGU, \u201cn\u00e3o h\u00e1 autoriza\u00e7\u00e3o constitucional para que os entes estaduais disponham sobre o tema\u201d. Afirma ainda que \u201cpor versar sobre material b\u00e9lico, mat\u00e9ria que \u00e9 reservada \u00e0 compet\u00eancia legislativa da Uni\u00e3o e cuja disciplina interessa uniformemente a toda a Federa\u00e7\u00e3o brasileira, e, tamb\u00e9m, por restringir a compet\u00eancia da Pol\u00edcia Federal (&#8230;), a lei estadual impugnada vulnera as regras (&#8230;) da Constitui\u00e7\u00e3o\u201d.<\/p>\n<h6><strong>Mais armas, mais mortes, mais crimes<\/strong><\/h6>\n<p>A a\u00e7\u00e3o do PSOL destaca que desde o in\u00edcio do governo Bolsonaro j\u00e1 foram editadas mais de 30 normas do Executivo Federal dispondo sobre armas e muni\u00e7\u00f5es, todas com a inten\u00e7\u00e3o de facilitar o acesso, a posse e o porte, favorecendo a circula\u00e7\u00e3o irrestrita, sem controle e impune de alta quantidade armas e de muni\u00e7\u00f5es n\u00e3o rastre\u00e1veis. Tais medidas t\u00eam incentivado v\u00e1rios estados a seguirem no mesmo passo, como Goi\u00e1s (PL 5566\/2020); Alagoas; Mato Grosso do Sul (PL 417\/2021); Rio Grande do Sul (PL 286\/2020); Santa Catarina; Tocantins; S\u00e3o Paulo (PL 418\/2021); Para\u00edba (PL 3536\/2022); e Distrito Federal.<\/p>\n<p>Na tentativa de frear as iniciativas nacionais e estaduais, todas igualmente inconstitucionais, partidos pol\u00edticos, entidades e especialistas j\u00e1 levaram ao Supremo Tribunal Federal as ADIs 6.119 e 6.134 e ADPFs 581 e 586.<\/p>\n<p>O Atlas da Viol\u00eancia 2021 revela que houve um crescimento m\u00e9dio no pa\u00eds de 35,2% no n\u00famero de mortes violentas por causas indeterminadas entre 2018 e 2019. Exatamente o estado de Rond\u00f4nia e do Acre, que devem ser impactados mais diretamente pela lei 5.297, est\u00e3o entre os tr\u00eas estados que registraram os maiores aumentos, 178% e 185%\u00a0 respectivamente.<\/p>\n<p>Em novembro de 2015 Rond\u00f4nia tinha 18 portes de arma ativos para defesa pessoal. Em dezembro de 2018 eram 131 e, em novembro de 2021, eram 263 portes ativos. Um aumento, em 5 anos, de quase 15 vezes. J\u00e1 a 12\u00aa Regi\u00e3o Militar, que engloba Rond\u00f4nia, Roraima, Acre e Amazonas, tinha 4.700 pessoas com registro de CAC em junho de 2020. Apenas um ano e meio depois, em novembro de 2021, eram 12.470 pessoas desse p\u00fablico, que imediatamente pode se beneficiar da flexibiliza\u00e7\u00e3o da lei estadual.<\/p>\n<p>Al\u00e9m disso, as armas registradas no SINARM (Sistema Nacional de Armas da Pol\u00edcia Federal) em Rond\u00f4nia tamb\u00e9m tiveram um forte aumento nos \u00faltimos tr\u00eas anos. Em dezembro de 2018 eram 7.870. Em novembro de 2021 o estado chegou a 23.255 armas registradas por pessoas f\u00edsicas, sendo que n\u00e3o \u00e9 poss\u00edvel saber quantas dessas armas s\u00e3o de CAC.<\/p>\n<p>Conforme argumenta a ADI 7072, levando-se em conta o n\u00famero de armas que cada CAC pode adquirir (60 para atiradores, 30 para ca\u00e7adores e 10 para colecionadores), \u00e9 prov\u00e1vel que, com a facilita\u00e7\u00e3o do porte, o n\u00famero de armas sofra ainda um maior aumento. Do mesmo modo, \u00e9 poss\u00edvel que o n\u00famero de CAC no estado e na 12\u00aa Regi\u00e3o Militar tamb\u00e9m aumente.<\/p>\n","protected":false},"excerpt":{"rendered":"<p>A Advocacia Geral da Uni\u00e3o (AGU) manifestou-se pela proced\u00eancia do pedido do PSOL na A\u00e7\u00e3o Direta de Inconstitucionalidade (ADI 7072) contra a Lei n.\u00b0 5.297 do Estado de Rond\u00f4nia, que reconhece automaticamente a necessidade do porte de armas de fogo para atiradores desportivos (colecionadores, atiradores e ca\u00e7adores &#8211; CAC) em raz\u00e3o do risco da atividade. [&hellip;]<\/p>\n","protected":false},"author":2,"featured_media":35097,"comment_status":"open","ping_status":"open","sticky":false,"template":"","format":"standard","meta":{"_acf_changed":false,"footnotes":""},"categories":[1664],"tags":[4825],"class_list":{"0":"post-35485","1":"post","2":"type-post","3":"status-publish","4":"format-standard","5":"has-post-thumbnail","7":"category-acao-do-psol","8":"tag-noticias"},"acf":[],"yoast_head":"<!-- This site is optimized with the Yoast SEO plugin v26.5 - https:\/\/yoast.com\/wordpress\/plugins\/seo\/ -->\n<title>AGU manifesta-se a favor de a\u00e7\u00e3o do PSOL contra lei que facilita porte de armas em Rond\u00f4nia<\/title>\n<meta name=\"description\" content=\"Advocacia Geral da Uni\u00e3o (AGU) afirma que lei estadual, aprovada em 12 de janeiro, viola a Constitui\u00e7\u00e3o Federal.\" \/>\n<meta name=\"robots\" content=\"index, follow, max-snippet:-1, max-image-preview:large, max-video-preview:-1\" \/>\n<link rel=\"canonical\" href=\"https:\/\/psol50.org.br\/agu-manifesta-se-a-favor-de-acao-do-psol-contra-lei-que-facilita-porte-de-armas-em-rondonia\/\" \/>\n<meta property=\"og:locale\" content=\"pt_BR\" \/>\n<meta property=\"og:type\" content=\"article\" \/>\n<meta property=\"og:title\" content=\"AGU manifesta-se a favor de a\u00e7\u00e3o do PSOL contra lei que facilita porte de armas em Rond\u00f4nia\" \/>\n<meta property=\"og:description\" content=\"Advocacia Geral da Uni\u00e3o (AGU) afirma que lei estadual, aprovada em 12 de janeiro, viola a Constitui\u00e7\u00e3o Federal.\" \/>\n<meta property=\"og:url\" content=\"https:\/\/psol50.org.br\/agu-manifesta-se-a-favor-de-acao-do-psol-contra-lei-que-facilita-porte-de-armas-em-rondonia\/\" \/>\n<meta property=\"og:site_name\" content=\"PSOL 50\" \/>\n<meta property=\"article:publisher\" content=\"https:\/\/www.facebook.com\/psol50\" \/>\n<meta property=\"article:published_time\" content=\"2022-03-29T19:20:36+00:00\" \/>\n<meta property=\"og:image\" content=\"https:\/\/psol50.org.br\/inc\/uploads\/2022\/02\/size_960_16_9_armas1.jpg\" \/>\n\t<meta property=\"og:image:width\" content=\"960\" \/>\n\t<meta property=\"og:image:height\" content=\"640\" \/>\n\t<meta property=\"og:image:type\" content=\"image\/jpeg\" \/>\n<meta name=\"author\" content=\"Comunica\u00e7\u00e3o PSOL\" \/>\n<meta name=\"twitter:card\" content=\"summary_large_image\" \/>\n<meta name=\"twitter:creator\" content=\"@psol50\" \/>\n<meta name=\"twitter:site\" content=\"@psol50\" \/>\n<meta name=\"twitter:label1\" content=\"Escrito por\" \/>\n\t<meta name=\"twitter:data1\" content=\"Comunica\u00e7\u00e3o PSOL\" \/>\n\t<meta name=\"twitter:label2\" content=\"Est. tempo de leitura\" \/>\n\t<meta name=\"twitter:data2\" content=\"4 minutos\" \/>\n<script type=\"application\/ld+json\" class=\"yoast-schema-graph\">{\"@context\":\"https:\/\/schema.org\",\"@graph\":[{\"@type\":\"Article\",\"@id\":\"https:\/\/psol50.org.br\/agu-manifesta-se-a-favor-de-acao-do-psol-contra-lei-que-facilita-porte-de-armas-em-rondonia\/#article\",\"isPartOf\":{\"@id\":\"https:\/\/psol50.org.br\/agu-manifesta-se-a-favor-de-acao-do-psol-contra-lei-que-facilita-porte-de-armas-em-rondonia\/\"},\"author\":{\"name\":\"Comunica\u00e7\u00e3o PSOL\",\"@id\":\"https:\/\/psol50.org.br\/#\/schema\/person\/475dfa57d0b815993c714c2e96491fcd\"},\"headline\":\"AGU manifesta-se a favor de a\u00e7\u00e3o do PSOL contra lei que facilita porte de armas em Rond\u00f4nia\",\"datePublished\":\"2022-03-29T19:20:36+00:00\",\"mainEntityOfPage\":{\"@id\":\"https:\/\/psol50.org.br\/agu-manifesta-se-a-favor-de-acao-do-psol-contra-lei-que-facilita-porte-de-armas-em-rondonia\/\"},\"wordCount\":754,\"commentCount\":0,\"publisher\":{\"@id\":\"https:\/\/psol50.org.br\/#organization\"},\"image\":{\"@id\":\"https:\/\/psol50.org.br\/agu-manifesta-se-a-favor-de-acao-do-psol-contra-lei-que-facilita-porte-de-armas-em-rondonia\/#primaryimage\"},\"thumbnailUrl\":\"https:\/\/psol50.org.br\/inc\/uploads\/2022\/02\/size_960_16_9_armas1.jpg\",\"keywords\":[\"Not\u00edcias\"],\"articleSection\":[\"A\u00e7\u00e3o do PSOL\"],\"inLanguage\":\"pt-BR\",\"potentialAction\":[{\"@type\":\"CommentAction\",\"name\":\"Comment\",\"target\":[\"https:\/\/psol50.org.br\/agu-manifesta-se-a-favor-de-acao-do-psol-contra-lei-que-facilita-porte-de-armas-em-rondonia\/#respond\"]}]},{\"@type\":\"WebPage\",\"@id\":\"https:\/\/psol50.org.br\/agu-manifesta-se-a-favor-de-acao-do-psol-contra-lei-que-facilita-porte-de-armas-em-rondonia\/\",\"url\":\"https:\/\/psol50.org.br\/agu-manifesta-se-a-favor-de-acao-do-psol-contra-lei-que-facilita-porte-de-armas-em-rondonia\/\",\"name\":\"AGU manifesta-se a favor de a\u00e7\u00e3o do PSOL contra lei que facilita porte de armas em Rond\u00f4nia\",\"isPartOf\":{\"@id\":\"https:\/\/psol50.org.br\/#website\"},\"primaryImageOfPage\":{\"@id\":\"https:\/\/psol50.org.br\/agu-manifesta-se-a-favor-de-acao-do-psol-contra-lei-que-facilita-porte-de-armas-em-rondonia\/#primaryimage\"},\"image\":{\"@id\":\"https:\/\/psol50.org.br\/agu-manifesta-se-a-favor-de-acao-do-psol-contra-lei-que-facilita-porte-de-armas-em-rondonia\/#primaryimage\"},\"thumbnailUrl\":\"https:\/\/psol50.org.br\/inc\/uploads\/2022\/02\/size_960_16_9_armas1.jpg\",\"datePublished\":\"2022-03-29T19:20:36+00:00\",\"description\":\"Advocacia Geral da Uni\u00e3o (AGU) afirma que lei estadual, aprovada em 12 de janeiro, viola a Constitui\u00e7\u00e3o Federal.\",\"breadcrumb\":{\"@id\":\"https:\/\/psol50.org.br\/agu-manifesta-se-a-favor-de-acao-do-psol-contra-lei-que-facilita-porte-de-armas-em-rondonia\/#breadcrumb\"},\"inLanguage\":\"pt-BR\",\"potentialAction\":[{\"@type\":\"ReadAction\",\"target\":[\"https:\/\/psol50.org.br\/agu-manifesta-se-a-favor-de-acao-do-psol-contra-lei-que-facilita-porte-de-armas-em-rondonia\/\"]}]},{\"@type\":\"ImageObject\",\"inLanguage\":\"pt-BR\",\"@id\":\"https:\/\/psol50.org.br\/agu-manifesta-se-a-favor-de-acao-do-psol-contra-lei-que-facilita-porte-de-armas-em-rondonia\/#primaryimage\",\"url\":\"https:\/\/psol50.org.br\/inc\/uploads\/2022\/02\/size_960_16_9_armas1.jpg\",\"contentUrl\":\"https:\/\/psol50.org.br\/inc\/uploads\/2022\/02\/size_960_16_9_armas1.jpg\",\"width\":960,\"height\":640},{\"@type\":\"BreadcrumbList\",\"@id\":\"https:\/\/psol50.org.br\/agu-manifesta-se-a-favor-de-acao-do-psol-contra-lei-que-facilita-porte-de-armas-em-rondonia\/#breadcrumb\",\"itemListElement\":[{\"@type\":\"ListItem\",\"position\":1,\"name\":\"In\u00edcio\",\"item\":\"https:\/\/psol50.org.br\/\"},{\"@type\":\"ListItem\",\"position\":2,\"name\":\"AGU manifesta-se a favor de a\u00e7\u00e3o do PSOL contra lei que facilita porte de armas em Rond\u00f4nia\"}]},{\"@type\":\"WebSite\",\"@id\":\"https:\/\/psol50.org.br\/#website\",\"url\":\"https:\/\/psol50.org.br\/\",\"name\":\"PSOL 50\",\"description\":\"Site oficial do Partido Socialismo e Liberdade\",\"publisher\":{\"@id\":\"https:\/\/psol50.org.br\/#organization\"},\"alternateName\":\"PSOL50\",\"potentialAction\":[{\"@type\":\"SearchAction\",\"target\":{\"@type\":\"EntryPoint\",\"urlTemplate\":\"https:\/\/psol50.org.br\/?s={search_term_string}\"},\"query-input\":{\"@type\":\"PropertyValueSpecification\",\"valueRequired\":true,\"valueName\":\"search_term_string\"}}],\"inLanguage\":\"pt-BR\"},{\"@type\":\"Organization\",\"@id\":\"https:\/\/psol50.org.br\/#organization\",\"name\":\"PSOL 50\",\"alternateName\":\"PSOL 50\",\"url\":\"https:\/\/psol50.org.br\/\",\"logo\":{\"@type\":\"ImageObject\",\"inLanguage\":\"pt-BR\",\"@id\":\"https:\/\/psol50.org.br\/#\/schema\/logo\/image\/\",\"url\":\"https:\/\/psol50.org.br\/inc\/uploads\/2018\/07\/capa.png\",\"contentUrl\":\"https:\/\/psol50.org.br\/inc\/uploads\/2018\/07\/capa.png\",\"width\":1350,\"height\":900,\"caption\":\"PSOL 50\"},\"image\":{\"@id\":\"https:\/\/psol50.org.br\/#\/schema\/logo\/image\/\"},\"sameAs\":[\"https:\/\/www.facebook.com\/psol50\",\"https:\/\/x.com\/psol50\",\"https:\/\/www.instagram.com\/psol50\/\",\"https:\/\/www.youtube.com\/channel\/UC7SnJS5o1os7a6CaiNabzcg\"]},{\"@type\":\"Person\",\"@id\":\"https:\/\/psol50.org.br\/#\/schema\/person\/475dfa57d0b815993c714c2e96491fcd\",\"name\":\"Comunica\u00e7\u00e3o PSOL\",\"image\":{\"@type\":\"ImageObject\",\"inLanguage\":\"pt-BR\",\"@id\":\"https:\/\/psol50.org.br\/#\/schema\/person\/image\/\",\"url\":\"https:\/\/secure.gravatar.com\/avatar\/b34fc4f4e468a4e51785917065a3db57b841f5c95dba6ad8c73aaf8f66f8f9bf?s=96&d=mm&r=g\",\"contentUrl\":\"https:\/\/secure.gravatar.com\/avatar\/b34fc4f4e468a4e51785917065a3db57b841f5c95dba6ad8c73aaf8f66f8f9bf?s=96&d=mm&r=g\",\"caption\":\"Comunica\u00e7\u00e3o PSOL\"}}]}<\/script>\n<!-- \/ Yoast SEO plugin. -->","yoast_head_json":{"title":"AGU manifesta-se a favor de a\u00e7\u00e3o do PSOL contra lei que facilita porte de armas em Rond\u00f4nia","description":"Advocacia Geral da Uni\u00e3o (AGU) afirma que lei estadual, aprovada em 12 de janeiro, viola a Constitui\u00e7\u00e3o Federal.","robots":{"index":"index","follow":"follow","max-snippet":"max-snippet:-1","max-image-preview":"max-image-preview:large","max-video-preview":"max-video-preview:-1"},"canonical":"https:\/\/psol50.org.br\/agu-manifesta-se-a-favor-de-acao-do-psol-contra-lei-que-facilita-porte-de-armas-em-rondonia\/","og_locale":"pt_BR","og_type":"article","og_title":"AGU manifesta-se a favor de a\u00e7\u00e3o do PSOL contra lei que facilita porte de armas em Rond\u00f4nia","og_description":"Advocacia Geral da Uni\u00e3o (AGU) afirma que lei estadual, aprovada em 12 de janeiro, viola a Constitui\u00e7\u00e3o Federal.","og_url":"https:\/\/psol50.org.br\/agu-manifesta-se-a-favor-de-acao-do-psol-contra-lei-que-facilita-porte-de-armas-em-rondonia\/","og_site_name":"PSOL 50","article_publisher":"https:\/\/www.facebook.com\/psol50","article_published_time":"2022-03-29T19:20:36+00:00","og_image":[{"width":960,"height":640,"url":"https:\/\/psol50.org.br\/inc\/uploads\/2022\/02\/size_960_16_9_armas1.jpg","type":"image\/jpeg"}],"author":"Comunica\u00e7\u00e3o PSOL","twitter_card":"summary_large_image","twitter_creator":"@psol50","twitter_site":"@psol50","twitter_misc":{"Escrito por":"Comunica\u00e7\u00e3o PSOL","Est. tempo de leitura":"4 minutos"},"schema":{"@context":"https:\/\/schema.org","@graph":[{"@type":"Article","@id":"https:\/\/psol50.org.br\/agu-manifesta-se-a-favor-de-acao-do-psol-contra-lei-que-facilita-porte-de-armas-em-rondonia\/#article","isPartOf":{"@id":"https:\/\/psol50.org.br\/agu-manifesta-se-a-favor-de-acao-do-psol-contra-lei-que-facilita-porte-de-armas-em-rondonia\/"},"author":{"name":"Comunica\u00e7\u00e3o PSOL","@id":"https:\/\/psol50.org.br\/#\/schema\/person\/475dfa57d0b815993c714c2e96491fcd"},"headline":"AGU manifesta-se a favor de a\u00e7\u00e3o do PSOL contra lei que facilita porte de armas em Rond\u00f4nia","datePublished":"2022-03-29T19:20:36+00:00","mainEntityOfPage":{"@id":"https:\/\/psol50.org.br\/agu-manifesta-se-a-favor-de-acao-do-psol-contra-lei-que-facilita-porte-de-armas-em-rondonia\/"},"wordCount":754,"commentCount":0,"publisher":{"@id":"https:\/\/psol50.org.br\/#organization"},"image":{"@id":"https:\/\/psol50.org.br\/agu-manifesta-se-a-favor-de-acao-do-psol-contra-lei-que-facilita-porte-de-armas-em-rondonia\/#primaryimage"},"thumbnailUrl":"https:\/\/psol50.org.br\/inc\/uploads\/2022\/02\/size_960_16_9_armas1.jpg","keywords":["Not\u00edcias"],"articleSection":["A\u00e7\u00e3o do PSOL"],"inLanguage":"pt-BR","potentialAction":[{"@type":"CommentAction","name":"Comment","target":["https:\/\/psol50.org.br\/agu-manifesta-se-a-favor-de-acao-do-psol-contra-lei-que-facilita-porte-de-armas-em-rondonia\/#respond"]}]},{"@type":"WebPage","@id":"https:\/\/psol50.org.br\/agu-manifesta-se-a-favor-de-acao-do-psol-contra-lei-que-facilita-porte-de-armas-em-rondonia\/","url":"https:\/\/psol50.org.br\/agu-manifesta-se-a-favor-de-acao-do-psol-contra-lei-que-facilita-porte-de-armas-em-rondonia\/","name":"AGU manifesta-se a favor de a\u00e7\u00e3o do PSOL contra lei que facilita porte de armas em Rond\u00f4nia","isPartOf":{"@id":"https:\/\/psol50.org.br\/#website"},"primaryImageOfPage":{"@id":"https:\/\/psol50.org.br\/agu-manifesta-se-a-favor-de-acao-do-psol-contra-lei-que-facilita-porte-de-armas-em-rondonia\/#primaryimage"},"image":{"@id":"https:\/\/psol50.org.br\/agu-manifesta-se-a-favor-de-acao-do-psol-contra-lei-que-facilita-porte-de-armas-em-rondonia\/#primaryimage"},"thumbnailUrl":"https:\/\/psol50.org.br\/inc\/uploads\/2022\/02\/size_960_16_9_armas1.jpg","datePublished":"2022-03-29T19:20:36+00:00","description":"Advocacia Geral da Uni\u00e3o (AGU) afirma que lei estadual, aprovada em 12 de janeiro, viola a Constitui\u00e7\u00e3o Federal.","breadcrumb":{"@id":"https:\/\/psol50.org.br\/agu-manifesta-se-a-favor-de-acao-do-psol-contra-lei-que-facilita-porte-de-armas-em-rondonia\/#breadcrumb"},"inLanguage":"pt-BR","potentialAction":[{"@type":"ReadAction","target":["https:\/\/psol50.org.br\/agu-manifesta-se-a-favor-de-acao-do-psol-contra-lei-que-facilita-porte-de-armas-em-rondonia\/"]}]},{"@type":"ImageObject","inLanguage":"pt-BR","@id":"https:\/\/psol50.org.br\/agu-manifesta-se-a-favor-de-acao-do-psol-contra-lei-que-facilita-porte-de-armas-em-rondonia\/#primaryimage","url":"https:\/\/psol50.org.br\/inc\/uploads\/2022\/02\/size_960_16_9_armas1.jpg","contentUrl":"https:\/\/psol50.org.br\/inc\/uploads\/2022\/02\/size_960_16_9_armas1.jpg","width":960,"height":640},{"@type":"BreadcrumbList","@id":"https:\/\/psol50.org.br\/agu-manifesta-se-a-favor-de-acao-do-psol-contra-lei-que-facilita-porte-de-armas-em-rondonia\/#breadcrumb","itemListElement":[{"@type":"ListItem","position":1,"name":"In\u00edcio","item":"https:\/\/psol50.org.br\/"},{"@type":"ListItem","position":2,"name":"AGU manifesta-se a favor de a\u00e7\u00e3o do PSOL contra lei que facilita porte de armas em Rond\u00f4nia"}]},{"@type":"WebSite","@id":"https:\/\/psol50.org.br\/#website","url":"https:\/\/psol50.org.br\/","name":"PSOL 50","description":"Site oficial do Partido Socialismo e Liberdade","publisher":{"@id":"https:\/\/psol50.org.br\/#organization"},"alternateName":"PSOL50","potentialAction":[{"@type":"SearchAction","target":{"@type":"EntryPoint","urlTemplate":"https:\/\/psol50.org.br\/?s={search_term_string}"},"query-input":{"@type":"PropertyValueSpecification","valueRequired":true,"valueName":"search_term_string"}}],"inLanguage":"pt-BR"},{"@type":"Organization","@id":"https:\/\/psol50.org.br\/#organization","name":"PSOL 50","alternateName":"PSOL 50","url":"https:\/\/psol50.org.br\/","logo":{"@type":"ImageObject","inLanguage":"pt-BR","@id":"https:\/\/psol50.org.br\/#\/schema\/logo\/image\/","url":"https:\/\/psol50.org.br\/inc\/uploads\/2018\/07\/capa.png","contentUrl":"https:\/\/psol50.org.br\/inc\/uploads\/2018\/07\/capa.png","width":1350,"height":900,"caption":"PSOL 50"},"image":{"@id":"https:\/\/psol50.org.br\/#\/schema\/logo\/image\/"},"sameAs":["https:\/\/www.facebook.com\/psol50","https:\/\/x.com\/psol50","https:\/\/www.instagram.com\/psol50\/","https:\/\/www.youtube.com\/channel\/UC7SnJS5o1os7a6CaiNabzcg"]},{"@type":"Person","@id":"https:\/\/psol50.org.br\/#\/schema\/person\/475dfa57d0b815993c714c2e96491fcd","name":"Comunica\u00e7\u00e3o PSOL","image":{"@type":"ImageObject","inLanguage":"pt-BR","@id":"https:\/\/psol50.org.br\/#\/schema\/person\/image\/","url":"https:\/\/secure.gravatar.com\/avatar\/b34fc4f4e468a4e51785917065a3db57b841f5c95dba6ad8c73aaf8f66f8f9bf?s=96&d=mm&r=g","contentUrl":"https:\/\/secure.gravatar.com\/avatar\/b34fc4f4e468a4e51785917065a3db57b841f5c95dba6ad8c73aaf8f66f8f9bf?s=96&d=mm&r=g","caption":"Comunica\u00e7\u00e3o PSOL"}}]}},"_links":{"self":[{"href":"https:\/\/psol50.org.br\/rest\/wp\/v2\/posts\/35485","targetHints":{"allow":["GET"]}}],"collection":[{"href":"https:\/\/psol50.org.br\/rest\/wp\/v2\/posts"}],"about":[{"href":"https:\/\/psol50.org.br\/rest\/wp\/v2\/types\/post"}],"author":[{"embeddable":true,"href":"https:\/\/psol50.org.br\/rest\/wp\/v2\/users\/2"}],"replies":[{"embeddable":true,"href":"https:\/\/psol50.org.br\/rest\/wp\/v2\/comments?post=35485"}],"version-history":[{"count":1,"href":"https:\/\/psol50.org.br\/rest\/wp\/v2\/posts\/35485\/revisions"}],"predecessor-version":[{"id":35486,"href":"https:\/\/psol50.org.br\/rest\/wp\/v2\/posts\/35485\/revisions\/35486"}],"wp:featuredmedia":[{"embeddable":true,"href":"https:\/\/psol50.org.br\/rest\/wp\/v2\/media\/35097"}],"wp:attachment":[{"href":"https:\/\/psol50.org.br\/rest\/wp\/v2\/media?parent=35485"}],"wp:term":[{"taxonomy":"category","embeddable":true,"href":"https:\/\/psol50.org.br\/rest\/wp\/v2\/categories?post=35485"},{"taxonomy":"post_tag","embeddable":true,"href":"https:\/\/psol50.org.br\/rest\/wp\/v2\/tags?post=35485"}],"curies":[{"name":"wp","href":"https:\/\/api.w.org\/{rel}","templated":true}]}}