{"id":35511,"date":"2022-03-31T12:07:01","date_gmt":"2022-03-31T15:07:01","guid":{"rendered":"https:\/\/psol50.org.br\/?p=35511"},"modified":"2022-04-06T15:35:31","modified_gmt":"2022-04-06T18:35:31","slug":"psol-apresenta-denuncia-na-onu-sobre-violencia-no-campo-em-pernambuco","status":"publish","type":"post","link":"https:\/\/psol50.org.br\/psol-apresenta-denuncia-na-onu-sobre-violencia-no-campo-em-pernambuco\/","title":{"rendered":"PSOL apresenta den\u00fancia na ONU sobre viol\u00eancia no campo em Pernambuco"},"content":{"rendered":"<p>A bancada do PSOL na C\u00e2mara dos Deputados e as Juntas, mandato coletivo do PSOL na Assembleia Legislativa de Pernambuco, acionaram a Organiza\u00e7\u00e3o das Na\u00e7\u00f5es Unidas (ONU) com uma den\u00fancia sobre os graves e recorrentes epis\u00f3dios de viol\u00eancia no campo no estado pernambucano.<\/p>\n<p>Um recente e cruel caso aconteceu em fevereiro passado e resultou no assassinato de um menino de nove anos, filho de um l\u00edder rural em Barreiros, Zona da Mata pernambucana.<\/p>\n<p>&#8220;A nossa den\u00fancia \u00e0 ONU tem como objetivo lutar contra a impunidade e chamar a aten\u00e7\u00e3o dos \u00f3rg\u00e3os internacionais para que atuem e cobrem posi\u00e7\u00e3o de um governo que, quando n\u00e3o \u00e9 omisso, \u00e9 permissivo com essas barbaridades\u201d, destaca a l\u00edder da bancada na C\u00e2mara, S\u00e2mia Bomfim.<\/p>\n<p>\u201cPrecisamos avan\u00e7ar na busca por justi\u00e7a e prote\u00e7\u00e3o para as fam\u00edlias que vivem no campo\u201d, ressaltam as codeputadas das Juntas (PSOL\/PE).<\/p>\n<p>A den\u00fancia foi encaminhada a quatro relatorias diferentes da ONU \u2013 sobre Execu\u00e7\u00f5es Extrajudiciais, Sum\u00e1rias ou Arbitr\u00e1rias; sobre a Situa\u00e7\u00e3o dos Defensores de Direitos Humanos; sobre o Direito \u00e0 Liberdade de Reuni\u00e3o Pac\u00edfica e de Associa\u00e7\u00e3o; e sobre Moradia Adequada como Componente do Direito<\/p>\n<p>Os parlamentares querem que os relatores da ONU fa\u00e7am uma miss\u00e3o ao Brasil e que cobrem explica\u00e7\u00f5es ao governo do pa\u00eds.<\/p>\n<p>Segundo Geovane Santos, pai de Jonathas Oliveira, homens armados invadiram sua casa na comunidade camponesa de Engenho Roncadorzinho na noite do dia 10 de fevereiro, foram para o quarto, pegaram o menino que se escondia debaixo da cama e atiraram.<\/p>\n<p>A execu\u00e7\u00e3o de Jonathas Oliveira retrata o atual contexto violento no campo, agravado ainda mais sob o governo de Jair Bolsonaro, que ataca repetidamente movimentos de trabalhadores rurais e defensores dos direitos humanos e flexibiliza o com\u00e9rcio de armas e muni\u00e7\u00f5es.<\/p>\n<p>&#8220;Este epis\u00f3dio faz parte de um vasto contexto de viol\u00eancia no interior do estado, que remonta ao per\u00edodo colonial e \u00e0 explora\u00e7\u00e3o do trabalho escravo nas planta\u00e7\u00f5es de cana-de-a\u00e7\u00facar&#8221;, disseram os representantes psolistas.<\/p>\n<p>&#8220;O decl\u00ednio geral do com\u00e9rcio da cana de a\u00e7\u00facar levou algumas empresas \u00e0 fal\u00eancia, o que significou mais inseguran\u00e7a jur\u00eddica para as fam\u00edlias camponesas da regi\u00e3o&#8221;, apontam.<\/p>\n<p>Conforme levantamento da Comiss\u00e3o Pastoral da Terra (CPT), o n\u00famero de amea\u00e7as de morte registradas no interior de Pernambuco aumentou 800% entre 2019 e 2020, atingindo o maior n\u00famero em 35 anos de coleta de dados. Dos 36 camponeses e ind\u00edgenas amea\u00e7ados de morte em Pernambuco, 20 vivem na Mata Sul.<\/p>\n<p>S\u00f3 em 2020, foram registrados 103 casos de conflitos fundi\u00e1rios no interior do estado, afetando 37.136 pessoas, o que representa uma m\u00e9dia di\u00e1ria de um conflito a cada 3,5 dias.<\/p>\n<p>\u201cA Mata Sul de Pernambuco re\u00fane a grande maioria dos conflitos por terra no estado. S\u00e3o milhares de pessoas vivendo sob amea\u00e7as e viola\u00e7\u00f5es. O que aconteceu no Engenho Roncadorzinho precisa ser apurado e as fam\u00edlias da regi\u00e3o protegidas\u201d, afirmam as codeputadas das Juntas.<\/p>\n","protected":false},"excerpt":{"rendered":"<p>A bancada do PSOL na C\u00e2mara dos Deputados e as Juntas, mandato coletivo do PSOL na Assembleia Legislativa de Pernambuco, acionaram a Organiza\u00e7\u00e3o das Na\u00e7\u00f5es Unidas (ONU) com uma den\u00fancia sobre os graves e recorrentes epis\u00f3dios de viol\u00eancia no campo no estado pernambucano. Um recente e cruel caso aconteceu em fevereiro passado e resultou no [&hellip;]<\/p>\n","protected":false},"author":2,"featured_media":35514,"comment_status":"open","ping_status":"open","sticky":false,"template":"","format":"standard","meta":{"_acf_changed":false,"footnotes":""},"categories":[1664],"tags":[4825],"class_list":{"0":"post-35511","1":"post","2":"type-post","3":"status-publish","4":"format-standard","5":"has-post-thumbnail","7":"category-acao-do-psol","8":"tag-noticias"},"acf":[],"yoast_head":"<!-- This site is optimized with the Yoast SEO plugin v26.5 - https:\/\/yoast.com\/wordpress\/plugins\/seo\/ -->\n<title>PSOL apresenta den\u00fancia na ONU sobre viol\u00eancia no campo em Pernambuco<\/title>\n<meta name=\"description\" content=\"Em mais um caso de viol\u00eancia, menino de nove anos, filho de l\u00edder rural, foi executado em Barreiros, Zona da Mata pernambucana.\" \/>\n<meta name=\"robots\" content=\"index, follow, max-snippet:-1, max-image-preview:large, max-video-preview:-1\" \/>\n<link rel=\"canonical\" href=\"https:\/\/psol50.org.br\/psol-apresenta-denuncia-na-onu-sobre-violencia-no-campo-em-pernambuco\/\" \/>\n<meta property=\"og:locale\" content=\"pt_BR\" \/>\n<meta property=\"og:type\" content=\"article\" \/>\n<meta property=\"og:title\" content=\"PSOL apresenta den\u00fancia na ONU sobre viol\u00eancia no campo em Pernambuco\" \/>\n<meta property=\"og:description\" content=\"Em mais um caso de viol\u00eancia, menino de nove anos, filho de l\u00edder rural, foi executado em Barreiros, Zona da Mata pernambucana.\" \/>\n<meta property=\"og:url\" content=\"https:\/\/psol50.org.br\/psol-apresenta-denuncia-na-onu-sobre-violencia-no-campo-em-pernambuco\/\" \/>\n<meta property=\"og:site_name\" content=\"PSOL 50\" \/>\n<meta property=\"article:publisher\" content=\"https:\/\/www.facebook.com\/psol50\" \/>\n<meta property=\"article:published_time\" content=\"2022-03-31T15:07:01+00:00\" \/>\n<meta property=\"article:modified_time\" content=\"2022-04-06T18:35:31+00:00\" \/>\n<meta property=\"og:image\" content=\"https:\/\/psol50.org.br\/inc\/uploads\/2022\/03\/Casa-invadida-no-PE.jpeg\" \/>\n\t<meta property=\"og:image:width\" content=\"984\" \/>\n\t<meta property=\"og:image:height\" content=\"553\" \/>\n\t<meta property=\"og:image:type\" content=\"image\/jpeg\" \/>\n<meta name=\"author\" content=\"Comunica\u00e7\u00e3o PSOL\" \/>\n<meta name=\"twitter:card\" content=\"summary_large_image\" \/>\n<meta name=\"twitter:creator\" content=\"@psol50\" \/>\n<meta name=\"twitter:site\" content=\"@psol50\" \/>\n<meta name=\"twitter:label1\" content=\"Escrito por\" \/>\n\t<meta name=\"twitter:data1\" content=\"Comunica\u00e7\u00e3o PSOL\" \/>\n\t<meta name=\"twitter:label2\" content=\"Est. tempo de leitura\" \/>\n\t<meta name=\"twitter:data2\" content=\"3 minutos\" \/>\n<script type=\"application\/ld+json\" class=\"yoast-schema-graph\">{\"@context\":\"https:\/\/schema.org\",\"@graph\":[{\"@type\":\"Article\",\"@id\":\"https:\/\/psol50.org.br\/psol-apresenta-denuncia-na-onu-sobre-violencia-no-campo-em-pernambuco\/#article\",\"isPartOf\":{\"@id\":\"https:\/\/psol50.org.br\/psol-apresenta-denuncia-na-onu-sobre-violencia-no-campo-em-pernambuco\/\"},\"author\":{\"name\":\"Comunica\u00e7\u00e3o PSOL\",\"@id\":\"https:\/\/psol50.org.br\/#\/schema\/person\/475dfa57d0b815993c714c2e96491fcd\"},\"headline\":\"PSOL apresenta den\u00fancia na ONU sobre viol\u00eancia no campo em Pernambuco\",\"datePublished\":\"2022-03-31T15:07:01+00:00\",\"dateModified\":\"2022-04-06T18:35:31+00:00\",\"mainEntityOfPage\":{\"@id\":\"https:\/\/psol50.org.br\/psol-apresenta-denuncia-na-onu-sobre-violencia-no-campo-em-pernambuco\/\"},\"wordCount\":531,\"commentCount\":0,\"publisher\":{\"@id\":\"https:\/\/psol50.org.br\/#organization\"},\"image\":{\"@id\":\"https:\/\/psol50.org.br\/psol-apresenta-denuncia-na-onu-sobre-violencia-no-campo-em-pernambuco\/#primaryimage\"},\"thumbnailUrl\":\"https:\/\/psol50.org.br\/inc\/uploads\/2022\/03\/Casa-invadida-no-PE.jpeg\",\"keywords\":[\"Not\u00edcias\"],\"articleSection\":[\"A\u00e7\u00e3o do PSOL\"],\"inLanguage\":\"pt-BR\",\"potentialAction\":[{\"@type\":\"CommentAction\",\"name\":\"Comment\",\"target\":[\"https:\/\/psol50.org.br\/psol-apresenta-denuncia-na-onu-sobre-violencia-no-campo-em-pernambuco\/#respond\"]}]},{\"@type\":\"WebPage\",\"@id\":\"https:\/\/psol50.org.br\/psol-apresenta-denuncia-na-onu-sobre-violencia-no-campo-em-pernambuco\/\",\"url\":\"https:\/\/psol50.org.br\/psol-apresenta-denuncia-na-onu-sobre-violencia-no-campo-em-pernambuco\/\",\"name\":\"PSOL apresenta den\u00fancia na ONU sobre viol\u00eancia no campo em Pernambuco\",\"isPartOf\":{\"@id\":\"https:\/\/psol50.org.br\/#website\"},\"primaryImageOfPage\":{\"@id\":\"https:\/\/psol50.org.br\/psol-apresenta-denuncia-na-onu-sobre-violencia-no-campo-em-pernambuco\/#primaryimage\"},\"image\":{\"@id\":\"https:\/\/psol50.org.br\/psol-apresenta-denuncia-na-onu-sobre-violencia-no-campo-em-pernambuco\/#primaryimage\"},\"thumbnailUrl\":\"https:\/\/psol50.org.br\/inc\/uploads\/2022\/03\/Casa-invadida-no-PE.jpeg\",\"datePublished\":\"2022-03-31T15:07:01+00:00\",\"dateModified\":\"2022-04-06T18:35:31+00:00\",\"description\":\"Em mais um caso de viol\u00eancia, menino de nove anos, filho de l\u00edder rural, foi executado em Barreiros, Zona da Mata pernambucana.\",\"breadcrumb\":{\"@id\":\"https:\/\/psol50.org.br\/psol-apresenta-denuncia-na-onu-sobre-violencia-no-campo-em-pernambuco\/#breadcrumb\"},\"inLanguage\":\"pt-BR\",\"potentialAction\":[{\"@type\":\"ReadAction\",\"target\":[\"https:\/\/psol50.org.br\/psol-apresenta-denuncia-na-onu-sobre-violencia-no-campo-em-pernambuco\/\"]}]},{\"@type\":\"ImageObject\",\"inLanguage\":\"pt-BR\",\"@id\":\"https:\/\/psol50.org.br\/psol-apresenta-denuncia-na-onu-sobre-violencia-no-campo-em-pernambuco\/#primaryimage\",\"url\":\"https:\/\/psol50.org.br\/inc\/uploads\/2022\/03\/Casa-invadida-no-PE.jpeg\",\"contentUrl\":\"https:\/\/psol50.org.br\/inc\/uploads\/2022\/03\/Casa-invadida-no-PE.jpeg\",\"width\":984,\"height\":553,\"caption\":\"Foto: Reprodu\u00e7\u00e3o\"},{\"@type\":\"BreadcrumbList\",\"@id\":\"https:\/\/psol50.org.br\/psol-apresenta-denuncia-na-onu-sobre-violencia-no-campo-em-pernambuco\/#breadcrumb\",\"itemListElement\":[{\"@type\":\"ListItem\",\"position\":1,\"name\":\"In\u00edcio\",\"item\":\"https:\/\/psol50.org.br\/\"},{\"@type\":\"ListItem\",\"position\":2,\"name\":\"PSOL apresenta den\u00fancia na ONU sobre viol\u00eancia no campo em Pernambuco\"}]},{\"@type\":\"WebSite\",\"@id\":\"https:\/\/psol50.org.br\/#website\",\"url\":\"https:\/\/psol50.org.br\/\",\"name\":\"PSOL 50\",\"description\":\"Site oficial do Partido Socialismo e Liberdade\",\"publisher\":{\"@id\":\"https:\/\/psol50.org.br\/#organization\"},\"alternateName\":\"PSOL50\",\"potentialAction\":[{\"@type\":\"SearchAction\",\"target\":{\"@type\":\"EntryPoint\",\"urlTemplate\":\"https:\/\/psol50.org.br\/?s={search_term_string}\"},\"query-input\":{\"@type\":\"PropertyValueSpecification\",\"valueRequired\":true,\"valueName\":\"search_term_string\"}}],\"inLanguage\":\"pt-BR\"},{\"@type\":\"Organization\",\"@id\":\"https:\/\/psol50.org.br\/#organization\",\"name\":\"PSOL 50\",\"alternateName\":\"PSOL 50\",\"url\":\"https:\/\/psol50.org.br\/\",\"logo\":{\"@type\":\"ImageObject\",\"inLanguage\":\"pt-BR\",\"@id\":\"https:\/\/psol50.org.br\/#\/schema\/logo\/image\/\",\"url\":\"https:\/\/psol50.org.br\/inc\/uploads\/2018\/07\/capa.png\",\"contentUrl\":\"https:\/\/psol50.org.br\/inc\/uploads\/2018\/07\/capa.png\",\"width\":1350,\"height\":900,\"caption\":\"PSOL 50\"},\"image\":{\"@id\":\"https:\/\/psol50.org.br\/#\/schema\/logo\/image\/\"},\"sameAs\":[\"https:\/\/www.facebook.com\/psol50\",\"https:\/\/x.com\/psol50\",\"https:\/\/www.instagram.com\/psol50\/\",\"https:\/\/www.youtube.com\/channel\/UC7SnJS5o1os7a6CaiNabzcg\"]},{\"@type\":\"Person\",\"@id\":\"https:\/\/psol50.org.br\/#\/schema\/person\/475dfa57d0b815993c714c2e96491fcd\",\"name\":\"Comunica\u00e7\u00e3o PSOL\",\"image\":{\"@type\":\"ImageObject\",\"inLanguage\":\"pt-BR\",\"@id\":\"https:\/\/psol50.org.br\/#\/schema\/person\/image\/\",\"url\":\"https:\/\/secure.gravatar.com\/avatar\/b34fc4f4e468a4e51785917065a3db57b841f5c95dba6ad8c73aaf8f66f8f9bf?s=96&d=mm&r=g\",\"contentUrl\":\"https:\/\/secure.gravatar.com\/avatar\/b34fc4f4e468a4e51785917065a3db57b841f5c95dba6ad8c73aaf8f66f8f9bf?s=96&d=mm&r=g\",\"caption\":\"Comunica\u00e7\u00e3o PSOL\"}}]}<\/script>\n<!-- \/ Yoast SEO plugin. -->","yoast_head_json":{"title":"PSOL apresenta den\u00fancia na ONU sobre viol\u00eancia no campo em Pernambuco","description":"Em mais um caso de viol\u00eancia, menino de nove anos, filho de l\u00edder rural, foi executado em Barreiros, Zona da Mata pernambucana.","robots":{"index":"index","follow":"follow","max-snippet":"max-snippet:-1","max-image-preview":"max-image-preview:large","max-video-preview":"max-video-preview:-1"},"canonical":"https:\/\/psol50.org.br\/psol-apresenta-denuncia-na-onu-sobre-violencia-no-campo-em-pernambuco\/","og_locale":"pt_BR","og_type":"article","og_title":"PSOL apresenta den\u00fancia na ONU sobre viol\u00eancia no campo em Pernambuco","og_description":"Em mais um caso de viol\u00eancia, menino de nove anos, filho de l\u00edder rural, foi executado em Barreiros, Zona da Mata pernambucana.","og_url":"https:\/\/psol50.org.br\/psol-apresenta-denuncia-na-onu-sobre-violencia-no-campo-em-pernambuco\/","og_site_name":"PSOL 50","article_publisher":"https:\/\/www.facebook.com\/psol50","article_published_time":"2022-03-31T15:07:01+00:00","article_modified_time":"2022-04-06T18:35:31+00:00","og_image":[{"width":984,"height":553,"url":"https:\/\/psol50.org.br\/inc\/uploads\/2022\/03\/Casa-invadida-no-PE.jpeg","type":"image\/jpeg"}],"author":"Comunica\u00e7\u00e3o PSOL","twitter_card":"summary_large_image","twitter_creator":"@psol50","twitter_site":"@psol50","twitter_misc":{"Escrito por":"Comunica\u00e7\u00e3o PSOL","Est. tempo de leitura":"3 minutos"},"schema":{"@context":"https:\/\/schema.org","@graph":[{"@type":"Article","@id":"https:\/\/psol50.org.br\/psol-apresenta-denuncia-na-onu-sobre-violencia-no-campo-em-pernambuco\/#article","isPartOf":{"@id":"https:\/\/psol50.org.br\/psol-apresenta-denuncia-na-onu-sobre-violencia-no-campo-em-pernambuco\/"},"author":{"name":"Comunica\u00e7\u00e3o PSOL","@id":"https:\/\/psol50.org.br\/#\/schema\/person\/475dfa57d0b815993c714c2e96491fcd"},"headline":"PSOL apresenta den\u00fancia na ONU sobre viol\u00eancia no campo em Pernambuco","datePublished":"2022-03-31T15:07:01+00:00","dateModified":"2022-04-06T18:35:31+00:00","mainEntityOfPage":{"@id":"https:\/\/psol50.org.br\/psol-apresenta-denuncia-na-onu-sobre-violencia-no-campo-em-pernambuco\/"},"wordCount":531,"commentCount":0,"publisher":{"@id":"https:\/\/psol50.org.br\/#organization"},"image":{"@id":"https:\/\/psol50.org.br\/psol-apresenta-denuncia-na-onu-sobre-violencia-no-campo-em-pernambuco\/#primaryimage"},"thumbnailUrl":"https:\/\/psol50.org.br\/inc\/uploads\/2022\/03\/Casa-invadida-no-PE.jpeg","keywords":["Not\u00edcias"],"articleSection":["A\u00e7\u00e3o do PSOL"],"inLanguage":"pt-BR","potentialAction":[{"@type":"CommentAction","name":"Comment","target":["https:\/\/psol50.org.br\/psol-apresenta-denuncia-na-onu-sobre-violencia-no-campo-em-pernambuco\/#respond"]}]},{"@type":"WebPage","@id":"https:\/\/psol50.org.br\/psol-apresenta-denuncia-na-onu-sobre-violencia-no-campo-em-pernambuco\/","url":"https:\/\/psol50.org.br\/psol-apresenta-denuncia-na-onu-sobre-violencia-no-campo-em-pernambuco\/","name":"PSOL apresenta den\u00fancia na ONU sobre viol\u00eancia no campo em Pernambuco","isPartOf":{"@id":"https:\/\/psol50.org.br\/#website"},"primaryImageOfPage":{"@id":"https:\/\/psol50.org.br\/psol-apresenta-denuncia-na-onu-sobre-violencia-no-campo-em-pernambuco\/#primaryimage"},"image":{"@id":"https:\/\/psol50.org.br\/psol-apresenta-denuncia-na-onu-sobre-violencia-no-campo-em-pernambuco\/#primaryimage"},"thumbnailUrl":"https:\/\/psol50.org.br\/inc\/uploads\/2022\/03\/Casa-invadida-no-PE.jpeg","datePublished":"2022-03-31T15:07:01+00:00","dateModified":"2022-04-06T18:35:31+00:00","description":"Em mais um caso de viol\u00eancia, menino de nove anos, filho de l\u00edder rural, foi executado em Barreiros, Zona da Mata pernambucana.","breadcrumb":{"@id":"https:\/\/psol50.org.br\/psol-apresenta-denuncia-na-onu-sobre-violencia-no-campo-em-pernambuco\/#breadcrumb"},"inLanguage":"pt-BR","potentialAction":[{"@type":"ReadAction","target":["https:\/\/psol50.org.br\/psol-apresenta-denuncia-na-onu-sobre-violencia-no-campo-em-pernambuco\/"]}]},{"@type":"ImageObject","inLanguage":"pt-BR","@id":"https:\/\/psol50.org.br\/psol-apresenta-denuncia-na-onu-sobre-violencia-no-campo-em-pernambuco\/#primaryimage","url":"https:\/\/psol50.org.br\/inc\/uploads\/2022\/03\/Casa-invadida-no-PE.jpeg","contentUrl":"https:\/\/psol50.org.br\/inc\/uploads\/2022\/03\/Casa-invadida-no-PE.jpeg","width":984,"height":553,"caption":"Foto: Reprodu\u00e7\u00e3o"},{"@type":"BreadcrumbList","@id":"https:\/\/psol50.org.br\/psol-apresenta-denuncia-na-onu-sobre-violencia-no-campo-em-pernambuco\/#breadcrumb","itemListElement":[{"@type":"ListItem","position":1,"name":"In\u00edcio","item":"https:\/\/psol50.org.br\/"},{"@type":"ListItem","position":2,"name":"PSOL apresenta den\u00fancia na ONU sobre viol\u00eancia no campo em Pernambuco"}]},{"@type":"WebSite","@id":"https:\/\/psol50.org.br\/#website","url":"https:\/\/psol50.org.br\/","name":"PSOL 50","description":"Site oficial do Partido Socialismo e Liberdade","publisher":{"@id":"https:\/\/psol50.org.br\/#organization"},"alternateName":"PSOL50","potentialAction":[{"@type":"SearchAction","target":{"@type":"EntryPoint","urlTemplate":"https:\/\/psol50.org.br\/?s={search_term_string}"},"query-input":{"@type":"PropertyValueSpecification","valueRequired":true,"valueName":"search_term_string"}}],"inLanguage":"pt-BR"},{"@type":"Organization","@id":"https:\/\/psol50.org.br\/#organization","name":"PSOL 50","alternateName":"PSOL 50","url":"https:\/\/psol50.org.br\/","logo":{"@type":"ImageObject","inLanguage":"pt-BR","@id":"https:\/\/psol50.org.br\/#\/schema\/logo\/image\/","url":"https:\/\/psol50.org.br\/inc\/uploads\/2018\/07\/capa.png","contentUrl":"https:\/\/psol50.org.br\/inc\/uploads\/2018\/07\/capa.png","width":1350,"height":900,"caption":"PSOL 50"},"image":{"@id":"https:\/\/psol50.org.br\/#\/schema\/logo\/image\/"},"sameAs":["https:\/\/www.facebook.com\/psol50","https:\/\/x.com\/psol50","https:\/\/www.instagram.com\/psol50\/","https:\/\/www.youtube.com\/channel\/UC7SnJS5o1os7a6CaiNabzcg"]},{"@type":"Person","@id":"https:\/\/psol50.org.br\/#\/schema\/person\/475dfa57d0b815993c714c2e96491fcd","name":"Comunica\u00e7\u00e3o PSOL","image":{"@type":"ImageObject","inLanguage":"pt-BR","@id":"https:\/\/psol50.org.br\/#\/schema\/person\/image\/","url":"https:\/\/secure.gravatar.com\/avatar\/b34fc4f4e468a4e51785917065a3db57b841f5c95dba6ad8c73aaf8f66f8f9bf?s=96&d=mm&r=g","contentUrl":"https:\/\/secure.gravatar.com\/avatar\/b34fc4f4e468a4e51785917065a3db57b841f5c95dba6ad8c73aaf8f66f8f9bf?s=96&d=mm&r=g","caption":"Comunica\u00e7\u00e3o PSOL"}}]}},"_links":{"self":[{"href":"https:\/\/psol50.org.br\/rest\/wp\/v2\/posts\/35511","targetHints":{"allow":["GET"]}}],"collection":[{"href":"https:\/\/psol50.org.br\/rest\/wp\/v2\/posts"}],"about":[{"href":"https:\/\/psol50.org.br\/rest\/wp\/v2\/types\/post"}],"author":[{"embeddable":true,"href":"https:\/\/psol50.org.br\/rest\/wp\/v2\/users\/2"}],"replies":[{"embeddable":true,"href":"https:\/\/psol50.org.br\/rest\/wp\/v2\/comments?post=35511"}],"version-history":[{"count":3,"href":"https:\/\/psol50.org.br\/rest\/wp\/v2\/posts\/35511\/revisions"}],"predecessor-version":[{"id":35515,"href":"https:\/\/psol50.org.br\/rest\/wp\/v2\/posts\/35511\/revisions\/35515"}],"wp:featuredmedia":[{"embeddable":true,"href":"https:\/\/psol50.org.br\/rest\/wp\/v2\/media\/35514"}],"wp:attachment":[{"href":"https:\/\/psol50.org.br\/rest\/wp\/v2\/media?parent=35511"}],"wp:term":[{"taxonomy":"category","embeddable":true,"href":"https:\/\/psol50.org.br\/rest\/wp\/v2\/categories?post=35511"},{"taxonomy":"post_tag","embeddable":true,"href":"https:\/\/psol50.org.br\/rest\/wp\/v2\/tags?post=35511"}],"curies":[{"name":"wp","href":"https:\/\/api.w.org\/{rel}","templated":true}]}}