{"id":35534,"date":"2022-04-01T14:49:53","date_gmt":"2022-04-01T17:49:53","guid":{"rendered":"https:\/\/psol50.org.br\/?p=35534"},"modified":"2022-04-01T14:49:53","modified_gmt":"2022-04-01T17:49:53","slug":"psol-entra-na-justica-contra-eduardo-paes-por-danos-morais-em-postagem-leviana-sobre-a-greve-dos-garis-do-rj","status":"publish","type":"post","link":"https:\/\/psol50.org.br\/psol-entra-na-justica-contra-eduardo-paes-por-danos-morais-em-postagem-leviana-sobre-a-greve-dos-garis-do-rj\/","title":{"rendered":"PSOL entra na Justi\u00e7a contra Eduardo Paes por danos morais em postagem leviana sobre a greve dos garis do RJ"},"content":{"rendered":"<p>O Diret\u00f3rio Municipal do PSOL no Rio de Janeiro entrou com a\u00e7\u00e3o na Justi\u00e7a contra o prefeito da cidade Eduardo Paes por danos morais na \u00faltima quinta-feira (31).<\/p>\n<p>A a\u00e7\u00e3o, tamb\u00e9m assinada pelo ex-vereador do Rio Bab\u00e1 (PSOL) e o vereador Lindbergh Farias (PT), foi motivada pelo conte\u00fado publicado pelo prefeito no Twitter sobre a greve dos garis, em que tenta imputar ao PSOL, sem qualquer fundamento, atos que intitula de \u201cterrorismo, vandalismo e amea\u00e7as\u201d.<\/p>\n<p>O documento ressalta que as postagens \u201ccont\u00e9m crime contra a honra dos autores, pelas ofensas e condutas criminais falsamente imputadas, al\u00e9m da exposi\u00e7\u00e3o indevida da imagem ali perpetrada&#8221;.<\/p>\n<p>Com rela\u00e7\u00e3o ao PSOL, a a\u00e7\u00e3o informa ainda que o prefeito \u201cao caluniar e difamar os autores ofendeu de forma grave suas imagens, utilizando-se de inverdades para tanto e propagando desinforma\u00e7\u00e3o. Por esse motivo deve ser responsabilizado civilmente\u201d.<\/p>\n<p>Al\u00e9m de indeniza\u00e7\u00e3o, o partido pede que Paes seja obrigado a remover a publica\u00e7\u00e3o e se retratar. \u201cO PSOL, comprometido com seus filiados e com a sociedade, n\u00e3o pode permitir que sejam espalhadas falsas den\u00fancias. O prefeito deveria estar preocupado em garantir melhores condi\u00e7\u00f5es de trabalho para os garis, que j\u00e1 est\u00e3o h\u00e1 tr\u00eas anos sem reajuste\u201d, explica Juan Leal, presidente do diret\u00f3rio municipal do PSOL Carioca.<\/p>\n","protected":false},"excerpt":{"rendered":"<p>O Diret\u00f3rio Municipal do PSOL no Rio de Janeiro entrou com a\u00e7\u00e3o na Justi\u00e7a contra o prefeito da cidade Eduardo Paes por danos morais na \u00faltima quinta-feira (31). A a\u00e7\u00e3o, tamb\u00e9m assinada pelo ex-vereador do Rio Bab\u00e1 (PSOL) e o vereador Lindbergh Farias (PT), foi motivada pelo conte\u00fado publicado pelo prefeito no Twitter sobre a [&hellip;]<\/p>\n","protected":false},"author":2,"featured_media":35537,"comment_status":"open","ping_status":"open","sticky":false,"template":"","format":"standard","meta":{"_acf_changed":false,"footnotes":""},"categories":[654],"tags":[4825],"class_list":{"0":"post-35534","1":"post","2":"type-post","3":"status-publish","4":"format-standard","5":"has-post-thumbnail","7":"category-estados","8":"tag-noticias"},"acf":[],"yoast_head":"<!-- This site is optimized with the Yoast SEO plugin v26.5 - https:\/\/yoast.com\/wordpress\/plugins\/seo\/ -->\n<title>PSOL entra na Justi\u00e7a contra Eduardo Paes por danos morais em postagem leviana sobre a greve dos garis do RJ<\/title>\n<meta name=\"description\" content=\"Postagem realizada no Twitter do prefeito faz acusa\u00e7\u00f5es totalmente sem fundamento imputando \u201cterrorismo, vandalismo e amea\u00e7as\u201d ao PSOL.\" \/>\n<meta name=\"robots\" content=\"index, follow, max-snippet:-1, max-image-preview:large, max-video-preview:-1\" \/>\n<link rel=\"canonical\" href=\"https:\/\/psol50.org.br\/psol-entra-na-justica-contra-eduardo-paes-por-danos-morais-em-postagem-leviana-sobre-a-greve-dos-garis-do-rj\/\" \/>\n<meta property=\"og:locale\" content=\"pt_BR\" \/>\n<meta property=\"og:type\" content=\"article\" \/>\n<meta property=\"og:title\" content=\"PSOL entra na Justi\u00e7a contra Eduardo Paes por danos morais em postagem leviana sobre a greve dos garis do RJ\" \/>\n<meta property=\"og:description\" content=\"Postagem realizada no Twitter do prefeito faz acusa\u00e7\u00f5es totalmente sem fundamento imputando \u201cterrorismo, vandalismo e amea\u00e7as\u201d ao PSOL.\" \/>\n<meta property=\"og:url\" content=\"https:\/\/psol50.org.br\/psol-entra-na-justica-contra-eduardo-paes-por-danos-morais-em-postagem-leviana-sobre-a-greve-dos-garis-do-rj\/\" \/>\n<meta property=\"og:site_name\" content=\"PSOL 50\" \/>\n<meta property=\"article:publisher\" content=\"https:\/\/www.facebook.com\/psol50\" \/>\n<meta property=\"article:published_time\" content=\"2022-04-01T17:49:53+00:00\" \/>\n<meta property=\"og:image\" content=\"https:\/\/psol50.org.br\/inc\/uploads\/2022\/04\/WhatsApp-Image-2022-03-30-at-17.58.53.jpeg.jpg\" \/>\n\t<meta property=\"og:image:width\" content=\"1086\" \/>\n\t<meta property=\"og:image:height\" content=\"652\" \/>\n\t<meta property=\"og:image:type\" content=\"image\/jpeg\" \/>\n<meta name=\"author\" content=\"Comunica\u00e7\u00e3o PSOL\" \/>\n<meta name=\"twitter:card\" content=\"summary_large_image\" \/>\n<meta name=\"twitter:creator\" content=\"@psol50\" \/>\n<meta name=\"twitter:site\" content=\"@psol50\" \/>\n<meta name=\"twitter:label1\" content=\"Escrito por\" \/>\n\t<meta name=\"twitter:data1\" content=\"Comunica\u00e7\u00e3o PSOL\" \/>\n\t<meta name=\"twitter:label2\" content=\"Est. tempo de leitura\" \/>\n\t<meta name=\"twitter:data2\" content=\"1 minuto\" \/>\n<script type=\"application\/ld+json\" class=\"yoast-schema-graph\">{\"@context\":\"https:\/\/schema.org\",\"@graph\":[{\"@type\":\"Article\",\"@id\":\"https:\/\/psol50.org.br\/psol-entra-na-justica-contra-eduardo-paes-por-danos-morais-em-postagem-leviana-sobre-a-greve-dos-garis-do-rj\/#article\",\"isPartOf\":{\"@id\":\"https:\/\/psol50.org.br\/psol-entra-na-justica-contra-eduardo-paes-por-danos-morais-em-postagem-leviana-sobre-a-greve-dos-garis-do-rj\/\"},\"author\":{\"name\":\"Comunica\u00e7\u00e3o PSOL\",\"@id\":\"https:\/\/psol50.org.br\/#\/schema\/person\/475dfa57d0b815993c714c2e96491fcd\"},\"headline\":\"PSOL entra na Justi\u00e7a contra Eduardo Paes por danos morais em postagem leviana sobre a greve dos garis do RJ\",\"datePublished\":\"2022-04-01T17:49:53+00:00\",\"mainEntityOfPage\":{\"@id\":\"https:\/\/psol50.org.br\/psol-entra-na-justica-contra-eduardo-paes-por-danos-morais-em-postagem-leviana-sobre-a-greve-dos-garis-do-rj\/\"},\"wordCount\":250,\"commentCount\":0,\"publisher\":{\"@id\":\"https:\/\/psol50.org.br\/#organization\"},\"image\":{\"@id\":\"https:\/\/psol50.org.br\/psol-entra-na-justica-contra-eduardo-paes-por-danos-morais-em-postagem-leviana-sobre-a-greve-dos-garis-do-rj\/#primaryimage\"},\"thumbnailUrl\":\"https:\/\/psol50.org.br\/inc\/uploads\/2022\/04\/WhatsApp-Image-2022-03-30-at-17.58.53.jpeg.jpg\",\"keywords\":[\"Not\u00edcias\"],\"articleSection\":[\"Estados\"],\"inLanguage\":\"pt-BR\",\"potentialAction\":[{\"@type\":\"CommentAction\",\"name\":\"Comment\",\"target\":[\"https:\/\/psol50.org.br\/psol-entra-na-justica-contra-eduardo-paes-por-danos-morais-em-postagem-leviana-sobre-a-greve-dos-garis-do-rj\/#respond\"]}]},{\"@type\":\"WebPage\",\"@id\":\"https:\/\/psol50.org.br\/psol-entra-na-justica-contra-eduardo-paes-por-danos-morais-em-postagem-leviana-sobre-a-greve-dos-garis-do-rj\/\",\"url\":\"https:\/\/psol50.org.br\/psol-entra-na-justica-contra-eduardo-paes-por-danos-morais-em-postagem-leviana-sobre-a-greve-dos-garis-do-rj\/\",\"name\":\"PSOL entra na Justi\u00e7a contra Eduardo Paes por danos morais em postagem leviana sobre a greve dos garis do RJ\",\"isPartOf\":{\"@id\":\"https:\/\/psol50.org.br\/#website\"},\"primaryImageOfPage\":{\"@id\":\"https:\/\/psol50.org.br\/psol-entra-na-justica-contra-eduardo-paes-por-danos-morais-em-postagem-leviana-sobre-a-greve-dos-garis-do-rj\/#primaryimage\"},\"image\":{\"@id\":\"https:\/\/psol50.org.br\/psol-entra-na-justica-contra-eduardo-paes-por-danos-morais-em-postagem-leviana-sobre-a-greve-dos-garis-do-rj\/#primaryimage\"},\"thumbnailUrl\":\"https:\/\/psol50.org.br\/inc\/uploads\/2022\/04\/WhatsApp-Image-2022-03-30-at-17.58.53.jpeg.jpg\",\"datePublished\":\"2022-04-01T17:49:53+00:00\",\"description\":\"Postagem realizada no Twitter do prefeito faz acusa\u00e7\u00f5es totalmente sem fundamento imputando \u201cterrorismo, vandalismo e amea\u00e7as\u201d ao PSOL.\",\"breadcrumb\":{\"@id\":\"https:\/\/psol50.org.br\/psol-entra-na-justica-contra-eduardo-paes-por-danos-morais-em-postagem-leviana-sobre-a-greve-dos-garis-do-rj\/#breadcrumb\"},\"inLanguage\":\"pt-BR\",\"potentialAction\":[{\"@type\":\"ReadAction\",\"target\":[\"https:\/\/psol50.org.br\/psol-entra-na-justica-contra-eduardo-paes-por-danos-morais-em-postagem-leviana-sobre-a-greve-dos-garis-do-rj\/\"]}]},{\"@type\":\"ImageObject\",\"inLanguage\":\"pt-BR\",\"@id\":\"https:\/\/psol50.org.br\/psol-entra-na-justica-contra-eduardo-paes-por-danos-morais-em-postagem-leviana-sobre-a-greve-dos-garis-do-rj\/#primaryimage\",\"url\":\"https:\/\/psol50.org.br\/inc\/uploads\/2022\/04\/WhatsApp-Image-2022-03-30-at-17.58.53.jpeg.jpg\",\"contentUrl\":\"https:\/\/psol50.org.br\/inc\/uploads\/2022\/04\/WhatsApp-Image-2022-03-30-at-17.58.53.jpeg.jpg\",\"width\":1086,\"height\":652},{\"@type\":\"BreadcrumbList\",\"@id\":\"https:\/\/psol50.org.br\/psol-entra-na-justica-contra-eduardo-paes-por-danos-morais-em-postagem-leviana-sobre-a-greve-dos-garis-do-rj\/#breadcrumb\",\"itemListElement\":[{\"@type\":\"ListItem\",\"position\":1,\"name\":\"In\u00edcio\",\"item\":\"https:\/\/psol50.org.br\/\"},{\"@type\":\"ListItem\",\"position\":2,\"name\":\"PSOL entra na Justi\u00e7a contra Eduardo Paes por danos morais em postagem leviana sobre a greve dos garis do RJ\"}]},{\"@type\":\"WebSite\",\"@id\":\"https:\/\/psol50.org.br\/#website\",\"url\":\"https:\/\/psol50.org.br\/\",\"name\":\"PSOL 50\",\"description\":\"Site oficial do Partido Socialismo e Liberdade\",\"publisher\":{\"@id\":\"https:\/\/psol50.org.br\/#organization\"},\"alternateName\":\"PSOL50\",\"potentialAction\":[{\"@type\":\"SearchAction\",\"target\":{\"@type\":\"EntryPoint\",\"urlTemplate\":\"https:\/\/psol50.org.br\/?s={search_term_string}\"},\"query-input\":{\"@type\":\"PropertyValueSpecification\",\"valueRequired\":true,\"valueName\":\"search_term_string\"}}],\"inLanguage\":\"pt-BR\"},{\"@type\":\"Organization\",\"@id\":\"https:\/\/psol50.org.br\/#organization\",\"name\":\"PSOL 50\",\"alternateName\":\"PSOL 50\",\"url\":\"https:\/\/psol50.org.br\/\",\"logo\":{\"@type\":\"ImageObject\",\"inLanguage\":\"pt-BR\",\"@id\":\"https:\/\/psol50.org.br\/#\/schema\/logo\/image\/\",\"url\":\"https:\/\/psol50.org.br\/inc\/uploads\/2018\/07\/capa.png\",\"contentUrl\":\"https:\/\/psol50.org.br\/inc\/uploads\/2018\/07\/capa.png\",\"width\":1350,\"height\":900,\"caption\":\"PSOL 50\"},\"image\":{\"@id\":\"https:\/\/psol50.org.br\/#\/schema\/logo\/image\/\"},\"sameAs\":[\"https:\/\/www.facebook.com\/psol50\",\"https:\/\/x.com\/psol50\",\"https:\/\/www.instagram.com\/psol50\/\",\"https:\/\/www.youtube.com\/channel\/UC7SnJS5o1os7a6CaiNabzcg\"]},{\"@type\":\"Person\",\"@id\":\"https:\/\/psol50.org.br\/#\/schema\/person\/475dfa57d0b815993c714c2e96491fcd\",\"name\":\"Comunica\u00e7\u00e3o PSOL\",\"image\":{\"@type\":\"ImageObject\",\"inLanguage\":\"pt-BR\",\"@id\":\"https:\/\/psol50.org.br\/#\/schema\/person\/image\/\",\"url\":\"https:\/\/secure.gravatar.com\/avatar\/b34fc4f4e468a4e51785917065a3db57b841f5c95dba6ad8c73aaf8f66f8f9bf?s=96&d=mm&r=g\",\"contentUrl\":\"https:\/\/secure.gravatar.com\/avatar\/b34fc4f4e468a4e51785917065a3db57b841f5c95dba6ad8c73aaf8f66f8f9bf?s=96&d=mm&r=g\",\"caption\":\"Comunica\u00e7\u00e3o PSOL\"}}]}<\/script>\n<!-- \/ Yoast SEO plugin. -->","yoast_head_json":{"title":"PSOL entra na Justi\u00e7a contra Eduardo Paes por danos morais em postagem leviana sobre a greve dos garis do RJ","description":"Postagem realizada no Twitter do prefeito faz acusa\u00e7\u00f5es totalmente sem fundamento imputando \u201cterrorismo, vandalismo e amea\u00e7as\u201d ao PSOL.","robots":{"index":"index","follow":"follow","max-snippet":"max-snippet:-1","max-image-preview":"max-image-preview:large","max-video-preview":"max-video-preview:-1"},"canonical":"https:\/\/psol50.org.br\/psol-entra-na-justica-contra-eduardo-paes-por-danos-morais-em-postagem-leviana-sobre-a-greve-dos-garis-do-rj\/","og_locale":"pt_BR","og_type":"article","og_title":"PSOL entra na Justi\u00e7a contra Eduardo Paes por danos morais em postagem leviana sobre a greve dos garis do RJ","og_description":"Postagem realizada no Twitter do prefeito faz acusa\u00e7\u00f5es totalmente sem fundamento imputando \u201cterrorismo, vandalismo e amea\u00e7as\u201d ao PSOL.","og_url":"https:\/\/psol50.org.br\/psol-entra-na-justica-contra-eduardo-paes-por-danos-morais-em-postagem-leviana-sobre-a-greve-dos-garis-do-rj\/","og_site_name":"PSOL 50","article_publisher":"https:\/\/www.facebook.com\/psol50","article_published_time":"2022-04-01T17:49:53+00:00","og_image":[{"width":1086,"height":652,"url":"https:\/\/psol50.org.br\/inc\/uploads\/2022\/04\/WhatsApp-Image-2022-03-30-at-17.58.53.jpeg.jpg","type":"image\/jpeg"}],"author":"Comunica\u00e7\u00e3o PSOL","twitter_card":"summary_large_image","twitter_creator":"@psol50","twitter_site":"@psol50","twitter_misc":{"Escrito por":"Comunica\u00e7\u00e3o PSOL","Est. tempo de leitura":"1 minuto"},"schema":{"@context":"https:\/\/schema.org","@graph":[{"@type":"Article","@id":"https:\/\/psol50.org.br\/psol-entra-na-justica-contra-eduardo-paes-por-danos-morais-em-postagem-leviana-sobre-a-greve-dos-garis-do-rj\/#article","isPartOf":{"@id":"https:\/\/psol50.org.br\/psol-entra-na-justica-contra-eduardo-paes-por-danos-morais-em-postagem-leviana-sobre-a-greve-dos-garis-do-rj\/"},"author":{"name":"Comunica\u00e7\u00e3o PSOL","@id":"https:\/\/psol50.org.br\/#\/schema\/person\/475dfa57d0b815993c714c2e96491fcd"},"headline":"PSOL entra na Justi\u00e7a contra Eduardo Paes por danos morais em postagem leviana sobre a greve dos garis do RJ","datePublished":"2022-04-01T17:49:53+00:00","mainEntityOfPage":{"@id":"https:\/\/psol50.org.br\/psol-entra-na-justica-contra-eduardo-paes-por-danos-morais-em-postagem-leviana-sobre-a-greve-dos-garis-do-rj\/"},"wordCount":250,"commentCount":0,"publisher":{"@id":"https:\/\/psol50.org.br\/#organization"},"image":{"@id":"https:\/\/psol50.org.br\/psol-entra-na-justica-contra-eduardo-paes-por-danos-morais-em-postagem-leviana-sobre-a-greve-dos-garis-do-rj\/#primaryimage"},"thumbnailUrl":"https:\/\/psol50.org.br\/inc\/uploads\/2022\/04\/WhatsApp-Image-2022-03-30-at-17.58.53.jpeg.jpg","keywords":["Not\u00edcias"],"articleSection":["Estados"],"inLanguage":"pt-BR","potentialAction":[{"@type":"CommentAction","name":"Comment","target":["https:\/\/psol50.org.br\/psol-entra-na-justica-contra-eduardo-paes-por-danos-morais-em-postagem-leviana-sobre-a-greve-dos-garis-do-rj\/#respond"]}]},{"@type":"WebPage","@id":"https:\/\/psol50.org.br\/psol-entra-na-justica-contra-eduardo-paes-por-danos-morais-em-postagem-leviana-sobre-a-greve-dos-garis-do-rj\/","url":"https:\/\/psol50.org.br\/psol-entra-na-justica-contra-eduardo-paes-por-danos-morais-em-postagem-leviana-sobre-a-greve-dos-garis-do-rj\/","name":"PSOL entra na Justi\u00e7a contra Eduardo Paes por danos morais em postagem leviana sobre a greve dos garis do RJ","isPartOf":{"@id":"https:\/\/psol50.org.br\/#website"},"primaryImageOfPage":{"@id":"https:\/\/psol50.org.br\/psol-entra-na-justica-contra-eduardo-paes-por-danos-morais-em-postagem-leviana-sobre-a-greve-dos-garis-do-rj\/#primaryimage"},"image":{"@id":"https:\/\/psol50.org.br\/psol-entra-na-justica-contra-eduardo-paes-por-danos-morais-em-postagem-leviana-sobre-a-greve-dos-garis-do-rj\/#primaryimage"},"thumbnailUrl":"https:\/\/psol50.org.br\/inc\/uploads\/2022\/04\/WhatsApp-Image-2022-03-30-at-17.58.53.jpeg.jpg","datePublished":"2022-04-01T17:49:53+00:00","description":"Postagem realizada no Twitter do prefeito faz acusa\u00e7\u00f5es totalmente sem fundamento imputando \u201cterrorismo, vandalismo e amea\u00e7as\u201d ao PSOL.","breadcrumb":{"@id":"https:\/\/psol50.org.br\/psol-entra-na-justica-contra-eduardo-paes-por-danos-morais-em-postagem-leviana-sobre-a-greve-dos-garis-do-rj\/#breadcrumb"},"inLanguage":"pt-BR","potentialAction":[{"@type":"ReadAction","target":["https:\/\/psol50.org.br\/psol-entra-na-justica-contra-eduardo-paes-por-danos-morais-em-postagem-leviana-sobre-a-greve-dos-garis-do-rj\/"]}]},{"@type":"ImageObject","inLanguage":"pt-BR","@id":"https:\/\/psol50.org.br\/psol-entra-na-justica-contra-eduardo-paes-por-danos-morais-em-postagem-leviana-sobre-a-greve-dos-garis-do-rj\/#primaryimage","url":"https:\/\/psol50.org.br\/inc\/uploads\/2022\/04\/WhatsApp-Image-2022-03-30-at-17.58.53.jpeg.jpg","contentUrl":"https:\/\/psol50.org.br\/inc\/uploads\/2022\/04\/WhatsApp-Image-2022-03-30-at-17.58.53.jpeg.jpg","width":1086,"height":652},{"@type":"BreadcrumbList","@id":"https:\/\/psol50.org.br\/psol-entra-na-justica-contra-eduardo-paes-por-danos-morais-em-postagem-leviana-sobre-a-greve-dos-garis-do-rj\/#breadcrumb","itemListElement":[{"@type":"ListItem","position":1,"name":"In\u00edcio","item":"https:\/\/psol50.org.br\/"},{"@type":"ListItem","position":2,"name":"PSOL entra na Justi\u00e7a contra Eduardo Paes por danos morais em postagem leviana sobre a greve dos garis do RJ"}]},{"@type":"WebSite","@id":"https:\/\/psol50.org.br\/#website","url":"https:\/\/psol50.org.br\/","name":"PSOL 50","description":"Site oficial do Partido Socialismo e Liberdade","publisher":{"@id":"https:\/\/psol50.org.br\/#organization"},"alternateName":"PSOL50","potentialAction":[{"@type":"SearchAction","target":{"@type":"EntryPoint","urlTemplate":"https:\/\/psol50.org.br\/?s={search_term_string}"},"query-input":{"@type":"PropertyValueSpecification","valueRequired":true,"valueName":"search_term_string"}}],"inLanguage":"pt-BR"},{"@type":"Organization","@id":"https:\/\/psol50.org.br\/#organization","name":"PSOL 50","alternateName":"PSOL 50","url":"https:\/\/psol50.org.br\/","logo":{"@type":"ImageObject","inLanguage":"pt-BR","@id":"https:\/\/psol50.org.br\/#\/schema\/logo\/image\/","url":"https:\/\/psol50.org.br\/inc\/uploads\/2018\/07\/capa.png","contentUrl":"https:\/\/psol50.org.br\/inc\/uploads\/2018\/07\/capa.png","width":1350,"height":900,"caption":"PSOL 50"},"image":{"@id":"https:\/\/psol50.org.br\/#\/schema\/logo\/image\/"},"sameAs":["https:\/\/www.facebook.com\/psol50","https:\/\/x.com\/psol50","https:\/\/www.instagram.com\/psol50\/","https:\/\/www.youtube.com\/channel\/UC7SnJS5o1os7a6CaiNabzcg"]},{"@type":"Person","@id":"https:\/\/psol50.org.br\/#\/schema\/person\/475dfa57d0b815993c714c2e96491fcd","name":"Comunica\u00e7\u00e3o PSOL","image":{"@type":"ImageObject","inLanguage":"pt-BR","@id":"https:\/\/psol50.org.br\/#\/schema\/person\/image\/","url":"https:\/\/secure.gravatar.com\/avatar\/b34fc4f4e468a4e51785917065a3db57b841f5c95dba6ad8c73aaf8f66f8f9bf?s=96&d=mm&r=g","contentUrl":"https:\/\/secure.gravatar.com\/avatar\/b34fc4f4e468a4e51785917065a3db57b841f5c95dba6ad8c73aaf8f66f8f9bf?s=96&d=mm&r=g","caption":"Comunica\u00e7\u00e3o PSOL"}}]}},"_links":{"self":[{"href":"https:\/\/psol50.org.br\/rest\/wp\/v2\/posts\/35534","targetHints":{"allow":["GET"]}}],"collection":[{"href":"https:\/\/psol50.org.br\/rest\/wp\/v2\/posts"}],"about":[{"href":"https:\/\/psol50.org.br\/rest\/wp\/v2\/types\/post"}],"author":[{"embeddable":true,"href":"https:\/\/psol50.org.br\/rest\/wp\/v2\/users\/2"}],"replies":[{"embeddable":true,"href":"https:\/\/psol50.org.br\/rest\/wp\/v2\/comments?post=35534"}],"version-history":[{"count":2,"href":"https:\/\/psol50.org.br\/rest\/wp\/v2\/posts\/35534\/revisions"}],"predecessor-version":[{"id":35536,"href":"https:\/\/psol50.org.br\/rest\/wp\/v2\/posts\/35534\/revisions\/35536"}],"wp:featuredmedia":[{"embeddable":true,"href":"https:\/\/psol50.org.br\/rest\/wp\/v2\/media\/35537"}],"wp:attachment":[{"href":"https:\/\/psol50.org.br\/rest\/wp\/v2\/media?parent=35534"}],"wp:term":[{"taxonomy":"category","embeddable":true,"href":"https:\/\/psol50.org.br\/rest\/wp\/v2\/categories?post=35534"},{"taxonomy":"post_tag","embeddable":true,"href":"https:\/\/psol50.org.br\/rest\/wp\/v2\/tags?post=35534"}],"curies":[{"name":"wp","href":"https:\/\/api.w.org\/{rel}","templated":true}]}}