{"id":35561,"date":"2022-04-06T15:34:38","date_gmt":"2022-04-06T18:34:38","guid":{"rendered":"https:\/\/psol50.org.br\/?p=35561"},"modified":"2022-04-18T13:23:23","modified_gmt":"2022-04-18T16:23:23","slug":"psol-questiona-palacio-do-planalto-sobre-denuncia-de-premiacao-pela-morte-do-ex-pm-adriano-da-nobrega","status":"publish","type":"post","link":"https:\/\/psol50.org.br\/psol-questiona-palacio-do-planalto-sobre-denuncia-de-premiacao-pela-morte-do-ex-pm-adriano-da-nobrega\/","title":{"rendered":"PSOL questiona Pal\u00e1cio do Planalto sobre den\u00fancia de premia\u00e7\u00e3o pela morte do ex-PM Adriano da N\u00f3brega"},"content":{"rendered":"<p>A bancada do PSOL na C\u00e2mara protocola na tarde desta quarta-feira (6) um requerimento de informa\u00e7\u00f5es para que a Secretaria Geral da Presid\u00eancia da Rep\u00fablica forne\u00e7a esclarecimentos sobre a den\u00fancia de que o Pal\u00e1cio do Planalto teria oferecido cargos comissionados em troca da morte do ex-policial militar Adriano Magalh\u00e3es da N\u00f3brega. A resposta \u00e9 obrigat\u00f3ria em at\u00e9 30 dias, sob pena de crime de responsabilidade.<\/p>\n<p>A iniciativa acontece ap\u00f3s a divulga\u00e7\u00e3o, pelo jornal Folha de S. Paulo, de escuta telef\u00f4nica feita pela Pol\u00edcia Civil do Rio de Janeiro h\u00e1 dois anos, em que uma irm\u00e3 do ex-policial militar Adriano Magalh\u00e3es da N\u00f3brega acusa o Pal\u00e1cio do Planalto de oferecer cargos comissionados em troca da morte do ex-capit\u00e3o.<\/p>\n<blockquote class=\"twitter-tweet\" data-width=\"550\" data-dnt=\"true\">\n<p lang=\"pt\" dir=\"ltr\">Junto com a bancada do PSOL estou apresentando um Requerimento de Informa\u00e7\u00e3o para que o Planalto se explique da den\u00fancia de troca de cargos comissionados pelo assassinato do miliciano Adriano da N\u00f3brega. A Secretaria Geral da presid\u00eancia ter\u00e1 30 dias para protocolar resposta.<\/p>\n<p>&mdash; S\u00e2mia Bomfim (@samiabomfim) <a href=\"https:\/\/twitter.com\/samiabomfim\/status\/1511770794644361224?ref_src=twsrc%5Etfw\">April 6, 2022<\/a><\/p><\/blockquote>\n<p><script async src=\"https:\/\/platform.twitter.com\/widgets.js\" charset=\"utf-8\"><\/script><\/p>\n<p>Segundo o jornal, \u201cna grava\u00e7\u00e3o, Daniela Magalh\u00e3es da N\u00f3brega afirma a uma tia, dois dias ap\u00f3s a morte do irm\u00e3o numa opera\u00e7\u00e3o policial na Bahia, que ele soube de uma reuni\u00e3o envolvendo seu nome no pal\u00e1cio e do desejo de que se tornasse um \u2018arquivo morto\u2019\u201d.<\/p>\n<p>&#8220;Ele j\u00e1 sabia da ordem que saiu para que ele fosse um arquivo morto. Ele j\u00e1 era um arquivo morto. J\u00e1 tinham dado cargos comissionados no Planalto pela vida dele, j\u00e1. Fizeram uma reuni\u00e3o com o nome do Adriano no Planalto. Entendeu, tia? Ele j\u00e1 sabia disso, j\u00e1. Foi um compl\u00f4 mesmo&#8221;, diz Daniela na grava\u00e7\u00e3o autorizada pela Justi\u00e7a.<\/p>\n<p>O Pal\u00e1cio do Planalto e a defesa de Daniela n\u00e3o se posicionaram sobre o conte\u00fado das escutas para a reportagem. No caso do Requerimento de Informa\u00e7\u00f5es da bancada do PSOL, a resposta da Secretaria Geral da Presid\u00eancia ter\u00e1 que ser protocolada em at\u00e9 30 dias.<\/p>\n","protected":false},"excerpt":{"rendered":"<p>A bancada do PSOL na C\u00e2mara protocola na tarde desta quarta-feira (6) um requerimento de informa\u00e7\u00f5es para que a Secretaria Geral da Presid\u00eancia da Rep\u00fablica forne\u00e7a esclarecimentos sobre a den\u00fancia de que o Pal\u00e1cio do Planalto teria oferecido cargos comissionados em troca da morte do ex-policial militar Adriano Magalh\u00e3es da N\u00f3brega. A resposta \u00e9 obrigat\u00f3ria [&hellip;]<\/p>\n","protected":false},"author":2,"featured_media":35564,"comment_status":"open","ping_status":"open","sticky":false,"template":"","format":"standard","meta":{"_acf_changed":false,"footnotes":""},"categories":[10],"tags":[4825],"class_list":{"0":"post-35561","1":"post","2":"type-post","3":"status-publish","4":"format-standard","5":"has-post-thumbnail","7":"category-acao-parlamentares","8":"tag-noticias"},"acf":[],"yoast_head":"<!-- This site is optimized with the Yoast SEO plugin v26.5 - https:\/\/yoast.com\/wordpress\/plugins\/seo\/ -->\n<title>PSOL questiona Pal\u00e1cio do Planalto sobre den\u00fancia de premia\u00e7\u00e3o pela morte do ex-PM Adriano da N\u00f3brega<\/title>\n<meta name=\"description\" content=\"Secretaria Geral da presid\u00eancia ter\u00e1 at\u00e9 30 dias para apresentar uma resposta oficial, sob pena de crime de responsabilidade.\" \/>\n<meta name=\"robots\" content=\"index, follow, max-snippet:-1, max-image-preview:large, max-video-preview:-1\" \/>\n<link rel=\"canonical\" href=\"https:\/\/psol50.org.br\/psol-questiona-palacio-do-planalto-sobre-denuncia-de-premiacao-pela-morte-do-ex-pm-adriano-da-nobrega\/\" \/>\n<meta property=\"og:locale\" content=\"pt_BR\" \/>\n<meta property=\"og:type\" content=\"article\" \/>\n<meta property=\"og:title\" content=\"PSOL questiona Pal\u00e1cio do Planalto sobre den\u00fancia de premia\u00e7\u00e3o pela morte do ex-PM Adriano da N\u00f3brega\" \/>\n<meta property=\"og:description\" content=\"Secretaria Geral da presid\u00eancia ter\u00e1 at\u00e9 30 dias para apresentar uma resposta oficial, sob pena de crime de responsabilidade.\" \/>\n<meta property=\"og:url\" content=\"https:\/\/psol50.org.br\/psol-questiona-palacio-do-planalto-sobre-denuncia-de-premiacao-pela-morte-do-ex-pm-adriano-da-nobrega\/\" \/>\n<meta property=\"og:site_name\" content=\"PSOL 50\" \/>\n<meta property=\"article:publisher\" content=\"https:\/\/www.facebook.com\/psol50\" \/>\n<meta property=\"article:published_time\" content=\"2022-04-06T18:34:38+00:00\" \/>\n<meta property=\"article:modified_time\" content=\"2022-04-18T16:23:23+00:00\" \/>\n<meta property=\"og:image\" content=\"https:\/\/psol50.org.br\/inc\/uploads\/2022\/04\/110840401_reproducao.jpeg\" \/>\n\t<meta property=\"og:image:width\" content=\"976\" \/>\n\t<meta property=\"og:image:height\" content=\"549\" \/>\n\t<meta property=\"og:image:type\" content=\"image\/jpeg\" \/>\n<meta name=\"author\" content=\"Comunica\u00e7\u00e3o PSOL\" \/>\n<meta name=\"twitter:card\" content=\"summary_large_image\" \/>\n<meta name=\"twitter:creator\" content=\"@psol50\" \/>\n<meta name=\"twitter:site\" content=\"@psol50\" \/>\n<meta name=\"twitter:label1\" content=\"Escrito por\" \/>\n\t<meta name=\"twitter:data1\" content=\"Comunica\u00e7\u00e3o PSOL\" \/>\n\t<meta name=\"twitter:label2\" content=\"Est. tempo de leitura\" \/>\n\t<meta name=\"twitter:data2\" content=\"2 minutos\" \/>\n<script type=\"application\/ld+json\" class=\"yoast-schema-graph\">{\"@context\":\"https:\/\/schema.org\",\"@graph\":[{\"@type\":\"Article\",\"@id\":\"https:\/\/psol50.org.br\/psol-questiona-palacio-do-planalto-sobre-denuncia-de-premiacao-pela-morte-do-ex-pm-adriano-da-nobrega\/#article\",\"isPartOf\":{\"@id\":\"https:\/\/psol50.org.br\/psol-questiona-palacio-do-planalto-sobre-denuncia-de-premiacao-pela-morte-do-ex-pm-adriano-da-nobrega\/\"},\"author\":{\"name\":\"Comunica\u00e7\u00e3o PSOL\",\"@id\":\"https:\/\/psol50.org.br\/#\/schema\/person\/475dfa57d0b815993c714c2e96491fcd\"},\"headline\":\"PSOL questiona Pal\u00e1cio do Planalto sobre den\u00fancia de premia\u00e7\u00e3o pela morte do ex-PM Adriano da N\u00f3brega\",\"datePublished\":\"2022-04-06T18:34:38+00:00\",\"dateModified\":\"2022-04-18T16:23:23+00:00\",\"mainEntityOfPage\":{\"@id\":\"https:\/\/psol50.org.br\/psol-questiona-palacio-do-planalto-sobre-denuncia-de-premiacao-pela-morte-do-ex-pm-adriano-da-nobrega\/\"},\"wordCount\":322,\"commentCount\":0,\"publisher\":{\"@id\":\"https:\/\/psol50.org.br\/#organization\"},\"image\":{\"@id\":\"https:\/\/psol50.org.br\/psol-questiona-palacio-do-planalto-sobre-denuncia-de-premiacao-pela-morte-do-ex-pm-adriano-da-nobrega\/#primaryimage\"},\"thumbnailUrl\":\"https:\/\/psol50.org.br\/inc\/uploads\/2022\/04\/110840401_reproducao.jpeg\",\"keywords\":[\"Not\u00edcias\"],\"articleSection\":[\"A\u00e7\u00e3o Parlamentar\"],\"inLanguage\":\"pt-BR\",\"potentialAction\":[{\"@type\":\"CommentAction\",\"name\":\"Comment\",\"target\":[\"https:\/\/psol50.org.br\/psol-questiona-palacio-do-planalto-sobre-denuncia-de-premiacao-pela-morte-do-ex-pm-adriano-da-nobrega\/#respond\"]}]},{\"@type\":\"WebPage\",\"@id\":\"https:\/\/psol50.org.br\/psol-questiona-palacio-do-planalto-sobre-denuncia-de-premiacao-pela-morte-do-ex-pm-adriano-da-nobrega\/\",\"url\":\"https:\/\/psol50.org.br\/psol-questiona-palacio-do-planalto-sobre-denuncia-de-premiacao-pela-morte-do-ex-pm-adriano-da-nobrega\/\",\"name\":\"PSOL questiona Pal\u00e1cio do Planalto sobre den\u00fancia de premia\u00e7\u00e3o pela morte do ex-PM Adriano da N\u00f3brega\",\"isPartOf\":{\"@id\":\"https:\/\/psol50.org.br\/#website\"},\"primaryImageOfPage\":{\"@id\":\"https:\/\/psol50.org.br\/psol-questiona-palacio-do-planalto-sobre-denuncia-de-premiacao-pela-morte-do-ex-pm-adriano-da-nobrega\/#primaryimage\"},\"image\":{\"@id\":\"https:\/\/psol50.org.br\/psol-questiona-palacio-do-planalto-sobre-denuncia-de-premiacao-pela-morte-do-ex-pm-adriano-da-nobrega\/#primaryimage\"},\"thumbnailUrl\":\"https:\/\/psol50.org.br\/inc\/uploads\/2022\/04\/110840401_reproducao.jpeg\",\"datePublished\":\"2022-04-06T18:34:38+00:00\",\"dateModified\":\"2022-04-18T16:23:23+00:00\",\"description\":\"Secretaria Geral da presid\u00eancia ter\u00e1 at\u00e9 30 dias para apresentar uma resposta oficial, sob pena de crime de responsabilidade.\",\"breadcrumb\":{\"@id\":\"https:\/\/psol50.org.br\/psol-questiona-palacio-do-planalto-sobre-denuncia-de-premiacao-pela-morte-do-ex-pm-adriano-da-nobrega\/#breadcrumb\"},\"inLanguage\":\"pt-BR\",\"potentialAction\":[{\"@type\":\"ReadAction\",\"target\":[\"https:\/\/psol50.org.br\/psol-questiona-palacio-do-planalto-sobre-denuncia-de-premiacao-pela-morte-do-ex-pm-adriano-da-nobrega\/\"]}]},{\"@type\":\"ImageObject\",\"inLanguage\":\"pt-BR\",\"@id\":\"https:\/\/psol50.org.br\/psol-questiona-palacio-do-planalto-sobre-denuncia-de-premiacao-pela-morte-do-ex-pm-adriano-da-nobrega\/#primaryimage\",\"url\":\"https:\/\/psol50.org.br\/inc\/uploads\/2022\/04\/110840401_reproducao.jpeg\",\"contentUrl\":\"https:\/\/psol50.org.br\/inc\/uploads\/2022\/04\/110840401_reproducao.jpeg\",\"width\":976,\"height\":549,\"caption\":\"Foto: Reprodu\u00e7\u00e3o\"},{\"@type\":\"BreadcrumbList\",\"@id\":\"https:\/\/psol50.org.br\/psol-questiona-palacio-do-planalto-sobre-denuncia-de-premiacao-pela-morte-do-ex-pm-adriano-da-nobrega\/#breadcrumb\",\"itemListElement\":[{\"@type\":\"ListItem\",\"position\":1,\"name\":\"In\u00edcio\",\"item\":\"https:\/\/psol50.org.br\/\"},{\"@type\":\"ListItem\",\"position\":2,\"name\":\"PSOL questiona Pal\u00e1cio do Planalto sobre den\u00fancia de premia\u00e7\u00e3o pela morte do ex-PM Adriano da N\u00f3brega\"}]},{\"@type\":\"WebSite\",\"@id\":\"https:\/\/psol50.org.br\/#website\",\"url\":\"https:\/\/psol50.org.br\/\",\"name\":\"PSOL 50\",\"description\":\"Site oficial do Partido Socialismo e Liberdade\",\"publisher\":{\"@id\":\"https:\/\/psol50.org.br\/#organization\"},\"alternateName\":\"PSOL50\",\"potentialAction\":[{\"@type\":\"SearchAction\",\"target\":{\"@type\":\"EntryPoint\",\"urlTemplate\":\"https:\/\/psol50.org.br\/?s={search_term_string}\"},\"query-input\":{\"@type\":\"PropertyValueSpecification\",\"valueRequired\":true,\"valueName\":\"search_term_string\"}}],\"inLanguage\":\"pt-BR\"},{\"@type\":\"Organization\",\"@id\":\"https:\/\/psol50.org.br\/#organization\",\"name\":\"PSOL 50\",\"alternateName\":\"PSOL 50\",\"url\":\"https:\/\/psol50.org.br\/\",\"logo\":{\"@type\":\"ImageObject\",\"inLanguage\":\"pt-BR\",\"@id\":\"https:\/\/psol50.org.br\/#\/schema\/logo\/image\/\",\"url\":\"https:\/\/psol50.org.br\/inc\/uploads\/2018\/07\/capa.png\",\"contentUrl\":\"https:\/\/psol50.org.br\/inc\/uploads\/2018\/07\/capa.png\",\"width\":1350,\"height\":900,\"caption\":\"PSOL 50\"},\"image\":{\"@id\":\"https:\/\/psol50.org.br\/#\/schema\/logo\/image\/\"},\"sameAs\":[\"https:\/\/www.facebook.com\/psol50\",\"https:\/\/x.com\/psol50\",\"https:\/\/www.instagram.com\/psol50\/\",\"https:\/\/www.youtube.com\/channel\/UC7SnJS5o1os7a6CaiNabzcg\"]},{\"@type\":\"Person\",\"@id\":\"https:\/\/psol50.org.br\/#\/schema\/person\/475dfa57d0b815993c714c2e96491fcd\",\"name\":\"Comunica\u00e7\u00e3o PSOL\",\"image\":{\"@type\":\"ImageObject\",\"inLanguage\":\"pt-BR\",\"@id\":\"https:\/\/psol50.org.br\/#\/schema\/person\/image\/\",\"url\":\"https:\/\/secure.gravatar.com\/avatar\/b34fc4f4e468a4e51785917065a3db57b841f5c95dba6ad8c73aaf8f66f8f9bf?s=96&d=mm&r=g\",\"contentUrl\":\"https:\/\/secure.gravatar.com\/avatar\/b34fc4f4e468a4e51785917065a3db57b841f5c95dba6ad8c73aaf8f66f8f9bf?s=96&d=mm&r=g\",\"caption\":\"Comunica\u00e7\u00e3o PSOL\"}}]}<\/script>\n<!-- \/ Yoast SEO plugin. -->","yoast_head_json":{"title":"PSOL questiona Pal\u00e1cio do Planalto sobre den\u00fancia de premia\u00e7\u00e3o pela morte do ex-PM Adriano da N\u00f3brega","description":"Secretaria Geral da presid\u00eancia ter\u00e1 at\u00e9 30 dias para apresentar uma resposta oficial, sob pena de crime de responsabilidade.","robots":{"index":"index","follow":"follow","max-snippet":"max-snippet:-1","max-image-preview":"max-image-preview:large","max-video-preview":"max-video-preview:-1"},"canonical":"https:\/\/psol50.org.br\/psol-questiona-palacio-do-planalto-sobre-denuncia-de-premiacao-pela-morte-do-ex-pm-adriano-da-nobrega\/","og_locale":"pt_BR","og_type":"article","og_title":"PSOL questiona Pal\u00e1cio do Planalto sobre den\u00fancia de premia\u00e7\u00e3o pela morte do ex-PM Adriano da N\u00f3brega","og_description":"Secretaria Geral da presid\u00eancia ter\u00e1 at\u00e9 30 dias para apresentar uma resposta oficial, sob pena de crime de responsabilidade.","og_url":"https:\/\/psol50.org.br\/psol-questiona-palacio-do-planalto-sobre-denuncia-de-premiacao-pela-morte-do-ex-pm-adriano-da-nobrega\/","og_site_name":"PSOL 50","article_publisher":"https:\/\/www.facebook.com\/psol50","article_published_time":"2022-04-06T18:34:38+00:00","article_modified_time":"2022-04-18T16:23:23+00:00","og_image":[{"width":976,"height":549,"url":"https:\/\/psol50.org.br\/inc\/uploads\/2022\/04\/110840401_reproducao.jpeg","type":"image\/jpeg"}],"author":"Comunica\u00e7\u00e3o PSOL","twitter_card":"summary_large_image","twitter_creator":"@psol50","twitter_site":"@psol50","twitter_misc":{"Escrito por":"Comunica\u00e7\u00e3o PSOL","Est. tempo de leitura":"2 minutos"},"schema":{"@context":"https:\/\/schema.org","@graph":[{"@type":"Article","@id":"https:\/\/psol50.org.br\/psol-questiona-palacio-do-planalto-sobre-denuncia-de-premiacao-pela-morte-do-ex-pm-adriano-da-nobrega\/#article","isPartOf":{"@id":"https:\/\/psol50.org.br\/psol-questiona-palacio-do-planalto-sobre-denuncia-de-premiacao-pela-morte-do-ex-pm-adriano-da-nobrega\/"},"author":{"name":"Comunica\u00e7\u00e3o PSOL","@id":"https:\/\/psol50.org.br\/#\/schema\/person\/475dfa57d0b815993c714c2e96491fcd"},"headline":"PSOL questiona Pal\u00e1cio do Planalto sobre den\u00fancia de premia\u00e7\u00e3o pela morte do ex-PM Adriano da N\u00f3brega","datePublished":"2022-04-06T18:34:38+00:00","dateModified":"2022-04-18T16:23:23+00:00","mainEntityOfPage":{"@id":"https:\/\/psol50.org.br\/psol-questiona-palacio-do-planalto-sobre-denuncia-de-premiacao-pela-morte-do-ex-pm-adriano-da-nobrega\/"},"wordCount":322,"commentCount":0,"publisher":{"@id":"https:\/\/psol50.org.br\/#organization"},"image":{"@id":"https:\/\/psol50.org.br\/psol-questiona-palacio-do-planalto-sobre-denuncia-de-premiacao-pela-morte-do-ex-pm-adriano-da-nobrega\/#primaryimage"},"thumbnailUrl":"https:\/\/psol50.org.br\/inc\/uploads\/2022\/04\/110840401_reproducao.jpeg","keywords":["Not\u00edcias"],"articleSection":["A\u00e7\u00e3o Parlamentar"],"inLanguage":"pt-BR","potentialAction":[{"@type":"CommentAction","name":"Comment","target":["https:\/\/psol50.org.br\/psol-questiona-palacio-do-planalto-sobre-denuncia-de-premiacao-pela-morte-do-ex-pm-adriano-da-nobrega\/#respond"]}]},{"@type":"WebPage","@id":"https:\/\/psol50.org.br\/psol-questiona-palacio-do-planalto-sobre-denuncia-de-premiacao-pela-morte-do-ex-pm-adriano-da-nobrega\/","url":"https:\/\/psol50.org.br\/psol-questiona-palacio-do-planalto-sobre-denuncia-de-premiacao-pela-morte-do-ex-pm-adriano-da-nobrega\/","name":"PSOL questiona Pal\u00e1cio do Planalto sobre den\u00fancia de premia\u00e7\u00e3o pela morte do ex-PM Adriano da N\u00f3brega","isPartOf":{"@id":"https:\/\/psol50.org.br\/#website"},"primaryImageOfPage":{"@id":"https:\/\/psol50.org.br\/psol-questiona-palacio-do-planalto-sobre-denuncia-de-premiacao-pela-morte-do-ex-pm-adriano-da-nobrega\/#primaryimage"},"image":{"@id":"https:\/\/psol50.org.br\/psol-questiona-palacio-do-planalto-sobre-denuncia-de-premiacao-pela-morte-do-ex-pm-adriano-da-nobrega\/#primaryimage"},"thumbnailUrl":"https:\/\/psol50.org.br\/inc\/uploads\/2022\/04\/110840401_reproducao.jpeg","datePublished":"2022-04-06T18:34:38+00:00","dateModified":"2022-04-18T16:23:23+00:00","description":"Secretaria Geral da presid\u00eancia ter\u00e1 at\u00e9 30 dias para apresentar uma resposta oficial, sob pena de crime de responsabilidade.","breadcrumb":{"@id":"https:\/\/psol50.org.br\/psol-questiona-palacio-do-planalto-sobre-denuncia-de-premiacao-pela-morte-do-ex-pm-adriano-da-nobrega\/#breadcrumb"},"inLanguage":"pt-BR","potentialAction":[{"@type":"ReadAction","target":["https:\/\/psol50.org.br\/psol-questiona-palacio-do-planalto-sobre-denuncia-de-premiacao-pela-morte-do-ex-pm-adriano-da-nobrega\/"]}]},{"@type":"ImageObject","inLanguage":"pt-BR","@id":"https:\/\/psol50.org.br\/psol-questiona-palacio-do-planalto-sobre-denuncia-de-premiacao-pela-morte-do-ex-pm-adriano-da-nobrega\/#primaryimage","url":"https:\/\/psol50.org.br\/inc\/uploads\/2022\/04\/110840401_reproducao.jpeg","contentUrl":"https:\/\/psol50.org.br\/inc\/uploads\/2022\/04\/110840401_reproducao.jpeg","width":976,"height":549,"caption":"Foto: Reprodu\u00e7\u00e3o"},{"@type":"BreadcrumbList","@id":"https:\/\/psol50.org.br\/psol-questiona-palacio-do-planalto-sobre-denuncia-de-premiacao-pela-morte-do-ex-pm-adriano-da-nobrega\/#breadcrumb","itemListElement":[{"@type":"ListItem","position":1,"name":"In\u00edcio","item":"https:\/\/psol50.org.br\/"},{"@type":"ListItem","position":2,"name":"PSOL questiona Pal\u00e1cio do Planalto sobre den\u00fancia de premia\u00e7\u00e3o pela morte do ex-PM Adriano da N\u00f3brega"}]},{"@type":"WebSite","@id":"https:\/\/psol50.org.br\/#website","url":"https:\/\/psol50.org.br\/","name":"PSOL 50","description":"Site oficial do Partido Socialismo e Liberdade","publisher":{"@id":"https:\/\/psol50.org.br\/#organization"},"alternateName":"PSOL50","potentialAction":[{"@type":"SearchAction","target":{"@type":"EntryPoint","urlTemplate":"https:\/\/psol50.org.br\/?s={search_term_string}"},"query-input":{"@type":"PropertyValueSpecification","valueRequired":true,"valueName":"search_term_string"}}],"inLanguage":"pt-BR"},{"@type":"Organization","@id":"https:\/\/psol50.org.br\/#organization","name":"PSOL 50","alternateName":"PSOL 50","url":"https:\/\/psol50.org.br\/","logo":{"@type":"ImageObject","inLanguage":"pt-BR","@id":"https:\/\/psol50.org.br\/#\/schema\/logo\/image\/","url":"https:\/\/psol50.org.br\/inc\/uploads\/2018\/07\/capa.png","contentUrl":"https:\/\/psol50.org.br\/inc\/uploads\/2018\/07\/capa.png","width":1350,"height":900,"caption":"PSOL 50"},"image":{"@id":"https:\/\/psol50.org.br\/#\/schema\/logo\/image\/"},"sameAs":["https:\/\/www.facebook.com\/psol50","https:\/\/x.com\/psol50","https:\/\/www.instagram.com\/psol50\/","https:\/\/www.youtube.com\/channel\/UC7SnJS5o1os7a6CaiNabzcg"]},{"@type":"Person","@id":"https:\/\/psol50.org.br\/#\/schema\/person\/475dfa57d0b815993c714c2e96491fcd","name":"Comunica\u00e7\u00e3o PSOL","image":{"@type":"ImageObject","inLanguage":"pt-BR","@id":"https:\/\/psol50.org.br\/#\/schema\/person\/image\/","url":"https:\/\/secure.gravatar.com\/avatar\/b34fc4f4e468a4e51785917065a3db57b841f5c95dba6ad8c73aaf8f66f8f9bf?s=96&d=mm&r=g","contentUrl":"https:\/\/secure.gravatar.com\/avatar\/b34fc4f4e468a4e51785917065a3db57b841f5c95dba6ad8c73aaf8f66f8f9bf?s=96&d=mm&r=g","caption":"Comunica\u00e7\u00e3o PSOL"}}]}},"_links":{"self":[{"href":"https:\/\/psol50.org.br\/rest\/wp\/v2\/posts\/35561","targetHints":{"allow":["GET"]}}],"collection":[{"href":"https:\/\/psol50.org.br\/rest\/wp\/v2\/posts"}],"about":[{"href":"https:\/\/psol50.org.br\/rest\/wp\/v2\/types\/post"}],"author":[{"embeddable":true,"href":"https:\/\/psol50.org.br\/rest\/wp\/v2\/users\/2"}],"replies":[{"embeddable":true,"href":"https:\/\/psol50.org.br\/rest\/wp\/v2\/comments?post=35561"}],"version-history":[{"count":3,"href":"https:\/\/psol50.org.br\/rest\/wp\/v2\/posts\/35561\/revisions"}],"predecessor-version":[{"id":35565,"href":"https:\/\/psol50.org.br\/rest\/wp\/v2\/posts\/35561\/revisions\/35565"}],"wp:featuredmedia":[{"embeddable":true,"href":"https:\/\/psol50.org.br\/rest\/wp\/v2\/media\/35564"}],"wp:attachment":[{"href":"https:\/\/psol50.org.br\/rest\/wp\/v2\/media?parent=35561"}],"wp:term":[{"taxonomy":"category","embeddable":true,"href":"https:\/\/psol50.org.br\/rest\/wp\/v2\/categories?post=35561"},{"taxonomy":"post_tag","embeddable":true,"href":"https:\/\/psol50.org.br\/rest\/wp\/v2\/tags?post=35561"}],"curies":[{"name":"wp","href":"https:\/\/api.w.org\/{rel}","templated":true}]}}