{"id":35688,"date":"2022-04-30T13:00:48","date_gmt":"2022-04-30T16:00:48","guid":{"rendered":"https:\/\/psol50.org.br\/?p=35688"},"modified":"2022-05-17T12:28:10","modified_gmt":"2022-05-17T15:28:10","slug":"psol-oficializa-apoio-a-pre-candidatura-de-lula-a-presidencia-da-republica","status":"publish","type":"post","link":"https:\/\/psol50.org.br\/psol-oficializa-apoio-a-pre-candidatura-de-lula-a-presidencia-da-republica\/","title":{"rendered":"PSOL oficializa apoio \u00e0 pr\u00e9-candidatura de Lula \u00e0 Presid\u00eancia da Rep\u00fablica"},"content":{"rendered":"<p>Em confer\u00eancia eleitoral realizada neste s\u00e1bado (30), o <strong><a href=\"https:\/\/psol50.org.br\/inc\/uploads\/2022\/04\/Resoluc\u0327a\u0303o-Conf-Eleitoral-TA\u0301TICA-1.pdf\" target=\"_blank\" rel=\"noopener\">Diret\u00f3rio Nacional do PSOL aprovou o apoio \u00e0 pr\u00e9-candidatura de Lula<\/a><\/strong> (PT) para a Presid\u00eancia da Rep\u00fablica. A reuni\u00e3o tamb\u00e9m definiu o programa pol\u00edtico que ser\u00e1 defendido pelo PSOL nas elei\u00e7\u00f5es de 2022.<\/p>\n<p><strong><a href=\"https:\/\/psol50.org.br\/inc\/uploads\/2022\/04\/Resoluc\u0327a\u0303o-Conf-Eleitoral-TA\u0301TICA-1.pdf\" target=\"_blank\" rel=\"noopener\">Leia a resolu\u00e7\u00e3o na \u00edntegra clicando aqui.<\/a><\/strong><\/p>\n<p>\u201cA uni\u00e3o da esquerda em torno da candidatura de Lula \u00e9 sem d\u00favida a melhor t\u00e1tica para derrotar Bolsonaro. Estamos felizes e esperan\u00e7osos com essa decis\u00e3o. Na semana que vem j\u00e1 iniciaremos as conversas para participar do conselho pol\u00edtico da campanha e da\u00a0 coordena\u00e7\u00e3o do programa de governo\u201d, afirma Juliano Medeiros, presidente nacional do PSOL.<\/p>\n<p>Segundo o dirigente, o foco do partido ser\u00e1 construir uma campanha comprometida com um programa de esquerda, capaz de superar a crise gerada pelas pol\u00edticas neoliberais aprofundadas nos \u00faltimos anos.<\/p>\n<p>\u201cO pr\u00f3ximo passo agora ser\u00e1 abrir di\u00e1logo com a Rede Sustentabilidade para que a nossa federa\u00e7\u00e3o, fechada neste m\u00eas, possa formalmente compor a coliga\u00e7\u00e3o com o PT\u201d, explica Medeiros.<\/p>\n<h5><b data-stringify-type=\"bold\">Acordo program\u00e1tico entre PT e PSOL<\/b><\/h5>\n<p>Em fevereiro, a Executiva Nacional do PSOL aprovou a abertura de negocia\u00e7\u00f5es com o PT e demais partidos de esquerda para firmar uma alian\u00e7a eleitoral nas elei\u00e7\u00f5es de 2022 em torno da candidatura do ex-presidente Lula.<\/p>\n<p>No dia 25 de abril, o PT acolheu as propostas do PSOL ao programa de governo da pr\u00e9-candidatura, com pequenos ajustes, e se comprometeu a empreender esfor\u00e7os para reverter pol\u00edticas neoliberais, acentuadas desde o golpe de 2016. Entre as principais propostas program\u00e1ticas do PSOL que foram acolhidas est\u00e3o a revoga\u00e7\u00e3o da reforma trabalhista e do Teto de Gastos, assim como a necessidade de criar um novo marco fiscal.<\/p>\n","protected":false},"excerpt":{"rendered":"<p>Em confer\u00eancia eleitoral realizada neste s\u00e1bado (30), o Diret\u00f3rio Nacional do PSOL aprovou o apoio \u00e0 pr\u00e9-candidatura de Lula (PT) para a Presid\u00eancia da Rep\u00fablica. A reuni\u00e3o tamb\u00e9m definiu o programa pol\u00edtico que ser\u00e1 defendido pelo PSOL nas elei\u00e7\u00f5es de 2022. Leia a resolu\u00e7\u00e3o na \u00edntegra clicando aqui. \u201cA uni\u00e3o da esquerda em torno da [&hellip;]<\/p>\n","protected":false},"author":2,"featured_media":35691,"comment_status":"open","ping_status":"open","sticky":false,"template":"","format":"standard","meta":{"_acf_changed":false,"footnotes":""},"categories":[14],"tags":[4825],"class_list":{"0":"post-35688","1":"post","2":"type-post","3":"status-publish","4":"format-standard","5":"has-post-thumbnail","7":"category-partido","8":"tag-noticias"},"acf":[],"yoast_head":"<!-- This site is optimized with the Yoast SEO plugin v26.5 - https:\/\/yoast.com\/wordpress\/plugins\/seo\/ -->\n<title>PSOL oficializa apoio \u00e0 pr\u00e9-candidatura de Lula \u00e0 Presid\u00eancia da Rep\u00fablica<\/title>\n<meta name=\"description\" content=\"A decis\u00e3o foi tomada na confer\u00eancia eleitoral do partido realizada neste s\u00e1bado (30) pela manh\u00e3 em S\u00e3o Paulo (SP).\" \/>\n<meta name=\"robots\" content=\"index, follow, max-snippet:-1, max-image-preview:large, max-video-preview:-1\" \/>\n<link rel=\"canonical\" href=\"https:\/\/psol50.org.br\/psol-oficializa-apoio-a-pre-candidatura-de-lula-a-presidencia-da-republica\/\" \/>\n<meta property=\"og:locale\" content=\"pt_BR\" \/>\n<meta property=\"og:type\" content=\"article\" \/>\n<meta property=\"og:title\" content=\"PSOL oficializa apoio \u00e0 pr\u00e9-candidatura de Lula \u00e0 Presid\u00eancia da Rep\u00fablica\" \/>\n<meta property=\"og:description\" content=\"Pra livrar o Brasil de Bolsonaro!\" \/>\n<meta property=\"og:url\" content=\"https:\/\/psol50.org.br\/psol-oficializa-apoio-a-pre-candidatura-de-lula-a-presidencia-da-republica\/\" \/>\n<meta property=\"og:site_name\" content=\"PSOL 50\" \/>\n<meta property=\"article:publisher\" content=\"https:\/\/www.facebook.com\/psol50\" \/>\n<meta property=\"article:published_time\" content=\"2022-04-30T16:00:48+00:00\" \/>\n<meta property=\"article:modified_time\" content=\"2022-05-17T15:28:10+00:00\" \/>\n<meta property=\"og:image\" content=\"https:\/\/psol50.org.br\/inc\/uploads\/2022\/04\/29-04-2022_PSOLcomLula_Thumb.png\" \/>\n\t<meta property=\"og:image:width\" content=\"1350\" \/>\n\t<meta property=\"og:image:height\" content=\"900\" \/>\n\t<meta property=\"og:image:type\" content=\"image\/png\" \/>\n<meta name=\"author\" content=\"Comunica\u00e7\u00e3o PSOL\" \/>\n<meta name=\"twitter:card\" content=\"summary_large_image\" \/>\n<meta name=\"twitter:title\" content=\"PSOL oficializa apoio \u00e0 pr\u00e9-candidatura de Lula \u00e0 Presid\u00eancia da Rep\u00fablica\" \/>\n<meta name=\"twitter:description\" content=\"Pra livrar o Brasil de Bolsonaro!\" \/>\n<meta name=\"twitter:image\" content=\"https:\/\/psol50.org.br\/inc\/uploads\/2022\/04\/29-04-2022_PSOLcomLula_Thumb.png\" \/>\n<meta name=\"twitter:creator\" content=\"@psol50\" \/>\n<meta name=\"twitter:site\" content=\"@psol50\" \/>\n<meta name=\"twitter:label1\" content=\"Escrito por\" \/>\n\t<meta name=\"twitter:data1\" content=\"Comunica\u00e7\u00e3o PSOL\" \/>\n\t<meta name=\"twitter:label2\" content=\"Est. tempo de leitura\" \/>\n\t<meta name=\"twitter:data2\" content=\"1 minuto\" \/>\n<script type=\"application\/ld+json\" class=\"yoast-schema-graph\">{\"@context\":\"https:\/\/schema.org\",\"@graph\":[{\"@type\":\"Article\",\"@id\":\"https:\/\/psol50.org.br\/psol-oficializa-apoio-a-pre-candidatura-de-lula-a-presidencia-da-republica\/#article\",\"isPartOf\":{\"@id\":\"https:\/\/psol50.org.br\/psol-oficializa-apoio-a-pre-candidatura-de-lula-a-presidencia-da-republica\/\"},\"author\":{\"name\":\"Comunica\u00e7\u00e3o PSOL\",\"@id\":\"https:\/\/psol50.org.br\/#\/schema\/person\/475dfa57d0b815993c714c2e96491fcd\"},\"headline\":\"PSOL oficializa apoio \u00e0 pr\u00e9-candidatura de Lula \u00e0 Presid\u00eancia da Rep\u00fablica\",\"datePublished\":\"2022-04-30T16:00:48+00:00\",\"dateModified\":\"2022-05-17T15:28:10+00:00\",\"mainEntityOfPage\":{\"@id\":\"https:\/\/psol50.org.br\/psol-oficializa-apoio-a-pre-candidatura-de-lula-a-presidencia-da-republica\/\"},\"wordCount\":311,\"commentCount\":0,\"publisher\":{\"@id\":\"https:\/\/psol50.org.br\/#organization\"},\"image\":{\"@id\":\"https:\/\/psol50.org.br\/psol-oficializa-apoio-a-pre-candidatura-de-lula-a-presidencia-da-republica\/#primaryimage\"},\"thumbnailUrl\":\"https:\/\/psol50.org.br\/inc\/uploads\/2022\/04\/29-04-2022_PSOLcomLula_Thumb.png\",\"keywords\":[\"Not\u00edcias\"],\"articleSection\":[\"Partido\"],\"inLanguage\":\"pt-BR\",\"potentialAction\":[{\"@type\":\"CommentAction\",\"name\":\"Comment\",\"target\":[\"https:\/\/psol50.org.br\/psol-oficializa-apoio-a-pre-candidatura-de-lula-a-presidencia-da-republica\/#respond\"]}]},{\"@type\":\"WebPage\",\"@id\":\"https:\/\/psol50.org.br\/psol-oficializa-apoio-a-pre-candidatura-de-lula-a-presidencia-da-republica\/\",\"url\":\"https:\/\/psol50.org.br\/psol-oficializa-apoio-a-pre-candidatura-de-lula-a-presidencia-da-republica\/\",\"name\":\"PSOL oficializa apoio \u00e0 pr\u00e9-candidatura de Lula \u00e0 Presid\u00eancia da Rep\u00fablica\",\"isPartOf\":{\"@id\":\"https:\/\/psol50.org.br\/#website\"},\"primaryImageOfPage\":{\"@id\":\"https:\/\/psol50.org.br\/psol-oficializa-apoio-a-pre-candidatura-de-lula-a-presidencia-da-republica\/#primaryimage\"},\"image\":{\"@id\":\"https:\/\/psol50.org.br\/psol-oficializa-apoio-a-pre-candidatura-de-lula-a-presidencia-da-republica\/#primaryimage\"},\"thumbnailUrl\":\"https:\/\/psol50.org.br\/inc\/uploads\/2022\/04\/29-04-2022_PSOLcomLula_Thumb.png\",\"datePublished\":\"2022-04-30T16:00:48+00:00\",\"dateModified\":\"2022-05-17T15:28:10+00:00\",\"description\":\"A decis\u00e3o foi tomada na confer\u00eancia eleitoral do partido realizada neste s\u00e1bado (30) pela manh\u00e3 em S\u00e3o Paulo (SP).\",\"breadcrumb\":{\"@id\":\"https:\/\/psol50.org.br\/psol-oficializa-apoio-a-pre-candidatura-de-lula-a-presidencia-da-republica\/#breadcrumb\"},\"inLanguage\":\"pt-BR\",\"potentialAction\":[{\"@type\":\"ReadAction\",\"target\":[\"https:\/\/psol50.org.br\/psol-oficializa-apoio-a-pre-candidatura-de-lula-a-presidencia-da-republica\/\"]}]},{\"@type\":\"ImageObject\",\"inLanguage\":\"pt-BR\",\"@id\":\"https:\/\/psol50.org.br\/psol-oficializa-apoio-a-pre-candidatura-de-lula-a-presidencia-da-republica\/#primaryimage\",\"url\":\"https:\/\/psol50.org.br\/inc\/uploads\/2022\/04\/29-04-2022_PSOLcomLula_Thumb.png\",\"contentUrl\":\"https:\/\/psol50.org.br\/inc\/uploads\/2022\/04\/29-04-2022_PSOLcomLula_Thumb.png\",\"width\":1350,\"height\":900},{\"@type\":\"BreadcrumbList\",\"@id\":\"https:\/\/psol50.org.br\/psol-oficializa-apoio-a-pre-candidatura-de-lula-a-presidencia-da-republica\/#breadcrumb\",\"itemListElement\":[{\"@type\":\"ListItem\",\"position\":1,\"name\":\"In\u00edcio\",\"item\":\"https:\/\/psol50.org.br\/\"},{\"@type\":\"ListItem\",\"position\":2,\"name\":\"PSOL oficializa apoio \u00e0 pr\u00e9-candidatura de Lula \u00e0 Presid\u00eancia da Rep\u00fablica\"}]},{\"@type\":\"WebSite\",\"@id\":\"https:\/\/psol50.org.br\/#website\",\"url\":\"https:\/\/psol50.org.br\/\",\"name\":\"PSOL 50\",\"description\":\"Site oficial do Partido Socialismo e Liberdade\",\"publisher\":{\"@id\":\"https:\/\/psol50.org.br\/#organization\"},\"alternateName\":\"PSOL50\",\"potentialAction\":[{\"@type\":\"SearchAction\",\"target\":{\"@type\":\"EntryPoint\",\"urlTemplate\":\"https:\/\/psol50.org.br\/?s={search_term_string}\"},\"query-input\":{\"@type\":\"PropertyValueSpecification\",\"valueRequired\":true,\"valueName\":\"search_term_string\"}}],\"inLanguage\":\"pt-BR\"},{\"@type\":\"Organization\",\"@id\":\"https:\/\/psol50.org.br\/#organization\",\"name\":\"PSOL 50\",\"alternateName\":\"PSOL 50\",\"url\":\"https:\/\/psol50.org.br\/\",\"logo\":{\"@type\":\"ImageObject\",\"inLanguage\":\"pt-BR\",\"@id\":\"https:\/\/psol50.org.br\/#\/schema\/logo\/image\/\",\"url\":\"https:\/\/psol50.org.br\/inc\/uploads\/2018\/07\/capa.png\",\"contentUrl\":\"https:\/\/psol50.org.br\/inc\/uploads\/2018\/07\/capa.png\",\"width\":1350,\"height\":900,\"caption\":\"PSOL 50\"},\"image\":{\"@id\":\"https:\/\/psol50.org.br\/#\/schema\/logo\/image\/\"},\"sameAs\":[\"https:\/\/www.facebook.com\/psol50\",\"https:\/\/x.com\/psol50\",\"https:\/\/www.instagram.com\/psol50\/\",\"https:\/\/www.youtube.com\/channel\/UC7SnJS5o1os7a6CaiNabzcg\"]},{\"@type\":\"Person\",\"@id\":\"https:\/\/psol50.org.br\/#\/schema\/person\/475dfa57d0b815993c714c2e96491fcd\",\"name\":\"Comunica\u00e7\u00e3o PSOL\",\"image\":{\"@type\":\"ImageObject\",\"inLanguage\":\"pt-BR\",\"@id\":\"https:\/\/psol50.org.br\/#\/schema\/person\/image\/\",\"url\":\"https:\/\/secure.gravatar.com\/avatar\/b34fc4f4e468a4e51785917065a3db57b841f5c95dba6ad8c73aaf8f66f8f9bf?s=96&d=mm&r=g\",\"contentUrl\":\"https:\/\/secure.gravatar.com\/avatar\/b34fc4f4e468a4e51785917065a3db57b841f5c95dba6ad8c73aaf8f66f8f9bf?s=96&d=mm&r=g\",\"caption\":\"Comunica\u00e7\u00e3o PSOL\"}}]}<\/script>\n<!-- \/ Yoast SEO plugin. -->","yoast_head_json":{"title":"PSOL oficializa apoio \u00e0 pr\u00e9-candidatura de Lula \u00e0 Presid\u00eancia da Rep\u00fablica","description":"A decis\u00e3o foi tomada na confer\u00eancia eleitoral do partido realizada neste s\u00e1bado (30) pela manh\u00e3 em S\u00e3o Paulo (SP).","robots":{"index":"index","follow":"follow","max-snippet":"max-snippet:-1","max-image-preview":"max-image-preview:large","max-video-preview":"max-video-preview:-1"},"canonical":"https:\/\/psol50.org.br\/psol-oficializa-apoio-a-pre-candidatura-de-lula-a-presidencia-da-republica\/","og_locale":"pt_BR","og_type":"article","og_title":"PSOL oficializa apoio \u00e0 pr\u00e9-candidatura de Lula \u00e0 Presid\u00eancia da Rep\u00fablica","og_description":"Pra livrar o Brasil de Bolsonaro!","og_url":"https:\/\/psol50.org.br\/psol-oficializa-apoio-a-pre-candidatura-de-lula-a-presidencia-da-republica\/","og_site_name":"PSOL 50","article_publisher":"https:\/\/www.facebook.com\/psol50","article_published_time":"2022-04-30T16:00:48+00:00","article_modified_time":"2022-05-17T15:28:10+00:00","og_image":[{"width":1350,"height":900,"url":"https:\/\/psol50.org.br\/inc\/uploads\/2022\/04\/29-04-2022_PSOLcomLula_Thumb.png","type":"image\/png"}],"author":"Comunica\u00e7\u00e3o PSOL","twitter_card":"summary_large_image","twitter_title":"PSOL oficializa apoio \u00e0 pr\u00e9-candidatura de Lula \u00e0 Presid\u00eancia da Rep\u00fablica","twitter_description":"Pra livrar o Brasil de Bolsonaro!","twitter_image":"https:\/\/psol50.org.br\/inc\/uploads\/2022\/04\/29-04-2022_PSOLcomLula_Thumb.png","twitter_creator":"@psol50","twitter_site":"@psol50","twitter_misc":{"Escrito por":"Comunica\u00e7\u00e3o PSOL","Est. tempo de leitura":"1 minuto"},"schema":{"@context":"https:\/\/schema.org","@graph":[{"@type":"Article","@id":"https:\/\/psol50.org.br\/psol-oficializa-apoio-a-pre-candidatura-de-lula-a-presidencia-da-republica\/#article","isPartOf":{"@id":"https:\/\/psol50.org.br\/psol-oficializa-apoio-a-pre-candidatura-de-lula-a-presidencia-da-republica\/"},"author":{"name":"Comunica\u00e7\u00e3o PSOL","@id":"https:\/\/psol50.org.br\/#\/schema\/person\/475dfa57d0b815993c714c2e96491fcd"},"headline":"PSOL oficializa apoio \u00e0 pr\u00e9-candidatura de Lula \u00e0 Presid\u00eancia da Rep\u00fablica","datePublished":"2022-04-30T16:00:48+00:00","dateModified":"2022-05-17T15:28:10+00:00","mainEntityOfPage":{"@id":"https:\/\/psol50.org.br\/psol-oficializa-apoio-a-pre-candidatura-de-lula-a-presidencia-da-republica\/"},"wordCount":311,"commentCount":0,"publisher":{"@id":"https:\/\/psol50.org.br\/#organization"},"image":{"@id":"https:\/\/psol50.org.br\/psol-oficializa-apoio-a-pre-candidatura-de-lula-a-presidencia-da-republica\/#primaryimage"},"thumbnailUrl":"https:\/\/psol50.org.br\/inc\/uploads\/2022\/04\/29-04-2022_PSOLcomLula_Thumb.png","keywords":["Not\u00edcias"],"articleSection":["Partido"],"inLanguage":"pt-BR","potentialAction":[{"@type":"CommentAction","name":"Comment","target":["https:\/\/psol50.org.br\/psol-oficializa-apoio-a-pre-candidatura-de-lula-a-presidencia-da-republica\/#respond"]}]},{"@type":"WebPage","@id":"https:\/\/psol50.org.br\/psol-oficializa-apoio-a-pre-candidatura-de-lula-a-presidencia-da-republica\/","url":"https:\/\/psol50.org.br\/psol-oficializa-apoio-a-pre-candidatura-de-lula-a-presidencia-da-republica\/","name":"PSOL oficializa apoio \u00e0 pr\u00e9-candidatura de Lula \u00e0 Presid\u00eancia da Rep\u00fablica","isPartOf":{"@id":"https:\/\/psol50.org.br\/#website"},"primaryImageOfPage":{"@id":"https:\/\/psol50.org.br\/psol-oficializa-apoio-a-pre-candidatura-de-lula-a-presidencia-da-republica\/#primaryimage"},"image":{"@id":"https:\/\/psol50.org.br\/psol-oficializa-apoio-a-pre-candidatura-de-lula-a-presidencia-da-republica\/#primaryimage"},"thumbnailUrl":"https:\/\/psol50.org.br\/inc\/uploads\/2022\/04\/29-04-2022_PSOLcomLula_Thumb.png","datePublished":"2022-04-30T16:00:48+00:00","dateModified":"2022-05-17T15:28:10+00:00","description":"A decis\u00e3o foi tomada na confer\u00eancia eleitoral do partido realizada neste s\u00e1bado (30) pela manh\u00e3 em S\u00e3o Paulo (SP).","breadcrumb":{"@id":"https:\/\/psol50.org.br\/psol-oficializa-apoio-a-pre-candidatura-de-lula-a-presidencia-da-republica\/#breadcrumb"},"inLanguage":"pt-BR","potentialAction":[{"@type":"ReadAction","target":["https:\/\/psol50.org.br\/psol-oficializa-apoio-a-pre-candidatura-de-lula-a-presidencia-da-republica\/"]}]},{"@type":"ImageObject","inLanguage":"pt-BR","@id":"https:\/\/psol50.org.br\/psol-oficializa-apoio-a-pre-candidatura-de-lula-a-presidencia-da-republica\/#primaryimage","url":"https:\/\/psol50.org.br\/inc\/uploads\/2022\/04\/29-04-2022_PSOLcomLula_Thumb.png","contentUrl":"https:\/\/psol50.org.br\/inc\/uploads\/2022\/04\/29-04-2022_PSOLcomLula_Thumb.png","width":1350,"height":900},{"@type":"BreadcrumbList","@id":"https:\/\/psol50.org.br\/psol-oficializa-apoio-a-pre-candidatura-de-lula-a-presidencia-da-republica\/#breadcrumb","itemListElement":[{"@type":"ListItem","position":1,"name":"In\u00edcio","item":"https:\/\/psol50.org.br\/"},{"@type":"ListItem","position":2,"name":"PSOL oficializa apoio \u00e0 pr\u00e9-candidatura de Lula \u00e0 Presid\u00eancia da Rep\u00fablica"}]},{"@type":"WebSite","@id":"https:\/\/psol50.org.br\/#website","url":"https:\/\/psol50.org.br\/","name":"PSOL 50","description":"Site oficial do Partido Socialismo e Liberdade","publisher":{"@id":"https:\/\/psol50.org.br\/#organization"},"alternateName":"PSOL50","potentialAction":[{"@type":"SearchAction","target":{"@type":"EntryPoint","urlTemplate":"https:\/\/psol50.org.br\/?s={search_term_string}"},"query-input":{"@type":"PropertyValueSpecification","valueRequired":true,"valueName":"search_term_string"}}],"inLanguage":"pt-BR"},{"@type":"Organization","@id":"https:\/\/psol50.org.br\/#organization","name":"PSOL 50","alternateName":"PSOL 50","url":"https:\/\/psol50.org.br\/","logo":{"@type":"ImageObject","inLanguage":"pt-BR","@id":"https:\/\/psol50.org.br\/#\/schema\/logo\/image\/","url":"https:\/\/psol50.org.br\/inc\/uploads\/2018\/07\/capa.png","contentUrl":"https:\/\/psol50.org.br\/inc\/uploads\/2018\/07\/capa.png","width":1350,"height":900,"caption":"PSOL 50"},"image":{"@id":"https:\/\/psol50.org.br\/#\/schema\/logo\/image\/"},"sameAs":["https:\/\/www.facebook.com\/psol50","https:\/\/x.com\/psol50","https:\/\/www.instagram.com\/psol50\/","https:\/\/www.youtube.com\/channel\/UC7SnJS5o1os7a6CaiNabzcg"]},{"@type":"Person","@id":"https:\/\/psol50.org.br\/#\/schema\/person\/475dfa57d0b815993c714c2e96491fcd","name":"Comunica\u00e7\u00e3o PSOL","image":{"@type":"ImageObject","inLanguage":"pt-BR","@id":"https:\/\/psol50.org.br\/#\/schema\/person\/image\/","url":"https:\/\/secure.gravatar.com\/avatar\/b34fc4f4e468a4e51785917065a3db57b841f5c95dba6ad8c73aaf8f66f8f9bf?s=96&d=mm&r=g","contentUrl":"https:\/\/secure.gravatar.com\/avatar\/b34fc4f4e468a4e51785917065a3db57b841f5c95dba6ad8c73aaf8f66f8f9bf?s=96&d=mm&r=g","caption":"Comunica\u00e7\u00e3o PSOL"}}]}},"_links":{"self":[{"href":"https:\/\/psol50.org.br\/rest\/wp\/v2\/posts\/35688","targetHints":{"allow":["GET"]}}],"collection":[{"href":"https:\/\/psol50.org.br\/rest\/wp\/v2\/posts"}],"about":[{"href":"https:\/\/psol50.org.br\/rest\/wp\/v2\/types\/post"}],"author":[{"embeddable":true,"href":"https:\/\/psol50.org.br\/rest\/wp\/v2\/users\/2"}],"replies":[{"embeddable":true,"href":"https:\/\/psol50.org.br\/rest\/wp\/v2\/comments?post=35688"}],"version-history":[{"count":4,"href":"https:\/\/psol50.org.br\/rest\/wp\/v2\/posts\/35688\/revisions"}],"predecessor-version":[{"id":35703,"href":"https:\/\/psol50.org.br\/rest\/wp\/v2\/posts\/35688\/revisions\/35703"}],"wp:featuredmedia":[{"embeddable":true,"href":"https:\/\/psol50.org.br\/rest\/wp\/v2\/media\/35691"}],"wp:attachment":[{"href":"https:\/\/psol50.org.br\/rest\/wp\/v2\/media?parent=35688"}],"wp:term":[{"taxonomy":"category","embeddable":true,"href":"https:\/\/psol50.org.br\/rest\/wp\/v2\/categories?post=35688"},{"taxonomy":"post_tag","embeddable":true,"href":"https:\/\/psol50.org.br\/rest\/wp\/v2\/tags?post=35688"}],"curies":[{"name":"wp","href":"https:\/\/api.w.org\/{rel}","templated":true}]}}