{"id":35705,"date":"2022-05-03T13:58:11","date_gmt":"2022-05-03T16:58:11","guid":{"rendered":"https:\/\/psol50.org.br\/?p=35705"},"modified":"2022-05-03T13:58:11","modified_gmt":"2022-05-03T16:58:11","slug":"psol-aciona-justica-contra-bolsonaro-por-uso-de-tv-publica-para-autopropaganda","status":"publish","type":"post","link":"https:\/\/psol50.org.br\/psol-aciona-justica-contra-bolsonaro-por-uso-de-tv-publica-para-autopropaganda\/","title":{"rendered":"PSOL aciona Justi\u00e7a contra Bolsonaro por uso de TV p\u00fablica para autopropaganda"},"content":{"rendered":"<p>A bancada do PSOL na C\u00e2mara dos Deputados acionou a Procuradoria Federal dos Direitos do Cidad\u00e3o do Minist\u00e9rio P\u00fablico Federal (PFDC\/MPF) contra Jair Bolsonaro e o ministro das Comunica\u00e7\u00f5es, F\u00e1bio Faria, pelo aumento do uso de tempo da TV Brasil para fazer propaganda dele e de seu governo.<\/p>\n<p>Reportagem da coluna Bela Megale, no jornal O Globo, revelou que, nos \u00faltimos tr\u00eas anos, a programa\u00e7\u00e3o da TV Brasil foi interrompida 528 vezes para exibir eventos do presidente Bolsonaro. As inser\u00e7\u00f5es somam nada menos que 373 horas de exibi\u00e7\u00f5es da grade hor\u00e1ria do canal p\u00fablico, ligado \u00e0 Empresa Brasileira de Comunica\u00e7\u00e3o (EBC).<\/p>\n<p>Um levantamento feito pela Frente em Defesa da EBC e da Comunica\u00e7\u00e3o P\u00fablica mostrou que o governo intensificou o uso da TV Brasil para fazer propaganda de seus integrantes e iniciativas. A bancada do PSOL na C\u00e2mara reclama que o Executivo \u201cfaz dos sistemas p\u00fablicos de comunica\u00e7\u00e3o um verdadeiro palanque eleitoral\u201d.<\/p>\n<p>\u201cO conte\u00fado de campanha eleitoral das falas e a\u00e7\u00f5es do Presidente Bolsonaro s\u00e3o evidentes \u2013 e a utiliza\u00e7\u00e3o do sistema governamental de comunica\u00e7\u00e3o p\u00fablica para isso \u00e9 ilegal. A EBC \u00e9 uma empresa p\u00fablica, de modo a ser meio vedado para veicula\u00e7\u00e3o de propaganda eleitoral durante o per\u00edodo de campanha\u201d, afirmam na representa\u00e7\u00e3o.<\/p>\n","protected":false},"excerpt":{"rendered":"<p>A bancada do PSOL na C\u00e2mara dos Deputados acionou a Procuradoria Federal dos Direitos do Cidad\u00e3o do Minist\u00e9rio P\u00fablico Federal (PFDC\/MPF) contra Jair Bolsonaro e o ministro das Comunica\u00e7\u00f5es, F\u00e1bio Faria, pelo aumento do uso de tempo da TV Brasil para fazer propaganda dele e de seu governo. Reportagem da coluna Bela Megale, no jornal [&hellip;]<\/p>\n","protected":false},"author":2,"featured_media":35708,"comment_status":"open","ping_status":"open","sticky":false,"template":"","format":"standard","meta":{"_acf_changed":false,"footnotes":""},"categories":[10],"tags":[4825],"class_list":{"0":"post-35705","1":"post","2":"type-post","3":"status-publish","4":"format-standard","5":"has-post-thumbnail","7":"category-acao-parlamentares","8":"tag-noticias"},"acf":[],"yoast_head":"<!-- This site is optimized with the Yoast SEO plugin v26.5 - https:\/\/yoast.com\/wordpress\/plugins\/seo\/ -->\n<title>PSOL aciona Justi\u00e7a contra Bolsonaro por uso de TV p\u00fablica para autopropaganda<\/title>\n<meta name=\"description\" content=\"Uso eleitoreiro da TV Brasil e da Empresa Brasil de Comunica\u00e7\u00e3o (EBC) \u00e9 objeto da a\u00e7\u00e3o do PSOL contra Bolsonaro e F\u00e1bio Faria, ministro das Comunica\u00e7\u00f5es.\" \/>\n<meta name=\"robots\" content=\"index, follow, max-snippet:-1, max-image-preview:large, max-video-preview:-1\" \/>\n<link rel=\"canonical\" href=\"https:\/\/psol50.org.br\/psol-aciona-justica-contra-bolsonaro-por-uso-de-tv-publica-para-autopropaganda\/\" \/>\n<meta property=\"og:locale\" content=\"pt_BR\" \/>\n<meta property=\"og:type\" content=\"article\" \/>\n<meta property=\"og:title\" content=\"PSOL aciona Justi\u00e7a contra Bolsonaro por uso de TV p\u00fablica para autopropaganda\" \/>\n<meta property=\"og:description\" content=\"Uso eleitoreiro da TV Brasil e da Empresa Brasil de Comunica\u00e7\u00e3o (EBC) \u00e9 objeto da a\u00e7\u00e3o do PSOL contra Bolsonaro e F\u00e1bio Faria, ministro das Comunica\u00e7\u00f5es.\" \/>\n<meta property=\"og:url\" content=\"https:\/\/psol50.org.br\/psol-aciona-justica-contra-bolsonaro-por-uso-de-tv-publica-para-autopropaganda\/\" \/>\n<meta property=\"og:site_name\" content=\"PSOL 50\" \/>\n<meta property=\"article:publisher\" content=\"https:\/\/www.facebook.com\/psol50\" \/>\n<meta property=\"article:published_time\" content=\"2022-05-03T16:58:11+00:00\" \/>\n<meta property=\"og:image\" content=\"https:\/\/psol50.org.br\/inc\/uploads\/2022\/05\/bolso.jpeg\" \/>\n\t<meta property=\"og:image:width\" content=\"1170\" \/>\n\t<meta property=\"og:image:height\" content=\"700\" \/>\n\t<meta property=\"og:image:type\" content=\"image\/jpeg\" \/>\n<meta name=\"author\" content=\"Comunica\u00e7\u00e3o PSOL\" \/>\n<meta name=\"twitter:card\" content=\"summary_large_image\" \/>\n<meta name=\"twitter:creator\" content=\"@psol50\" \/>\n<meta name=\"twitter:site\" content=\"@psol50\" \/>\n<meta name=\"twitter:label1\" content=\"Escrito por\" \/>\n\t<meta name=\"twitter:data1\" content=\"Comunica\u00e7\u00e3o PSOL\" \/>\n\t<meta name=\"twitter:label2\" content=\"Est. tempo de leitura\" \/>\n\t<meta name=\"twitter:data2\" content=\"1 minuto\" \/>\n<script type=\"application\/ld+json\" class=\"yoast-schema-graph\">{\"@context\":\"https:\/\/schema.org\",\"@graph\":[{\"@type\":\"Article\",\"@id\":\"https:\/\/psol50.org.br\/psol-aciona-justica-contra-bolsonaro-por-uso-de-tv-publica-para-autopropaganda\/#article\",\"isPartOf\":{\"@id\":\"https:\/\/psol50.org.br\/psol-aciona-justica-contra-bolsonaro-por-uso-de-tv-publica-para-autopropaganda\/\"},\"author\":{\"name\":\"Comunica\u00e7\u00e3o PSOL\",\"@id\":\"https:\/\/psol50.org.br\/#\/schema\/person\/475dfa57d0b815993c714c2e96491fcd\"},\"headline\":\"PSOL aciona Justi\u00e7a contra Bolsonaro por uso de TV p\u00fablica para autopropaganda\",\"datePublished\":\"2022-05-03T16:58:11+00:00\",\"mainEntityOfPage\":{\"@id\":\"https:\/\/psol50.org.br\/psol-aciona-justica-contra-bolsonaro-por-uso-de-tv-publica-para-autopropaganda\/\"},\"wordCount\":242,\"commentCount\":0,\"publisher\":{\"@id\":\"https:\/\/psol50.org.br\/#organization\"},\"image\":{\"@id\":\"https:\/\/psol50.org.br\/psol-aciona-justica-contra-bolsonaro-por-uso-de-tv-publica-para-autopropaganda\/#primaryimage\"},\"thumbnailUrl\":\"https:\/\/psol50.org.br\/inc\/uploads\/2022\/05\/bolso.jpeg\",\"keywords\":[\"Not\u00edcias\"],\"articleSection\":[\"A\u00e7\u00e3o Parlamentar\"],\"inLanguage\":\"pt-BR\",\"potentialAction\":[{\"@type\":\"CommentAction\",\"name\":\"Comment\",\"target\":[\"https:\/\/psol50.org.br\/psol-aciona-justica-contra-bolsonaro-por-uso-de-tv-publica-para-autopropaganda\/#respond\"]}]},{\"@type\":\"WebPage\",\"@id\":\"https:\/\/psol50.org.br\/psol-aciona-justica-contra-bolsonaro-por-uso-de-tv-publica-para-autopropaganda\/\",\"url\":\"https:\/\/psol50.org.br\/psol-aciona-justica-contra-bolsonaro-por-uso-de-tv-publica-para-autopropaganda\/\",\"name\":\"PSOL aciona Justi\u00e7a contra Bolsonaro por uso de TV p\u00fablica para autopropaganda\",\"isPartOf\":{\"@id\":\"https:\/\/psol50.org.br\/#website\"},\"primaryImageOfPage\":{\"@id\":\"https:\/\/psol50.org.br\/psol-aciona-justica-contra-bolsonaro-por-uso-de-tv-publica-para-autopropaganda\/#primaryimage\"},\"image\":{\"@id\":\"https:\/\/psol50.org.br\/psol-aciona-justica-contra-bolsonaro-por-uso-de-tv-publica-para-autopropaganda\/#primaryimage\"},\"thumbnailUrl\":\"https:\/\/psol50.org.br\/inc\/uploads\/2022\/05\/bolso.jpeg\",\"datePublished\":\"2022-05-03T16:58:11+00:00\",\"description\":\"Uso eleitoreiro da TV Brasil e da Empresa Brasil de Comunica\u00e7\u00e3o (EBC) \u00e9 objeto da a\u00e7\u00e3o do PSOL contra Bolsonaro e F\u00e1bio Faria, ministro das Comunica\u00e7\u00f5es.\",\"breadcrumb\":{\"@id\":\"https:\/\/psol50.org.br\/psol-aciona-justica-contra-bolsonaro-por-uso-de-tv-publica-para-autopropaganda\/#breadcrumb\"},\"inLanguage\":\"pt-BR\",\"potentialAction\":[{\"@type\":\"ReadAction\",\"target\":[\"https:\/\/psol50.org.br\/psol-aciona-justica-contra-bolsonaro-por-uso-de-tv-publica-para-autopropaganda\/\"]}]},{\"@type\":\"ImageObject\",\"inLanguage\":\"pt-BR\",\"@id\":\"https:\/\/psol50.org.br\/psol-aciona-justica-contra-bolsonaro-por-uso-de-tv-publica-para-autopropaganda\/#primaryimage\",\"url\":\"https:\/\/psol50.org.br\/inc\/uploads\/2022\/05\/bolso.jpeg\",\"contentUrl\":\"https:\/\/psol50.org.br\/inc\/uploads\/2022\/05\/bolso.jpeg\",\"width\":1170,\"height\":700,\"caption\":\"Foto: Reprodu\u00e7\u00e3o\/TV Brasil\"},{\"@type\":\"BreadcrumbList\",\"@id\":\"https:\/\/psol50.org.br\/psol-aciona-justica-contra-bolsonaro-por-uso-de-tv-publica-para-autopropaganda\/#breadcrumb\",\"itemListElement\":[{\"@type\":\"ListItem\",\"position\":1,\"name\":\"In\u00edcio\",\"item\":\"https:\/\/psol50.org.br\/\"},{\"@type\":\"ListItem\",\"position\":2,\"name\":\"PSOL aciona Justi\u00e7a contra Bolsonaro por uso de TV p\u00fablica para autopropaganda\"}]},{\"@type\":\"WebSite\",\"@id\":\"https:\/\/psol50.org.br\/#website\",\"url\":\"https:\/\/psol50.org.br\/\",\"name\":\"PSOL 50\",\"description\":\"Site oficial do Partido Socialismo e Liberdade\",\"publisher\":{\"@id\":\"https:\/\/psol50.org.br\/#organization\"},\"alternateName\":\"PSOL50\",\"potentialAction\":[{\"@type\":\"SearchAction\",\"target\":{\"@type\":\"EntryPoint\",\"urlTemplate\":\"https:\/\/psol50.org.br\/?s={search_term_string}\"},\"query-input\":{\"@type\":\"PropertyValueSpecification\",\"valueRequired\":true,\"valueName\":\"search_term_string\"}}],\"inLanguage\":\"pt-BR\"},{\"@type\":\"Organization\",\"@id\":\"https:\/\/psol50.org.br\/#organization\",\"name\":\"PSOL 50\",\"alternateName\":\"PSOL 50\",\"url\":\"https:\/\/psol50.org.br\/\",\"logo\":{\"@type\":\"ImageObject\",\"inLanguage\":\"pt-BR\",\"@id\":\"https:\/\/psol50.org.br\/#\/schema\/logo\/image\/\",\"url\":\"https:\/\/psol50.org.br\/inc\/uploads\/2018\/07\/capa.png\",\"contentUrl\":\"https:\/\/psol50.org.br\/inc\/uploads\/2018\/07\/capa.png\",\"width\":1350,\"height\":900,\"caption\":\"PSOL 50\"},\"image\":{\"@id\":\"https:\/\/psol50.org.br\/#\/schema\/logo\/image\/\"},\"sameAs\":[\"https:\/\/www.facebook.com\/psol50\",\"https:\/\/x.com\/psol50\",\"https:\/\/www.instagram.com\/psol50\/\",\"https:\/\/www.youtube.com\/channel\/UC7SnJS5o1os7a6CaiNabzcg\"]},{\"@type\":\"Person\",\"@id\":\"https:\/\/psol50.org.br\/#\/schema\/person\/475dfa57d0b815993c714c2e96491fcd\",\"name\":\"Comunica\u00e7\u00e3o PSOL\",\"image\":{\"@type\":\"ImageObject\",\"inLanguage\":\"pt-BR\",\"@id\":\"https:\/\/psol50.org.br\/#\/schema\/person\/image\/\",\"url\":\"https:\/\/secure.gravatar.com\/avatar\/b34fc4f4e468a4e51785917065a3db57b841f5c95dba6ad8c73aaf8f66f8f9bf?s=96&d=mm&r=g\",\"contentUrl\":\"https:\/\/secure.gravatar.com\/avatar\/b34fc4f4e468a4e51785917065a3db57b841f5c95dba6ad8c73aaf8f66f8f9bf?s=96&d=mm&r=g\",\"caption\":\"Comunica\u00e7\u00e3o PSOL\"}}]}<\/script>\n<!-- \/ Yoast SEO plugin. -->","yoast_head_json":{"title":"PSOL aciona Justi\u00e7a contra Bolsonaro por uso de TV p\u00fablica para autopropaganda","description":"Uso eleitoreiro da TV Brasil e da Empresa Brasil de Comunica\u00e7\u00e3o (EBC) \u00e9 objeto da a\u00e7\u00e3o do PSOL contra Bolsonaro e F\u00e1bio Faria, ministro das Comunica\u00e7\u00f5es.","robots":{"index":"index","follow":"follow","max-snippet":"max-snippet:-1","max-image-preview":"max-image-preview:large","max-video-preview":"max-video-preview:-1"},"canonical":"https:\/\/psol50.org.br\/psol-aciona-justica-contra-bolsonaro-por-uso-de-tv-publica-para-autopropaganda\/","og_locale":"pt_BR","og_type":"article","og_title":"PSOL aciona Justi\u00e7a contra Bolsonaro por uso de TV p\u00fablica para autopropaganda","og_description":"Uso eleitoreiro da TV Brasil e da Empresa Brasil de Comunica\u00e7\u00e3o (EBC) \u00e9 objeto da a\u00e7\u00e3o do PSOL contra Bolsonaro e F\u00e1bio Faria, ministro das Comunica\u00e7\u00f5es.","og_url":"https:\/\/psol50.org.br\/psol-aciona-justica-contra-bolsonaro-por-uso-de-tv-publica-para-autopropaganda\/","og_site_name":"PSOL 50","article_publisher":"https:\/\/www.facebook.com\/psol50","article_published_time":"2022-05-03T16:58:11+00:00","og_image":[{"width":1170,"height":700,"url":"https:\/\/psol50.org.br\/inc\/uploads\/2022\/05\/bolso.jpeg","type":"image\/jpeg"}],"author":"Comunica\u00e7\u00e3o PSOL","twitter_card":"summary_large_image","twitter_creator":"@psol50","twitter_site":"@psol50","twitter_misc":{"Escrito por":"Comunica\u00e7\u00e3o PSOL","Est. tempo de leitura":"1 minuto"},"schema":{"@context":"https:\/\/schema.org","@graph":[{"@type":"Article","@id":"https:\/\/psol50.org.br\/psol-aciona-justica-contra-bolsonaro-por-uso-de-tv-publica-para-autopropaganda\/#article","isPartOf":{"@id":"https:\/\/psol50.org.br\/psol-aciona-justica-contra-bolsonaro-por-uso-de-tv-publica-para-autopropaganda\/"},"author":{"name":"Comunica\u00e7\u00e3o PSOL","@id":"https:\/\/psol50.org.br\/#\/schema\/person\/475dfa57d0b815993c714c2e96491fcd"},"headline":"PSOL aciona Justi\u00e7a contra Bolsonaro por uso de TV p\u00fablica para autopropaganda","datePublished":"2022-05-03T16:58:11+00:00","mainEntityOfPage":{"@id":"https:\/\/psol50.org.br\/psol-aciona-justica-contra-bolsonaro-por-uso-de-tv-publica-para-autopropaganda\/"},"wordCount":242,"commentCount":0,"publisher":{"@id":"https:\/\/psol50.org.br\/#organization"},"image":{"@id":"https:\/\/psol50.org.br\/psol-aciona-justica-contra-bolsonaro-por-uso-de-tv-publica-para-autopropaganda\/#primaryimage"},"thumbnailUrl":"https:\/\/psol50.org.br\/inc\/uploads\/2022\/05\/bolso.jpeg","keywords":["Not\u00edcias"],"articleSection":["A\u00e7\u00e3o Parlamentar"],"inLanguage":"pt-BR","potentialAction":[{"@type":"CommentAction","name":"Comment","target":["https:\/\/psol50.org.br\/psol-aciona-justica-contra-bolsonaro-por-uso-de-tv-publica-para-autopropaganda\/#respond"]}]},{"@type":"WebPage","@id":"https:\/\/psol50.org.br\/psol-aciona-justica-contra-bolsonaro-por-uso-de-tv-publica-para-autopropaganda\/","url":"https:\/\/psol50.org.br\/psol-aciona-justica-contra-bolsonaro-por-uso-de-tv-publica-para-autopropaganda\/","name":"PSOL aciona Justi\u00e7a contra Bolsonaro por uso de TV p\u00fablica para autopropaganda","isPartOf":{"@id":"https:\/\/psol50.org.br\/#website"},"primaryImageOfPage":{"@id":"https:\/\/psol50.org.br\/psol-aciona-justica-contra-bolsonaro-por-uso-de-tv-publica-para-autopropaganda\/#primaryimage"},"image":{"@id":"https:\/\/psol50.org.br\/psol-aciona-justica-contra-bolsonaro-por-uso-de-tv-publica-para-autopropaganda\/#primaryimage"},"thumbnailUrl":"https:\/\/psol50.org.br\/inc\/uploads\/2022\/05\/bolso.jpeg","datePublished":"2022-05-03T16:58:11+00:00","description":"Uso eleitoreiro da TV Brasil e da Empresa Brasil de Comunica\u00e7\u00e3o (EBC) \u00e9 objeto da a\u00e7\u00e3o do PSOL contra Bolsonaro e F\u00e1bio Faria, ministro das Comunica\u00e7\u00f5es.","breadcrumb":{"@id":"https:\/\/psol50.org.br\/psol-aciona-justica-contra-bolsonaro-por-uso-de-tv-publica-para-autopropaganda\/#breadcrumb"},"inLanguage":"pt-BR","potentialAction":[{"@type":"ReadAction","target":["https:\/\/psol50.org.br\/psol-aciona-justica-contra-bolsonaro-por-uso-de-tv-publica-para-autopropaganda\/"]}]},{"@type":"ImageObject","inLanguage":"pt-BR","@id":"https:\/\/psol50.org.br\/psol-aciona-justica-contra-bolsonaro-por-uso-de-tv-publica-para-autopropaganda\/#primaryimage","url":"https:\/\/psol50.org.br\/inc\/uploads\/2022\/05\/bolso.jpeg","contentUrl":"https:\/\/psol50.org.br\/inc\/uploads\/2022\/05\/bolso.jpeg","width":1170,"height":700,"caption":"Foto: Reprodu\u00e7\u00e3o\/TV Brasil"},{"@type":"BreadcrumbList","@id":"https:\/\/psol50.org.br\/psol-aciona-justica-contra-bolsonaro-por-uso-de-tv-publica-para-autopropaganda\/#breadcrumb","itemListElement":[{"@type":"ListItem","position":1,"name":"In\u00edcio","item":"https:\/\/psol50.org.br\/"},{"@type":"ListItem","position":2,"name":"PSOL aciona Justi\u00e7a contra Bolsonaro por uso de TV p\u00fablica para autopropaganda"}]},{"@type":"WebSite","@id":"https:\/\/psol50.org.br\/#website","url":"https:\/\/psol50.org.br\/","name":"PSOL 50","description":"Site oficial do Partido Socialismo e Liberdade","publisher":{"@id":"https:\/\/psol50.org.br\/#organization"},"alternateName":"PSOL50","potentialAction":[{"@type":"SearchAction","target":{"@type":"EntryPoint","urlTemplate":"https:\/\/psol50.org.br\/?s={search_term_string}"},"query-input":{"@type":"PropertyValueSpecification","valueRequired":true,"valueName":"search_term_string"}}],"inLanguage":"pt-BR"},{"@type":"Organization","@id":"https:\/\/psol50.org.br\/#organization","name":"PSOL 50","alternateName":"PSOL 50","url":"https:\/\/psol50.org.br\/","logo":{"@type":"ImageObject","inLanguage":"pt-BR","@id":"https:\/\/psol50.org.br\/#\/schema\/logo\/image\/","url":"https:\/\/psol50.org.br\/inc\/uploads\/2018\/07\/capa.png","contentUrl":"https:\/\/psol50.org.br\/inc\/uploads\/2018\/07\/capa.png","width":1350,"height":900,"caption":"PSOL 50"},"image":{"@id":"https:\/\/psol50.org.br\/#\/schema\/logo\/image\/"},"sameAs":["https:\/\/www.facebook.com\/psol50","https:\/\/x.com\/psol50","https:\/\/www.instagram.com\/psol50\/","https:\/\/www.youtube.com\/channel\/UC7SnJS5o1os7a6CaiNabzcg"]},{"@type":"Person","@id":"https:\/\/psol50.org.br\/#\/schema\/person\/475dfa57d0b815993c714c2e96491fcd","name":"Comunica\u00e7\u00e3o PSOL","image":{"@type":"ImageObject","inLanguage":"pt-BR","@id":"https:\/\/psol50.org.br\/#\/schema\/person\/image\/","url":"https:\/\/secure.gravatar.com\/avatar\/b34fc4f4e468a4e51785917065a3db57b841f5c95dba6ad8c73aaf8f66f8f9bf?s=96&d=mm&r=g","contentUrl":"https:\/\/secure.gravatar.com\/avatar\/b34fc4f4e468a4e51785917065a3db57b841f5c95dba6ad8c73aaf8f66f8f9bf?s=96&d=mm&r=g","caption":"Comunica\u00e7\u00e3o PSOL"}}]}},"_links":{"self":[{"href":"https:\/\/psol50.org.br\/rest\/wp\/v2\/posts\/35705","targetHints":{"allow":["GET"]}}],"collection":[{"href":"https:\/\/psol50.org.br\/rest\/wp\/v2\/posts"}],"about":[{"href":"https:\/\/psol50.org.br\/rest\/wp\/v2\/types\/post"}],"author":[{"embeddable":true,"href":"https:\/\/psol50.org.br\/rest\/wp\/v2\/users\/2"}],"replies":[{"embeddable":true,"href":"https:\/\/psol50.org.br\/rest\/wp\/v2\/comments?post=35705"}],"version-history":[{"count":2,"href":"https:\/\/psol50.org.br\/rest\/wp\/v2\/posts\/35705\/revisions"}],"predecessor-version":[{"id":35707,"href":"https:\/\/psol50.org.br\/rest\/wp\/v2\/posts\/35705\/revisions\/35707"}],"wp:featuredmedia":[{"embeddable":true,"href":"https:\/\/psol50.org.br\/rest\/wp\/v2\/media\/35708"}],"wp:attachment":[{"href":"https:\/\/psol50.org.br\/rest\/wp\/v2\/media?parent=35705"}],"wp:term":[{"taxonomy":"category","embeddable":true,"href":"https:\/\/psol50.org.br\/rest\/wp\/v2\/categories?post=35705"},{"taxonomy":"post_tag","embeddable":true,"href":"https:\/\/psol50.org.br\/rest\/wp\/v2\/tags?post=35705"}],"curies":[{"name":"wp","href":"https:\/\/api.w.org\/{rel}","templated":true}]}}