{"id":35747,"date":"2022-05-10T17:46:48","date_gmt":"2022-05-10T20:46:48","guid":{"rendered":"https:\/\/psol50.org.br\/?p=35747"},"modified":"2022-05-10T17:46:48","modified_gmt":"2022-05-10T20:46:48","slug":"psol-pede-convocacao-de-augusto-heleno-para-cobrar-explicacoes-de-encontro-com-a-cia","status":"publish","type":"post","link":"https:\/\/psol50.org.br\/psol-pede-convocacao-de-augusto-heleno-para-cobrar-explicacoes-de-encontro-com-a-cia\/","title":{"rendered":"PSOL pede convoca\u00e7\u00e3o de Augusto Heleno para cobrar explica\u00e7\u00f5es de encontro com a CIA"},"content":{"rendered":"<p>O PSOL, atrav\u00e9s do deputado federal Glauber Braga, apresentou um requerimento de convoca\u00e7\u00e3o do General Augusto Heleno, ministro do Gabinete de Seguran\u00e7a Institucional (GSI) do governo Bolsonaro, nesta semana na C\u00e2mara dos Deputados.<\/p>\n<p>O motivo da a\u00e7\u00e3o \u00e9 a revela\u00e7\u00e3o de que o ministro conversou com William Burns, diretor da <span dir=\"ltr\" role=\"presentation\"> Ag\u00eancia Central de <\/span><span dir=\"ltr\" role=\"presentation\">Intelig\u00eancia dos Estados Unidos (<\/span>CIA), em julho de 2021 sobre o sistema eleitoral brasileiro.<\/p>\n<p>Segundo a ag\u00eancia de not\u00edcias Reuters, o diretor da CIA <span dir=\"ltr\" role=\"presentation\">disse a autoridades brasileiras que <\/span><span dir=\"ltr\" role=\"presentation\">Jair Bolsonaro deveria parar de questionar o sistema eleitoral do pa\u00eds. <\/span><span dir=\"ltr\" role=\"presentation\">Heleno nega que o tema tenha sido tratado, mas outra fonte confirmou \u00e0 <\/span><span dir=\"ltr\" role=\"presentation\">Reuters que a mensagem em quest\u00e3o foi transmitida na ocasi\u00e3o.<\/span><\/p>\n<p><span dir=\"ltr\" role=\"presentation\">&#8220;Cumpre ressaltar que o hist\u00f3rico de interven\u00e7\u00f5es do governo dos Estados <\/span><span dir=\"ltr\" role=\"presentation\">Unidos da Am\u00e9rica em assuntos internos de nossa Rep\u00fablica e outros <\/span><span dir=\"ltr\" role=\"presentation\">pa\u00edses latinoamericanos \u00e9 de amplo conhecimento e atravessam d\u00e9cadas&#8221;, lembra o deputado Glauber Braga em trecho do requerimento de convoca\u00e7\u00e3o.<\/span><\/p>\n<p><span dir=\"ltr\" role=\"presentation\">&#8220;Igualmente not\u00f3rios s\u00e3o os esfor\u00e7os de Jair Bolsonaro contra as liberdades <\/span><span dir=\"ltr\" role=\"presentation\">democr\u00e1ticas e seu desespero em emitir suspeitas sobre a legitimidade <\/span><span dir=\"ltr\" role=\"presentation\">do processo eleitoral brasileiro \u00e0s v\u00e9speras da elei\u00e7\u00e3o em que diversas <\/span><span dir=\"ltr\" role=\"presentation\">pesquisas apontam para sua derrota&#8221;, continua.<\/span><\/p>\n<p><span dir=\"ltr\" role=\"presentation\">&#8220;Urge portanto, que esta Comiss\u00e3o possa ter os devidos esclarecimentos <\/span><span dir=\"ltr\" role=\"presentation\">sobre o teor da visita do Diretor da CIA ao Brasil&#8221;, conclui.<\/span><\/p>\n<blockquote class=\"twitter-tweet\" data-width=\"550\" data-dnt=\"true\">\n<p lang=\"pt\" dir=\"ltr\">Estamos preparando convoca\u00e7\u00e3o de Augusto Heleno para a comiss\u00e3o de rela\u00e7\u00f5es exteriores. O conte\u00fado nebuloso dessa reuni\u00e3o precisa vir a tona. O governo brasileiro diz ter tratado de \u201cpromo\u00e7\u00e3o \u00e0 democracia\u201d. Em se tratando dos envolvidos sabemos bem o que isso significa. 3\/3<\/p>\n<p>&mdash; Glauber Braga (@Glauber_Braga) <a href=\"https:\/\/twitter.com\/Glauber_Braga\/status\/1522318814041550848?ref_src=twsrc%5Etfw\">May 5, 2022<\/a><\/p><\/blockquote>\n<p><script async src=\"https:\/\/platform.twitter.com\/widgets.js\" charset=\"utf-8\"><\/script><\/p>\n","protected":false},"excerpt":{"rendered":"<p>O PSOL, atrav\u00e9s do deputado federal Glauber Braga, apresentou um requerimento de convoca\u00e7\u00e3o do General Augusto Heleno, ministro do Gabinete de Seguran\u00e7a Institucional (GSI) do governo Bolsonaro, nesta semana na C\u00e2mara dos Deputados. O motivo da a\u00e7\u00e3o \u00e9 a revela\u00e7\u00e3o de que o ministro conversou com William Burns, diretor da Ag\u00eancia Central de Intelig\u00eancia dos [&hellip;]<\/p>\n","protected":false},"author":2,"featured_media":34887,"comment_status":"open","ping_status":"open","sticky":false,"template":"","format":"standard","meta":{"_acf_changed":false,"footnotes":""},"categories":[10],"tags":[4825],"class_list":{"0":"post-35747","1":"post","2":"type-post","3":"status-publish","4":"format-standard","5":"has-post-thumbnail","7":"category-acao-parlamentares","8":"tag-noticias"},"acf":[],"yoast_head":"<!-- This site is optimized with the Yoast SEO plugin v26.5 - https:\/\/yoast.com\/wordpress\/plugins\/seo\/ -->\n<title>PSOL pede convoca\u00e7\u00e3o de Augusto Heleno para cobrar explica\u00e7\u00f5es de encontro com a CIA<\/title>\n<meta name=\"description\" content=\"O deputado federal Glauber Braga pede que o ministro do Gabinete de Seguran\u00e7a Institucional v\u00e1 \u00e0 C\u00e2mara para explicar encontro com diretor da CIA.\" \/>\n<meta name=\"robots\" content=\"index, follow, max-snippet:-1, max-image-preview:large, max-video-preview:-1\" \/>\n<link rel=\"canonical\" href=\"https:\/\/psol50.org.br\/psol-pede-convocacao-de-augusto-heleno-para-cobrar-explicacoes-de-encontro-com-a-cia\/\" \/>\n<meta property=\"og:locale\" content=\"pt_BR\" \/>\n<meta property=\"og:type\" content=\"article\" \/>\n<meta property=\"og:title\" content=\"PSOL pede convoca\u00e7\u00e3o de Augusto Heleno para cobrar explica\u00e7\u00f5es de encontro com a CIA\" \/>\n<meta property=\"og:description\" content=\"O deputado federal Glauber Braga pede que o ministro do Gabinete de Seguran\u00e7a Institucional v\u00e1 \u00e0 C\u00e2mara para explicar encontro com diretor da CIA.\" \/>\n<meta property=\"og:url\" content=\"https:\/\/psol50.org.br\/psol-pede-convocacao-de-augusto-heleno-para-cobrar-explicacoes-de-encontro-com-a-cia\/\" \/>\n<meta property=\"og:site_name\" content=\"PSOL 50\" \/>\n<meta property=\"article:publisher\" content=\"https:\/\/www.facebook.com\/psol50\" \/>\n<meta property=\"article:published_time\" content=\"2022-05-10T20:46:48+00:00\" \/>\n<meta property=\"og:image\" content=\"https:\/\/psol50.org.br\/inc\/uploads\/2021\/12\/jfcrz_abr_1112188710-scaled.jpg\" \/>\n\t<meta property=\"og:image:width\" content=\"2560\" \/>\n\t<meta property=\"og:image:height\" content=\"1707\" \/>\n\t<meta property=\"og:image:type\" content=\"image\/jpeg\" \/>\n<meta name=\"author\" content=\"Comunica\u00e7\u00e3o PSOL\" \/>\n<meta name=\"twitter:card\" content=\"summary_large_image\" \/>\n<meta name=\"twitter:creator\" content=\"@psol50\" \/>\n<meta name=\"twitter:site\" content=\"@psol50\" \/>\n<meta name=\"twitter:label1\" content=\"Escrito por\" \/>\n\t<meta name=\"twitter:data1\" content=\"Comunica\u00e7\u00e3o PSOL\" \/>\n\t<meta name=\"twitter:label2\" content=\"Est. tempo de leitura\" \/>\n\t<meta name=\"twitter:data2\" content=\"1 minuto\" \/>\n<script type=\"application\/ld+json\" class=\"yoast-schema-graph\">{\"@context\":\"https:\/\/schema.org\",\"@graph\":[{\"@type\":\"Article\",\"@id\":\"https:\/\/psol50.org.br\/psol-pede-convocacao-de-augusto-heleno-para-cobrar-explicacoes-de-encontro-com-a-cia\/#article\",\"isPartOf\":{\"@id\":\"https:\/\/psol50.org.br\/psol-pede-convocacao-de-augusto-heleno-para-cobrar-explicacoes-de-encontro-com-a-cia\/\"},\"author\":{\"name\":\"Comunica\u00e7\u00e3o PSOL\",\"@id\":\"https:\/\/psol50.org.br\/#\/schema\/person\/475dfa57d0b815993c714c2e96491fcd\"},\"headline\":\"PSOL pede convoca\u00e7\u00e3o de Augusto Heleno para cobrar explica\u00e7\u00f5es de encontro com a CIA\",\"datePublished\":\"2022-05-10T20:46:48+00:00\",\"mainEntityOfPage\":{\"@id\":\"https:\/\/psol50.org.br\/psol-pede-convocacao-de-augusto-heleno-para-cobrar-explicacoes-de-encontro-com-a-cia\/\"},\"wordCount\":263,\"commentCount\":0,\"publisher\":{\"@id\":\"https:\/\/psol50.org.br\/#organization\"},\"image\":{\"@id\":\"https:\/\/psol50.org.br\/psol-pede-convocacao-de-augusto-heleno-para-cobrar-explicacoes-de-encontro-com-a-cia\/#primaryimage\"},\"thumbnailUrl\":\"https:\/\/psol50.org.br\/inc\/uploads\/2021\/12\/jfcrz_abr_1112188710-scaled.jpg\",\"keywords\":[\"Not\u00edcias\"],\"articleSection\":[\"A\u00e7\u00e3o Parlamentar\"],\"inLanguage\":\"pt-BR\",\"potentialAction\":[{\"@type\":\"CommentAction\",\"name\":\"Comment\",\"target\":[\"https:\/\/psol50.org.br\/psol-pede-convocacao-de-augusto-heleno-para-cobrar-explicacoes-de-encontro-com-a-cia\/#respond\"]}]},{\"@type\":\"WebPage\",\"@id\":\"https:\/\/psol50.org.br\/psol-pede-convocacao-de-augusto-heleno-para-cobrar-explicacoes-de-encontro-com-a-cia\/\",\"url\":\"https:\/\/psol50.org.br\/psol-pede-convocacao-de-augusto-heleno-para-cobrar-explicacoes-de-encontro-com-a-cia\/\",\"name\":\"PSOL pede convoca\u00e7\u00e3o de Augusto Heleno para cobrar explica\u00e7\u00f5es de encontro com a CIA\",\"isPartOf\":{\"@id\":\"https:\/\/psol50.org.br\/#website\"},\"primaryImageOfPage\":{\"@id\":\"https:\/\/psol50.org.br\/psol-pede-convocacao-de-augusto-heleno-para-cobrar-explicacoes-de-encontro-com-a-cia\/#primaryimage\"},\"image\":{\"@id\":\"https:\/\/psol50.org.br\/psol-pede-convocacao-de-augusto-heleno-para-cobrar-explicacoes-de-encontro-com-a-cia\/#primaryimage\"},\"thumbnailUrl\":\"https:\/\/psol50.org.br\/inc\/uploads\/2021\/12\/jfcrz_abr_1112188710-scaled.jpg\",\"datePublished\":\"2022-05-10T20:46:48+00:00\",\"description\":\"O deputado federal Glauber Braga pede que o ministro do Gabinete de Seguran\u00e7a Institucional v\u00e1 \u00e0 C\u00e2mara para explicar encontro com diretor da CIA.\",\"breadcrumb\":{\"@id\":\"https:\/\/psol50.org.br\/psol-pede-convocacao-de-augusto-heleno-para-cobrar-explicacoes-de-encontro-com-a-cia\/#breadcrumb\"},\"inLanguage\":\"pt-BR\",\"potentialAction\":[{\"@type\":\"ReadAction\",\"target\":[\"https:\/\/psol50.org.br\/psol-pede-convocacao-de-augusto-heleno-para-cobrar-explicacoes-de-encontro-com-a-cia\/\"]}]},{\"@type\":\"ImageObject\",\"inLanguage\":\"pt-BR\",\"@id\":\"https:\/\/psol50.org.br\/psol-pede-convocacao-de-augusto-heleno-para-cobrar-explicacoes-de-encontro-com-a-cia\/#primaryimage\",\"url\":\"https:\/\/psol50.org.br\/inc\/uploads\/2021\/12\/jfcrz_abr_1112188710-scaled.jpg\",\"contentUrl\":\"https:\/\/psol50.org.br\/inc\/uploads\/2021\/12\/jfcrz_abr_1112188710-scaled.jpg\",\"width\":2560,\"height\":1707,\"caption\":\"Foto: Jos\u00e9 Cruz\/Ag\u00eancia Brasil\"},{\"@type\":\"BreadcrumbList\",\"@id\":\"https:\/\/psol50.org.br\/psol-pede-convocacao-de-augusto-heleno-para-cobrar-explicacoes-de-encontro-com-a-cia\/#breadcrumb\",\"itemListElement\":[{\"@type\":\"ListItem\",\"position\":1,\"name\":\"In\u00edcio\",\"item\":\"https:\/\/psol50.org.br\/\"},{\"@type\":\"ListItem\",\"position\":2,\"name\":\"PSOL pede convoca\u00e7\u00e3o de Augusto Heleno para cobrar explica\u00e7\u00f5es de encontro com a CIA\"}]},{\"@type\":\"WebSite\",\"@id\":\"https:\/\/psol50.org.br\/#website\",\"url\":\"https:\/\/psol50.org.br\/\",\"name\":\"PSOL 50\",\"description\":\"Site oficial do Partido Socialismo e Liberdade\",\"publisher\":{\"@id\":\"https:\/\/psol50.org.br\/#organization\"},\"alternateName\":\"PSOL50\",\"potentialAction\":[{\"@type\":\"SearchAction\",\"target\":{\"@type\":\"EntryPoint\",\"urlTemplate\":\"https:\/\/psol50.org.br\/?s={search_term_string}\"},\"query-input\":{\"@type\":\"PropertyValueSpecification\",\"valueRequired\":true,\"valueName\":\"search_term_string\"}}],\"inLanguage\":\"pt-BR\"},{\"@type\":\"Organization\",\"@id\":\"https:\/\/psol50.org.br\/#organization\",\"name\":\"PSOL 50\",\"alternateName\":\"PSOL 50\",\"url\":\"https:\/\/psol50.org.br\/\",\"logo\":{\"@type\":\"ImageObject\",\"inLanguage\":\"pt-BR\",\"@id\":\"https:\/\/psol50.org.br\/#\/schema\/logo\/image\/\",\"url\":\"https:\/\/psol50.org.br\/inc\/uploads\/2018\/07\/capa.png\",\"contentUrl\":\"https:\/\/psol50.org.br\/inc\/uploads\/2018\/07\/capa.png\",\"width\":1350,\"height\":900,\"caption\":\"PSOL 50\"},\"image\":{\"@id\":\"https:\/\/psol50.org.br\/#\/schema\/logo\/image\/\"},\"sameAs\":[\"https:\/\/www.facebook.com\/psol50\",\"https:\/\/x.com\/psol50\",\"https:\/\/www.instagram.com\/psol50\/\",\"https:\/\/www.youtube.com\/channel\/UC7SnJS5o1os7a6CaiNabzcg\"]},{\"@type\":\"Person\",\"@id\":\"https:\/\/psol50.org.br\/#\/schema\/person\/475dfa57d0b815993c714c2e96491fcd\",\"name\":\"Comunica\u00e7\u00e3o PSOL\",\"image\":{\"@type\":\"ImageObject\",\"inLanguage\":\"pt-BR\",\"@id\":\"https:\/\/psol50.org.br\/#\/schema\/person\/image\/\",\"url\":\"https:\/\/secure.gravatar.com\/avatar\/b34fc4f4e468a4e51785917065a3db57b841f5c95dba6ad8c73aaf8f66f8f9bf?s=96&d=mm&r=g\",\"contentUrl\":\"https:\/\/secure.gravatar.com\/avatar\/b34fc4f4e468a4e51785917065a3db57b841f5c95dba6ad8c73aaf8f66f8f9bf?s=96&d=mm&r=g\",\"caption\":\"Comunica\u00e7\u00e3o PSOL\"}}]}<\/script>\n<!-- \/ Yoast SEO plugin. -->","yoast_head_json":{"title":"PSOL pede convoca\u00e7\u00e3o de Augusto Heleno para cobrar explica\u00e7\u00f5es de encontro com a CIA","description":"O deputado federal Glauber Braga pede que o ministro do Gabinete de Seguran\u00e7a Institucional v\u00e1 \u00e0 C\u00e2mara para explicar encontro com diretor da CIA.","robots":{"index":"index","follow":"follow","max-snippet":"max-snippet:-1","max-image-preview":"max-image-preview:large","max-video-preview":"max-video-preview:-1"},"canonical":"https:\/\/psol50.org.br\/psol-pede-convocacao-de-augusto-heleno-para-cobrar-explicacoes-de-encontro-com-a-cia\/","og_locale":"pt_BR","og_type":"article","og_title":"PSOL pede convoca\u00e7\u00e3o de Augusto Heleno para cobrar explica\u00e7\u00f5es de encontro com a CIA","og_description":"O deputado federal Glauber Braga pede que o ministro do Gabinete de Seguran\u00e7a Institucional v\u00e1 \u00e0 C\u00e2mara para explicar encontro com diretor da CIA.","og_url":"https:\/\/psol50.org.br\/psol-pede-convocacao-de-augusto-heleno-para-cobrar-explicacoes-de-encontro-com-a-cia\/","og_site_name":"PSOL 50","article_publisher":"https:\/\/www.facebook.com\/psol50","article_published_time":"2022-05-10T20:46:48+00:00","og_image":[{"width":2560,"height":1707,"url":"https:\/\/psol50.org.br\/inc\/uploads\/2021\/12\/jfcrz_abr_1112188710-scaled.jpg","type":"image\/jpeg"}],"author":"Comunica\u00e7\u00e3o PSOL","twitter_card":"summary_large_image","twitter_creator":"@psol50","twitter_site":"@psol50","twitter_misc":{"Escrito por":"Comunica\u00e7\u00e3o PSOL","Est. tempo de leitura":"1 minuto"},"schema":{"@context":"https:\/\/schema.org","@graph":[{"@type":"Article","@id":"https:\/\/psol50.org.br\/psol-pede-convocacao-de-augusto-heleno-para-cobrar-explicacoes-de-encontro-com-a-cia\/#article","isPartOf":{"@id":"https:\/\/psol50.org.br\/psol-pede-convocacao-de-augusto-heleno-para-cobrar-explicacoes-de-encontro-com-a-cia\/"},"author":{"name":"Comunica\u00e7\u00e3o PSOL","@id":"https:\/\/psol50.org.br\/#\/schema\/person\/475dfa57d0b815993c714c2e96491fcd"},"headline":"PSOL pede convoca\u00e7\u00e3o de Augusto Heleno para cobrar explica\u00e7\u00f5es de encontro com a CIA","datePublished":"2022-05-10T20:46:48+00:00","mainEntityOfPage":{"@id":"https:\/\/psol50.org.br\/psol-pede-convocacao-de-augusto-heleno-para-cobrar-explicacoes-de-encontro-com-a-cia\/"},"wordCount":263,"commentCount":0,"publisher":{"@id":"https:\/\/psol50.org.br\/#organization"},"image":{"@id":"https:\/\/psol50.org.br\/psol-pede-convocacao-de-augusto-heleno-para-cobrar-explicacoes-de-encontro-com-a-cia\/#primaryimage"},"thumbnailUrl":"https:\/\/psol50.org.br\/inc\/uploads\/2021\/12\/jfcrz_abr_1112188710-scaled.jpg","keywords":["Not\u00edcias"],"articleSection":["A\u00e7\u00e3o Parlamentar"],"inLanguage":"pt-BR","potentialAction":[{"@type":"CommentAction","name":"Comment","target":["https:\/\/psol50.org.br\/psol-pede-convocacao-de-augusto-heleno-para-cobrar-explicacoes-de-encontro-com-a-cia\/#respond"]}]},{"@type":"WebPage","@id":"https:\/\/psol50.org.br\/psol-pede-convocacao-de-augusto-heleno-para-cobrar-explicacoes-de-encontro-com-a-cia\/","url":"https:\/\/psol50.org.br\/psol-pede-convocacao-de-augusto-heleno-para-cobrar-explicacoes-de-encontro-com-a-cia\/","name":"PSOL pede convoca\u00e7\u00e3o de Augusto Heleno para cobrar explica\u00e7\u00f5es de encontro com a CIA","isPartOf":{"@id":"https:\/\/psol50.org.br\/#website"},"primaryImageOfPage":{"@id":"https:\/\/psol50.org.br\/psol-pede-convocacao-de-augusto-heleno-para-cobrar-explicacoes-de-encontro-com-a-cia\/#primaryimage"},"image":{"@id":"https:\/\/psol50.org.br\/psol-pede-convocacao-de-augusto-heleno-para-cobrar-explicacoes-de-encontro-com-a-cia\/#primaryimage"},"thumbnailUrl":"https:\/\/psol50.org.br\/inc\/uploads\/2021\/12\/jfcrz_abr_1112188710-scaled.jpg","datePublished":"2022-05-10T20:46:48+00:00","description":"O deputado federal Glauber Braga pede que o ministro do Gabinete de Seguran\u00e7a Institucional v\u00e1 \u00e0 C\u00e2mara para explicar encontro com diretor da CIA.","breadcrumb":{"@id":"https:\/\/psol50.org.br\/psol-pede-convocacao-de-augusto-heleno-para-cobrar-explicacoes-de-encontro-com-a-cia\/#breadcrumb"},"inLanguage":"pt-BR","potentialAction":[{"@type":"ReadAction","target":["https:\/\/psol50.org.br\/psol-pede-convocacao-de-augusto-heleno-para-cobrar-explicacoes-de-encontro-com-a-cia\/"]}]},{"@type":"ImageObject","inLanguage":"pt-BR","@id":"https:\/\/psol50.org.br\/psol-pede-convocacao-de-augusto-heleno-para-cobrar-explicacoes-de-encontro-com-a-cia\/#primaryimage","url":"https:\/\/psol50.org.br\/inc\/uploads\/2021\/12\/jfcrz_abr_1112188710-scaled.jpg","contentUrl":"https:\/\/psol50.org.br\/inc\/uploads\/2021\/12\/jfcrz_abr_1112188710-scaled.jpg","width":2560,"height":1707,"caption":"Foto: Jos\u00e9 Cruz\/Ag\u00eancia Brasil"},{"@type":"BreadcrumbList","@id":"https:\/\/psol50.org.br\/psol-pede-convocacao-de-augusto-heleno-para-cobrar-explicacoes-de-encontro-com-a-cia\/#breadcrumb","itemListElement":[{"@type":"ListItem","position":1,"name":"In\u00edcio","item":"https:\/\/psol50.org.br\/"},{"@type":"ListItem","position":2,"name":"PSOL pede convoca\u00e7\u00e3o de Augusto Heleno para cobrar explica\u00e7\u00f5es de encontro com a CIA"}]},{"@type":"WebSite","@id":"https:\/\/psol50.org.br\/#website","url":"https:\/\/psol50.org.br\/","name":"PSOL 50","description":"Site oficial do Partido Socialismo e Liberdade","publisher":{"@id":"https:\/\/psol50.org.br\/#organization"},"alternateName":"PSOL50","potentialAction":[{"@type":"SearchAction","target":{"@type":"EntryPoint","urlTemplate":"https:\/\/psol50.org.br\/?s={search_term_string}"},"query-input":{"@type":"PropertyValueSpecification","valueRequired":true,"valueName":"search_term_string"}}],"inLanguage":"pt-BR"},{"@type":"Organization","@id":"https:\/\/psol50.org.br\/#organization","name":"PSOL 50","alternateName":"PSOL 50","url":"https:\/\/psol50.org.br\/","logo":{"@type":"ImageObject","inLanguage":"pt-BR","@id":"https:\/\/psol50.org.br\/#\/schema\/logo\/image\/","url":"https:\/\/psol50.org.br\/inc\/uploads\/2018\/07\/capa.png","contentUrl":"https:\/\/psol50.org.br\/inc\/uploads\/2018\/07\/capa.png","width":1350,"height":900,"caption":"PSOL 50"},"image":{"@id":"https:\/\/psol50.org.br\/#\/schema\/logo\/image\/"},"sameAs":["https:\/\/www.facebook.com\/psol50","https:\/\/x.com\/psol50","https:\/\/www.instagram.com\/psol50\/","https:\/\/www.youtube.com\/channel\/UC7SnJS5o1os7a6CaiNabzcg"]},{"@type":"Person","@id":"https:\/\/psol50.org.br\/#\/schema\/person\/475dfa57d0b815993c714c2e96491fcd","name":"Comunica\u00e7\u00e3o PSOL","image":{"@type":"ImageObject","inLanguage":"pt-BR","@id":"https:\/\/psol50.org.br\/#\/schema\/person\/image\/","url":"https:\/\/secure.gravatar.com\/avatar\/b34fc4f4e468a4e51785917065a3db57b841f5c95dba6ad8c73aaf8f66f8f9bf?s=96&d=mm&r=g","contentUrl":"https:\/\/secure.gravatar.com\/avatar\/b34fc4f4e468a4e51785917065a3db57b841f5c95dba6ad8c73aaf8f66f8f9bf?s=96&d=mm&r=g","caption":"Comunica\u00e7\u00e3o PSOL"}}]}},"_links":{"self":[{"href":"https:\/\/psol50.org.br\/rest\/wp\/v2\/posts\/35747","targetHints":{"allow":["GET"]}}],"collection":[{"href":"https:\/\/psol50.org.br\/rest\/wp\/v2\/posts"}],"about":[{"href":"https:\/\/psol50.org.br\/rest\/wp\/v2\/types\/post"}],"author":[{"embeddable":true,"href":"https:\/\/psol50.org.br\/rest\/wp\/v2\/users\/2"}],"replies":[{"embeddable":true,"href":"https:\/\/psol50.org.br\/rest\/wp\/v2\/comments?post=35747"}],"version-history":[{"count":2,"href":"https:\/\/psol50.org.br\/rest\/wp\/v2\/posts\/35747\/revisions"}],"predecessor-version":[{"id":35749,"href":"https:\/\/psol50.org.br\/rest\/wp\/v2\/posts\/35747\/revisions\/35749"}],"wp:featuredmedia":[{"embeddable":true,"href":"https:\/\/psol50.org.br\/rest\/wp\/v2\/media\/34887"}],"wp:attachment":[{"href":"https:\/\/psol50.org.br\/rest\/wp\/v2\/media?parent=35747"}],"wp:term":[{"taxonomy":"category","embeddable":true,"href":"https:\/\/psol50.org.br\/rest\/wp\/v2\/categories?post=35747"},{"taxonomy":"post_tag","embeddable":true,"href":"https:\/\/psol50.org.br\/rest\/wp\/v2\/tags?post=35747"}],"curies":[{"name":"wp","href":"https:\/\/api.w.org\/{rel}","templated":true}]}}