{"id":358,"date":"2009-04-17T00:00:00","date_gmt":"2009-04-17T00:00:00","guid":{"rendered":"http:\/\/psol50.org.br\/arquivo\/2009\/04\/17\/seminario-internacional-sobre-a-crise\/"},"modified":"2009-04-17T00:00:00","modified_gmt":"2009-04-17T00:00:00","slug":"seminario-internacional-sobre-a-crise","status":"publish","type":"post","link":"https:\/\/psol50.org.br\/seminario-internacional-sobre-a-crise\/","title":{"rendered":"Semin\u00e1rio internacional sobre a crise"},"content":{"rendered":"<p>A Funda\u00e7\u00e3o Lauro Campos junto com o Partido Socialismo e Liberdade, PSOL, est\u00e1 organizando um Semin\u00e1rio Internacional para discutir a nova situa\u00e7\u00e3o e os impactos da crise econ\u00f4mica e as respostas e iniciativas da esquerda na Am\u00e9rica Latina e no Mundo.<\/p>\n<p><!--more--><\/p>\n<p>A crise mundial, com graves implica\u00e7\u00f5es econ\u00f4micas, sociais e ecol\u00f3gicas, abre um novo per\u00edodo hist\u00f3rico com mudan\u00e7as de enormes propor\u00e7\u00f5es e novos desafios para a esquerda na perspectiva socialismo do s\u00e9culo XXI.<\/p>\n<p>Ser\u00e3o convidadas organiza\u00e7\u00f5es pol\u00edticas com atua\u00e7\u00e3o anti-imperialista e socialista que defendem e postulam medidas anticapitalistas para que n\u00e3o sejam os trabalhadores aqueles que paguem pela crise.<\/p>\n<p>Este semin\u00e1rio \u00e9 uma continua\u00e7\u00e3o de outras atividades promovidas pela Funda\u00e7\u00e3o Lauro Campo, como o &#8220;Semin\u00e1rio Internacional sobre a auditoria da d\u00edvida p\u00fablica&#8221; realizado em Bras\u00edlia, em novembro de 2008 e da reuni\u00e3o de partidos anticapitalistas convocado pelo PSOL junto com o Novo Partido Anticapitalista (NPA) da Fran\u00e7a, que ocorreu durante o F\u00f3rum Social Mundial em Bel\u00e9m.<\/p>\n<p>A pauta dos trabalhos e discuss\u00f5es propostas ser\u00e1:<\/p>\n<p>* An\u00e1lise da crise econ\u00f4mica mundial como uma crise global e suas conseq\u00fc\u00eancias no mundo<\/p>\n<p>* Suas implica\u00e7\u00f5es na Am\u00e9rica Latina e as respostas para avan\u00e7ar a luta anti-imperialista no continente. O papel da ALBA, o Banco do Sul e outras iniciativas na integra\u00e7\u00e3o latino-americana no caminho de uma segunda e definitiva independ\u00eancia.<\/p>\n<p>* A reorganiza\u00e7\u00e3o da esquerda internacional. Estrat\u00e9gias da luta pelo socialismo no s\u00e9culo XXI e iniciativas concretas.<\/p>\n<p>O Semin\u00e1rio ser\u00e1 nos dias 13 e 14 de Junho e culminar\u00e1 com um ato p\u00fablico no fim das atividades. A Funda\u00e7\u00e3o Lauro Campos juntamente com o PSOL editar\u00e1 as contribui\u00e7\u00f5es recebidas para o debate e publicar\u00e1 um livro com as conclus\u00f5es do semin\u00e1rio.<\/p>\n<p><b>Organiza\u00e7\u00f5es convidadas<\/b><\/p>\n<p><u>Am\u00e9rica Latina <\/u><\/p>\n<p>M\u00e9xico, EZLN &#8211; Cuba, PCC &#8211; Nicar\u00e1gua, Refundaci\u00f3n Sandinista \u2013 Panam\u00e1, MPU &#8211; Col\u00f4mbia, Polo Patri\u00f3tico Social &#8211; Venezuela, PSUV &#8211; Peru, PNP &#8211; Bol\u00edvia, MAS, COB, CUSTB &#8211; Argentina, MST &#8211; Uruguai, 26 de Marzo &#8211; Paraguai , Tekoyoya, PMas, Convergencia Popular Socialista &#8211; Equador \u2013<\/p>\n<p><u>Europa<\/u> <\/p>\n<p>Fran\u00e7a: NPA, Les alternatifs &#8211; It\u00e1lia: Sinistra Cr\u00edtica &#8211; Gr\u00e9cia: Synaspismos, Siryza &#8211; Noruega: Red Party \u2013 Alemanha, Link &#8211; Portugal, Bloco de Esquerda &#8211; Inglaterra, SWP, SP &#8211; B\u00e9lgica, LCR &#8211; Espanha, Esquerda Iniciativa Catalu\u00f1a, Izquierda Anticapitalista &#8211; Turquia, ODP \u2013 Polonia, PPP- Bielorr\u00fassia Smot<\/p>\n<p><u>EUA<\/u>: ISO <\/p>\n<p><u>\u00c1sia<\/u>: Paquist\u00e3o-LPP &#8211; Austr\u00e1lia, DSP, <\/p>\n<p><u>\u00c1frica <\/u><\/p>\n<p><u>Organiza\u00e7\u00f5es palestinas<\/u><\/p>\n<p><b><br \/>Semin\u00e1rio Internacional <\/b><\/p>\n<p>Rua Joaquim Silva, 98\/A, Centro &#8211; Rio de Janeiro &#8211; RJ &#8211; CEP: 20241-110 <\/p>\n<p><b><br \/>Secretaria de Rela\u00e7\u00f5es Internacionais<\/b><\/p>\n<p>Rua Carlos Petit, 199 &#8211; S\u00e3o Paulo &#8211; Brasil<br \/>+55(11)5042-8005 \/ +55(61)9177-2367<\/p>\n<p>&nbsp;<\/p>\n<div class=\"clip\">\n<p><b>EN ESPA\u00d1OL <\/b><\/p>\n<p>La Fundaci\u00f3n Lauro Campos junto con el Partido Socialismo e Liberdade -PSOL-, est\u00e1 organizando un Seminario Internacional para debatir la nueva situaci\u00f3n, los impactos de la crisis econ\u00f3mica y las respuestas e iniciativas de izquierda en Latinoam\u00e9rica y en el Mundo. <\/p>\n<p>La crisis mundial, con graves implicaciones econ\u00f3micas e sociales y que se combina con la crisis ecol\u00f3gica abre un nuevo per\u00edodo hist\u00f3rico con cambios de enormes proporciones y a la vez, nuevos desaf\u00edos para a la izquierda en la perspectiva del socialismo del siglo XXI. <\/p>\n<p>Ser\u00e1n convidadas organizaciones pol\u00edticas del campo antiimperialista y socialista que defienden y postulan medidas anticapitalistas para que no sean los trabajadores quienes la paguen. <\/p>\n<p>Este seminario es una continuaci\u00f3n de otras actividades como el \u201cSeminario Internacional sobre la auditoria de la deuda p\u00fablica\u201d organizado por la fundaci\u00f3n Lauro Campos en Brasilia en noviembre del 2008 y la reuni\u00f3n de particos anticapitalistas convocada por el PSOL junto al Nuevo Partido Anticapitalista (NPA) de Francia que se llev\u00f3 a cabo durante el FSM de Belem. <\/p>\n<p>El Orden de los trabajos y debates propuestos ser\u00e1:<\/p>\n<p>* El an\u00e1lisis de la crisis econ\u00f3mica mundial combinada con la crisis&nbsp; ambiental e sus consecuencias en el mundo.<\/p>\n<p>* Sus implicancias en Am\u00e9rica latina y las respuestas para avanzar en la lucha anti-imperialista en el continente. El papel del ALBA, el Banco del Sur y otras iniciativas para la integraci\u00f3n latino-americana en el camino de una segunda y definitiva independencia.<\/p>\n<p>* La reorganizaci\u00f3n de la izquierda internacionalista. Estrategias en la lucha por el socialismo del siglo XXI e iniciativas pr\u00e1cticas. <\/p>\n<p>El Seminario ser\u00e1 en los d\u00edas 13 e 14 de Junio en la ciudad de Rio de Janeiro y culminar\u00e1 con un acto p\u00fablico al final de las actividades. La Funda\u00e7\u00e3o Lauro Campos juntamente con el PSOL editar\u00e1 las contribuciones recibidas para el debate, y publicar\u00e1 un libro con los trabajos del seminario. <\/p>\n<p><b>Organizaciones invitadas<\/b><\/p>\n<p>Latinoam\u00e9rica: <\/p>\n<p>M\u00e9xico, EZLN \u2013 Cuba, PCC &#8211; Nicaragua, Refundaci\u00f3n Sandinista \u2013 Panam\u00e1, MPU \u2013 Colombia, Polo Patri\u00f3tico Social \u2013 Venezuela,&nbsp; PSUV \u2013 Per\u00fa, PNP \u2013 Bolivia, MAS , COB , CUSTB \u2013 Argentina, MST, Uruguay, 26 de Marzo \u2013 Paraguay, Tekoyoya, PMas, Convergencia Popular Socialista \u2013 Ecuador &#8211;&nbsp;&nbsp; <\/p>\n<p>Europa: <\/p>\n<p>Francia: NPA, Les Alternatifs &#8211; Italia: Sinistra Cr\u00edtica \u2013 Grecia: Synaspismos , Siryza &#8211; Noruega:&nbsp; Red Party \u2013 Alemania, Link \u2013 Portugal, Bloco de Esquerda &#8211;&nbsp; Inglaterra, SWP, SP \u2013 B\u00e9lgica, LCR &#8211; Espa\u00f1a, Esquerda Iniciativa Catalu\u00f1a, Izquierda Anticapitalista \u2013 Turquia, ODP \u2013 Polonia, PPP-&nbsp; Bielorrusia, Smot<\/p>\n<p>EUA: ISO<\/p>\n<p>Asia: Pakist\u00e1n- LPP \u2013 Australia, DSP, <\/p>\n<p>Africa:<\/p>\n<p>Marruecos, SAS, Palestina <\/p>\n<p><b>Seminario Internacional<\/b><\/p>\n<p>Rua Joaquim Silva, 98\/A, Centro &#8211; Rio de Janeiro &#8211; RJ &#8211; CEP: 20241-110&nbsp; <\/p>\n<p><b>Secretaria de Relaciones Internacionales (PSOL)<\/b><\/p>\n<p>Telefonos 005561-91772367&nbsp; 005511-50824005<\/p>\n<p>Rua Carlos Petit, N\u00ba 199 Vila Mariana &#8211; S\u00e3o Paulo SP Brasil CEP 04.110-000<\/p>\n<\/div>\n<p>&nbsp;<\/p>\n<div class=\"clip\">\n<p><b>IN ENGLISH<\/b> <br \/>&nbsp;<br \/>The Foundation Lauro Campos and Socialism and Freedom Party, PSOL, are organizing an International Seminar to discuss the new situation created by the economic crisis and the responses and initiatives in Latin America and in the world. <\/p>\n<p>The global crisis, with serious economic and social implications, combining it with an ecological crisis opens a new historical period of enormous changes and new challenges for the left in view of the XXI century.<\/p>\n<p>Anti-imperialist and socialist political organizations will be invited to argue against this crisis. The workers are not paying the bill!<\/p>\n<p>This meeting is a continuation of other activities as the &#8220;International Seminar on the audit of public debt&#8221; held by Funda\u00e7\u00e3o Lauro Campos, in Brasilia in November 2008, and the meeting of parties called by PSOL together with the Anti-Capitalism New Party (NPA) of France, which occurred during the World Social Forum in Bel\u00e9m.<\/p>\n<p>The disposition of the works and discussions will be:<\/p>\n<p>* Analysis of the global economic crisis combined with the long-term environmental crisis and its consequences in the world.<\/p>\n<p>* Its implications in Latin America. The answers to advance the anti-imperialist. The role of: ALBA; the South Bank and other initiatives for Latin American integration, in the path of a second and definitive independence.<\/p>\n<p>* The reorganization of the international left. Strategies in the struggle for socialism in the XXI century and concrete initiatives.<\/p>\n<p>The seminar will be on 13 and 14 June and will culminate with a public ceremony at the end of activities. The Foundation Lauro Campos together with PSOL will edit the contributions received during the debate, and they will publish a book with the conclusions of the seminar.<br \/>&nbsp;<br \/><b>Organizations Invited<\/b><\/p>\n<p>Am\u00e9rica Latina: <br \/>M\u00e9xico, EZLN &#8211; Cuba, PCC &#8211; Nicar\u00e1gua, Refundaci\u00f3n Sandinista \u2013 Panam\u00e1, MPU &#8211; Col\u00f4mbia, Polo Patri\u00f3tico Social &#8211; Venezuela, PSUV &#8211; Peru, PNP &#8211; Bol\u00edvia, MAS, COB, CUSTB &#8211; Argentina, MST &#8211; Uruguai, 26 de Marzo &#8211; Paraguai , Tekoyoya, PMas, Convergencia Popular Socialista &#8211; Equador \u2013<\/p>\n<p>Europa: <br \/>Fran\u00e7a: NPA, Les alternatifs &#8211; It\u00e1lia: Sinistra Cr\u00edtica &#8211; Gr\u00e9cia: Synaspismos, Siryza &#8211; Noruega: Red Party \u2013 Alemanha, Link &#8211; Portugal, Bloco de Esquerda &#8211; Inglaterra, SWP, SP &#8211; B\u00e9lgica, LCR &#8211; Espanha, Esquerda Iniciativa Catalu\u00f1a, Izquierda Anticapitalista &#8211; Turquia, ODP \u2013 Polonia, PPP- Bielorr\u00fassia Smot<br \/>&nbsp;<br \/>E.U.A.: ISO <br \/>\u00c1sia: Paquist\u00e3o-LPP &#8211; Austr\u00e1lia, DSP, <br \/>\u00c1frica: <br \/>Organiza\u00e7\u00f5es palestinas<\/p>\n<\/div>\n","protected":false},"excerpt":{"rendered":"<p>A Funda\u00e7\u00e3o Lauro Campos junto com o Partido Socialismo e Liberdade, PSOL, est\u00e1 organizando um Semin\u00e1rio Internacional para discutir a nova situa\u00e7\u00e3o e os impactos da crise econ\u00f4mica e as respostas e iniciativas da esquerda na Am\u00e9rica Latina e no Mundo.<\/p>\n","protected":false},"author":2,"featured_media":0,"comment_status":"open","ping_status":"open","sticky":false,"template":"","format":"standard","meta":{"_acf_changed":false,"footnotes":""},"categories":[4766],"tags":[],"class_list":{"0":"post-358","1":"post","2":"type-post","3":"status-publish","4":"format-standard","6":"category-arquivo"},"acf":[],"yoast_head":"<!-- This site is optimized with the Yoast SEO plugin v26.5 - https:\/\/yoast.com\/wordpress\/plugins\/seo\/ -->\n<title>Semin\u00e1rio internacional sobre a crise - PSOL 50<\/title>\n<meta name=\"robots\" content=\"index, follow, max-snippet:-1, max-image-preview:large, max-video-preview:-1\" \/>\n<link rel=\"canonical\" href=\"https:\/\/psol50.org.br\/seminario-internacional-sobre-a-crise\/\" \/>\n<meta property=\"og:locale\" content=\"pt_BR\" \/>\n<meta property=\"og:type\" content=\"article\" \/>\n<meta property=\"og:title\" content=\"Semin\u00e1rio internacional sobre a crise - PSOL 50\" \/>\n<meta property=\"og:description\" content=\"A Funda\u00e7\u00e3o Lauro Campos junto com o Partido Socialismo e Liberdade, PSOL, est\u00e1 organizando um Semin\u00e1rio Internacional para discutir a nova situa\u00e7\u00e3o e os impactos da crise econ\u00f4mica e as respostas e iniciativas da esquerda na Am\u00e9rica Latina e no Mundo.\" \/>\n<meta property=\"og:url\" content=\"https:\/\/psol50.org.br\/seminario-internacional-sobre-a-crise\/\" \/>\n<meta property=\"og:site_name\" content=\"PSOL 50\" \/>\n<meta property=\"article:publisher\" content=\"https:\/\/www.facebook.com\/psol50\" \/>\n<meta property=\"article:published_time\" content=\"2009-04-17T00:00:00+00:00\" \/>\n<meta property=\"og:image\" content=\"https:\/\/psol50.org.br\/inc\/uploads\/2018\/07\/capa.png\" \/>\n\t<meta property=\"og:image:width\" content=\"1350\" \/>\n\t<meta property=\"og:image:height\" content=\"900\" \/>\n\t<meta property=\"og:image:type\" content=\"image\/png\" \/>\n<meta name=\"author\" content=\"Comunica\u00e7\u00e3o PSOL\" \/>\n<meta name=\"twitter:card\" content=\"summary_large_image\" \/>\n<meta name=\"twitter:creator\" content=\"@psol50\" \/>\n<meta name=\"twitter:site\" content=\"@psol50\" \/>\n<meta name=\"twitter:label1\" content=\"Escrito por\" \/>\n\t<meta name=\"twitter:data1\" content=\"Comunica\u00e7\u00e3o PSOL\" \/>\n\t<meta name=\"twitter:label2\" content=\"Est. tempo de leitura\" \/>\n\t<meta name=\"twitter:data2\" content=\"7 minutos\" \/>\n<script type=\"application\/ld+json\" class=\"yoast-schema-graph\">{\"@context\":\"https:\/\/schema.org\",\"@graph\":[{\"@type\":\"Article\",\"@id\":\"https:\/\/psol50.org.br\/seminario-internacional-sobre-a-crise\/#article\",\"isPartOf\":{\"@id\":\"https:\/\/psol50.org.br\/seminario-internacional-sobre-a-crise\/\"},\"author\":{\"name\":\"Comunica\u00e7\u00e3o PSOL\",\"@id\":\"https:\/\/psol50.org.br\/#\/schema\/person\/475dfa57d0b815993c714c2e96491fcd\"},\"headline\":\"Semin\u00e1rio internacional sobre a crise\",\"datePublished\":\"2009-04-17T00:00:00+00:00\",\"mainEntityOfPage\":{\"@id\":\"https:\/\/psol50.org.br\/seminario-internacional-sobre-a-crise\/\"},\"wordCount\":1357,\"commentCount\":0,\"publisher\":{\"@id\":\"https:\/\/psol50.org.br\/#organization\"},\"articleSection\":[\"Arquivo\"],\"inLanguage\":\"pt-BR\",\"potentialAction\":[{\"@type\":\"CommentAction\",\"name\":\"Comment\",\"target\":[\"https:\/\/psol50.org.br\/seminario-internacional-sobre-a-crise\/#respond\"]}]},{\"@type\":\"WebPage\",\"@id\":\"https:\/\/psol50.org.br\/seminario-internacional-sobre-a-crise\/\",\"url\":\"https:\/\/psol50.org.br\/seminario-internacional-sobre-a-crise\/\",\"name\":\"Semin\u00e1rio internacional sobre a crise - PSOL 50\",\"isPartOf\":{\"@id\":\"https:\/\/psol50.org.br\/#website\"},\"datePublished\":\"2009-04-17T00:00:00+00:00\",\"breadcrumb\":{\"@id\":\"https:\/\/psol50.org.br\/seminario-internacional-sobre-a-crise\/#breadcrumb\"},\"inLanguage\":\"pt-BR\",\"potentialAction\":[{\"@type\":\"ReadAction\",\"target\":[\"https:\/\/psol50.org.br\/seminario-internacional-sobre-a-crise\/\"]}]},{\"@type\":\"BreadcrumbList\",\"@id\":\"https:\/\/psol50.org.br\/seminario-internacional-sobre-a-crise\/#breadcrumb\",\"itemListElement\":[{\"@type\":\"ListItem\",\"position\":1,\"name\":\"In\u00edcio\",\"item\":\"https:\/\/psol50.org.br\/\"},{\"@type\":\"ListItem\",\"position\":2,\"name\":\"Semin\u00e1rio internacional sobre a crise\"}]},{\"@type\":\"WebSite\",\"@id\":\"https:\/\/psol50.org.br\/#website\",\"url\":\"https:\/\/psol50.org.br\/\",\"name\":\"PSOL 50\",\"description\":\"Site oficial do Partido Socialismo e Liberdade\",\"publisher\":{\"@id\":\"https:\/\/psol50.org.br\/#organization\"},\"alternateName\":\"PSOL50\",\"potentialAction\":[{\"@type\":\"SearchAction\",\"target\":{\"@type\":\"EntryPoint\",\"urlTemplate\":\"https:\/\/psol50.org.br\/?s={search_term_string}\"},\"query-input\":{\"@type\":\"PropertyValueSpecification\",\"valueRequired\":true,\"valueName\":\"search_term_string\"}}],\"inLanguage\":\"pt-BR\"},{\"@type\":\"Organization\",\"@id\":\"https:\/\/psol50.org.br\/#organization\",\"name\":\"PSOL 50\",\"alternateName\":\"PSOL 50\",\"url\":\"https:\/\/psol50.org.br\/\",\"logo\":{\"@type\":\"ImageObject\",\"inLanguage\":\"pt-BR\",\"@id\":\"https:\/\/psol50.org.br\/#\/schema\/logo\/image\/\",\"url\":\"https:\/\/psol50.org.br\/inc\/uploads\/2018\/07\/capa.png\",\"contentUrl\":\"https:\/\/psol50.org.br\/inc\/uploads\/2018\/07\/capa.png\",\"width\":1350,\"height\":900,\"caption\":\"PSOL 50\"},\"image\":{\"@id\":\"https:\/\/psol50.org.br\/#\/schema\/logo\/image\/\"},\"sameAs\":[\"https:\/\/www.facebook.com\/psol50\",\"https:\/\/x.com\/psol50\",\"https:\/\/www.instagram.com\/psol50\/\",\"https:\/\/www.youtube.com\/channel\/UC7SnJS5o1os7a6CaiNabzcg\"]},{\"@type\":\"Person\",\"@id\":\"https:\/\/psol50.org.br\/#\/schema\/person\/475dfa57d0b815993c714c2e96491fcd\",\"name\":\"Comunica\u00e7\u00e3o PSOL\",\"image\":{\"@type\":\"ImageObject\",\"inLanguage\":\"pt-BR\",\"@id\":\"https:\/\/psol50.org.br\/#\/schema\/person\/image\/\",\"url\":\"https:\/\/secure.gravatar.com\/avatar\/b34fc4f4e468a4e51785917065a3db57b841f5c95dba6ad8c73aaf8f66f8f9bf?s=96&d=mm&r=g\",\"contentUrl\":\"https:\/\/secure.gravatar.com\/avatar\/b34fc4f4e468a4e51785917065a3db57b841f5c95dba6ad8c73aaf8f66f8f9bf?s=96&d=mm&r=g\",\"caption\":\"Comunica\u00e7\u00e3o PSOL\"}}]}<\/script>\n<!-- \/ Yoast SEO plugin. -->","yoast_head_json":{"title":"Semin\u00e1rio internacional sobre a crise - PSOL 50","robots":{"index":"index","follow":"follow","max-snippet":"max-snippet:-1","max-image-preview":"max-image-preview:large","max-video-preview":"max-video-preview:-1"},"canonical":"https:\/\/psol50.org.br\/seminario-internacional-sobre-a-crise\/","og_locale":"pt_BR","og_type":"article","og_title":"Semin\u00e1rio internacional sobre a crise - PSOL 50","og_description":"A Funda\u00e7\u00e3o Lauro Campos junto com o Partido Socialismo e Liberdade, PSOL, est\u00e1 organizando um Semin\u00e1rio Internacional para discutir a nova situa\u00e7\u00e3o e os impactos da crise econ\u00f4mica e as respostas e iniciativas da esquerda na Am\u00e9rica Latina e no Mundo.","og_url":"https:\/\/psol50.org.br\/seminario-internacional-sobre-a-crise\/","og_site_name":"PSOL 50","article_publisher":"https:\/\/www.facebook.com\/psol50","article_published_time":"2009-04-17T00:00:00+00:00","og_image":[{"width":1350,"height":900,"url":"https:\/\/psol50.org.br\/inc\/uploads\/2018\/07\/capa.png","type":"image\/png"}],"author":"Comunica\u00e7\u00e3o PSOL","twitter_card":"summary_large_image","twitter_creator":"@psol50","twitter_site":"@psol50","twitter_misc":{"Escrito por":"Comunica\u00e7\u00e3o PSOL","Est. tempo de leitura":"7 minutos"},"schema":{"@context":"https:\/\/schema.org","@graph":[{"@type":"Article","@id":"https:\/\/psol50.org.br\/seminario-internacional-sobre-a-crise\/#article","isPartOf":{"@id":"https:\/\/psol50.org.br\/seminario-internacional-sobre-a-crise\/"},"author":{"name":"Comunica\u00e7\u00e3o PSOL","@id":"https:\/\/psol50.org.br\/#\/schema\/person\/475dfa57d0b815993c714c2e96491fcd"},"headline":"Semin\u00e1rio internacional sobre a crise","datePublished":"2009-04-17T00:00:00+00:00","mainEntityOfPage":{"@id":"https:\/\/psol50.org.br\/seminario-internacional-sobre-a-crise\/"},"wordCount":1357,"commentCount":0,"publisher":{"@id":"https:\/\/psol50.org.br\/#organization"},"articleSection":["Arquivo"],"inLanguage":"pt-BR","potentialAction":[{"@type":"CommentAction","name":"Comment","target":["https:\/\/psol50.org.br\/seminario-internacional-sobre-a-crise\/#respond"]}]},{"@type":"WebPage","@id":"https:\/\/psol50.org.br\/seminario-internacional-sobre-a-crise\/","url":"https:\/\/psol50.org.br\/seminario-internacional-sobre-a-crise\/","name":"Semin\u00e1rio internacional sobre a crise - PSOL 50","isPartOf":{"@id":"https:\/\/psol50.org.br\/#website"},"datePublished":"2009-04-17T00:00:00+00:00","breadcrumb":{"@id":"https:\/\/psol50.org.br\/seminario-internacional-sobre-a-crise\/#breadcrumb"},"inLanguage":"pt-BR","potentialAction":[{"@type":"ReadAction","target":["https:\/\/psol50.org.br\/seminario-internacional-sobre-a-crise\/"]}]},{"@type":"BreadcrumbList","@id":"https:\/\/psol50.org.br\/seminario-internacional-sobre-a-crise\/#breadcrumb","itemListElement":[{"@type":"ListItem","position":1,"name":"In\u00edcio","item":"https:\/\/psol50.org.br\/"},{"@type":"ListItem","position":2,"name":"Semin\u00e1rio internacional sobre a crise"}]},{"@type":"WebSite","@id":"https:\/\/psol50.org.br\/#website","url":"https:\/\/psol50.org.br\/","name":"PSOL 50","description":"Site oficial do Partido Socialismo e Liberdade","publisher":{"@id":"https:\/\/psol50.org.br\/#organization"},"alternateName":"PSOL50","potentialAction":[{"@type":"SearchAction","target":{"@type":"EntryPoint","urlTemplate":"https:\/\/psol50.org.br\/?s={search_term_string}"},"query-input":{"@type":"PropertyValueSpecification","valueRequired":true,"valueName":"search_term_string"}}],"inLanguage":"pt-BR"},{"@type":"Organization","@id":"https:\/\/psol50.org.br\/#organization","name":"PSOL 50","alternateName":"PSOL 50","url":"https:\/\/psol50.org.br\/","logo":{"@type":"ImageObject","inLanguage":"pt-BR","@id":"https:\/\/psol50.org.br\/#\/schema\/logo\/image\/","url":"https:\/\/psol50.org.br\/inc\/uploads\/2018\/07\/capa.png","contentUrl":"https:\/\/psol50.org.br\/inc\/uploads\/2018\/07\/capa.png","width":1350,"height":900,"caption":"PSOL 50"},"image":{"@id":"https:\/\/psol50.org.br\/#\/schema\/logo\/image\/"},"sameAs":["https:\/\/www.facebook.com\/psol50","https:\/\/x.com\/psol50","https:\/\/www.instagram.com\/psol50\/","https:\/\/www.youtube.com\/channel\/UC7SnJS5o1os7a6CaiNabzcg"]},{"@type":"Person","@id":"https:\/\/psol50.org.br\/#\/schema\/person\/475dfa57d0b815993c714c2e96491fcd","name":"Comunica\u00e7\u00e3o PSOL","image":{"@type":"ImageObject","inLanguage":"pt-BR","@id":"https:\/\/psol50.org.br\/#\/schema\/person\/image\/","url":"https:\/\/secure.gravatar.com\/avatar\/b34fc4f4e468a4e51785917065a3db57b841f5c95dba6ad8c73aaf8f66f8f9bf?s=96&d=mm&r=g","contentUrl":"https:\/\/secure.gravatar.com\/avatar\/b34fc4f4e468a4e51785917065a3db57b841f5c95dba6ad8c73aaf8f66f8f9bf?s=96&d=mm&r=g","caption":"Comunica\u00e7\u00e3o PSOL"}}]}},"_links":{"self":[{"href":"https:\/\/psol50.org.br\/rest\/wp\/v2\/posts\/358","targetHints":{"allow":["GET"]}}],"collection":[{"href":"https:\/\/psol50.org.br\/rest\/wp\/v2\/posts"}],"about":[{"href":"https:\/\/psol50.org.br\/rest\/wp\/v2\/types\/post"}],"author":[{"embeddable":true,"href":"https:\/\/psol50.org.br\/rest\/wp\/v2\/users\/2"}],"replies":[{"embeddable":true,"href":"https:\/\/psol50.org.br\/rest\/wp\/v2\/comments?post=358"}],"version-history":[{"count":0,"href":"https:\/\/psol50.org.br\/rest\/wp\/v2\/posts\/358\/revisions"}],"wp:attachment":[{"href":"https:\/\/psol50.org.br\/rest\/wp\/v2\/media?parent=358"}],"wp:term":[{"taxonomy":"category","embeddable":true,"href":"https:\/\/psol50.org.br\/rest\/wp\/v2\/categories?post=358"},{"taxonomy":"post_tag","embeddable":true,"href":"https:\/\/psol50.org.br\/rest\/wp\/v2\/tags?post=358"}],"curies":[{"name":"wp","href":"https:\/\/api.w.org\/{rel}","templated":true}]}}