{"id":35895,"date":"2022-06-01T16:51:36","date_gmt":"2022-06-01T19:51:36","guid":{"rendered":"https:\/\/psol50.org.br\/?p=35895"},"modified":"2022-06-01T16:51:36","modified_gmt":"2022-06-01T19:51:36","slug":"psol-denuncia-ministros-do-governo-ao-tcu-por-filas-do-auxilio-brasil","status":"publish","type":"post","link":"https:\/\/psol50.org.br\/psol-denuncia-ministros-do-governo-ao-tcu-por-filas-do-auxilio-brasil\/","title":{"rendered":"PSOL denuncia ministros do governo ao TCU por filas do Aux\u00edlio Brasil"},"content":{"rendered":"<p>A bancada do PSOL na C\u00e2mara enviou representa\u00e7\u00f5es ao Tribunal de Contas da Uni\u00e3o (TCU) na \u00faltima ter\u00e7a-feira (31) contra os ministros da Cidadania, Ronaldo Vieira Bento, e da Economia, Paulo Guedes, por causa da enorme fila de fam\u00edlias para receberem o Aux\u00edlio Brasil.<\/p>\n<p>Dados do pr\u00f3prio Minist\u00e9rio da Cidadania apontam que mais de 764 mil fam\u00edlias j\u00e1 tiveram o cadastro aprovado pela pasta, mas que precisam aguardar eventual aumento no or\u00e7amento do Aux\u00edlio Brasil ou a sa\u00edda de algum benefici\u00e1rio para ent\u00e3o receber o pagamento. Mas a Confedera\u00e7\u00e3o Nacional de Munic\u00edpios afirma que a espera atinge 1,3 milh\u00e3o de fam\u00edlias. O valor do aux\u00edlio \u00e9, em m\u00e9dia, de R$ 400 por m\u00eas.<\/p>\n<p>\u201cEssa \u00e9 a face mais perversa do Governo Bolsonaro e mostra que h\u00e1 um verdadeiro modus operandi nos entraves destinados dos recursos destinos aos mais pobres, a exemplo dos obst\u00e1culos criados na concretiza\u00e7\u00e3o do Programa Aux\u00edlio Brasil\u201d, destaca a bancada na representa\u00e7\u00e3o.<\/p>\n<p>Tamb\u00e9m foi protocolado na Comiss\u00e3o de Fiscaliza\u00e7\u00e3o Financeira e Controle da C\u00e2mara requerimento de convoca\u00e7\u00e3o de Ronaldo Bento, assinado pelo deputado federal Ivan Valente (PSOL).<\/p>\n<p>\u201cA extrema pobreza ainda figura como o grande problema do nosso pa\u00eds, e tudo indica que ela deve aumentar substancialmente nos pr\u00f3ximos anos, colocando em evid\u00eancia um verdadeiro retrocesso social, com fragiliza\u00e7\u00e3o de direitos e garantias fundamentais consagrados em nossa Constitui\u00e7\u00e3o Federal, caso o governo n\u00e3o destine recursos do or\u00e7amento para esta parte da popula\u00e7\u00e3o&#8221;, diz trecho do pedido de convoca\u00e7\u00e3o.<\/p>\n","protected":false},"excerpt":{"rendered":"<p>A bancada do PSOL na C\u00e2mara enviou representa\u00e7\u00f5es ao Tribunal de Contas da Uni\u00e3o (TCU) na \u00faltima ter\u00e7a-feira (31) contra os ministros da Cidadania, Ronaldo Vieira Bento, e da Economia, Paulo Guedes, por causa da enorme fila de fam\u00edlias para receberem o Aux\u00edlio Brasil. Dados do pr\u00f3prio Minist\u00e9rio da Cidadania apontam que mais de 764 [&hellip;]<\/p>\n","protected":false},"author":2,"featured_media":35898,"comment_status":"open","ping_status":"open","sticky":false,"template":"","format":"standard","meta":{"_acf_changed":false,"footnotes":""},"categories":[10],"tags":[4825],"class_list":{"0":"post-35895","1":"post","2":"type-post","3":"status-publish","4":"format-standard","5":"has-post-thumbnail","7":"category-acao-parlamentares","8":"tag-noticias"},"acf":[],"yoast_head":"<!-- This site is optimized with the Yoast SEO plugin v26.5 - https:\/\/yoast.com\/wordpress\/plugins\/seo\/ -->\n<title>PSOL denuncia ministros do governo ao TCU por filas do Aux\u00edlio Brasil<\/title>\n<meta name=\"description\" content=\"Al\u00e9m de denunciar Paulo Guedes, bancada do PSOL tamb\u00e9m pede convoca\u00e7\u00e3o do ministro da Cidadania, Ronaldo Bento, na C\u00e2mara dos Deputados.\" \/>\n<meta name=\"robots\" content=\"index, follow, max-snippet:-1, max-image-preview:large, max-video-preview:-1\" \/>\n<link rel=\"canonical\" href=\"https:\/\/psol50.org.br\/psol-denuncia-ministros-do-governo-ao-tcu-por-filas-do-auxilio-brasil\/\" \/>\n<meta property=\"og:locale\" content=\"pt_BR\" \/>\n<meta property=\"og:type\" content=\"article\" \/>\n<meta property=\"og:title\" content=\"PSOL denuncia ministros do governo ao TCU por filas do Aux\u00edlio Brasil\" \/>\n<meta property=\"og:description\" content=\"Al\u00e9m de denunciar Paulo Guedes, bancada do PSOL tamb\u00e9m pede convoca\u00e7\u00e3o do ministro da Cidadania, Ronaldo Bento, na C\u00e2mara dos Deputados.\" \/>\n<meta property=\"og:url\" content=\"https:\/\/psol50.org.br\/psol-denuncia-ministros-do-governo-ao-tcu-por-filas-do-auxilio-brasil\/\" \/>\n<meta property=\"og:site_name\" content=\"PSOL 50\" \/>\n<meta property=\"article:publisher\" content=\"https:\/\/www.facebook.com\/psol50\" \/>\n<meta property=\"article:published_time\" content=\"2022-06-01T19:51:36+00:00\" \/>\n<meta property=\"og:image\" content=\"https:\/\/psol50.org.br\/inc\/uploads\/2022\/06\/image_processing20200530-17512-1r83f3z.jpeg\" \/>\n\t<meta property=\"og:image:width\" content=\"800\" \/>\n\t<meta property=\"og:image:height\" content=\"479\" \/>\n\t<meta property=\"og:image:type\" content=\"image\/jpeg\" \/>\n<meta name=\"author\" content=\"Comunica\u00e7\u00e3o PSOL\" \/>\n<meta name=\"twitter:card\" content=\"summary_large_image\" \/>\n<meta name=\"twitter:creator\" content=\"@psol50\" \/>\n<meta name=\"twitter:site\" content=\"@psol50\" \/>\n<meta name=\"twitter:label1\" content=\"Escrito por\" \/>\n\t<meta name=\"twitter:data1\" content=\"Comunica\u00e7\u00e3o PSOL\" \/>\n\t<meta name=\"twitter:label2\" content=\"Est. tempo de leitura\" \/>\n\t<meta name=\"twitter:data2\" content=\"2 minutos\" \/>\n<script type=\"application\/ld+json\" class=\"yoast-schema-graph\">{\"@context\":\"https:\/\/schema.org\",\"@graph\":[{\"@type\":\"Article\",\"@id\":\"https:\/\/psol50.org.br\/psol-denuncia-ministros-do-governo-ao-tcu-por-filas-do-auxilio-brasil\/#article\",\"isPartOf\":{\"@id\":\"https:\/\/psol50.org.br\/psol-denuncia-ministros-do-governo-ao-tcu-por-filas-do-auxilio-brasil\/\"},\"author\":{\"name\":\"Comunica\u00e7\u00e3o PSOL\",\"@id\":\"https:\/\/psol50.org.br\/#\/schema\/person\/475dfa57d0b815993c714c2e96491fcd\"},\"headline\":\"PSOL denuncia ministros do governo ao TCU por filas do Aux\u00edlio Brasil\",\"datePublished\":\"2022-06-01T19:51:36+00:00\",\"mainEntityOfPage\":{\"@id\":\"https:\/\/psol50.org.br\/psol-denuncia-ministros-do-governo-ao-tcu-por-filas-do-auxilio-brasil\/\"},\"wordCount\":287,\"commentCount\":0,\"publisher\":{\"@id\":\"https:\/\/psol50.org.br\/#organization\"},\"image\":{\"@id\":\"https:\/\/psol50.org.br\/psol-denuncia-ministros-do-governo-ao-tcu-por-filas-do-auxilio-brasil\/#primaryimage\"},\"thumbnailUrl\":\"https:\/\/psol50.org.br\/inc\/uploads\/2022\/06\/image_processing20200530-17512-1r83f3z.jpeg\",\"keywords\":[\"Not\u00edcias\"],\"articleSection\":[\"A\u00e7\u00e3o Parlamentar\"],\"inLanguage\":\"pt-BR\",\"potentialAction\":[{\"@type\":\"CommentAction\",\"name\":\"Comment\",\"target\":[\"https:\/\/psol50.org.br\/psol-denuncia-ministros-do-governo-ao-tcu-por-filas-do-auxilio-brasil\/#respond\"]}]},{\"@type\":\"WebPage\",\"@id\":\"https:\/\/psol50.org.br\/psol-denuncia-ministros-do-governo-ao-tcu-por-filas-do-auxilio-brasil\/\",\"url\":\"https:\/\/psol50.org.br\/psol-denuncia-ministros-do-governo-ao-tcu-por-filas-do-auxilio-brasil\/\",\"name\":\"PSOL denuncia ministros do governo ao TCU por filas do Aux\u00edlio Brasil\",\"isPartOf\":{\"@id\":\"https:\/\/psol50.org.br\/#website\"},\"primaryImageOfPage\":{\"@id\":\"https:\/\/psol50.org.br\/psol-denuncia-ministros-do-governo-ao-tcu-por-filas-do-auxilio-brasil\/#primaryimage\"},\"image\":{\"@id\":\"https:\/\/psol50.org.br\/psol-denuncia-ministros-do-governo-ao-tcu-por-filas-do-auxilio-brasil\/#primaryimage\"},\"thumbnailUrl\":\"https:\/\/psol50.org.br\/inc\/uploads\/2022\/06\/image_processing20200530-17512-1r83f3z.jpeg\",\"datePublished\":\"2022-06-01T19:51:36+00:00\",\"description\":\"Al\u00e9m de denunciar Paulo Guedes, bancada do PSOL tamb\u00e9m pede convoca\u00e7\u00e3o do ministro da Cidadania, Ronaldo Bento, na C\u00e2mara dos Deputados.\",\"breadcrumb\":{\"@id\":\"https:\/\/psol50.org.br\/psol-denuncia-ministros-do-governo-ao-tcu-por-filas-do-auxilio-brasil\/#breadcrumb\"},\"inLanguage\":\"pt-BR\",\"potentialAction\":[{\"@type\":\"ReadAction\",\"target\":[\"https:\/\/psol50.org.br\/psol-denuncia-ministros-do-governo-ao-tcu-por-filas-do-auxilio-brasil\/\"]}]},{\"@type\":\"ImageObject\",\"inLanguage\":\"pt-BR\",\"@id\":\"https:\/\/psol50.org.br\/psol-denuncia-ministros-do-governo-ao-tcu-por-filas-do-auxilio-brasil\/#primaryimage\",\"url\":\"https:\/\/psol50.org.br\/inc\/uploads\/2022\/06\/image_processing20200530-17512-1r83f3z.jpeg\",\"contentUrl\":\"https:\/\/psol50.org.br\/inc\/uploads\/2022\/06\/image_processing20200530-17512-1r83f3z.jpeg\",\"width\":800,\"height\":479,\"caption\":\"Foto: Antonio Cruz\/Ag\u00eancia Brasil\"},{\"@type\":\"BreadcrumbList\",\"@id\":\"https:\/\/psol50.org.br\/psol-denuncia-ministros-do-governo-ao-tcu-por-filas-do-auxilio-brasil\/#breadcrumb\",\"itemListElement\":[{\"@type\":\"ListItem\",\"position\":1,\"name\":\"In\u00edcio\",\"item\":\"https:\/\/psol50.org.br\/\"},{\"@type\":\"ListItem\",\"position\":2,\"name\":\"PSOL denuncia ministros do governo ao TCU por filas do Aux\u00edlio Brasil\"}]},{\"@type\":\"WebSite\",\"@id\":\"https:\/\/psol50.org.br\/#website\",\"url\":\"https:\/\/psol50.org.br\/\",\"name\":\"PSOL 50\",\"description\":\"Site oficial do Partido Socialismo e Liberdade\",\"publisher\":{\"@id\":\"https:\/\/psol50.org.br\/#organization\"},\"alternateName\":\"PSOL50\",\"potentialAction\":[{\"@type\":\"SearchAction\",\"target\":{\"@type\":\"EntryPoint\",\"urlTemplate\":\"https:\/\/psol50.org.br\/?s={search_term_string}\"},\"query-input\":{\"@type\":\"PropertyValueSpecification\",\"valueRequired\":true,\"valueName\":\"search_term_string\"}}],\"inLanguage\":\"pt-BR\"},{\"@type\":\"Organization\",\"@id\":\"https:\/\/psol50.org.br\/#organization\",\"name\":\"PSOL 50\",\"alternateName\":\"PSOL 50\",\"url\":\"https:\/\/psol50.org.br\/\",\"logo\":{\"@type\":\"ImageObject\",\"inLanguage\":\"pt-BR\",\"@id\":\"https:\/\/psol50.org.br\/#\/schema\/logo\/image\/\",\"url\":\"https:\/\/psol50.org.br\/inc\/uploads\/2018\/07\/capa.png\",\"contentUrl\":\"https:\/\/psol50.org.br\/inc\/uploads\/2018\/07\/capa.png\",\"width\":1350,\"height\":900,\"caption\":\"PSOL 50\"},\"image\":{\"@id\":\"https:\/\/psol50.org.br\/#\/schema\/logo\/image\/\"},\"sameAs\":[\"https:\/\/www.facebook.com\/psol50\",\"https:\/\/x.com\/psol50\",\"https:\/\/www.instagram.com\/psol50\/\",\"https:\/\/www.youtube.com\/channel\/UC7SnJS5o1os7a6CaiNabzcg\"]},{\"@type\":\"Person\",\"@id\":\"https:\/\/psol50.org.br\/#\/schema\/person\/475dfa57d0b815993c714c2e96491fcd\",\"name\":\"Comunica\u00e7\u00e3o PSOL\",\"image\":{\"@type\":\"ImageObject\",\"inLanguage\":\"pt-BR\",\"@id\":\"https:\/\/psol50.org.br\/#\/schema\/person\/image\/\",\"url\":\"https:\/\/secure.gravatar.com\/avatar\/b34fc4f4e468a4e51785917065a3db57b841f5c95dba6ad8c73aaf8f66f8f9bf?s=96&d=mm&r=g\",\"contentUrl\":\"https:\/\/secure.gravatar.com\/avatar\/b34fc4f4e468a4e51785917065a3db57b841f5c95dba6ad8c73aaf8f66f8f9bf?s=96&d=mm&r=g\",\"caption\":\"Comunica\u00e7\u00e3o PSOL\"}}]}<\/script>\n<!-- \/ Yoast SEO plugin. -->","yoast_head_json":{"title":"PSOL denuncia ministros do governo ao TCU por filas do Aux\u00edlio Brasil","description":"Al\u00e9m de denunciar Paulo Guedes, bancada do PSOL tamb\u00e9m pede convoca\u00e7\u00e3o do ministro da Cidadania, Ronaldo Bento, na C\u00e2mara dos Deputados.","robots":{"index":"index","follow":"follow","max-snippet":"max-snippet:-1","max-image-preview":"max-image-preview:large","max-video-preview":"max-video-preview:-1"},"canonical":"https:\/\/psol50.org.br\/psol-denuncia-ministros-do-governo-ao-tcu-por-filas-do-auxilio-brasil\/","og_locale":"pt_BR","og_type":"article","og_title":"PSOL denuncia ministros do governo ao TCU por filas do Aux\u00edlio Brasil","og_description":"Al\u00e9m de denunciar Paulo Guedes, bancada do PSOL tamb\u00e9m pede convoca\u00e7\u00e3o do ministro da Cidadania, Ronaldo Bento, na C\u00e2mara dos Deputados.","og_url":"https:\/\/psol50.org.br\/psol-denuncia-ministros-do-governo-ao-tcu-por-filas-do-auxilio-brasil\/","og_site_name":"PSOL 50","article_publisher":"https:\/\/www.facebook.com\/psol50","article_published_time":"2022-06-01T19:51:36+00:00","og_image":[{"width":800,"height":479,"url":"https:\/\/psol50.org.br\/inc\/uploads\/2022\/06\/image_processing20200530-17512-1r83f3z.jpeg","type":"image\/jpeg"}],"author":"Comunica\u00e7\u00e3o PSOL","twitter_card":"summary_large_image","twitter_creator":"@psol50","twitter_site":"@psol50","twitter_misc":{"Escrito por":"Comunica\u00e7\u00e3o PSOL","Est. tempo de leitura":"2 minutos"},"schema":{"@context":"https:\/\/schema.org","@graph":[{"@type":"Article","@id":"https:\/\/psol50.org.br\/psol-denuncia-ministros-do-governo-ao-tcu-por-filas-do-auxilio-brasil\/#article","isPartOf":{"@id":"https:\/\/psol50.org.br\/psol-denuncia-ministros-do-governo-ao-tcu-por-filas-do-auxilio-brasil\/"},"author":{"name":"Comunica\u00e7\u00e3o PSOL","@id":"https:\/\/psol50.org.br\/#\/schema\/person\/475dfa57d0b815993c714c2e96491fcd"},"headline":"PSOL denuncia ministros do governo ao TCU por filas do Aux\u00edlio Brasil","datePublished":"2022-06-01T19:51:36+00:00","mainEntityOfPage":{"@id":"https:\/\/psol50.org.br\/psol-denuncia-ministros-do-governo-ao-tcu-por-filas-do-auxilio-brasil\/"},"wordCount":287,"commentCount":0,"publisher":{"@id":"https:\/\/psol50.org.br\/#organization"},"image":{"@id":"https:\/\/psol50.org.br\/psol-denuncia-ministros-do-governo-ao-tcu-por-filas-do-auxilio-brasil\/#primaryimage"},"thumbnailUrl":"https:\/\/psol50.org.br\/inc\/uploads\/2022\/06\/image_processing20200530-17512-1r83f3z.jpeg","keywords":["Not\u00edcias"],"articleSection":["A\u00e7\u00e3o Parlamentar"],"inLanguage":"pt-BR","potentialAction":[{"@type":"CommentAction","name":"Comment","target":["https:\/\/psol50.org.br\/psol-denuncia-ministros-do-governo-ao-tcu-por-filas-do-auxilio-brasil\/#respond"]}]},{"@type":"WebPage","@id":"https:\/\/psol50.org.br\/psol-denuncia-ministros-do-governo-ao-tcu-por-filas-do-auxilio-brasil\/","url":"https:\/\/psol50.org.br\/psol-denuncia-ministros-do-governo-ao-tcu-por-filas-do-auxilio-brasil\/","name":"PSOL denuncia ministros do governo ao TCU por filas do Aux\u00edlio Brasil","isPartOf":{"@id":"https:\/\/psol50.org.br\/#website"},"primaryImageOfPage":{"@id":"https:\/\/psol50.org.br\/psol-denuncia-ministros-do-governo-ao-tcu-por-filas-do-auxilio-brasil\/#primaryimage"},"image":{"@id":"https:\/\/psol50.org.br\/psol-denuncia-ministros-do-governo-ao-tcu-por-filas-do-auxilio-brasil\/#primaryimage"},"thumbnailUrl":"https:\/\/psol50.org.br\/inc\/uploads\/2022\/06\/image_processing20200530-17512-1r83f3z.jpeg","datePublished":"2022-06-01T19:51:36+00:00","description":"Al\u00e9m de denunciar Paulo Guedes, bancada do PSOL tamb\u00e9m pede convoca\u00e7\u00e3o do ministro da Cidadania, Ronaldo Bento, na C\u00e2mara dos Deputados.","breadcrumb":{"@id":"https:\/\/psol50.org.br\/psol-denuncia-ministros-do-governo-ao-tcu-por-filas-do-auxilio-brasil\/#breadcrumb"},"inLanguage":"pt-BR","potentialAction":[{"@type":"ReadAction","target":["https:\/\/psol50.org.br\/psol-denuncia-ministros-do-governo-ao-tcu-por-filas-do-auxilio-brasil\/"]}]},{"@type":"ImageObject","inLanguage":"pt-BR","@id":"https:\/\/psol50.org.br\/psol-denuncia-ministros-do-governo-ao-tcu-por-filas-do-auxilio-brasil\/#primaryimage","url":"https:\/\/psol50.org.br\/inc\/uploads\/2022\/06\/image_processing20200530-17512-1r83f3z.jpeg","contentUrl":"https:\/\/psol50.org.br\/inc\/uploads\/2022\/06\/image_processing20200530-17512-1r83f3z.jpeg","width":800,"height":479,"caption":"Foto: Antonio Cruz\/Ag\u00eancia Brasil"},{"@type":"BreadcrumbList","@id":"https:\/\/psol50.org.br\/psol-denuncia-ministros-do-governo-ao-tcu-por-filas-do-auxilio-brasil\/#breadcrumb","itemListElement":[{"@type":"ListItem","position":1,"name":"In\u00edcio","item":"https:\/\/psol50.org.br\/"},{"@type":"ListItem","position":2,"name":"PSOL denuncia ministros do governo ao TCU por filas do Aux\u00edlio Brasil"}]},{"@type":"WebSite","@id":"https:\/\/psol50.org.br\/#website","url":"https:\/\/psol50.org.br\/","name":"PSOL 50","description":"Site oficial do Partido Socialismo e Liberdade","publisher":{"@id":"https:\/\/psol50.org.br\/#organization"},"alternateName":"PSOL50","potentialAction":[{"@type":"SearchAction","target":{"@type":"EntryPoint","urlTemplate":"https:\/\/psol50.org.br\/?s={search_term_string}"},"query-input":{"@type":"PropertyValueSpecification","valueRequired":true,"valueName":"search_term_string"}}],"inLanguage":"pt-BR"},{"@type":"Organization","@id":"https:\/\/psol50.org.br\/#organization","name":"PSOL 50","alternateName":"PSOL 50","url":"https:\/\/psol50.org.br\/","logo":{"@type":"ImageObject","inLanguage":"pt-BR","@id":"https:\/\/psol50.org.br\/#\/schema\/logo\/image\/","url":"https:\/\/psol50.org.br\/inc\/uploads\/2018\/07\/capa.png","contentUrl":"https:\/\/psol50.org.br\/inc\/uploads\/2018\/07\/capa.png","width":1350,"height":900,"caption":"PSOL 50"},"image":{"@id":"https:\/\/psol50.org.br\/#\/schema\/logo\/image\/"},"sameAs":["https:\/\/www.facebook.com\/psol50","https:\/\/x.com\/psol50","https:\/\/www.instagram.com\/psol50\/","https:\/\/www.youtube.com\/channel\/UC7SnJS5o1os7a6CaiNabzcg"]},{"@type":"Person","@id":"https:\/\/psol50.org.br\/#\/schema\/person\/475dfa57d0b815993c714c2e96491fcd","name":"Comunica\u00e7\u00e3o PSOL","image":{"@type":"ImageObject","inLanguage":"pt-BR","@id":"https:\/\/psol50.org.br\/#\/schema\/person\/image\/","url":"https:\/\/secure.gravatar.com\/avatar\/b34fc4f4e468a4e51785917065a3db57b841f5c95dba6ad8c73aaf8f66f8f9bf?s=96&d=mm&r=g","contentUrl":"https:\/\/secure.gravatar.com\/avatar\/b34fc4f4e468a4e51785917065a3db57b841f5c95dba6ad8c73aaf8f66f8f9bf?s=96&d=mm&r=g","caption":"Comunica\u00e7\u00e3o PSOL"}}]}},"_links":{"self":[{"href":"https:\/\/psol50.org.br\/rest\/wp\/v2\/posts\/35895","targetHints":{"allow":["GET"]}}],"collection":[{"href":"https:\/\/psol50.org.br\/rest\/wp\/v2\/posts"}],"about":[{"href":"https:\/\/psol50.org.br\/rest\/wp\/v2\/types\/post"}],"author":[{"embeddable":true,"href":"https:\/\/psol50.org.br\/rest\/wp\/v2\/users\/2"}],"replies":[{"embeddable":true,"href":"https:\/\/psol50.org.br\/rest\/wp\/v2\/comments?post=35895"}],"version-history":[{"count":2,"href":"https:\/\/psol50.org.br\/rest\/wp\/v2\/posts\/35895\/revisions"}],"predecessor-version":[{"id":35897,"href":"https:\/\/psol50.org.br\/rest\/wp\/v2\/posts\/35895\/revisions\/35897"}],"wp:featuredmedia":[{"embeddable":true,"href":"https:\/\/psol50.org.br\/rest\/wp\/v2\/media\/35898"}],"wp:attachment":[{"href":"https:\/\/psol50.org.br\/rest\/wp\/v2\/media?parent=35895"}],"wp:term":[{"taxonomy":"category","embeddable":true,"href":"https:\/\/psol50.org.br\/rest\/wp\/v2\/categories?post=35895"},{"taxonomy":"post_tag","embeddable":true,"href":"https:\/\/psol50.org.br\/rest\/wp\/v2\/tags?post=35895"}],"curies":[{"name":"wp","href":"https:\/\/api.w.org\/{rel}","templated":true}]}}