{"id":35928,"date":"2022-06-07T13:33:15","date_gmt":"2022-06-07T16:33:15","guid":{"rendered":"https:\/\/psol50.org.br\/?p=35928"},"modified":"2022-06-21T10:45:55","modified_gmt":"2022-06-21T13:45:55","slug":"psol-e-pt-apresentam-novo-projeto-para-impedir-despejos-e-remocoes-forcadas","status":"publish","type":"post","link":"https:\/\/psol50.org.br\/psol-e-pt-apresentam-novo-projeto-para-impedir-despejos-e-remocoes-forcadas\/","title":{"rendered":"PSOL e PT apresentam novo projeto para impedir despejos e remo\u00e7\u00f5es for\u00e7adas"},"content":{"rendered":"<p>As bancadas do PSOL e PT protocolaram na \u00faltima segunda-feira (6) um projeto de lei para impedir a remo\u00e7\u00e3o for\u00e7ada de fam\u00edlias de suas casas sem que o poder p\u00fablico garanta outro local de moradia. A proposta busca atender pessoas e fam\u00edlias em situa\u00e7\u00e3o de vulnerabilidade e que estejam amea\u00e7adas de despejo.<\/p>\n<p>Os despejos e remo\u00e7\u00f5es est\u00e3o suspensos no Brasil at\u00e9 30 de junho, conforme decis\u00e3o do Supremo Tribunal Federal (STF), que acatou pedido da A\u00e7\u00e3o de Descumprimento de Preceito Fundamental (ADPF) 828, apresentada pelo PSOL, Movimento dos Trabalhadores Sem Teto (MTST) e Campanha Despejo Zero.<\/p>\n<p>\u201c\u00c9 essencial garantir que as fam\u00edlias tenham um teto, tenham uma casa. A situa\u00e7\u00e3o est\u00e1 dram\u00e1tica, os brasileiros n\u00e3o conseguem pagar suas contas, nem colocar comida na mesa. Tir\u00e1-los de suas resid\u00eancias e jog\u00e1-los na rua seria desumano e cruel\u201d, destaca a l\u00edder do PSOL, S\u00e2mia Bomfim.<\/p>\n<p>A deputada Nat\u00e1lia Bonavides (PT\/RN), que idealizou o projeto, afirma que Bolsonaro desmonta as pol\u00edticas de moradia e permite que bancos tomem as casas do povo. \u201cNossa luta \u00e9 para garantir a moradia da classe trabalhadora\u201d.<\/p>\n<p>No projeto, as bancadas de PSOL e PT ressaltam que \u201ca crise econ\u00f4mica, ambiental, pol\u00edtica e social n\u00e3o cessar\u00e1 ap\u00f3s 30 de junho de 2022, sobretudo diante de uma gest\u00e3o desastrosa como a do atual governo federal&#8221;.<\/p>\n<p>&#8220;A institui\u00e7\u00e3o de procedimentos para serem observados ap\u00f3s o fim da suspens\u00e3o das remo\u00e7\u00f5es for\u00e7adas \u00e9 medida que se imp\u00f5e para evitar que essa crise se aprofunde ainda mais, com aumento de pessoas desalojadas e com seus direitos violados\u201d, concluem.<\/p>\n","protected":false},"excerpt":{"rendered":"<p>As bancadas do PSOL e PT protocolaram na \u00faltima segunda-feira (6) um projeto de lei para impedir a remo\u00e7\u00e3o for\u00e7ada de fam\u00edlias de suas casas sem que o poder p\u00fablico garanta outro local de moradia. A proposta busca atender pessoas e fam\u00edlias em situa\u00e7\u00e3o de vulnerabilidade e que estejam amea\u00e7adas de despejo. Os despejos e [&hellip;]<\/p>\n","protected":false},"author":2,"featured_media":35931,"comment_status":"open","ping_status":"open","sticky":false,"template":"","format":"standard","meta":{"_acf_changed":false,"footnotes":""},"categories":[10],"tags":[4825],"class_list":{"0":"post-35928","1":"post","2":"type-post","3":"status-publish","4":"format-standard","5":"has-post-thumbnail","7":"category-acao-parlamentares","8":"tag-noticias"},"acf":[],"yoast_head":"<!-- This site is optimized with the Yoast SEO plugin v26.5 - https:\/\/yoast.com\/wordpress\/plugins\/seo\/ -->\n<title>PSOL e PT apresentam novo projeto para impedir despejos e remo\u00e7\u00f5es for\u00e7adas<\/title>\n<meta name=\"description\" content=\"Os despejos e remo\u00e7\u00f5es est\u00e3o suspensos at\u00e9 30 de junho, conforme decis\u00e3o do STF em a\u00e7\u00e3o apresentada pelo PSOL, MTST e Campanha Despejo Zero.\" \/>\n<meta name=\"robots\" content=\"index, follow, max-snippet:-1, max-image-preview:large, max-video-preview:-1\" \/>\n<link rel=\"canonical\" href=\"https:\/\/psol50.org.br\/psol-e-pt-apresentam-novo-projeto-para-impedir-despejos-e-remocoes-forcadas\/\" \/>\n<meta property=\"og:locale\" content=\"pt_BR\" \/>\n<meta property=\"og:type\" content=\"article\" \/>\n<meta property=\"og:title\" content=\"PSOL e PT apresentam novo projeto para impedir despejos e remo\u00e7\u00f5es for\u00e7adas\" \/>\n<meta property=\"og:description\" content=\"Os despejos e remo\u00e7\u00f5es est\u00e3o suspensos at\u00e9 30 de junho, conforme decis\u00e3o do STF em a\u00e7\u00e3o apresentada pelo PSOL, MTST e Campanha Despejo Zero.\" \/>\n<meta property=\"og:url\" content=\"https:\/\/psol50.org.br\/psol-e-pt-apresentam-novo-projeto-para-impedir-despejos-e-remocoes-forcadas\/\" \/>\n<meta property=\"og:site_name\" content=\"PSOL 50\" \/>\n<meta property=\"article:publisher\" content=\"https:\/\/www.facebook.com\/psol50\" \/>\n<meta property=\"article:published_time\" content=\"2022-06-07T16:33:15+00:00\" \/>\n<meta property=\"article:modified_time\" content=\"2022-06-21T13:45:55+00:00\" \/>\n<meta property=\"og:image\" content=\"https:\/\/psol50.org.br\/inc\/uploads\/2022\/06\/ato-despejo-zero.jpeg\" \/>\n\t<meta property=\"og:image:width\" content=\"1200\" \/>\n\t<meta property=\"og:image:height\" content=\"754\" \/>\n\t<meta property=\"og:image:type\" content=\"image\/jpeg\" \/>\n<meta name=\"author\" content=\"Comunica\u00e7\u00e3o PSOL\" \/>\n<meta name=\"twitter:card\" content=\"summary_large_image\" \/>\n<meta name=\"twitter:creator\" content=\"@psol50\" \/>\n<meta name=\"twitter:site\" content=\"@psol50\" \/>\n<meta name=\"twitter:label1\" content=\"Escrito por\" \/>\n\t<meta name=\"twitter:data1\" content=\"Comunica\u00e7\u00e3o PSOL\" \/>\n\t<meta name=\"twitter:label2\" content=\"Est. tempo de leitura\" \/>\n\t<meta name=\"twitter:data2\" content=\"1 minuto\" \/>\n<script type=\"application\/ld+json\" class=\"yoast-schema-graph\">{\"@context\":\"https:\/\/schema.org\",\"@graph\":[{\"@type\":\"Article\",\"@id\":\"https:\/\/psol50.org.br\/psol-e-pt-apresentam-novo-projeto-para-impedir-despejos-e-remocoes-forcadas\/#article\",\"isPartOf\":{\"@id\":\"https:\/\/psol50.org.br\/psol-e-pt-apresentam-novo-projeto-para-impedir-despejos-e-remocoes-forcadas\/\"},\"author\":{\"name\":\"Comunica\u00e7\u00e3o PSOL\",\"@id\":\"https:\/\/psol50.org.br\/#\/schema\/person\/475dfa57d0b815993c714c2e96491fcd\"},\"headline\":\"PSOL e PT apresentam novo projeto para impedir despejos e remo\u00e7\u00f5es for\u00e7adas\",\"datePublished\":\"2022-06-07T16:33:15+00:00\",\"dateModified\":\"2022-06-21T13:45:55+00:00\",\"mainEntityOfPage\":{\"@id\":\"https:\/\/psol50.org.br\/psol-e-pt-apresentam-novo-projeto-para-impedir-despejos-e-remocoes-forcadas\/\"},\"wordCount\":296,\"commentCount\":0,\"publisher\":{\"@id\":\"https:\/\/psol50.org.br\/#organization\"},\"image\":{\"@id\":\"https:\/\/psol50.org.br\/psol-e-pt-apresentam-novo-projeto-para-impedir-despejos-e-remocoes-forcadas\/#primaryimage\"},\"thumbnailUrl\":\"https:\/\/psol50.org.br\/inc\/uploads\/2022\/06\/ato-despejo-zero.jpeg\",\"keywords\":[\"Not\u00edcias\"],\"articleSection\":[\"A\u00e7\u00e3o Parlamentar\"],\"inLanguage\":\"pt-BR\",\"potentialAction\":[{\"@type\":\"CommentAction\",\"name\":\"Comment\",\"target\":[\"https:\/\/psol50.org.br\/psol-e-pt-apresentam-novo-projeto-para-impedir-despejos-e-remocoes-forcadas\/#respond\"]}]},{\"@type\":\"WebPage\",\"@id\":\"https:\/\/psol50.org.br\/psol-e-pt-apresentam-novo-projeto-para-impedir-despejos-e-remocoes-forcadas\/\",\"url\":\"https:\/\/psol50.org.br\/psol-e-pt-apresentam-novo-projeto-para-impedir-despejos-e-remocoes-forcadas\/\",\"name\":\"PSOL e PT apresentam novo projeto para impedir despejos e remo\u00e7\u00f5es for\u00e7adas\",\"isPartOf\":{\"@id\":\"https:\/\/psol50.org.br\/#website\"},\"primaryImageOfPage\":{\"@id\":\"https:\/\/psol50.org.br\/psol-e-pt-apresentam-novo-projeto-para-impedir-despejos-e-remocoes-forcadas\/#primaryimage\"},\"image\":{\"@id\":\"https:\/\/psol50.org.br\/psol-e-pt-apresentam-novo-projeto-para-impedir-despejos-e-remocoes-forcadas\/#primaryimage\"},\"thumbnailUrl\":\"https:\/\/psol50.org.br\/inc\/uploads\/2022\/06\/ato-despejo-zero.jpeg\",\"datePublished\":\"2022-06-07T16:33:15+00:00\",\"dateModified\":\"2022-06-21T13:45:55+00:00\",\"description\":\"Os despejos e remo\u00e7\u00f5es est\u00e3o suspensos at\u00e9 30 de junho, conforme decis\u00e3o do STF em a\u00e7\u00e3o apresentada pelo PSOL, MTST e Campanha Despejo Zero.\",\"breadcrumb\":{\"@id\":\"https:\/\/psol50.org.br\/psol-e-pt-apresentam-novo-projeto-para-impedir-despejos-e-remocoes-forcadas\/#breadcrumb\"},\"inLanguage\":\"pt-BR\",\"potentialAction\":[{\"@type\":\"ReadAction\",\"target\":[\"https:\/\/psol50.org.br\/psol-e-pt-apresentam-novo-projeto-para-impedir-despejos-e-remocoes-forcadas\/\"]}]},{\"@type\":\"ImageObject\",\"inLanguage\":\"pt-BR\",\"@id\":\"https:\/\/psol50.org.br\/psol-e-pt-apresentam-novo-projeto-para-impedir-despejos-e-remocoes-forcadas\/#primaryimage\",\"url\":\"https:\/\/psol50.org.br\/inc\/uploads\/2022\/06\/ato-despejo-zero.jpeg\",\"contentUrl\":\"https:\/\/psol50.org.br\/inc\/uploads\/2022\/06\/ato-despejo-zero.jpeg\",\"width\":1200,\"height\":754,\"caption\":\"Foto: Elineudo Meira \/ @fotografia.75\"},{\"@type\":\"BreadcrumbList\",\"@id\":\"https:\/\/psol50.org.br\/psol-e-pt-apresentam-novo-projeto-para-impedir-despejos-e-remocoes-forcadas\/#breadcrumb\",\"itemListElement\":[{\"@type\":\"ListItem\",\"position\":1,\"name\":\"In\u00edcio\",\"item\":\"https:\/\/psol50.org.br\/\"},{\"@type\":\"ListItem\",\"position\":2,\"name\":\"PSOL e PT apresentam novo projeto para impedir despejos e remo\u00e7\u00f5es for\u00e7adas\"}]},{\"@type\":\"WebSite\",\"@id\":\"https:\/\/psol50.org.br\/#website\",\"url\":\"https:\/\/psol50.org.br\/\",\"name\":\"PSOL 50\",\"description\":\"Site oficial do Partido Socialismo e Liberdade\",\"publisher\":{\"@id\":\"https:\/\/psol50.org.br\/#organization\"},\"alternateName\":\"PSOL50\",\"potentialAction\":[{\"@type\":\"SearchAction\",\"target\":{\"@type\":\"EntryPoint\",\"urlTemplate\":\"https:\/\/psol50.org.br\/?s={search_term_string}\"},\"query-input\":{\"@type\":\"PropertyValueSpecification\",\"valueRequired\":true,\"valueName\":\"search_term_string\"}}],\"inLanguage\":\"pt-BR\"},{\"@type\":\"Organization\",\"@id\":\"https:\/\/psol50.org.br\/#organization\",\"name\":\"PSOL 50\",\"alternateName\":\"PSOL 50\",\"url\":\"https:\/\/psol50.org.br\/\",\"logo\":{\"@type\":\"ImageObject\",\"inLanguage\":\"pt-BR\",\"@id\":\"https:\/\/psol50.org.br\/#\/schema\/logo\/image\/\",\"url\":\"https:\/\/psol50.org.br\/inc\/uploads\/2018\/07\/capa.png\",\"contentUrl\":\"https:\/\/psol50.org.br\/inc\/uploads\/2018\/07\/capa.png\",\"width\":1350,\"height\":900,\"caption\":\"PSOL 50\"},\"image\":{\"@id\":\"https:\/\/psol50.org.br\/#\/schema\/logo\/image\/\"},\"sameAs\":[\"https:\/\/www.facebook.com\/psol50\",\"https:\/\/x.com\/psol50\",\"https:\/\/www.instagram.com\/psol50\/\",\"https:\/\/www.youtube.com\/channel\/UC7SnJS5o1os7a6CaiNabzcg\"]},{\"@type\":\"Person\",\"@id\":\"https:\/\/psol50.org.br\/#\/schema\/person\/475dfa57d0b815993c714c2e96491fcd\",\"name\":\"Comunica\u00e7\u00e3o PSOL\",\"image\":{\"@type\":\"ImageObject\",\"inLanguage\":\"pt-BR\",\"@id\":\"https:\/\/psol50.org.br\/#\/schema\/person\/image\/\",\"url\":\"https:\/\/secure.gravatar.com\/avatar\/b34fc4f4e468a4e51785917065a3db57b841f5c95dba6ad8c73aaf8f66f8f9bf?s=96&d=mm&r=g\",\"contentUrl\":\"https:\/\/secure.gravatar.com\/avatar\/b34fc4f4e468a4e51785917065a3db57b841f5c95dba6ad8c73aaf8f66f8f9bf?s=96&d=mm&r=g\",\"caption\":\"Comunica\u00e7\u00e3o PSOL\"}}]}<\/script>\n<!-- \/ Yoast SEO plugin. -->","yoast_head_json":{"title":"PSOL e PT apresentam novo projeto para impedir despejos e remo\u00e7\u00f5es for\u00e7adas","description":"Os despejos e remo\u00e7\u00f5es est\u00e3o suspensos at\u00e9 30 de junho, conforme decis\u00e3o do STF em a\u00e7\u00e3o apresentada pelo PSOL, MTST e Campanha Despejo Zero.","robots":{"index":"index","follow":"follow","max-snippet":"max-snippet:-1","max-image-preview":"max-image-preview:large","max-video-preview":"max-video-preview:-1"},"canonical":"https:\/\/psol50.org.br\/psol-e-pt-apresentam-novo-projeto-para-impedir-despejos-e-remocoes-forcadas\/","og_locale":"pt_BR","og_type":"article","og_title":"PSOL e PT apresentam novo projeto para impedir despejos e remo\u00e7\u00f5es for\u00e7adas","og_description":"Os despejos e remo\u00e7\u00f5es est\u00e3o suspensos at\u00e9 30 de junho, conforme decis\u00e3o do STF em a\u00e7\u00e3o apresentada pelo PSOL, MTST e Campanha Despejo Zero.","og_url":"https:\/\/psol50.org.br\/psol-e-pt-apresentam-novo-projeto-para-impedir-despejos-e-remocoes-forcadas\/","og_site_name":"PSOL 50","article_publisher":"https:\/\/www.facebook.com\/psol50","article_published_time":"2022-06-07T16:33:15+00:00","article_modified_time":"2022-06-21T13:45:55+00:00","og_image":[{"width":1200,"height":754,"url":"https:\/\/psol50.org.br\/inc\/uploads\/2022\/06\/ato-despejo-zero.jpeg","type":"image\/jpeg"}],"author":"Comunica\u00e7\u00e3o PSOL","twitter_card":"summary_large_image","twitter_creator":"@psol50","twitter_site":"@psol50","twitter_misc":{"Escrito por":"Comunica\u00e7\u00e3o PSOL","Est. tempo de leitura":"1 minuto"},"schema":{"@context":"https:\/\/schema.org","@graph":[{"@type":"Article","@id":"https:\/\/psol50.org.br\/psol-e-pt-apresentam-novo-projeto-para-impedir-despejos-e-remocoes-forcadas\/#article","isPartOf":{"@id":"https:\/\/psol50.org.br\/psol-e-pt-apresentam-novo-projeto-para-impedir-despejos-e-remocoes-forcadas\/"},"author":{"name":"Comunica\u00e7\u00e3o PSOL","@id":"https:\/\/psol50.org.br\/#\/schema\/person\/475dfa57d0b815993c714c2e96491fcd"},"headline":"PSOL e PT apresentam novo projeto para impedir despejos e remo\u00e7\u00f5es for\u00e7adas","datePublished":"2022-06-07T16:33:15+00:00","dateModified":"2022-06-21T13:45:55+00:00","mainEntityOfPage":{"@id":"https:\/\/psol50.org.br\/psol-e-pt-apresentam-novo-projeto-para-impedir-despejos-e-remocoes-forcadas\/"},"wordCount":296,"commentCount":0,"publisher":{"@id":"https:\/\/psol50.org.br\/#organization"},"image":{"@id":"https:\/\/psol50.org.br\/psol-e-pt-apresentam-novo-projeto-para-impedir-despejos-e-remocoes-forcadas\/#primaryimage"},"thumbnailUrl":"https:\/\/psol50.org.br\/inc\/uploads\/2022\/06\/ato-despejo-zero.jpeg","keywords":["Not\u00edcias"],"articleSection":["A\u00e7\u00e3o Parlamentar"],"inLanguage":"pt-BR","potentialAction":[{"@type":"CommentAction","name":"Comment","target":["https:\/\/psol50.org.br\/psol-e-pt-apresentam-novo-projeto-para-impedir-despejos-e-remocoes-forcadas\/#respond"]}]},{"@type":"WebPage","@id":"https:\/\/psol50.org.br\/psol-e-pt-apresentam-novo-projeto-para-impedir-despejos-e-remocoes-forcadas\/","url":"https:\/\/psol50.org.br\/psol-e-pt-apresentam-novo-projeto-para-impedir-despejos-e-remocoes-forcadas\/","name":"PSOL e PT apresentam novo projeto para impedir despejos e remo\u00e7\u00f5es for\u00e7adas","isPartOf":{"@id":"https:\/\/psol50.org.br\/#website"},"primaryImageOfPage":{"@id":"https:\/\/psol50.org.br\/psol-e-pt-apresentam-novo-projeto-para-impedir-despejos-e-remocoes-forcadas\/#primaryimage"},"image":{"@id":"https:\/\/psol50.org.br\/psol-e-pt-apresentam-novo-projeto-para-impedir-despejos-e-remocoes-forcadas\/#primaryimage"},"thumbnailUrl":"https:\/\/psol50.org.br\/inc\/uploads\/2022\/06\/ato-despejo-zero.jpeg","datePublished":"2022-06-07T16:33:15+00:00","dateModified":"2022-06-21T13:45:55+00:00","description":"Os despejos e remo\u00e7\u00f5es est\u00e3o suspensos at\u00e9 30 de junho, conforme decis\u00e3o do STF em a\u00e7\u00e3o apresentada pelo PSOL, MTST e Campanha Despejo Zero.","breadcrumb":{"@id":"https:\/\/psol50.org.br\/psol-e-pt-apresentam-novo-projeto-para-impedir-despejos-e-remocoes-forcadas\/#breadcrumb"},"inLanguage":"pt-BR","potentialAction":[{"@type":"ReadAction","target":["https:\/\/psol50.org.br\/psol-e-pt-apresentam-novo-projeto-para-impedir-despejos-e-remocoes-forcadas\/"]}]},{"@type":"ImageObject","inLanguage":"pt-BR","@id":"https:\/\/psol50.org.br\/psol-e-pt-apresentam-novo-projeto-para-impedir-despejos-e-remocoes-forcadas\/#primaryimage","url":"https:\/\/psol50.org.br\/inc\/uploads\/2022\/06\/ato-despejo-zero.jpeg","contentUrl":"https:\/\/psol50.org.br\/inc\/uploads\/2022\/06\/ato-despejo-zero.jpeg","width":1200,"height":754,"caption":"Foto: Elineudo Meira \/ @fotografia.75"},{"@type":"BreadcrumbList","@id":"https:\/\/psol50.org.br\/psol-e-pt-apresentam-novo-projeto-para-impedir-despejos-e-remocoes-forcadas\/#breadcrumb","itemListElement":[{"@type":"ListItem","position":1,"name":"In\u00edcio","item":"https:\/\/psol50.org.br\/"},{"@type":"ListItem","position":2,"name":"PSOL e PT apresentam novo projeto para impedir despejos e remo\u00e7\u00f5es for\u00e7adas"}]},{"@type":"WebSite","@id":"https:\/\/psol50.org.br\/#website","url":"https:\/\/psol50.org.br\/","name":"PSOL 50","description":"Site oficial do Partido Socialismo e Liberdade","publisher":{"@id":"https:\/\/psol50.org.br\/#organization"},"alternateName":"PSOL50","potentialAction":[{"@type":"SearchAction","target":{"@type":"EntryPoint","urlTemplate":"https:\/\/psol50.org.br\/?s={search_term_string}"},"query-input":{"@type":"PropertyValueSpecification","valueRequired":true,"valueName":"search_term_string"}}],"inLanguage":"pt-BR"},{"@type":"Organization","@id":"https:\/\/psol50.org.br\/#organization","name":"PSOL 50","alternateName":"PSOL 50","url":"https:\/\/psol50.org.br\/","logo":{"@type":"ImageObject","inLanguage":"pt-BR","@id":"https:\/\/psol50.org.br\/#\/schema\/logo\/image\/","url":"https:\/\/psol50.org.br\/inc\/uploads\/2018\/07\/capa.png","contentUrl":"https:\/\/psol50.org.br\/inc\/uploads\/2018\/07\/capa.png","width":1350,"height":900,"caption":"PSOL 50"},"image":{"@id":"https:\/\/psol50.org.br\/#\/schema\/logo\/image\/"},"sameAs":["https:\/\/www.facebook.com\/psol50","https:\/\/x.com\/psol50","https:\/\/www.instagram.com\/psol50\/","https:\/\/www.youtube.com\/channel\/UC7SnJS5o1os7a6CaiNabzcg"]},{"@type":"Person","@id":"https:\/\/psol50.org.br\/#\/schema\/person\/475dfa57d0b815993c714c2e96491fcd","name":"Comunica\u00e7\u00e3o PSOL","image":{"@type":"ImageObject","inLanguage":"pt-BR","@id":"https:\/\/psol50.org.br\/#\/schema\/person\/image\/","url":"https:\/\/secure.gravatar.com\/avatar\/b34fc4f4e468a4e51785917065a3db57b841f5c95dba6ad8c73aaf8f66f8f9bf?s=96&d=mm&r=g","contentUrl":"https:\/\/secure.gravatar.com\/avatar\/b34fc4f4e468a4e51785917065a3db57b841f5c95dba6ad8c73aaf8f66f8f9bf?s=96&d=mm&r=g","caption":"Comunica\u00e7\u00e3o PSOL"}}]}},"_links":{"self":[{"href":"https:\/\/psol50.org.br\/rest\/wp\/v2\/posts\/35928","targetHints":{"allow":["GET"]}}],"collection":[{"href":"https:\/\/psol50.org.br\/rest\/wp\/v2\/posts"}],"about":[{"href":"https:\/\/psol50.org.br\/rest\/wp\/v2\/types\/post"}],"author":[{"embeddable":true,"href":"https:\/\/psol50.org.br\/rest\/wp\/v2\/users\/2"}],"replies":[{"embeddable":true,"href":"https:\/\/psol50.org.br\/rest\/wp\/v2\/comments?post=35928"}],"version-history":[{"count":2,"href":"https:\/\/psol50.org.br\/rest\/wp\/v2\/posts\/35928\/revisions"}],"predecessor-version":[{"id":35930,"href":"https:\/\/psol50.org.br\/rest\/wp\/v2\/posts\/35928\/revisions\/35930"}],"wp:featuredmedia":[{"embeddable":true,"href":"https:\/\/psol50.org.br\/rest\/wp\/v2\/media\/35931"}],"wp:attachment":[{"href":"https:\/\/psol50.org.br\/rest\/wp\/v2\/media?parent=35928"}],"wp:term":[{"taxonomy":"category","embeddable":true,"href":"https:\/\/psol50.org.br\/rest\/wp\/v2\/categories?post=35928"},{"taxonomy":"post_tag","embeddable":true,"href":"https:\/\/psol50.org.br\/rest\/wp\/v2\/tags?post=35928"}],"curies":[{"name":"wp","href":"https:\/\/api.w.org\/{rel}","templated":true}]}}