{"id":35960,"date":"2022-06-10T14:38:49","date_gmt":"2022-06-10T17:38:49","guid":{"rendered":"https:\/\/psol50.org.br\/?p=35960"},"modified":"2022-06-20T10:22:12","modified_gmt":"2022-06-20T13:22:12","slug":"seminario-de-programa-do-psol-sobre-meio-ambiente-acontece-em-belem-pa-na-proxima-quinta-16","status":"publish","type":"post","link":"https:\/\/psol50.org.br\/seminario-de-programa-do-psol-sobre-meio-ambiente-acontece-em-belem-pa-na-proxima-quinta-16\/","title":{"rendered":"Semin\u00e1rio de programa do PSOL sobre meio ambiente acontece em Bel\u00e9m (PA) na pr\u00f3xima quinta (16)"},"content":{"rendered":"<p>A s\u00e9rie de semin\u00e1rios de programa do PSOL para as elei\u00e7\u00f5es de 2022, que tem o nome de &#8220;Direito ao Futuro&#8221;, chega a Bel\u00e9m (PA) na pr\u00f3xima quinta-feira (16), feriado de Corpus Christi no Brasil. O evento na capital amaz\u00f4nida governada pelo PSOL vai debater propostas sobre meio ambiente, transi\u00e7\u00e3o energ\u00e9tica e combate \u00e0 crise clim\u00e1tica.<\/p>\n<p>O evento ser\u00e1 realizado na Pra\u00e7a do Carmo, a partir das 16 horas, e contar\u00e1 com a participa\u00e7\u00e3o de especialistas e militantes da \u00e1rea ambiental, assim como do prefeito da capital paraense e militante do PSOL, Edmilson Rodrigues.<\/p>\n<p><span class=\"Apple-converted-space\">O Brasil <\/span>tem potencial para ser uma refer\u00eancia mundial na promo\u00e7\u00e3o de um crescimento verde, utilizando uma matriz energ\u00e9tica limpa e nossa enorme biodiversidade para a cria\u00e7\u00e3o de alternativas sustent\u00e1veis de gera\u00e7\u00e3o de renda para nossa popula\u00e7\u00e3o.<span class=\"Apple-converted-space\">\u00a0<\/span><\/p>\n<p>A <strong><a href=\"https:\/\/programa.psol50.org.br\/\" target=\"_blank\" rel=\"noopener\">plataforma Direito ao Futuro<\/a><\/strong> concentra as propostas do PSOL para as elei\u00e7\u00f5es de 2022 em cinco grandes eixos tem\u00e1ticos: economia, trabalho e renda; amplia\u00e7\u00e3o dos direitos sociais; direitos humanos e combate \u00e0s opress\u00f5es; meio ambiente, crise clim\u00e1tica e transi\u00e7\u00e3o energ\u00e9tica; democracia, institui\u00e7\u00f5es e rela\u00e7\u00f5es internacionais.<\/p>\n<p>Propostas sobre economia, trabalho e renda foram debatidas em um semin\u00e1rio na Pra\u00e7a Roosevelt, em S\u00e3o Paulo, em mar\u00e7o. J\u00e1 propostas sobre direitos humanos e combate \u00e0s opress\u00f5es foram debatidas em abril em um semin\u00e1rio no Rio de Janeiro (RJ).<\/p>\n","protected":false},"excerpt":{"rendered":"<p>A s\u00e9rie de semin\u00e1rios de programa do PSOL para as elei\u00e7\u00f5es de 2022, que tem o nome de &#8220;Direito ao Futuro&#8221;, chega a Bel\u00e9m (PA) na pr\u00f3xima quinta-feira (16), feriado de Corpus Christi no Brasil. O evento na capital amaz\u00f4nida governada pelo PSOL vai debater propostas sobre meio ambiente, transi\u00e7\u00e3o energ\u00e9tica e combate \u00e0 crise [&hellip;]<\/p>\n","protected":false},"author":2,"featured_media":35415,"comment_status":"open","ping_status":"open","sticky":false,"template":"","format":"standard","meta":{"_acf_changed":false,"footnotes":""},"categories":[14],"tags":[4825],"class_list":{"0":"post-35960","1":"post","2":"type-post","3":"status-publish","4":"format-standard","5":"has-post-thumbnail","7":"category-partido","8":"tag-noticias"},"acf":[],"yoast_head":"<!-- This site is optimized with the Yoast SEO plugin v26.5 - https:\/\/yoast.com\/wordpress\/plugins\/seo\/ -->\n<title>Semin\u00e1rio de programa do PSOL sobre meio ambiente acontece em Bel\u00e9m (PA) na pr\u00f3xima quinta (16)<\/title>\n<meta name=\"description\" content=\"Evento acontecer\u00e1 no feriado de Corpus Christi para debater meio ambiente, transi\u00e7\u00e3o energ\u00e9tica e solu\u00e7\u00f5es para combater a crise clim\u00e1tica.\" \/>\n<meta name=\"robots\" content=\"index, follow, max-snippet:-1, max-image-preview:large, max-video-preview:-1\" \/>\n<link rel=\"canonical\" href=\"https:\/\/psol50.org.br\/seminario-de-programa-do-psol-sobre-meio-ambiente-acontece-em-belem-pa-na-proxima-quinta-16\/\" \/>\n<meta property=\"og:locale\" content=\"pt_BR\" \/>\n<meta property=\"og:type\" content=\"article\" \/>\n<meta property=\"og:title\" content=\"Semin\u00e1rio de programa do PSOL sobre meio ambiente acontece em Bel\u00e9m (PA) na pr\u00f3xima quinta (16)\" \/>\n<meta property=\"og:description\" content=\"Evento acontecer\u00e1 no feriado de Corpus Christi para debater meio ambiente, transi\u00e7\u00e3o energ\u00e9tica e solu\u00e7\u00f5es para combater a crise clim\u00e1tica.\" \/>\n<meta property=\"og:url\" content=\"https:\/\/psol50.org.br\/seminario-de-programa-do-psol-sobre-meio-ambiente-acontece-em-belem-pa-na-proxima-quinta-16\/\" \/>\n<meta property=\"og:site_name\" content=\"PSOL 50\" \/>\n<meta property=\"article:publisher\" content=\"https:\/\/www.facebook.com\/psol50\" \/>\n<meta property=\"article:published_time\" content=\"2022-06-10T17:38:49+00:00\" \/>\n<meta property=\"article:modified_time\" content=\"2022-06-20T13:22:12+00:00\" \/>\n<meta property=\"og:image\" content=\"https:\/\/psol50.org.br\/inc\/uploads\/2022\/03\/Direito-ao-futuro-capa.png\" \/>\n\t<meta property=\"og:image:width\" content=\"1640\" \/>\n\t<meta property=\"og:image:height\" content=\"924\" \/>\n\t<meta property=\"og:image:type\" content=\"image\/png\" \/>\n<meta name=\"author\" content=\"Comunica\u00e7\u00e3o PSOL\" \/>\n<meta name=\"twitter:card\" content=\"summary_large_image\" \/>\n<meta name=\"twitter:creator\" content=\"@psol50\" \/>\n<meta name=\"twitter:site\" content=\"@psol50\" \/>\n<meta name=\"twitter:label1\" content=\"Escrito por\" \/>\n\t<meta name=\"twitter:data1\" content=\"Comunica\u00e7\u00e3o PSOL\" \/>\n\t<meta name=\"twitter:label2\" content=\"Est. tempo de leitura\" \/>\n\t<meta name=\"twitter:data2\" content=\"1 minuto\" \/>\n<script type=\"application\/ld+json\" class=\"yoast-schema-graph\">{\"@context\":\"https:\/\/schema.org\",\"@graph\":[{\"@type\":\"Article\",\"@id\":\"https:\/\/psol50.org.br\/seminario-de-programa-do-psol-sobre-meio-ambiente-acontece-em-belem-pa-na-proxima-quinta-16\/#article\",\"isPartOf\":{\"@id\":\"https:\/\/psol50.org.br\/seminario-de-programa-do-psol-sobre-meio-ambiente-acontece-em-belem-pa-na-proxima-quinta-16\/\"},\"author\":{\"name\":\"Comunica\u00e7\u00e3o PSOL\",\"@id\":\"https:\/\/psol50.org.br\/#\/schema\/person\/475dfa57d0b815993c714c2e96491fcd\"},\"headline\":\"Semin\u00e1rio de programa do PSOL sobre meio ambiente acontece em Bel\u00e9m (PA) na pr\u00f3xima quinta (16)\",\"datePublished\":\"2022-06-10T17:38:49+00:00\",\"dateModified\":\"2022-06-20T13:22:12+00:00\",\"mainEntityOfPage\":{\"@id\":\"https:\/\/psol50.org.br\/seminario-de-programa-do-psol-sobre-meio-ambiente-acontece-em-belem-pa-na-proxima-quinta-16\/\"},\"wordCount\":263,\"commentCount\":0,\"publisher\":{\"@id\":\"https:\/\/psol50.org.br\/#organization\"},\"image\":{\"@id\":\"https:\/\/psol50.org.br\/seminario-de-programa-do-psol-sobre-meio-ambiente-acontece-em-belem-pa-na-proxima-quinta-16\/#primaryimage\"},\"thumbnailUrl\":\"https:\/\/psol50.org.br\/inc\/uploads\/2022\/03\/Direito-ao-futuro-capa.png\",\"keywords\":[\"Not\u00edcias\"],\"articleSection\":[\"Partido\"],\"inLanguage\":\"pt-BR\",\"potentialAction\":[{\"@type\":\"CommentAction\",\"name\":\"Comment\",\"target\":[\"https:\/\/psol50.org.br\/seminario-de-programa-do-psol-sobre-meio-ambiente-acontece-em-belem-pa-na-proxima-quinta-16\/#respond\"]}]},{\"@type\":\"WebPage\",\"@id\":\"https:\/\/psol50.org.br\/seminario-de-programa-do-psol-sobre-meio-ambiente-acontece-em-belem-pa-na-proxima-quinta-16\/\",\"url\":\"https:\/\/psol50.org.br\/seminario-de-programa-do-psol-sobre-meio-ambiente-acontece-em-belem-pa-na-proxima-quinta-16\/\",\"name\":\"Semin\u00e1rio de programa do PSOL sobre meio ambiente acontece em Bel\u00e9m (PA) na pr\u00f3xima quinta (16)\",\"isPartOf\":{\"@id\":\"https:\/\/psol50.org.br\/#website\"},\"primaryImageOfPage\":{\"@id\":\"https:\/\/psol50.org.br\/seminario-de-programa-do-psol-sobre-meio-ambiente-acontece-em-belem-pa-na-proxima-quinta-16\/#primaryimage\"},\"image\":{\"@id\":\"https:\/\/psol50.org.br\/seminario-de-programa-do-psol-sobre-meio-ambiente-acontece-em-belem-pa-na-proxima-quinta-16\/#primaryimage\"},\"thumbnailUrl\":\"https:\/\/psol50.org.br\/inc\/uploads\/2022\/03\/Direito-ao-futuro-capa.png\",\"datePublished\":\"2022-06-10T17:38:49+00:00\",\"dateModified\":\"2022-06-20T13:22:12+00:00\",\"description\":\"Evento acontecer\u00e1 no feriado de Corpus Christi para debater meio ambiente, transi\u00e7\u00e3o energ\u00e9tica e solu\u00e7\u00f5es para combater a crise clim\u00e1tica.\",\"breadcrumb\":{\"@id\":\"https:\/\/psol50.org.br\/seminario-de-programa-do-psol-sobre-meio-ambiente-acontece-em-belem-pa-na-proxima-quinta-16\/#breadcrumb\"},\"inLanguage\":\"pt-BR\",\"potentialAction\":[{\"@type\":\"ReadAction\",\"target\":[\"https:\/\/psol50.org.br\/seminario-de-programa-do-psol-sobre-meio-ambiente-acontece-em-belem-pa-na-proxima-quinta-16\/\"]}]},{\"@type\":\"ImageObject\",\"inLanguage\":\"pt-BR\",\"@id\":\"https:\/\/psol50.org.br\/seminario-de-programa-do-psol-sobre-meio-ambiente-acontece-em-belem-pa-na-proxima-quinta-16\/#primaryimage\",\"url\":\"https:\/\/psol50.org.br\/inc\/uploads\/2022\/03\/Direito-ao-futuro-capa.png\",\"contentUrl\":\"https:\/\/psol50.org.br\/inc\/uploads\/2022\/03\/Direito-ao-futuro-capa.png\",\"width\":1640,\"height\":924},{\"@type\":\"BreadcrumbList\",\"@id\":\"https:\/\/psol50.org.br\/seminario-de-programa-do-psol-sobre-meio-ambiente-acontece-em-belem-pa-na-proxima-quinta-16\/#breadcrumb\",\"itemListElement\":[{\"@type\":\"ListItem\",\"position\":1,\"name\":\"In\u00edcio\",\"item\":\"https:\/\/psol50.org.br\/\"},{\"@type\":\"ListItem\",\"position\":2,\"name\":\"Semin\u00e1rio de programa do PSOL sobre meio ambiente acontece em Bel\u00e9m (PA) na pr\u00f3xima quinta (16)\"}]},{\"@type\":\"WebSite\",\"@id\":\"https:\/\/psol50.org.br\/#website\",\"url\":\"https:\/\/psol50.org.br\/\",\"name\":\"PSOL 50\",\"description\":\"Site oficial do Partido Socialismo e Liberdade\",\"publisher\":{\"@id\":\"https:\/\/psol50.org.br\/#organization\"},\"alternateName\":\"PSOL50\",\"potentialAction\":[{\"@type\":\"SearchAction\",\"target\":{\"@type\":\"EntryPoint\",\"urlTemplate\":\"https:\/\/psol50.org.br\/?s={search_term_string}\"},\"query-input\":{\"@type\":\"PropertyValueSpecification\",\"valueRequired\":true,\"valueName\":\"search_term_string\"}}],\"inLanguage\":\"pt-BR\"},{\"@type\":\"Organization\",\"@id\":\"https:\/\/psol50.org.br\/#organization\",\"name\":\"PSOL 50\",\"alternateName\":\"PSOL 50\",\"url\":\"https:\/\/psol50.org.br\/\",\"logo\":{\"@type\":\"ImageObject\",\"inLanguage\":\"pt-BR\",\"@id\":\"https:\/\/psol50.org.br\/#\/schema\/logo\/image\/\",\"url\":\"https:\/\/psol50.org.br\/inc\/uploads\/2018\/07\/capa.png\",\"contentUrl\":\"https:\/\/psol50.org.br\/inc\/uploads\/2018\/07\/capa.png\",\"width\":1350,\"height\":900,\"caption\":\"PSOL 50\"},\"image\":{\"@id\":\"https:\/\/psol50.org.br\/#\/schema\/logo\/image\/\"},\"sameAs\":[\"https:\/\/www.facebook.com\/psol50\",\"https:\/\/x.com\/psol50\",\"https:\/\/www.instagram.com\/psol50\/\",\"https:\/\/www.youtube.com\/channel\/UC7SnJS5o1os7a6CaiNabzcg\"]},{\"@type\":\"Person\",\"@id\":\"https:\/\/psol50.org.br\/#\/schema\/person\/475dfa57d0b815993c714c2e96491fcd\",\"name\":\"Comunica\u00e7\u00e3o PSOL\",\"image\":{\"@type\":\"ImageObject\",\"inLanguage\":\"pt-BR\",\"@id\":\"https:\/\/psol50.org.br\/#\/schema\/person\/image\/\",\"url\":\"https:\/\/secure.gravatar.com\/avatar\/b34fc4f4e468a4e51785917065a3db57b841f5c95dba6ad8c73aaf8f66f8f9bf?s=96&d=mm&r=g\",\"contentUrl\":\"https:\/\/secure.gravatar.com\/avatar\/b34fc4f4e468a4e51785917065a3db57b841f5c95dba6ad8c73aaf8f66f8f9bf?s=96&d=mm&r=g\",\"caption\":\"Comunica\u00e7\u00e3o PSOL\"}}]}<\/script>\n<!-- \/ Yoast SEO plugin. -->","yoast_head_json":{"title":"Semin\u00e1rio de programa do PSOL sobre meio ambiente acontece em Bel\u00e9m (PA) na pr\u00f3xima quinta (16)","description":"Evento acontecer\u00e1 no feriado de Corpus Christi para debater meio ambiente, transi\u00e7\u00e3o energ\u00e9tica e solu\u00e7\u00f5es para combater a crise clim\u00e1tica.","robots":{"index":"index","follow":"follow","max-snippet":"max-snippet:-1","max-image-preview":"max-image-preview:large","max-video-preview":"max-video-preview:-1"},"canonical":"https:\/\/psol50.org.br\/seminario-de-programa-do-psol-sobre-meio-ambiente-acontece-em-belem-pa-na-proxima-quinta-16\/","og_locale":"pt_BR","og_type":"article","og_title":"Semin\u00e1rio de programa do PSOL sobre meio ambiente acontece em Bel\u00e9m (PA) na pr\u00f3xima quinta (16)","og_description":"Evento acontecer\u00e1 no feriado de Corpus Christi para debater meio ambiente, transi\u00e7\u00e3o energ\u00e9tica e solu\u00e7\u00f5es para combater a crise clim\u00e1tica.","og_url":"https:\/\/psol50.org.br\/seminario-de-programa-do-psol-sobre-meio-ambiente-acontece-em-belem-pa-na-proxima-quinta-16\/","og_site_name":"PSOL 50","article_publisher":"https:\/\/www.facebook.com\/psol50","article_published_time":"2022-06-10T17:38:49+00:00","article_modified_time":"2022-06-20T13:22:12+00:00","og_image":[{"width":1640,"height":924,"url":"https:\/\/psol50.org.br\/inc\/uploads\/2022\/03\/Direito-ao-futuro-capa.png","type":"image\/png"}],"author":"Comunica\u00e7\u00e3o PSOL","twitter_card":"summary_large_image","twitter_creator":"@psol50","twitter_site":"@psol50","twitter_misc":{"Escrito por":"Comunica\u00e7\u00e3o PSOL","Est. tempo de leitura":"1 minuto"},"schema":{"@context":"https:\/\/schema.org","@graph":[{"@type":"Article","@id":"https:\/\/psol50.org.br\/seminario-de-programa-do-psol-sobre-meio-ambiente-acontece-em-belem-pa-na-proxima-quinta-16\/#article","isPartOf":{"@id":"https:\/\/psol50.org.br\/seminario-de-programa-do-psol-sobre-meio-ambiente-acontece-em-belem-pa-na-proxima-quinta-16\/"},"author":{"name":"Comunica\u00e7\u00e3o PSOL","@id":"https:\/\/psol50.org.br\/#\/schema\/person\/475dfa57d0b815993c714c2e96491fcd"},"headline":"Semin\u00e1rio de programa do PSOL sobre meio ambiente acontece em Bel\u00e9m (PA) na pr\u00f3xima quinta (16)","datePublished":"2022-06-10T17:38:49+00:00","dateModified":"2022-06-20T13:22:12+00:00","mainEntityOfPage":{"@id":"https:\/\/psol50.org.br\/seminario-de-programa-do-psol-sobre-meio-ambiente-acontece-em-belem-pa-na-proxima-quinta-16\/"},"wordCount":263,"commentCount":0,"publisher":{"@id":"https:\/\/psol50.org.br\/#organization"},"image":{"@id":"https:\/\/psol50.org.br\/seminario-de-programa-do-psol-sobre-meio-ambiente-acontece-em-belem-pa-na-proxima-quinta-16\/#primaryimage"},"thumbnailUrl":"https:\/\/psol50.org.br\/inc\/uploads\/2022\/03\/Direito-ao-futuro-capa.png","keywords":["Not\u00edcias"],"articleSection":["Partido"],"inLanguage":"pt-BR","potentialAction":[{"@type":"CommentAction","name":"Comment","target":["https:\/\/psol50.org.br\/seminario-de-programa-do-psol-sobre-meio-ambiente-acontece-em-belem-pa-na-proxima-quinta-16\/#respond"]}]},{"@type":"WebPage","@id":"https:\/\/psol50.org.br\/seminario-de-programa-do-psol-sobre-meio-ambiente-acontece-em-belem-pa-na-proxima-quinta-16\/","url":"https:\/\/psol50.org.br\/seminario-de-programa-do-psol-sobre-meio-ambiente-acontece-em-belem-pa-na-proxima-quinta-16\/","name":"Semin\u00e1rio de programa do PSOL sobre meio ambiente acontece em Bel\u00e9m (PA) na pr\u00f3xima quinta (16)","isPartOf":{"@id":"https:\/\/psol50.org.br\/#website"},"primaryImageOfPage":{"@id":"https:\/\/psol50.org.br\/seminario-de-programa-do-psol-sobre-meio-ambiente-acontece-em-belem-pa-na-proxima-quinta-16\/#primaryimage"},"image":{"@id":"https:\/\/psol50.org.br\/seminario-de-programa-do-psol-sobre-meio-ambiente-acontece-em-belem-pa-na-proxima-quinta-16\/#primaryimage"},"thumbnailUrl":"https:\/\/psol50.org.br\/inc\/uploads\/2022\/03\/Direito-ao-futuro-capa.png","datePublished":"2022-06-10T17:38:49+00:00","dateModified":"2022-06-20T13:22:12+00:00","description":"Evento acontecer\u00e1 no feriado de Corpus Christi para debater meio ambiente, transi\u00e7\u00e3o energ\u00e9tica e solu\u00e7\u00f5es para combater a crise clim\u00e1tica.","breadcrumb":{"@id":"https:\/\/psol50.org.br\/seminario-de-programa-do-psol-sobre-meio-ambiente-acontece-em-belem-pa-na-proxima-quinta-16\/#breadcrumb"},"inLanguage":"pt-BR","potentialAction":[{"@type":"ReadAction","target":["https:\/\/psol50.org.br\/seminario-de-programa-do-psol-sobre-meio-ambiente-acontece-em-belem-pa-na-proxima-quinta-16\/"]}]},{"@type":"ImageObject","inLanguage":"pt-BR","@id":"https:\/\/psol50.org.br\/seminario-de-programa-do-psol-sobre-meio-ambiente-acontece-em-belem-pa-na-proxima-quinta-16\/#primaryimage","url":"https:\/\/psol50.org.br\/inc\/uploads\/2022\/03\/Direito-ao-futuro-capa.png","contentUrl":"https:\/\/psol50.org.br\/inc\/uploads\/2022\/03\/Direito-ao-futuro-capa.png","width":1640,"height":924},{"@type":"BreadcrumbList","@id":"https:\/\/psol50.org.br\/seminario-de-programa-do-psol-sobre-meio-ambiente-acontece-em-belem-pa-na-proxima-quinta-16\/#breadcrumb","itemListElement":[{"@type":"ListItem","position":1,"name":"In\u00edcio","item":"https:\/\/psol50.org.br\/"},{"@type":"ListItem","position":2,"name":"Semin\u00e1rio de programa do PSOL sobre meio ambiente acontece em Bel\u00e9m (PA) na pr\u00f3xima quinta (16)"}]},{"@type":"WebSite","@id":"https:\/\/psol50.org.br\/#website","url":"https:\/\/psol50.org.br\/","name":"PSOL 50","description":"Site oficial do Partido Socialismo e Liberdade","publisher":{"@id":"https:\/\/psol50.org.br\/#organization"},"alternateName":"PSOL50","potentialAction":[{"@type":"SearchAction","target":{"@type":"EntryPoint","urlTemplate":"https:\/\/psol50.org.br\/?s={search_term_string}"},"query-input":{"@type":"PropertyValueSpecification","valueRequired":true,"valueName":"search_term_string"}}],"inLanguage":"pt-BR"},{"@type":"Organization","@id":"https:\/\/psol50.org.br\/#organization","name":"PSOL 50","alternateName":"PSOL 50","url":"https:\/\/psol50.org.br\/","logo":{"@type":"ImageObject","inLanguage":"pt-BR","@id":"https:\/\/psol50.org.br\/#\/schema\/logo\/image\/","url":"https:\/\/psol50.org.br\/inc\/uploads\/2018\/07\/capa.png","contentUrl":"https:\/\/psol50.org.br\/inc\/uploads\/2018\/07\/capa.png","width":1350,"height":900,"caption":"PSOL 50"},"image":{"@id":"https:\/\/psol50.org.br\/#\/schema\/logo\/image\/"},"sameAs":["https:\/\/www.facebook.com\/psol50","https:\/\/x.com\/psol50","https:\/\/www.instagram.com\/psol50\/","https:\/\/www.youtube.com\/channel\/UC7SnJS5o1os7a6CaiNabzcg"]},{"@type":"Person","@id":"https:\/\/psol50.org.br\/#\/schema\/person\/475dfa57d0b815993c714c2e96491fcd","name":"Comunica\u00e7\u00e3o PSOL","image":{"@type":"ImageObject","inLanguage":"pt-BR","@id":"https:\/\/psol50.org.br\/#\/schema\/person\/image\/","url":"https:\/\/secure.gravatar.com\/avatar\/b34fc4f4e468a4e51785917065a3db57b841f5c95dba6ad8c73aaf8f66f8f9bf?s=96&d=mm&r=g","contentUrl":"https:\/\/secure.gravatar.com\/avatar\/b34fc4f4e468a4e51785917065a3db57b841f5c95dba6ad8c73aaf8f66f8f9bf?s=96&d=mm&r=g","caption":"Comunica\u00e7\u00e3o PSOL"}}]}},"_links":{"self":[{"href":"https:\/\/psol50.org.br\/rest\/wp\/v2\/posts\/35960","targetHints":{"allow":["GET"]}}],"collection":[{"href":"https:\/\/psol50.org.br\/rest\/wp\/v2\/posts"}],"about":[{"href":"https:\/\/psol50.org.br\/rest\/wp\/v2\/types\/post"}],"author":[{"embeddable":true,"href":"https:\/\/psol50.org.br\/rest\/wp\/v2\/users\/2"}],"replies":[{"embeddable":true,"href":"https:\/\/psol50.org.br\/rest\/wp\/v2\/comments?post=35960"}],"version-history":[{"count":4,"href":"https:\/\/psol50.org.br\/rest\/wp\/v2\/posts\/35960\/revisions"}],"predecessor-version":[{"id":35964,"href":"https:\/\/psol50.org.br\/rest\/wp\/v2\/posts\/35960\/revisions\/35964"}],"wp:featuredmedia":[{"embeddable":true,"href":"https:\/\/psol50.org.br\/rest\/wp\/v2\/media\/35415"}],"wp:attachment":[{"href":"https:\/\/psol50.org.br\/rest\/wp\/v2\/media?parent=35960"}],"wp:term":[{"taxonomy":"category","embeddable":true,"href":"https:\/\/psol50.org.br\/rest\/wp\/v2\/categories?post=35960"},{"taxonomy":"post_tag","embeddable":true,"href":"https:\/\/psol50.org.br\/rest\/wp\/v2\/tags?post=35960"}],"curies":[{"name":"wp","href":"https:\/\/api.w.org\/{rel}","templated":true}]}}