{"id":35967,"date":"2022-06-14T13:20:34","date_gmt":"2022-06-14T16:20:34","guid":{"rendered":"https:\/\/psol50.org.br\/?p=35967"},"modified":"2022-06-24T09:55:37","modified_gmt":"2022-06-24T12:55:37","slug":"nao-vao-calar-glauber-braga-arthur-lira-tenta-cassar-mandato-de-deputado-do-psol-em-tempo-recorde","status":"publish","type":"post","link":"https:\/\/psol50.org.br\/nao-vao-calar-glauber-braga-arthur-lira-tenta-cassar-mandato-de-deputado-do-psol-em-tempo-recorde\/","title":{"rendered":"N\u00e3o v\u00e3o calar Glauber Braga! Arthur Lira tenta cassar mandato de deputado do PSOL em tempo recorde"},"content":{"rendered":"<p>A representa\u00e7\u00e3o apresentada pelo PL na C\u00e2mara dos Deputados que pede a cassa\u00e7\u00e3o do mandato de Glauber Braga (PSOL) tramita em tempo recorde por articula\u00e7\u00e3o do presidente da Casa, Arthur Lira.<\/p>\n<p>O documento se baseia na acusa\u00e7\u00e3o de quebra de decoro feita por Lira contra Glauber, foi apresentado em plen\u00e1rio em 1\u00ba de junho e no mesmo dia aprovado pela Mesa Diretora e encaminhado para o Conselho de \u00c9tica.<\/p>\n<p>Diante da proposta do presidente da C\u00e2mara feita em plen\u00e1rio de tirar o controle acion\u00e1rio do governo da Petrobras, Glauber perguntou se ele n\u00e3o tinha vergonha. Lira fechou o microfone do psolista e avisou que ia lev\u00e1-lo ao Conselho de \u00c9tica para pedir sua cassa\u00e7\u00e3o.<\/p>\n<p>Para se ter uma ideia, h\u00e1 representa\u00e7\u00f5es que demoram anos para atingir o mesmo n\u00edvel de tramita\u00e7\u00e3o que a acusa\u00e7\u00e3o autorit\u00e1ria de Arthur Lira n\u00e3o demorou 24 horas.<\/p>\n<p>O PSOL tamb\u00e9m fez representa\u00e7\u00e3o ao Conselho de \u00c9tica denunciando a amea\u00e7a feita por Lira de retirar Glauber \u00e0 for\u00e7a do plen\u00e1rio. O documento pede a cassa\u00e7\u00e3o do presidente da C\u00e2mara por abuso de poder e foi encaminhado pelo partido no dia 3 de junho, mas nem come\u00e7ou a tramitar.<\/p>\n<p>&#8220;Evidentemente, o senhor Arthur Lira est\u00e1 utilizando do seu aparato para sufocar a representa\u00e7\u00e3o contra ele e para acelerar a representa\u00e7\u00e3o contra mim&#8221;, diz Glauber Braga.<\/p>\n<p>&#8220;Assim consegue que no Conselho de \u00c9tica eles pautem rapidamente o processo de cassa\u00e7\u00e3o contra mim e no que diz respeito ao processo do PSOL contra ele, nem no sistema da C\u00e2mara entrou at\u00e9 esse momento. Mais uma vez ele est\u00e1 abusando do poder de presidente da C\u00e2mara&#8221;, concluiu o parlamentar do PSOL.<\/p>\n","protected":false},"excerpt":{"rendered":"<p>A representa\u00e7\u00e3o apresentada pelo PL na C\u00e2mara dos Deputados que pede a cassa\u00e7\u00e3o do mandato de Glauber Braga (PSOL) tramita em tempo recorde por articula\u00e7\u00e3o do presidente da Casa, Arthur Lira. O documento se baseia na acusa\u00e7\u00e3o de quebra de decoro feita por Lira contra Glauber, foi apresentado em plen\u00e1rio em 1\u00ba de junho e [&hellip;]<\/p>\n","protected":false},"author":2,"featured_media":35970,"comment_status":"open","ping_status":"open","sticky":false,"template":"","format":"standard","meta":{"_acf_changed":false,"footnotes":""},"categories":[14],"tags":[4825],"class_list":{"0":"post-35967","1":"post","2":"type-post","3":"status-publish","4":"format-standard","5":"has-post-thumbnail","7":"category-partido","8":"tag-noticias"},"acf":[],"yoast_head":"<!-- This site is optimized with the Yoast SEO plugin v26.5 - https:\/\/yoast.com\/wordpress\/plugins\/seo\/ -->\n<title>N\u00e3o v\u00e3o calar Glauber Braga! Arthur Lira tenta cassar mandato de deputado do PSOL em tempo recorde<\/title>\n<meta name=\"description\" content=\"Arthur Lira quer transformar a C\u00e2mara dos Deputados numa ditadura e cassar quem o critica. N\u00e3o aceitaremos!\" \/>\n<meta name=\"robots\" content=\"index, follow, max-snippet:-1, max-image-preview:large, max-video-preview:-1\" \/>\n<link rel=\"canonical\" href=\"https:\/\/psol50.org.br\/nao-vao-calar-glauber-braga-arthur-lira-tenta-cassar-mandato-de-deputado-do-psol-em-tempo-recorde\/\" \/>\n<meta property=\"og:locale\" content=\"pt_BR\" \/>\n<meta property=\"og:type\" content=\"article\" \/>\n<meta property=\"og:title\" content=\"N\u00e3o v\u00e3o calar Glauber Braga! Arthur Lira tenta cassar mandato de deputado do PSOL em tempo recorde\" \/>\n<meta property=\"og:description\" content=\"Arthur Lira quer transformar a C\u00e2mara dos Deputados numa ditadura e cassar quem o critica. N\u00e3o aceitaremos!\" \/>\n<meta property=\"og:url\" content=\"https:\/\/psol50.org.br\/nao-vao-calar-glauber-braga-arthur-lira-tenta-cassar-mandato-de-deputado-do-psol-em-tempo-recorde\/\" \/>\n<meta property=\"og:site_name\" content=\"PSOL 50\" \/>\n<meta property=\"article:publisher\" content=\"https:\/\/www.facebook.com\/psol50\" \/>\n<meta property=\"article:published_time\" content=\"2022-06-14T16:20:34+00:00\" \/>\n<meta property=\"article:modified_time\" content=\"2022-06-24T12:55:37+00:00\" \/>\n<meta property=\"og:image\" content=\"https:\/\/psol50.org.br\/inc\/uploads\/2022\/06\/img20220411200240105-scaled.jpg\" \/>\n\t<meta property=\"og:image:width\" content=\"2560\" \/>\n\t<meta property=\"og:image:height\" content=\"1707\" \/>\n\t<meta property=\"og:image:type\" content=\"image\/jpeg\" \/>\n<meta name=\"author\" content=\"Comunica\u00e7\u00e3o PSOL\" \/>\n<meta name=\"twitter:card\" content=\"summary_large_image\" \/>\n<meta name=\"twitter:creator\" content=\"@psol50\" \/>\n<meta name=\"twitter:site\" content=\"@psol50\" \/>\n<meta name=\"twitter:label1\" content=\"Escrito por\" \/>\n\t<meta name=\"twitter:data1\" content=\"Comunica\u00e7\u00e3o PSOL\" \/>\n\t<meta name=\"twitter:label2\" content=\"Est. tempo de leitura\" \/>\n\t<meta name=\"twitter:data2\" content=\"1 minuto\" \/>\n<script type=\"application\/ld+json\" class=\"yoast-schema-graph\">{\"@context\":\"https:\/\/schema.org\",\"@graph\":[{\"@type\":\"Article\",\"@id\":\"https:\/\/psol50.org.br\/nao-vao-calar-glauber-braga-arthur-lira-tenta-cassar-mandato-de-deputado-do-psol-em-tempo-recorde\/#article\",\"isPartOf\":{\"@id\":\"https:\/\/psol50.org.br\/nao-vao-calar-glauber-braga-arthur-lira-tenta-cassar-mandato-de-deputado-do-psol-em-tempo-recorde\/\"},\"author\":{\"name\":\"Comunica\u00e7\u00e3o PSOL\",\"@id\":\"https:\/\/psol50.org.br\/#\/schema\/person\/475dfa57d0b815993c714c2e96491fcd\"},\"headline\":\"N\u00e3o v\u00e3o calar Glauber Braga! Arthur Lira tenta cassar mandato de deputado do PSOL em tempo recorde\",\"datePublished\":\"2022-06-14T16:20:34+00:00\",\"dateModified\":\"2022-06-24T12:55:37+00:00\",\"mainEntityOfPage\":{\"@id\":\"https:\/\/psol50.org.br\/nao-vao-calar-glauber-braga-arthur-lira-tenta-cassar-mandato-de-deputado-do-psol-em-tempo-recorde\/\"},\"wordCount\":317,\"commentCount\":0,\"publisher\":{\"@id\":\"https:\/\/psol50.org.br\/#organization\"},\"image\":{\"@id\":\"https:\/\/psol50.org.br\/nao-vao-calar-glauber-braga-arthur-lira-tenta-cassar-mandato-de-deputado-do-psol-em-tempo-recorde\/#primaryimage\"},\"thumbnailUrl\":\"https:\/\/psol50.org.br\/inc\/uploads\/2022\/06\/img20220411200240105-scaled.jpg\",\"keywords\":[\"Not\u00edcias\"],\"articleSection\":[\"Partido\"],\"inLanguage\":\"pt-BR\",\"potentialAction\":[{\"@type\":\"CommentAction\",\"name\":\"Comment\",\"target\":[\"https:\/\/psol50.org.br\/nao-vao-calar-glauber-braga-arthur-lira-tenta-cassar-mandato-de-deputado-do-psol-em-tempo-recorde\/#respond\"]}]},{\"@type\":\"WebPage\",\"@id\":\"https:\/\/psol50.org.br\/nao-vao-calar-glauber-braga-arthur-lira-tenta-cassar-mandato-de-deputado-do-psol-em-tempo-recorde\/\",\"url\":\"https:\/\/psol50.org.br\/nao-vao-calar-glauber-braga-arthur-lira-tenta-cassar-mandato-de-deputado-do-psol-em-tempo-recorde\/\",\"name\":\"N\u00e3o v\u00e3o calar Glauber Braga! Arthur Lira tenta cassar mandato de deputado do PSOL em tempo recorde\",\"isPartOf\":{\"@id\":\"https:\/\/psol50.org.br\/#website\"},\"primaryImageOfPage\":{\"@id\":\"https:\/\/psol50.org.br\/nao-vao-calar-glauber-braga-arthur-lira-tenta-cassar-mandato-de-deputado-do-psol-em-tempo-recorde\/#primaryimage\"},\"image\":{\"@id\":\"https:\/\/psol50.org.br\/nao-vao-calar-glauber-braga-arthur-lira-tenta-cassar-mandato-de-deputado-do-psol-em-tempo-recorde\/#primaryimage\"},\"thumbnailUrl\":\"https:\/\/psol50.org.br\/inc\/uploads\/2022\/06\/img20220411200240105-scaled.jpg\",\"datePublished\":\"2022-06-14T16:20:34+00:00\",\"dateModified\":\"2022-06-24T12:55:37+00:00\",\"description\":\"Arthur Lira quer transformar a C\u00e2mara dos Deputados numa ditadura e cassar quem o critica. N\u00e3o aceitaremos!\",\"breadcrumb\":{\"@id\":\"https:\/\/psol50.org.br\/nao-vao-calar-glauber-braga-arthur-lira-tenta-cassar-mandato-de-deputado-do-psol-em-tempo-recorde\/#breadcrumb\"},\"inLanguage\":\"pt-BR\",\"potentialAction\":[{\"@type\":\"ReadAction\",\"target\":[\"https:\/\/psol50.org.br\/nao-vao-calar-glauber-braga-arthur-lira-tenta-cassar-mandato-de-deputado-do-psol-em-tempo-recorde\/\"]}]},{\"@type\":\"ImageObject\",\"inLanguage\":\"pt-BR\",\"@id\":\"https:\/\/psol50.org.br\/nao-vao-calar-glauber-braga-arthur-lira-tenta-cassar-mandato-de-deputado-do-psol-em-tempo-recorde\/#primaryimage\",\"url\":\"https:\/\/psol50.org.br\/inc\/uploads\/2022\/06\/img20220411200240105-scaled.jpg\",\"contentUrl\":\"https:\/\/psol50.org.br\/inc\/uploads\/2022\/06\/img20220411200240105-scaled.jpg\",\"width\":2560,\"height\":1707,\"caption\":\"Foto: Paulo S\u00e9rgio\/C\u00e2mara dos Deputados\"},{\"@type\":\"BreadcrumbList\",\"@id\":\"https:\/\/psol50.org.br\/nao-vao-calar-glauber-braga-arthur-lira-tenta-cassar-mandato-de-deputado-do-psol-em-tempo-recorde\/#breadcrumb\",\"itemListElement\":[{\"@type\":\"ListItem\",\"position\":1,\"name\":\"In\u00edcio\",\"item\":\"https:\/\/psol50.org.br\/\"},{\"@type\":\"ListItem\",\"position\":2,\"name\":\"N\u00e3o v\u00e3o calar Glauber Braga! Arthur Lira tenta cassar mandato de deputado do PSOL em tempo recorde\"}]},{\"@type\":\"WebSite\",\"@id\":\"https:\/\/psol50.org.br\/#website\",\"url\":\"https:\/\/psol50.org.br\/\",\"name\":\"PSOL 50\",\"description\":\"Site oficial do Partido Socialismo e Liberdade\",\"publisher\":{\"@id\":\"https:\/\/psol50.org.br\/#organization\"},\"alternateName\":\"PSOL50\",\"potentialAction\":[{\"@type\":\"SearchAction\",\"target\":{\"@type\":\"EntryPoint\",\"urlTemplate\":\"https:\/\/psol50.org.br\/?s={search_term_string}\"},\"query-input\":{\"@type\":\"PropertyValueSpecification\",\"valueRequired\":true,\"valueName\":\"search_term_string\"}}],\"inLanguage\":\"pt-BR\"},{\"@type\":\"Organization\",\"@id\":\"https:\/\/psol50.org.br\/#organization\",\"name\":\"PSOL 50\",\"alternateName\":\"PSOL 50\",\"url\":\"https:\/\/psol50.org.br\/\",\"logo\":{\"@type\":\"ImageObject\",\"inLanguage\":\"pt-BR\",\"@id\":\"https:\/\/psol50.org.br\/#\/schema\/logo\/image\/\",\"url\":\"https:\/\/psol50.org.br\/inc\/uploads\/2018\/07\/capa.png\",\"contentUrl\":\"https:\/\/psol50.org.br\/inc\/uploads\/2018\/07\/capa.png\",\"width\":1350,\"height\":900,\"caption\":\"PSOL 50\"},\"image\":{\"@id\":\"https:\/\/psol50.org.br\/#\/schema\/logo\/image\/\"},\"sameAs\":[\"https:\/\/www.facebook.com\/psol50\",\"https:\/\/x.com\/psol50\",\"https:\/\/www.instagram.com\/psol50\/\",\"https:\/\/www.youtube.com\/channel\/UC7SnJS5o1os7a6CaiNabzcg\"]},{\"@type\":\"Person\",\"@id\":\"https:\/\/psol50.org.br\/#\/schema\/person\/475dfa57d0b815993c714c2e96491fcd\",\"name\":\"Comunica\u00e7\u00e3o PSOL\",\"image\":{\"@type\":\"ImageObject\",\"inLanguage\":\"pt-BR\",\"@id\":\"https:\/\/psol50.org.br\/#\/schema\/person\/image\/\",\"url\":\"https:\/\/secure.gravatar.com\/avatar\/b34fc4f4e468a4e51785917065a3db57b841f5c95dba6ad8c73aaf8f66f8f9bf?s=96&d=mm&r=g\",\"contentUrl\":\"https:\/\/secure.gravatar.com\/avatar\/b34fc4f4e468a4e51785917065a3db57b841f5c95dba6ad8c73aaf8f66f8f9bf?s=96&d=mm&r=g\",\"caption\":\"Comunica\u00e7\u00e3o PSOL\"}}]}<\/script>\n<!-- \/ Yoast SEO plugin. -->","yoast_head_json":{"title":"N\u00e3o v\u00e3o calar Glauber Braga! Arthur Lira tenta cassar mandato de deputado do PSOL em tempo recorde","description":"Arthur Lira quer transformar a C\u00e2mara dos Deputados numa ditadura e cassar quem o critica. N\u00e3o aceitaremos!","robots":{"index":"index","follow":"follow","max-snippet":"max-snippet:-1","max-image-preview":"max-image-preview:large","max-video-preview":"max-video-preview:-1"},"canonical":"https:\/\/psol50.org.br\/nao-vao-calar-glauber-braga-arthur-lira-tenta-cassar-mandato-de-deputado-do-psol-em-tempo-recorde\/","og_locale":"pt_BR","og_type":"article","og_title":"N\u00e3o v\u00e3o calar Glauber Braga! Arthur Lira tenta cassar mandato de deputado do PSOL em tempo recorde","og_description":"Arthur Lira quer transformar a C\u00e2mara dos Deputados numa ditadura e cassar quem o critica. N\u00e3o aceitaremos!","og_url":"https:\/\/psol50.org.br\/nao-vao-calar-glauber-braga-arthur-lira-tenta-cassar-mandato-de-deputado-do-psol-em-tempo-recorde\/","og_site_name":"PSOL 50","article_publisher":"https:\/\/www.facebook.com\/psol50","article_published_time":"2022-06-14T16:20:34+00:00","article_modified_time":"2022-06-24T12:55:37+00:00","og_image":[{"width":2560,"height":1707,"url":"https:\/\/psol50.org.br\/inc\/uploads\/2022\/06\/img20220411200240105-scaled.jpg","type":"image\/jpeg"}],"author":"Comunica\u00e7\u00e3o PSOL","twitter_card":"summary_large_image","twitter_creator":"@psol50","twitter_site":"@psol50","twitter_misc":{"Escrito por":"Comunica\u00e7\u00e3o PSOL","Est. tempo de leitura":"1 minuto"},"schema":{"@context":"https:\/\/schema.org","@graph":[{"@type":"Article","@id":"https:\/\/psol50.org.br\/nao-vao-calar-glauber-braga-arthur-lira-tenta-cassar-mandato-de-deputado-do-psol-em-tempo-recorde\/#article","isPartOf":{"@id":"https:\/\/psol50.org.br\/nao-vao-calar-glauber-braga-arthur-lira-tenta-cassar-mandato-de-deputado-do-psol-em-tempo-recorde\/"},"author":{"name":"Comunica\u00e7\u00e3o PSOL","@id":"https:\/\/psol50.org.br\/#\/schema\/person\/475dfa57d0b815993c714c2e96491fcd"},"headline":"N\u00e3o v\u00e3o calar Glauber Braga! Arthur Lira tenta cassar mandato de deputado do PSOL em tempo recorde","datePublished":"2022-06-14T16:20:34+00:00","dateModified":"2022-06-24T12:55:37+00:00","mainEntityOfPage":{"@id":"https:\/\/psol50.org.br\/nao-vao-calar-glauber-braga-arthur-lira-tenta-cassar-mandato-de-deputado-do-psol-em-tempo-recorde\/"},"wordCount":317,"commentCount":0,"publisher":{"@id":"https:\/\/psol50.org.br\/#organization"},"image":{"@id":"https:\/\/psol50.org.br\/nao-vao-calar-glauber-braga-arthur-lira-tenta-cassar-mandato-de-deputado-do-psol-em-tempo-recorde\/#primaryimage"},"thumbnailUrl":"https:\/\/psol50.org.br\/inc\/uploads\/2022\/06\/img20220411200240105-scaled.jpg","keywords":["Not\u00edcias"],"articleSection":["Partido"],"inLanguage":"pt-BR","potentialAction":[{"@type":"CommentAction","name":"Comment","target":["https:\/\/psol50.org.br\/nao-vao-calar-glauber-braga-arthur-lira-tenta-cassar-mandato-de-deputado-do-psol-em-tempo-recorde\/#respond"]}]},{"@type":"WebPage","@id":"https:\/\/psol50.org.br\/nao-vao-calar-glauber-braga-arthur-lira-tenta-cassar-mandato-de-deputado-do-psol-em-tempo-recorde\/","url":"https:\/\/psol50.org.br\/nao-vao-calar-glauber-braga-arthur-lira-tenta-cassar-mandato-de-deputado-do-psol-em-tempo-recorde\/","name":"N\u00e3o v\u00e3o calar Glauber Braga! Arthur Lira tenta cassar mandato de deputado do PSOL em tempo recorde","isPartOf":{"@id":"https:\/\/psol50.org.br\/#website"},"primaryImageOfPage":{"@id":"https:\/\/psol50.org.br\/nao-vao-calar-glauber-braga-arthur-lira-tenta-cassar-mandato-de-deputado-do-psol-em-tempo-recorde\/#primaryimage"},"image":{"@id":"https:\/\/psol50.org.br\/nao-vao-calar-glauber-braga-arthur-lira-tenta-cassar-mandato-de-deputado-do-psol-em-tempo-recorde\/#primaryimage"},"thumbnailUrl":"https:\/\/psol50.org.br\/inc\/uploads\/2022\/06\/img20220411200240105-scaled.jpg","datePublished":"2022-06-14T16:20:34+00:00","dateModified":"2022-06-24T12:55:37+00:00","description":"Arthur Lira quer transformar a C\u00e2mara dos Deputados numa ditadura e cassar quem o critica. N\u00e3o aceitaremos!","breadcrumb":{"@id":"https:\/\/psol50.org.br\/nao-vao-calar-glauber-braga-arthur-lira-tenta-cassar-mandato-de-deputado-do-psol-em-tempo-recorde\/#breadcrumb"},"inLanguage":"pt-BR","potentialAction":[{"@type":"ReadAction","target":["https:\/\/psol50.org.br\/nao-vao-calar-glauber-braga-arthur-lira-tenta-cassar-mandato-de-deputado-do-psol-em-tempo-recorde\/"]}]},{"@type":"ImageObject","inLanguage":"pt-BR","@id":"https:\/\/psol50.org.br\/nao-vao-calar-glauber-braga-arthur-lira-tenta-cassar-mandato-de-deputado-do-psol-em-tempo-recorde\/#primaryimage","url":"https:\/\/psol50.org.br\/inc\/uploads\/2022\/06\/img20220411200240105-scaled.jpg","contentUrl":"https:\/\/psol50.org.br\/inc\/uploads\/2022\/06\/img20220411200240105-scaled.jpg","width":2560,"height":1707,"caption":"Foto: Paulo S\u00e9rgio\/C\u00e2mara dos Deputados"},{"@type":"BreadcrumbList","@id":"https:\/\/psol50.org.br\/nao-vao-calar-glauber-braga-arthur-lira-tenta-cassar-mandato-de-deputado-do-psol-em-tempo-recorde\/#breadcrumb","itemListElement":[{"@type":"ListItem","position":1,"name":"In\u00edcio","item":"https:\/\/psol50.org.br\/"},{"@type":"ListItem","position":2,"name":"N\u00e3o v\u00e3o calar Glauber Braga! Arthur Lira tenta cassar mandato de deputado do PSOL em tempo recorde"}]},{"@type":"WebSite","@id":"https:\/\/psol50.org.br\/#website","url":"https:\/\/psol50.org.br\/","name":"PSOL 50","description":"Site oficial do Partido Socialismo e Liberdade","publisher":{"@id":"https:\/\/psol50.org.br\/#organization"},"alternateName":"PSOL50","potentialAction":[{"@type":"SearchAction","target":{"@type":"EntryPoint","urlTemplate":"https:\/\/psol50.org.br\/?s={search_term_string}"},"query-input":{"@type":"PropertyValueSpecification","valueRequired":true,"valueName":"search_term_string"}}],"inLanguage":"pt-BR"},{"@type":"Organization","@id":"https:\/\/psol50.org.br\/#organization","name":"PSOL 50","alternateName":"PSOL 50","url":"https:\/\/psol50.org.br\/","logo":{"@type":"ImageObject","inLanguage":"pt-BR","@id":"https:\/\/psol50.org.br\/#\/schema\/logo\/image\/","url":"https:\/\/psol50.org.br\/inc\/uploads\/2018\/07\/capa.png","contentUrl":"https:\/\/psol50.org.br\/inc\/uploads\/2018\/07\/capa.png","width":1350,"height":900,"caption":"PSOL 50"},"image":{"@id":"https:\/\/psol50.org.br\/#\/schema\/logo\/image\/"},"sameAs":["https:\/\/www.facebook.com\/psol50","https:\/\/x.com\/psol50","https:\/\/www.instagram.com\/psol50\/","https:\/\/www.youtube.com\/channel\/UC7SnJS5o1os7a6CaiNabzcg"]},{"@type":"Person","@id":"https:\/\/psol50.org.br\/#\/schema\/person\/475dfa57d0b815993c714c2e96491fcd","name":"Comunica\u00e7\u00e3o PSOL","image":{"@type":"ImageObject","inLanguage":"pt-BR","@id":"https:\/\/psol50.org.br\/#\/schema\/person\/image\/","url":"https:\/\/secure.gravatar.com\/avatar\/b34fc4f4e468a4e51785917065a3db57b841f5c95dba6ad8c73aaf8f66f8f9bf?s=96&d=mm&r=g","contentUrl":"https:\/\/secure.gravatar.com\/avatar\/b34fc4f4e468a4e51785917065a3db57b841f5c95dba6ad8c73aaf8f66f8f9bf?s=96&d=mm&r=g","caption":"Comunica\u00e7\u00e3o PSOL"}}]}},"_links":{"self":[{"href":"https:\/\/psol50.org.br\/rest\/wp\/v2\/posts\/35967","targetHints":{"allow":["GET"]}}],"collection":[{"href":"https:\/\/psol50.org.br\/rest\/wp\/v2\/posts"}],"about":[{"href":"https:\/\/psol50.org.br\/rest\/wp\/v2\/types\/post"}],"author":[{"embeddable":true,"href":"https:\/\/psol50.org.br\/rest\/wp\/v2\/users\/2"}],"replies":[{"embeddable":true,"href":"https:\/\/psol50.org.br\/rest\/wp\/v2\/comments?post=35967"}],"version-history":[{"count":2,"href":"https:\/\/psol50.org.br\/rest\/wp\/v2\/posts\/35967\/revisions"}],"predecessor-version":[{"id":35969,"href":"https:\/\/psol50.org.br\/rest\/wp\/v2\/posts\/35967\/revisions\/35969"}],"wp:featuredmedia":[{"embeddable":true,"href":"https:\/\/psol50.org.br\/rest\/wp\/v2\/media\/35970"}],"wp:attachment":[{"href":"https:\/\/psol50.org.br\/rest\/wp\/v2\/media?parent=35967"}],"wp:term":[{"taxonomy":"category","embeddable":true,"href":"https:\/\/psol50.org.br\/rest\/wp\/v2\/categories?post=35967"},{"taxonomy":"post_tag","embeddable":true,"href":"https:\/\/psol50.org.br\/rest\/wp\/v2\/tags?post=35967"}],"curies":[{"name":"wp","href":"https:\/\/api.w.org\/{rel}","templated":true}]}}