{"id":36086,"date":"2022-07-13T15:11:51","date_gmt":"2022-07-13T18:11:51","guid":{"rendered":"https:\/\/psol50.org.br\/?p=36086"},"modified":"2022-07-13T15:11:51","modified_gmt":"2022-07-13T18:11:51","slug":"psol-assina-documento-da-sociedade-civil-contra-a-escalada-da-violencia-politica-no-brasil","status":"publish","type":"post","link":"https:\/\/psol50.org.br\/psol-assina-documento-da-sociedade-civil-contra-a-escalada-da-violencia-politica-no-brasil\/","title":{"rendered":"PSOL assina documento da sociedade civil contra a escalada da viol\u00eancia pol\u00edtica no Brasil"},"content":{"rendered":"<p>Cerca de 40 entidades da sociedade civil assinaram na \u00faltima ter\u00e7a-feira (12) uma nota em rep\u00fadio \u00e0 escalada da viol\u00eancia pol\u00edtica\u00a0no pa\u00eds e ao\u00a0assassinato do guarda municipal petista Marcelo de Arruda, morto a tiros em Foz do Igua\u00e7u (PR) pelo policial penal bolsonarista Jorge Jos\u00e9 da Rocha Guaranho.<\/p>\n<p>O documento foi organizado pela Frente Parlamentar Mista em Defesa da Democracia e dos Direitos Humanos do Congresso e \u00e9 encabe\u00e7ado por Tal\u00edria Petrone (PSOL), que \u00e9 coordenadora do colegiado. 24 parlamentares de partidos como Rede, PT, PCdoB, PDT, PSB e PSD, al\u00e9m do pr\u00f3prio PSOL, assinam o documento.<\/p>\n<p>&#8220;O custo democr\u00e1tico da viol\u00eancia pol\u00edtica \u00e9 muito alto. A democracia depende de elei\u00e7\u00f5es justas, e a justi\u00e7a s\u00f3 \u00e9 plena quando os direitos pol\u00edticos s\u00e3o garantidos a todas e todos de forma integral e igualit\u00e1ria&#8221;, afirma trecho do texto texto.<\/p>\n<p>Os signat\u00e1rios pedem que as institui\u00e7\u00f5es brasileiras tomem medidas que garantam um ambiente seguro de campanha para todos os candidatos nas\u00a0elei\u00e7\u00f5es de 2022, assim como a seus militantes e apoiadores.<\/p>\n<p>Entidades e movimentos como Oxfam Brasil,\u00a0MST, Instituto Sou da Paz, Movimento Negro Unificado, Comiss\u00e3o Brasileira Justi\u00e7a e Paz, Terra de Direitos e Alian\u00e7a Nacional LGBTI assinam a nota de rep\u00fadio.<\/p>\n<p>Para a deputada Tal\u00edria Petrone, s\u00e3o muitos os casos que mostram o acirramento da viol\u00eancia pol\u00edtica no pa\u00eds \u2014que, segundo a parlamentar, \u00e9 incentivada por quem est\u00e1 \u00e0 frente do Estado brasileiro.<\/p>\n<p>&#8220;O que aconteceu no \u00faltimo s\u00e1bado, em Foz do Igua\u00e7u, \u00e9 de uma brutalidade imensa. Mas, infelizmente, n\u00e3o \u00e9 uma pr\u00e1tica isolada nesse pa\u00eds onde o \u00f3dio e a intoler\u00e2ncia v\u00eam colocando em risco a nossa t\u00e3o fr\u00e1gil democracia&#8221;, diz Petrone.<\/p>\n<p>&#8220;Lamentavelmente, o presidente da Rep\u00fablica d\u00e1 poder para que seus apoiadores cheguem \u00e0s \u00faltimas consequ\u00eancias contra quem apresenta s\u00e9rias cr\u00edticas \u00e0 forma como [eles] conduzem o pa\u00eds. E as institui\u00e7\u00f5es precisam tomar provid\u00eancias efetivas para que consigamos barrar esse cen\u00e1rio tr\u00e1gico e impedir que novos corpos sejam silenciados&#8221;, finaliza.<\/p>\n","protected":false},"excerpt":{"rendered":"<p>Cerca de 40 entidades da sociedade civil assinaram na \u00faltima ter\u00e7a-feira (12) uma nota em rep\u00fadio \u00e0 escalada da viol\u00eancia pol\u00edtica\u00a0no pa\u00eds e ao\u00a0assassinato do guarda municipal petista Marcelo de Arruda, morto a tiros em Foz do Igua\u00e7u (PR) pelo policial penal bolsonarista Jorge Jos\u00e9 da Rocha Guaranho. O documento foi organizado pela Frente Parlamentar [&hellip;]<\/p>\n","protected":false},"author":2,"featured_media":36089,"comment_status":"open","ping_status":"open","sticky":false,"template":"","format":"standard","meta":{"_acf_changed":false,"footnotes":""},"categories":[10],"tags":[4825],"class_list":{"0":"post-36086","1":"post","2":"type-post","3":"status-publish","4":"format-standard","5":"has-post-thumbnail","7":"category-acao-parlamentares","8":"tag-noticias"},"acf":[],"yoast_head":"<!-- This site is optimized with the Yoast SEO plugin v26.5 - https:\/\/yoast.com\/wordpress\/plugins\/seo\/ -->\n<title>PSOL assina documento da sociedade civil contra a escalada da viol\u00eancia pol\u00edtica no Brasil<\/title>\n<meta name=\"description\" content=\"Documento que repudia o assassinato do petista Marcelo Arruda em sua festa de anivers\u00e1rio \u00e9 assinado por cerca de 40 entidades.\" \/>\n<meta name=\"robots\" content=\"index, follow, max-snippet:-1, max-image-preview:large, max-video-preview:-1\" \/>\n<link rel=\"canonical\" href=\"https:\/\/psol50.org.br\/psol-assina-documento-da-sociedade-civil-contra-a-escalada-da-violencia-politica-no-brasil\/\" \/>\n<meta property=\"og:locale\" content=\"pt_BR\" \/>\n<meta property=\"og:type\" content=\"article\" \/>\n<meta property=\"og:title\" content=\"PSOL assina documento da sociedade civil contra a escalada da viol\u00eancia pol\u00edtica no Brasil\" \/>\n<meta property=\"og:description\" content=\"Documento que repudia o assassinato do petista Marcelo Arruda em sua festa de anivers\u00e1rio \u00e9 assinado por cerca de 40 entidades.\" \/>\n<meta property=\"og:url\" content=\"https:\/\/psol50.org.br\/psol-assina-documento-da-sociedade-civil-contra-a-escalada-da-violencia-politica-no-brasil\/\" \/>\n<meta property=\"og:site_name\" content=\"PSOL 50\" \/>\n<meta property=\"article:publisher\" content=\"https:\/\/www.facebook.com\/psol50\" \/>\n<meta property=\"article:published_time\" content=\"2022-07-13T18:11:51+00:00\" \/>\n<meta property=\"og:image\" content=\"https:\/\/psol50.org.br\/inc\/uploads\/2022\/07\/20190517170552_45c502ada581f3bcf602873db84fab1f543115a5ef3956ccce43d439842df451.png\" \/>\n\t<meta property=\"og:image:width\" content=\"1067\" \/>\n\t<meta property=\"og:image:height\" content=\"600\" \/>\n\t<meta property=\"og:image:type\" content=\"image\/png\" \/>\n<meta name=\"author\" content=\"Comunica\u00e7\u00e3o PSOL\" \/>\n<meta name=\"twitter:card\" content=\"summary_large_image\" \/>\n<meta name=\"twitter:creator\" content=\"@psol50\" \/>\n<meta name=\"twitter:site\" content=\"@psol50\" \/>\n<meta name=\"twitter:label1\" content=\"Escrito por\" \/>\n\t<meta name=\"twitter:data1\" content=\"Comunica\u00e7\u00e3o PSOL\" \/>\n\t<meta name=\"twitter:label2\" content=\"Est. tempo de leitura\" \/>\n\t<meta name=\"twitter:data2\" content=\"2 minutos\" \/>\n<script type=\"application\/ld+json\" class=\"yoast-schema-graph\">{\"@context\":\"https:\/\/schema.org\",\"@graph\":[{\"@type\":\"Article\",\"@id\":\"https:\/\/psol50.org.br\/psol-assina-documento-da-sociedade-civil-contra-a-escalada-da-violencia-politica-no-brasil\/#article\",\"isPartOf\":{\"@id\":\"https:\/\/psol50.org.br\/psol-assina-documento-da-sociedade-civil-contra-a-escalada-da-violencia-politica-no-brasil\/\"},\"author\":{\"name\":\"Comunica\u00e7\u00e3o PSOL\",\"@id\":\"https:\/\/psol50.org.br\/#\/schema\/person\/475dfa57d0b815993c714c2e96491fcd\"},\"headline\":\"PSOL assina documento da sociedade civil contra a escalada da viol\u00eancia pol\u00edtica no Brasil\",\"datePublished\":\"2022-07-13T18:11:51+00:00\",\"mainEntityOfPage\":{\"@id\":\"https:\/\/psol50.org.br\/psol-assina-documento-da-sociedade-civil-contra-a-escalada-da-violencia-politica-no-brasil\/\"},\"wordCount\":374,\"commentCount\":0,\"publisher\":{\"@id\":\"https:\/\/psol50.org.br\/#organization\"},\"image\":{\"@id\":\"https:\/\/psol50.org.br\/psol-assina-documento-da-sociedade-civil-contra-a-escalada-da-violencia-politica-no-brasil\/#primaryimage\"},\"thumbnailUrl\":\"https:\/\/psol50.org.br\/inc\/uploads\/2022\/07\/20190517170552_45c502ada581f3bcf602873db84fab1f543115a5ef3956ccce43d439842df451.png\",\"keywords\":[\"Not\u00edcias\"],\"articleSection\":[\"A\u00e7\u00e3o Parlamentar\"],\"inLanguage\":\"pt-BR\",\"potentialAction\":[{\"@type\":\"CommentAction\",\"name\":\"Comment\",\"target\":[\"https:\/\/psol50.org.br\/psol-assina-documento-da-sociedade-civil-contra-a-escalada-da-violencia-politica-no-brasil\/#respond\"]}]},{\"@type\":\"WebPage\",\"@id\":\"https:\/\/psol50.org.br\/psol-assina-documento-da-sociedade-civil-contra-a-escalada-da-violencia-politica-no-brasil\/\",\"url\":\"https:\/\/psol50.org.br\/psol-assina-documento-da-sociedade-civil-contra-a-escalada-da-violencia-politica-no-brasil\/\",\"name\":\"PSOL assina documento da sociedade civil contra a escalada da viol\u00eancia pol\u00edtica no Brasil\",\"isPartOf\":{\"@id\":\"https:\/\/psol50.org.br\/#website\"},\"primaryImageOfPage\":{\"@id\":\"https:\/\/psol50.org.br\/psol-assina-documento-da-sociedade-civil-contra-a-escalada-da-violencia-politica-no-brasil\/#primaryimage\"},\"image\":{\"@id\":\"https:\/\/psol50.org.br\/psol-assina-documento-da-sociedade-civil-contra-a-escalada-da-violencia-politica-no-brasil\/#primaryimage\"},\"thumbnailUrl\":\"https:\/\/psol50.org.br\/inc\/uploads\/2022\/07\/20190517170552_45c502ada581f3bcf602873db84fab1f543115a5ef3956ccce43d439842df451.png\",\"datePublished\":\"2022-07-13T18:11:51+00:00\",\"description\":\"Documento que repudia o assassinato do petista Marcelo Arruda em sua festa de anivers\u00e1rio \u00e9 assinado por cerca de 40 entidades.\",\"breadcrumb\":{\"@id\":\"https:\/\/psol50.org.br\/psol-assina-documento-da-sociedade-civil-contra-a-escalada-da-violencia-politica-no-brasil\/#breadcrumb\"},\"inLanguage\":\"pt-BR\",\"potentialAction\":[{\"@type\":\"ReadAction\",\"target\":[\"https:\/\/psol50.org.br\/psol-assina-documento-da-sociedade-civil-contra-a-escalada-da-violencia-politica-no-brasil\/\"]}]},{\"@type\":\"ImageObject\",\"inLanguage\":\"pt-BR\",\"@id\":\"https:\/\/psol50.org.br\/psol-assina-documento-da-sociedade-civil-contra-a-escalada-da-violencia-politica-no-brasil\/#primaryimage\",\"url\":\"https:\/\/psol50.org.br\/inc\/uploads\/2022\/07\/20190517170552_45c502ada581f3bcf602873db84fab1f543115a5ef3956ccce43d439842df451.png\",\"contentUrl\":\"https:\/\/psol50.org.br\/inc\/uploads\/2022\/07\/20190517170552_45c502ada581f3bcf602873db84fab1f543115a5ef3956ccce43d439842df451.png\",\"width\":1067,\"height\":600,\"caption\":\"Foto: Reprodu\u00e7\u00e3o\"},{\"@type\":\"BreadcrumbList\",\"@id\":\"https:\/\/psol50.org.br\/psol-assina-documento-da-sociedade-civil-contra-a-escalada-da-violencia-politica-no-brasil\/#breadcrumb\",\"itemListElement\":[{\"@type\":\"ListItem\",\"position\":1,\"name\":\"In\u00edcio\",\"item\":\"https:\/\/psol50.org.br\/\"},{\"@type\":\"ListItem\",\"position\":2,\"name\":\"PSOL assina documento da sociedade civil contra a escalada da viol\u00eancia pol\u00edtica no Brasil\"}]},{\"@type\":\"WebSite\",\"@id\":\"https:\/\/psol50.org.br\/#website\",\"url\":\"https:\/\/psol50.org.br\/\",\"name\":\"PSOL 50\",\"description\":\"Site oficial do Partido Socialismo e Liberdade\",\"publisher\":{\"@id\":\"https:\/\/psol50.org.br\/#organization\"},\"alternateName\":\"PSOL50\",\"potentialAction\":[{\"@type\":\"SearchAction\",\"target\":{\"@type\":\"EntryPoint\",\"urlTemplate\":\"https:\/\/psol50.org.br\/?s={search_term_string}\"},\"query-input\":{\"@type\":\"PropertyValueSpecification\",\"valueRequired\":true,\"valueName\":\"search_term_string\"}}],\"inLanguage\":\"pt-BR\"},{\"@type\":\"Organization\",\"@id\":\"https:\/\/psol50.org.br\/#organization\",\"name\":\"PSOL 50\",\"alternateName\":\"PSOL 50\",\"url\":\"https:\/\/psol50.org.br\/\",\"logo\":{\"@type\":\"ImageObject\",\"inLanguage\":\"pt-BR\",\"@id\":\"https:\/\/psol50.org.br\/#\/schema\/logo\/image\/\",\"url\":\"https:\/\/psol50.org.br\/inc\/uploads\/2018\/07\/capa.png\",\"contentUrl\":\"https:\/\/psol50.org.br\/inc\/uploads\/2018\/07\/capa.png\",\"width\":1350,\"height\":900,\"caption\":\"PSOL 50\"},\"image\":{\"@id\":\"https:\/\/psol50.org.br\/#\/schema\/logo\/image\/\"},\"sameAs\":[\"https:\/\/www.facebook.com\/psol50\",\"https:\/\/x.com\/psol50\",\"https:\/\/www.instagram.com\/psol50\/\",\"https:\/\/www.youtube.com\/channel\/UC7SnJS5o1os7a6CaiNabzcg\"]},{\"@type\":\"Person\",\"@id\":\"https:\/\/psol50.org.br\/#\/schema\/person\/475dfa57d0b815993c714c2e96491fcd\",\"name\":\"Comunica\u00e7\u00e3o PSOL\",\"image\":{\"@type\":\"ImageObject\",\"inLanguage\":\"pt-BR\",\"@id\":\"https:\/\/psol50.org.br\/#\/schema\/person\/image\/\",\"url\":\"https:\/\/secure.gravatar.com\/avatar\/b34fc4f4e468a4e51785917065a3db57b841f5c95dba6ad8c73aaf8f66f8f9bf?s=96&d=mm&r=g\",\"contentUrl\":\"https:\/\/secure.gravatar.com\/avatar\/b34fc4f4e468a4e51785917065a3db57b841f5c95dba6ad8c73aaf8f66f8f9bf?s=96&d=mm&r=g\",\"caption\":\"Comunica\u00e7\u00e3o PSOL\"}}]}<\/script>\n<!-- \/ Yoast SEO plugin. -->","yoast_head_json":{"title":"PSOL assina documento da sociedade civil contra a escalada da viol\u00eancia pol\u00edtica no Brasil","description":"Documento que repudia o assassinato do petista Marcelo Arruda em sua festa de anivers\u00e1rio \u00e9 assinado por cerca de 40 entidades.","robots":{"index":"index","follow":"follow","max-snippet":"max-snippet:-1","max-image-preview":"max-image-preview:large","max-video-preview":"max-video-preview:-1"},"canonical":"https:\/\/psol50.org.br\/psol-assina-documento-da-sociedade-civil-contra-a-escalada-da-violencia-politica-no-brasil\/","og_locale":"pt_BR","og_type":"article","og_title":"PSOL assina documento da sociedade civil contra a escalada da viol\u00eancia pol\u00edtica no Brasil","og_description":"Documento que repudia o assassinato do petista Marcelo Arruda em sua festa de anivers\u00e1rio \u00e9 assinado por cerca de 40 entidades.","og_url":"https:\/\/psol50.org.br\/psol-assina-documento-da-sociedade-civil-contra-a-escalada-da-violencia-politica-no-brasil\/","og_site_name":"PSOL 50","article_publisher":"https:\/\/www.facebook.com\/psol50","article_published_time":"2022-07-13T18:11:51+00:00","og_image":[{"width":1067,"height":600,"url":"https:\/\/psol50.org.br\/inc\/uploads\/2022\/07\/20190517170552_45c502ada581f3bcf602873db84fab1f543115a5ef3956ccce43d439842df451.png","type":"image\/png"}],"author":"Comunica\u00e7\u00e3o PSOL","twitter_card":"summary_large_image","twitter_creator":"@psol50","twitter_site":"@psol50","twitter_misc":{"Escrito por":"Comunica\u00e7\u00e3o PSOL","Est. tempo de leitura":"2 minutos"},"schema":{"@context":"https:\/\/schema.org","@graph":[{"@type":"Article","@id":"https:\/\/psol50.org.br\/psol-assina-documento-da-sociedade-civil-contra-a-escalada-da-violencia-politica-no-brasil\/#article","isPartOf":{"@id":"https:\/\/psol50.org.br\/psol-assina-documento-da-sociedade-civil-contra-a-escalada-da-violencia-politica-no-brasil\/"},"author":{"name":"Comunica\u00e7\u00e3o PSOL","@id":"https:\/\/psol50.org.br\/#\/schema\/person\/475dfa57d0b815993c714c2e96491fcd"},"headline":"PSOL assina documento da sociedade civil contra a escalada da viol\u00eancia pol\u00edtica no Brasil","datePublished":"2022-07-13T18:11:51+00:00","mainEntityOfPage":{"@id":"https:\/\/psol50.org.br\/psol-assina-documento-da-sociedade-civil-contra-a-escalada-da-violencia-politica-no-brasil\/"},"wordCount":374,"commentCount":0,"publisher":{"@id":"https:\/\/psol50.org.br\/#organization"},"image":{"@id":"https:\/\/psol50.org.br\/psol-assina-documento-da-sociedade-civil-contra-a-escalada-da-violencia-politica-no-brasil\/#primaryimage"},"thumbnailUrl":"https:\/\/psol50.org.br\/inc\/uploads\/2022\/07\/20190517170552_45c502ada581f3bcf602873db84fab1f543115a5ef3956ccce43d439842df451.png","keywords":["Not\u00edcias"],"articleSection":["A\u00e7\u00e3o Parlamentar"],"inLanguage":"pt-BR","potentialAction":[{"@type":"CommentAction","name":"Comment","target":["https:\/\/psol50.org.br\/psol-assina-documento-da-sociedade-civil-contra-a-escalada-da-violencia-politica-no-brasil\/#respond"]}]},{"@type":"WebPage","@id":"https:\/\/psol50.org.br\/psol-assina-documento-da-sociedade-civil-contra-a-escalada-da-violencia-politica-no-brasil\/","url":"https:\/\/psol50.org.br\/psol-assina-documento-da-sociedade-civil-contra-a-escalada-da-violencia-politica-no-brasil\/","name":"PSOL assina documento da sociedade civil contra a escalada da viol\u00eancia pol\u00edtica no Brasil","isPartOf":{"@id":"https:\/\/psol50.org.br\/#website"},"primaryImageOfPage":{"@id":"https:\/\/psol50.org.br\/psol-assina-documento-da-sociedade-civil-contra-a-escalada-da-violencia-politica-no-brasil\/#primaryimage"},"image":{"@id":"https:\/\/psol50.org.br\/psol-assina-documento-da-sociedade-civil-contra-a-escalada-da-violencia-politica-no-brasil\/#primaryimage"},"thumbnailUrl":"https:\/\/psol50.org.br\/inc\/uploads\/2022\/07\/20190517170552_45c502ada581f3bcf602873db84fab1f543115a5ef3956ccce43d439842df451.png","datePublished":"2022-07-13T18:11:51+00:00","description":"Documento que repudia o assassinato do petista Marcelo Arruda em sua festa de anivers\u00e1rio \u00e9 assinado por cerca de 40 entidades.","breadcrumb":{"@id":"https:\/\/psol50.org.br\/psol-assina-documento-da-sociedade-civil-contra-a-escalada-da-violencia-politica-no-brasil\/#breadcrumb"},"inLanguage":"pt-BR","potentialAction":[{"@type":"ReadAction","target":["https:\/\/psol50.org.br\/psol-assina-documento-da-sociedade-civil-contra-a-escalada-da-violencia-politica-no-brasil\/"]}]},{"@type":"ImageObject","inLanguage":"pt-BR","@id":"https:\/\/psol50.org.br\/psol-assina-documento-da-sociedade-civil-contra-a-escalada-da-violencia-politica-no-brasil\/#primaryimage","url":"https:\/\/psol50.org.br\/inc\/uploads\/2022\/07\/20190517170552_45c502ada581f3bcf602873db84fab1f543115a5ef3956ccce43d439842df451.png","contentUrl":"https:\/\/psol50.org.br\/inc\/uploads\/2022\/07\/20190517170552_45c502ada581f3bcf602873db84fab1f543115a5ef3956ccce43d439842df451.png","width":1067,"height":600,"caption":"Foto: Reprodu\u00e7\u00e3o"},{"@type":"BreadcrumbList","@id":"https:\/\/psol50.org.br\/psol-assina-documento-da-sociedade-civil-contra-a-escalada-da-violencia-politica-no-brasil\/#breadcrumb","itemListElement":[{"@type":"ListItem","position":1,"name":"In\u00edcio","item":"https:\/\/psol50.org.br\/"},{"@type":"ListItem","position":2,"name":"PSOL assina documento da sociedade civil contra a escalada da viol\u00eancia pol\u00edtica no Brasil"}]},{"@type":"WebSite","@id":"https:\/\/psol50.org.br\/#website","url":"https:\/\/psol50.org.br\/","name":"PSOL 50","description":"Site oficial do Partido Socialismo e Liberdade","publisher":{"@id":"https:\/\/psol50.org.br\/#organization"},"alternateName":"PSOL50","potentialAction":[{"@type":"SearchAction","target":{"@type":"EntryPoint","urlTemplate":"https:\/\/psol50.org.br\/?s={search_term_string}"},"query-input":{"@type":"PropertyValueSpecification","valueRequired":true,"valueName":"search_term_string"}}],"inLanguage":"pt-BR"},{"@type":"Organization","@id":"https:\/\/psol50.org.br\/#organization","name":"PSOL 50","alternateName":"PSOL 50","url":"https:\/\/psol50.org.br\/","logo":{"@type":"ImageObject","inLanguage":"pt-BR","@id":"https:\/\/psol50.org.br\/#\/schema\/logo\/image\/","url":"https:\/\/psol50.org.br\/inc\/uploads\/2018\/07\/capa.png","contentUrl":"https:\/\/psol50.org.br\/inc\/uploads\/2018\/07\/capa.png","width":1350,"height":900,"caption":"PSOL 50"},"image":{"@id":"https:\/\/psol50.org.br\/#\/schema\/logo\/image\/"},"sameAs":["https:\/\/www.facebook.com\/psol50","https:\/\/x.com\/psol50","https:\/\/www.instagram.com\/psol50\/","https:\/\/www.youtube.com\/channel\/UC7SnJS5o1os7a6CaiNabzcg"]},{"@type":"Person","@id":"https:\/\/psol50.org.br\/#\/schema\/person\/475dfa57d0b815993c714c2e96491fcd","name":"Comunica\u00e7\u00e3o PSOL","image":{"@type":"ImageObject","inLanguage":"pt-BR","@id":"https:\/\/psol50.org.br\/#\/schema\/person\/image\/","url":"https:\/\/secure.gravatar.com\/avatar\/b34fc4f4e468a4e51785917065a3db57b841f5c95dba6ad8c73aaf8f66f8f9bf?s=96&d=mm&r=g","contentUrl":"https:\/\/secure.gravatar.com\/avatar\/b34fc4f4e468a4e51785917065a3db57b841f5c95dba6ad8c73aaf8f66f8f9bf?s=96&d=mm&r=g","caption":"Comunica\u00e7\u00e3o PSOL"}}]}},"_links":{"self":[{"href":"https:\/\/psol50.org.br\/rest\/wp\/v2\/posts\/36086","targetHints":{"allow":["GET"]}}],"collection":[{"href":"https:\/\/psol50.org.br\/rest\/wp\/v2\/posts"}],"about":[{"href":"https:\/\/psol50.org.br\/rest\/wp\/v2\/types\/post"}],"author":[{"embeddable":true,"href":"https:\/\/psol50.org.br\/rest\/wp\/v2\/users\/2"}],"replies":[{"embeddable":true,"href":"https:\/\/psol50.org.br\/rest\/wp\/v2\/comments?post=36086"}],"version-history":[{"count":2,"href":"https:\/\/psol50.org.br\/rest\/wp\/v2\/posts\/36086\/revisions"}],"predecessor-version":[{"id":36088,"href":"https:\/\/psol50.org.br\/rest\/wp\/v2\/posts\/36086\/revisions\/36088"}],"wp:featuredmedia":[{"embeddable":true,"href":"https:\/\/psol50.org.br\/rest\/wp\/v2\/media\/36089"}],"wp:attachment":[{"href":"https:\/\/psol50.org.br\/rest\/wp\/v2\/media?parent=36086"}],"wp:term":[{"taxonomy":"category","embeddable":true,"href":"https:\/\/psol50.org.br\/rest\/wp\/v2\/categories?post=36086"},{"taxonomy":"post_tag","embeddable":true,"href":"https:\/\/psol50.org.br\/rest\/wp\/v2\/tags?post=36086"}],"curies":[{"name":"wp","href":"https:\/\/api.w.org\/{rel}","templated":true}]}}