{"id":36167,"date":"2022-08-08T15:37:32","date_gmt":"2022-08-08T18:37:32","guid":{"rendered":"https:\/\/psol50.org.br\/?p=36167"},"modified":"2022-08-17T12:37:16","modified_gmt":"2022-08-17T15:37:16","slug":"12-de-agosto-dia-nacional-de-mobilizacao-do-psol-com-lula","status":"publish","type":"post","link":"https:\/\/psol50.org.br\/12-de-agosto-dia-nacional-de-mobilizacao-do-psol-com-lula\/","title":{"rendered":"12 de agosto: Dia Nacional de Mobiliza\u00e7\u00e3o do PSOL com Lula"},"content":{"rendered":"<p>Nesta sexta-feira (12), a milit\u00e2ncia do PSOL vai \u00e0s ruas de todo o Brasil no Dia Nacional de Mobiliza\u00e7\u00e3o do PSOL com Lula. Ser\u00e3o panfletagens, a\u00e7\u00f5es e interven\u00e7\u00f5es, tanto nas ruas como virtualmente, para esquentar o in\u00edcio da campanha, que come\u00e7a no pr\u00f3ximo dia 16 de agosto, para derrotar Bolsonaro elegendo Lula presidente no 1\u00ba turno e as maiores bancadas parlamentares da hist\u00f3ria do PSOL.<\/p>\n<p>Desde o m\u00eas passado j\u00e1 est\u00e1 no ar a <strong><a href=\"https:\/\/psolcomlula.com.br\/\" target=\"_blank\" rel=\"noopener\">plataforma PSOL com Lula<\/a><\/strong>, que re\u00fane materiais digitais e gr\u00e1ficos j\u00e1 prontos para agitar a campanha em torno do ex-presidente Lula com as pautas que s\u00e3o imprescind\u00edveis para o PSOL, como a revoga\u00e7\u00e3o do Teto de Gastos e da Reforma Trabalhista, o enfrentamento \u00e0 crise clim\u00e1tica e ao desmatamento, taxa\u00e7\u00e3o dos super-ricos para que os pobres possam pagar menos impostos, a promo\u00e7\u00e3o de direitos aos povos ind\u00edgenas e quilombolas, o combate \u00e0 viol\u00eancia contra a popula\u00e7\u00e3o negra e o encarceramento em massa, amplia\u00e7\u00e3o dos direitos das mulheres, combate \u00e0 LGBTfobia, amplas reformas urbanas e agr\u00e1ria, democratiza\u00e7\u00e3o dos meios de comunica\u00e7\u00e3o, entre tantas outras pautas urgentes para um Brasil mais justo e solid\u00e1rio.<\/p>\n<p>Para que o povo brasileiro tenha direito a esse futuro, derrotando Bolsonaro e elegendo Lula atrav\u00e9s da mobiliza\u00e7\u00e3o popular, ser\u00e1 necess\u00e1rio ir \u00e0s ruas. Por isso o PSOL realiza esse Dia Nacional de Mobiliza\u00e7\u00e3o nesta sexta (12).<\/p>\n<p>Se voc\u00ea \u00e9 militante do PSOL, ou ainda nem \u00e9 filiado, mas acredita no nosso projeto para o Brasil, participe desse grande dia de mobiliza\u00e7\u00f5es nas ruas e nas redes com a #PSOLcomLula. Vamos cobrir intensamente nas redes sociais do PSOL as a\u00e7\u00f5es de nossos militantes e simpatizantes. Derrotar Bolsonaro \u00e9 urgente! Vamos eleger Lula no primeiro turno!<\/p>\n","protected":false},"excerpt":{"rendered":"<p>Nesta sexta-feira (12), a milit\u00e2ncia do PSOL vai \u00e0s ruas de todo o Brasil no Dia Nacional de Mobiliza\u00e7\u00e3o do PSOL com Lula. Ser\u00e3o panfletagens, a\u00e7\u00f5es e interven\u00e7\u00f5es, tanto nas ruas como virtualmente, para esquentar o in\u00edcio da campanha, que come\u00e7a no pr\u00f3ximo dia 16 de agosto, para derrotar Bolsonaro elegendo Lula presidente no 1\u00ba [&hellip;]<\/p>\n","protected":false},"author":2,"featured_media":35691,"comment_status":"open","ping_status":"open","sticky":false,"template":"","format":"standard","meta":{"_acf_changed":false,"footnotes":""},"categories":[1882],"tags":[4825],"class_list":{"0":"post-36167","1":"post","2":"type-post","3":"status-publish","4":"format-standard","5":"has-post-thumbnail","7":"category-brasil","8":"tag-noticias"},"acf":[],"yoast_head":"<!-- This site is optimized with the Yoast SEO plugin v26.5 - https:\/\/yoast.com\/wordpress\/plugins\/seo\/ -->\n<title>12 de agosto: Dia Nacional de Mobiliza\u00e7\u00e3o do PSOL com Lula<\/title>\n<meta name=\"description\" content=\"Milit\u00e2ncia do PSOL estar\u00e1 nas ruas do Brasil nesta sexta (12) para esquentar a campanha para eleger Lula presidente e a maior bancada parlamentar da hist\u00f3ria do partido.\" \/>\n<meta name=\"robots\" content=\"index, follow, max-snippet:-1, max-image-preview:large, max-video-preview:-1\" \/>\n<link rel=\"canonical\" href=\"https:\/\/psol50.org.br\/12-de-agosto-dia-nacional-de-mobilizacao-do-psol-com-lula\/\" \/>\n<meta property=\"og:locale\" content=\"pt_BR\" \/>\n<meta property=\"og:type\" content=\"article\" \/>\n<meta property=\"og:title\" content=\"12 de agosto: Dia Nacional de Mobiliza\u00e7\u00e3o do PSOL com Lula\" \/>\n<meta property=\"og:description\" content=\"Milit\u00e2ncia do PSOL estar\u00e1 nas ruas do Brasil nesta sexta (12) para esquentar a campanha para eleger Lula presidente e a maior bancada parlamentar da hist\u00f3ria do partido.\" \/>\n<meta property=\"og:url\" content=\"https:\/\/psol50.org.br\/12-de-agosto-dia-nacional-de-mobilizacao-do-psol-com-lula\/\" \/>\n<meta property=\"og:site_name\" content=\"PSOL 50\" \/>\n<meta property=\"article:publisher\" content=\"https:\/\/www.facebook.com\/psol50\" \/>\n<meta property=\"article:published_time\" content=\"2022-08-08T18:37:32+00:00\" \/>\n<meta property=\"article:modified_time\" content=\"2022-08-17T15:37:16+00:00\" \/>\n<meta property=\"og:image\" content=\"https:\/\/psol50.org.br\/inc\/uploads\/2022\/04\/29-04-2022_PSOLcomLula_Thumb.png\" \/>\n\t<meta property=\"og:image:width\" content=\"1350\" \/>\n\t<meta property=\"og:image:height\" content=\"900\" \/>\n\t<meta property=\"og:image:type\" content=\"image\/png\" \/>\n<meta name=\"author\" content=\"Comunica\u00e7\u00e3o PSOL\" \/>\n<meta name=\"twitter:card\" content=\"summary_large_image\" \/>\n<meta name=\"twitter:creator\" content=\"@psol50\" \/>\n<meta name=\"twitter:site\" content=\"@psol50\" \/>\n<meta name=\"twitter:label1\" content=\"Escrito por\" \/>\n\t<meta name=\"twitter:data1\" content=\"Comunica\u00e7\u00e3o PSOL\" \/>\n\t<meta name=\"twitter:label2\" content=\"Est. tempo de leitura\" \/>\n\t<meta name=\"twitter:data2\" content=\"2 minutos\" \/>\n<script type=\"application\/ld+json\" class=\"yoast-schema-graph\">{\"@context\":\"https:\/\/schema.org\",\"@graph\":[{\"@type\":\"Article\",\"@id\":\"https:\/\/psol50.org.br\/12-de-agosto-dia-nacional-de-mobilizacao-do-psol-com-lula\/#article\",\"isPartOf\":{\"@id\":\"https:\/\/psol50.org.br\/12-de-agosto-dia-nacional-de-mobilizacao-do-psol-com-lula\/\"},\"author\":{\"name\":\"Comunica\u00e7\u00e3o PSOL\",\"@id\":\"https:\/\/psol50.org.br\/#\/schema\/person\/475dfa57d0b815993c714c2e96491fcd\"},\"headline\":\"12 de agosto: Dia Nacional de Mobiliza\u00e7\u00e3o do PSOL com Lula\",\"datePublished\":\"2022-08-08T18:37:32+00:00\",\"dateModified\":\"2022-08-17T15:37:16+00:00\",\"mainEntityOfPage\":{\"@id\":\"https:\/\/psol50.org.br\/12-de-agosto-dia-nacional-de-mobilizacao-do-psol-com-lula\/\"},\"wordCount\":314,\"commentCount\":0,\"publisher\":{\"@id\":\"https:\/\/psol50.org.br\/#organization\"},\"image\":{\"@id\":\"https:\/\/psol50.org.br\/12-de-agosto-dia-nacional-de-mobilizacao-do-psol-com-lula\/#primaryimage\"},\"thumbnailUrl\":\"https:\/\/psol50.org.br\/inc\/uploads\/2022\/04\/29-04-2022_PSOLcomLula_Thumb.png\",\"keywords\":[\"Not\u00edcias\"],\"articleSection\":[\"Brasil\"],\"inLanguage\":\"pt-BR\",\"potentialAction\":[{\"@type\":\"CommentAction\",\"name\":\"Comment\",\"target\":[\"https:\/\/psol50.org.br\/12-de-agosto-dia-nacional-de-mobilizacao-do-psol-com-lula\/#respond\"]}]},{\"@type\":\"WebPage\",\"@id\":\"https:\/\/psol50.org.br\/12-de-agosto-dia-nacional-de-mobilizacao-do-psol-com-lula\/\",\"url\":\"https:\/\/psol50.org.br\/12-de-agosto-dia-nacional-de-mobilizacao-do-psol-com-lula\/\",\"name\":\"12 de agosto: Dia Nacional de Mobiliza\u00e7\u00e3o do PSOL com Lula\",\"isPartOf\":{\"@id\":\"https:\/\/psol50.org.br\/#website\"},\"primaryImageOfPage\":{\"@id\":\"https:\/\/psol50.org.br\/12-de-agosto-dia-nacional-de-mobilizacao-do-psol-com-lula\/#primaryimage\"},\"image\":{\"@id\":\"https:\/\/psol50.org.br\/12-de-agosto-dia-nacional-de-mobilizacao-do-psol-com-lula\/#primaryimage\"},\"thumbnailUrl\":\"https:\/\/psol50.org.br\/inc\/uploads\/2022\/04\/29-04-2022_PSOLcomLula_Thumb.png\",\"datePublished\":\"2022-08-08T18:37:32+00:00\",\"dateModified\":\"2022-08-17T15:37:16+00:00\",\"description\":\"Milit\u00e2ncia do PSOL estar\u00e1 nas ruas do Brasil nesta sexta (12) para esquentar a campanha para eleger Lula presidente e a maior bancada parlamentar da hist\u00f3ria do partido.\",\"breadcrumb\":{\"@id\":\"https:\/\/psol50.org.br\/12-de-agosto-dia-nacional-de-mobilizacao-do-psol-com-lula\/#breadcrumb\"},\"inLanguage\":\"pt-BR\",\"potentialAction\":[{\"@type\":\"ReadAction\",\"target\":[\"https:\/\/psol50.org.br\/12-de-agosto-dia-nacional-de-mobilizacao-do-psol-com-lula\/\"]}]},{\"@type\":\"ImageObject\",\"inLanguage\":\"pt-BR\",\"@id\":\"https:\/\/psol50.org.br\/12-de-agosto-dia-nacional-de-mobilizacao-do-psol-com-lula\/#primaryimage\",\"url\":\"https:\/\/psol50.org.br\/inc\/uploads\/2022\/04\/29-04-2022_PSOLcomLula_Thumb.png\",\"contentUrl\":\"https:\/\/psol50.org.br\/inc\/uploads\/2022\/04\/29-04-2022_PSOLcomLula_Thumb.png\",\"width\":1350,\"height\":900},{\"@type\":\"BreadcrumbList\",\"@id\":\"https:\/\/psol50.org.br\/12-de-agosto-dia-nacional-de-mobilizacao-do-psol-com-lula\/#breadcrumb\",\"itemListElement\":[{\"@type\":\"ListItem\",\"position\":1,\"name\":\"In\u00edcio\",\"item\":\"https:\/\/psol50.org.br\/\"},{\"@type\":\"ListItem\",\"position\":2,\"name\":\"12 de agosto: Dia Nacional de Mobiliza\u00e7\u00e3o do PSOL com Lula\"}]},{\"@type\":\"WebSite\",\"@id\":\"https:\/\/psol50.org.br\/#website\",\"url\":\"https:\/\/psol50.org.br\/\",\"name\":\"PSOL 50\",\"description\":\"Site oficial do Partido Socialismo e Liberdade\",\"publisher\":{\"@id\":\"https:\/\/psol50.org.br\/#organization\"},\"alternateName\":\"PSOL50\",\"potentialAction\":[{\"@type\":\"SearchAction\",\"target\":{\"@type\":\"EntryPoint\",\"urlTemplate\":\"https:\/\/psol50.org.br\/?s={search_term_string}\"},\"query-input\":{\"@type\":\"PropertyValueSpecification\",\"valueRequired\":true,\"valueName\":\"search_term_string\"}}],\"inLanguage\":\"pt-BR\"},{\"@type\":\"Organization\",\"@id\":\"https:\/\/psol50.org.br\/#organization\",\"name\":\"PSOL 50\",\"alternateName\":\"PSOL 50\",\"url\":\"https:\/\/psol50.org.br\/\",\"logo\":{\"@type\":\"ImageObject\",\"inLanguage\":\"pt-BR\",\"@id\":\"https:\/\/psol50.org.br\/#\/schema\/logo\/image\/\",\"url\":\"https:\/\/psol50.org.br\/inc\/uploads\/2018\/07\/capa.png\",\"contentUrl\":\"https:\/\/psol50.org.br\/inc\/uploads\/2018\/07\/capa.png\",\"width\":1350,\"height\":900,\"caption\":\"PSOL 50\"},\"image\":{\"@id\":\"https:\/\/psol50.org.br\/#\/schema\/logo\/image\/\"},\"sameAs\":[\"https:\/\/www.facebook.com\/psol50\",\"https:\/\/x.com\/psol50\",\"https:\/\/www.instagram.com\/psol50\/\",\"https:\/\/www.youtube.com\/channel\/UC7SnJS5o1os7a6CaiNabzcg\"]},{\"@type\":\"Person\",\"@id\":\"https:\/\/psol50.org.br\/#\/schema\/person\/475dfa57d0b815993c714c2e96491fcd\",\"name\":\"Comunica\u00e7\u00e3o PSOL\",\"image\":{\"@type\":\"ImageObject\",\"inLanguage\":\"pt-BR\",\"@id\":\"https:\/\/psol50.org.br\/#\/schema\/person\/image\/\",\"url\":\"https:\/\/secure.gravatar.com\/avatar\/b34fc4f4e468a4e51785917065a3db57b841f5c95dba6ad8c73aaf8f66f8f9bf?s=96&d=mm&r=g\",\"contentUrl\":\"https:\/\/secure.gravatar.com\/avatar\/b34fc4f4e468a4e51785917065a3db57b841f5c95dba6ad8c73aaf8f66f8f9bf?s=96&d=mm&r=g\",\"caption\":\"Comunica\u00e7\u00e3o PSOL\"}}]}<\/script>\n<!-- \/ Yoast SEO plugin. -->","yoast_head_json":{"title":"12 de agosto: Dia Nacional de Mobiliza\u00e7\u00e3o do PSOL com Lula","description":"Milit\u00e2ncia do PSOL estar\u00e1 nas ruas do Brasil nesta sexta (12) para esquentar a campanha para eleger Lula presidente e a maior bancada parlamentar da hist\u00f3ria do partido.","robots":{"index":"index","follow":"follow","max-snippet":"max-snippet:-1","max-image-preview":"max-image-preview:large","max-video-preview":"max-video-preview:-1"},"canonical":"https:\/\/psol50.org.br\/12-de-agosto-dia-nacional-de-mobilizacao-do-psol-com-lula\/","og_locale":"pt_BR","og_type":"article","og_title":"12 de agosto: Dia Nacional de Mobiliza\u00e7\u00e3o do PSOL com Lula","og_description":"Milit\u00e2ncia do PSOL estar\u00e1 nas ruas do Brasil nesta sexta (12) para esquentar a campanha para eleger Lula presidente e a maior bancada parlamentar da hist\u00f3ria do partido.","og_url":"https:\/\/psol50.org.br\/12-de-agosto-dia-nacional-de-mobilizacao-do-psol-com-lula\/","og_site_name":"PSOL 50","article_publisher":"https:\/\/www.facebook.com\/psol50","article_published_time":"2022-08-08T18:37:32+00:00","article_modified_time":"2022-08-17T15:37:16+00:00","og_image":[{"width":1350,"height":900,"url":"https:\/\/psol50.org.br\/inc\/uploads\/2022\/04\/29-04-2022_PSOLcomLula_Thumb.png","type":"image\/png"}],"author":"Comunica\u00e7\u00e3o PSOL","twitter_card":"summary_large_image","twitter_creator":"@psol50","twitter_site":"@psol50","twitter_misc":{"Escrito por":"Comunica\u00e7\u00e3o PSOL","Est. tempo de leitura":"2 minutos"},"schema":{"@context":"https:\/\/schema.org","@graph":[{"@type":"Article","@id":"https:\/\/psol50.org.br\/12-de-agosto-dia-nacional-de-mobilizacao-do-psol-com-lula\/#article","isPartOf":{"@id":"https:\/\/psol50.org.br\/12-de-agosto-dia-nacional-de-mobilizacao-do-psol-com-lula\/"},"author":{"name":"Comunica\u00e7\u00e3o PSOL","@id":"https:\/\/psol50.org.br\/#\/schema\/person\/475dfa57d0b815993c714c2e96491fcd"},"headline":"12 de agosto: Dia Nacional de Mobiliza\u00e7\u00e3o do PSOL com Lula","datePublished":"2022-08-08T18:37:32+00:00","dateModified":"2022-08-17T15:37:16+00:00","mainEntityOfPage":{"@id":"https:\/\/psol50.org.br\/12-de-agosto-dia-nacional-de-mobilizacao-do-psol-com-lula\/"},"wordCount":314,"commentCount":0,"publisher":{"@id":"https:\/\/psol50.org.br\/#organization"},"image":{"@id":"https:\/\/psol50.org.br\/12-de-agosto-dia-nacional-de-mobilizacao-do-psol-com-lula\/#primaryimage"},"thumbnailUrl":"https:\/\/psol50.org.br\/inc\/uploads\/2022\/04\/29-04-2022_PSOLcomLula_Thumb.png","keywords":["Not\u00edcias"],"articleSection":["Brasil"],"inLanguage":"pt-BR","potentialAction":[{"@type":"CommentAction","name":"Comment","target":["https:\/\/psol50.org.br\/12-de-agosto-dia-nacional-de-mobilizacao-do-psol-com-lula\/#respond"]}]},{"@type":"WebPage","@id":"https:\/\/psol50.org.br\/12-de-agosto-dia-nacional-de-mobilizacao-do-psol-com-lula\/","url":"https:\/\/psol50.org.br\/12-de-agosto-dia-nacional-de-mobilizacao-do-psol-com-lula\/","name":"12 de agosto: Dia Nacional de Mobiliza\u00e7\u00e3o do PSOL com Lula","isPartOf":{"@id":"https:\/\/psol50.org.br\/#website"},"primaryImageOfPage":{"@id":"https:\/\/psol50.org.br\/12-de-agosto-dia-nacional-de-mobilizacao-do-psol-com-lula\/#primaryimage"},"image":{"@id":"https:\/\/psol50.org.br\/12-de-agosto-dia-nacional-de-mobilizacao-do-psol-com-lula\/#primaryimage"},"thumbnailUrl":"https:\/\/psol50.org.br\/inc\/uploads\/2022\/04\/29-04-2022_PSOLcomLula_Thumb.png","datePublished":"2022-08-08T18:37:32+00:00","dateModified":"2022-08-17T15:37:16+00:00","description":"Milit\u00e2ncia do PSOL estar\u00e1 nas ruas do Brasil nesta sexta (12) para esquentar a campanha para eleger Lula presidente e a maior bancada parlamentar da hist\u00f3ria do partido.","breadcrumb":{"@id":"https:\/\/psol50.org.br\/12-de-agosto-dia-nacional-de-mobilizacao-do-psol-com-lula\/#breadcrumb"},"inLanguage":"pt-BR","potentialAction":[{"@type":"ReadAction","target":["https:\/\/psol50.org.br\/12-de-agosto-dia-nacional-de-mobilizacao-do-psol-com-lula\/"]}]},{"@type":"ImageObject","inLanguage":"pt-BR","@id":"https:\/\/psol50.org.br\/12-de-agosto-dia-nacional-de-mobilizacao-do-psol-com-lula\/#primaryimage","url":"https:\/\/psol50.org.br\/inc\/uploads\/2022\/04\/29-04-2022_PSOLcomLula_Thumb.png","contentUrl":"https:\/\/psol50.org.br\/inc\/uploads\/2022\/04\/29-04-2022_PSOLcomLula_Thumb.png","width":1350,"height":900},{"@type":"BreadcrumbList","@id":"https:\/\/psol50.org.br\/12-de-agosto-dia-nacional-de-mobilizacao-do-psol-com-lula\/#breadcrumb","itemListElement":[{"@type":"ListItem","position":1,"name":"In\u00edcio","item":"https:\/\/psol50.org.br\/"},{"@type":"ListItem","position":2,"name":"12 de agosto: Dia Nacional de Mobiliza\u00e7\u00e3o do PSOL com Lula"}]},{"@type":"WebSite","@id":"https:\/\/psol50.org.br\/#website","url":"https:\/\/psol50.org.br\/","name":"PSOL 50","description":"Site oficial do Partido Socialismo e Liberdade","publisher":{"@id":"https:\/\/psol50.org.br\/#organization"},"alternateName":"PSOL50","potentialAction":[{"@type":"SearchAction","target":{"@type":"EntryPoint","urlTemplate":"https:\/\/psol50.org.br\/?s={search_term_string}"},"query-input":{"@type":"PropertyValueSpecification","valueRequired":true,"valueName":"search_term_string"}}],"inLanguage":"pt-BR"},{"@type":"Organization","@id":"https:\/\/psol50.org.br\/#organization","name":"PSOL 50","alternateName":"PSOL 50","url":"https:\/\/psol50.org.br\/","logo":{"@type":"ImageObject","inLanguage":"pt-BR","@id":"https:\/\/psol50.org.br\/#\/schema\/logo\/image\/","url":"https:\/\/psol50.org.br\/inc\/uploads\/2018\/07\/capa.png","contentUrl":"https:\/\/psol50.org.br\/inc\/uploads\/2018\/07\/capa.png","width":1350,"height":900,"caption":"PSOL 50"},"image":{"@id":"https:\/\/psol50.org.br\/#\/schema\/logo\/image\/"},"sameAs":["https:\/\/www.facebook.com\/psol50","https:\/\/x.com\/psol50","https:\/\/www.instagram.com\/psol50\/","https:\/\/www.youtube.com\/channel\/UC7SnJS5o1os7a6CaiNabzcg"]},{"@type":"Person","@id":"https:\/\/psol50.org.br\/#\/schema\/person\/475dfa57d0b815993c714c2e96491fcd","name":"Comunica\u00e7\u00e3o PSOL","image":{"@type":"ImageObject","inLanguage":"pt-BR","@id":"https:\/\/psol50.org.br\/#\/schema\/person\/image\/","url":"https:\/\/secure.gravatar.com\/avatar\/b34fc4f4e468a4e51785917065a3db57b841f5c95dba6ad8c73aaf8f66f8f9bf?s=96&d=mm&r=g","contentUrl":"https:\/\/secure.gravatar.com\/avatar\/b34fc4f4e468a4e51785917065a3db57b841f5c95dba6ad8c73aaf8f66f8f9bf?s=96&d=mm&r=g","caption":"Comunica\u00e7\u00e3o PSOL"}}]}},"_links":{"self":[{"href":"https:\/\/psol50.org.br\/rest\/wp\/v2\/posts\/36167","targetHints":{"allow":["GET"]}}],"collection":[{"href":"https:\/\/psol50.org.br\/rest\/wp\/v2\/posts"}],"about":[{"href":"https:\/\/psol50.org.br\/rest\/wp\/v2\/types\/post"}],"author":[{"embeddable":true,"href":"https:\/\/psol50.org.br\/rest\/wp\/v2\/users\/2"}],"replies":[{"embeddable":true,"href":"https:\/\/psol50.org.br\/rest\/wp\/v2\/comments?post=36167"}],"version-history":[{"count":3,"href":"https:\/\/psol50.org.br\/rest\/wp\/v2\/posts\/36167\/revisions"}],"predecessor-version":[{"id":36170,"href":"https:\/\/psol50.org.br\/rest\/wp\/v2\/posts\/36167\/revisions\/36170"}],"wp:featuredmedia":[{"embeddable":true,"href":"https:\/\/psol50.org.br\/rest\/wp\/v2\/media\/35691"}],"wp:attachment":[{"href":"https:\/\/psol50.org.br\/rest\/wp\/v2\/media?parent=36167"}],"wp:term":[{"taxonomy":"category","embeddable":true,"href":"https:\/\/psol50.org.br\/rest\/wp\/v2\/categories?post=36167"},{"taxonomy":"post_tag","embeddable":true,"href":"https:\/\/psol50.org.br\/rest\/wp\/v2\/tags?post=36167"}],"curies":[{"name":"wp","href":"https:\/\/api.w.org\/{rel}","templated":true}]}}