{"id":36274,"date":"2022-08-30T13:35:55","date_gmt":"2022-08-30T16:35:55","guid":{"rendered":"https:\/\/psol50.org.br\/?p=36274"},"modified":"2022-09-05T16:10:00","modified_gmt":"2022-09-05T19:10:00","slug":"psol-vai-convocar-diretor-geral-da-abin-na-camara-apos-interferencia-em-investigacao-do-filho-de-bolsonaro","status":"publish","type":"post","link":"https:\/\/psol50.org.br\/psol-vai-convocar-diretor-geral-da-abin-na-camara-apos-interferencia-em-investigacao-do-filho-de-bolsonaro\/","title":{"rendered":"PSOL vai convocar Diretor-Geral da Abin ap\u00f3s interfer\u00eancia em investiga\u00e7\u00e3o do filho de Bolsonaro"},"content":{"rendered":"<p>O deputado federal Ivan Valente (PSOL) anunciou nesta ter\u00e7a-feira (30) que vai pedir a convoca\u00e7\u00e3o do Diretor-Geral da Abin, Victor Felismino Carneiro, ap\u00f3s a revela\u00e7\u00e3o de que a Pol\u00edcia Federal afirmou em um relat\u00f3rio que a Ag\u00eancia Brasileira de Inteligencia (Abin) atrapalhou o andamento de uma investiga\u00e7\u00e3o envolvendo Jair Renan Bolsonaro, filho do presidente da Rep\u00fablica.<\/p>\n<p>A investiga\u00e7\u00e3o de crimes cometidos por Jair Renan, como tr\u00e1fico de influ\u00eancia, come\u00e7ou ap\u00f3s uma a\u00e7\u00e3o de Ivan Valente na Procuradoria-Geral da Rep\u00fablica (PGR), que autorizou o in\u00edcio das investiga\u00e7\u00f5es.<\/p>\n<blockquote class=\"twitter-tweet\" data-width=\"550\" data-dnt=\"true\">\n<p lang=\"pt\" dir=\"ltr\">ESC\u00c2NDALO! Abin atrapalhou investiga\u00e7\u00e3o contra Jair Renan Bolsonaro. Essa investiga\u00e7\u00e3o da PF teve origem numa a\u00e7\u00e3o do nosso mandato na PGR. Vamos acionar o Ramagen no MP e convocar o presidente da Abin na C\u00e2mara. Basta de aparelhamento do Estado para acobertar crimes da familicia<\/p>\n<p>&mdash; Ivan Valente 5050 (@IvanValente) <a href=\"https:\/\/twitter.com\/IvanValente\/status\/1564623728977264642?ref_src=twsrc%5Etfw\">August 30, 2022<\/a><\/p><\/blockquote>\n<p><script async src=\"https:\/\/platform.twitter.com\/widgets.js\" charset=\"utf-8\"><\/script><\/p>\n<p>A interven\u00e7\u00e3o da Abin, \u00e0 \u00e9poca comandada pelo amigo da fam\u00edlia presidencial Alexandre Ramagem, teria como objetivo &#8220;prevenir riscos \u00e0 imagem&#8221; de Bolsonaro. Ramagem abandonou o cargo em 31 de mar\u00e7o para se candidatar a deputado nas elei\u00e7\u00f5es deste ano. Ivan Valente acionar\u00e1 o Minist\u00e9rio P\u00fablico tamb\u00e9m contra o ex-diretor.<\/p>\n<p>O espi\u00e3o Luiz Felipe Barros Felix, agente da PF cedido \u00e0 Abin, afirmou que trabalhava na Abin vinculado diretamente a Alexandre Ramagem. Os dois trabalharam juntos durante a campanha presidencial que elegeu o Bolsonaro. O agente confirmou que recebeu a miss\u00e3o de um auxiliar do chefe do \u00f3rg\u00e3o de intelig\u00eancia.<\/p>\n","protected":false},"excerpt":{"rendered":"<p>O deputado federal Ivan Valente (PSOL) anunciou nesta ter\u00e7a-feira (30) que vai pedir a convoca\u00e7\u00e3o do Diretor-Geral da Abin, Victor Felismino Carneiro, ap\u00f3s a revela\u00e7\u00e3o de que a Pol\u00edcia Federal afirmou em um relat\u00f3rio que a Ag\u00eancia Brasileira de Inteligencia (Abin) atrapalhou o andamento de uma investiga\u00e7\u00e3o envolvendo Jair Renan Bolsonaro, filho do presidente da [&hellip;]<\/p>\n","protected":false},"author":2,"featured_media":31507,"comment_status":"open","ping_status":"open","sticky":false,"template":"","format":"standard","meta":{"_acf_changed":false,"footnotes":""},"categories":[10],"tags":[4825],"class_list":{"0":"post-36274","1":"post","2":"type-post","3":"status-publish","4":"format-standard","5":"has-post-thumbnail","7":"category-acao-parlamentares","8":"tag-noticias"},"acf":[],"yoast_head":"<!-- This site is optimized with the Yoast SEO plugin v26.5 - https:\/\/yoast.com\/wordpress\/plugins\/seo\/ -->\n<title>PSOL vai convocar Diretor-Geral da Abin ap\u00f3s interfer\u00eancia em investiga\u00e7\u00e3o do filho de Bolsonaro<\/title>\n<meta name=\"description\" content=\"Relat\u00f3rio da PF mostrou que \u00f3rg\u00e3o interferiu em investiga\u00e7\u00e3o, realizada ap\u00f3s a\u00e7\u00e3o do deputado Ivan Valente (PSOL), sobre Jair Renan Bolsonaro.\" \/>\n<meta name=\"robots\" content=\"index, follow, max-snippet:-1, max-image-preview:large, max-video-preview:-1\" \/>\n<link rel=\"canonical\" href=\"https:\/\/psol50.org.br\/psol-vai-convocar-diretor-geral-da-abin-na-camara-apos-interferencia-em-investigacao-do-filho-de-bolsonaro\/\" \/>\n<meta property=\"og:locale\" content=\"pt_BR\" \/>\n<meta property=\"og:type\" content=\"article\" \/>\n<meta property=\"og:title\" content=\"PSOL vai convocar Diretor-Geral da Abin ap\u00f3s interfer\u00eancia em investiga\u00e7\u00e3o do filho de Bolsonaro\" \/>\n<meta property=\"og:description\" content=\"Relat\u00f3rio da PF mostrou que \u00f3rg\u00e3o interferiu em investiga\u00e7\u00e3o, realizada ap\u00f3s a\u00e7\u00e3o do deputado Ivan Valente (PSOL), sobre Jair Renan Bolsonaro.\" \/>\n<meta property=\"og:url\" content=\"https:\/\/psol50.org.br\/psol-vai-convocar-diretor-geral-da-abin-na-camara-apos-interferencia-em-investigacao-do-filho-de-bolsonaro\/\" \/>\n<meta property=\"og:site_name\" content=\"PSOL 50\" \/>\n<meta property=\"article:publisher\" content=\"https:\/\/www.facebook.com\/psol50\" \/>\n<meta property=\"article:published_time\" content=\"2022-08-30T16:35:55+00:00\" \/>\n<meta property=\"article:modified_time\" content=\"2022-09-05T19:10:00+00:00\" \/>\n<meta property=\"og:image\" content=\"https:\/\/psol50.org.br\/inc\/uploads\/2020\/12\/jair-bolsonaro-e-o-filho-jair-renan-bolsonaro-1574364721179_v2_1920x1279.jpg\" \/>\n\t<meta property=\"og:image:width\" content=\"1920\" \/>\n\t<meta property=\"og:image:height\" content=\"1279\" \/>\n\t<meta property=\"og:image:type\" content=\"image\/jpeg\" \/>\n<meta name=\"author\" content=\"Comunica\u00e7\u00e3o PSOL\" \/>\n<meta name=\"twitter:card\" content=\"summary_large_image\" \/>\n<meta name=\"twitter:creator\" content=\"@psol50\" \/>\n<meta name=\"twitter:site\" content=\"@psol50\" \/>\n<meta name=\"twitter:label1\" content=\"Escrito por\" \/>\n\t<meta name=\"twitter:data1\" content=\"Comunica\u00e7\u00e3o PSOL\" \/>\n\t<meta name=\"twitter:label2\" content=\"Est. tempo de leitura\" \/>\n\t<meta name=\"twitter:data2\" content=\"1 minuto\" \/>\n<script type=\"application\/ld+json\" class=\"yoast-schema-graph\">{\"@context\":\"https:\/\/schema.org\",\"@graph\":[{\"@type\":\"Article\",\"@id\":\"https:\/\/psol50.org.br\/psol-vai-convocar-diretor-geral-da-abin-na-camara-apos-interferencia-em-investigacao-do-filho-de-bolsonaro\/#article\",\"isPartOf\":{\"@id\":\"https:\/\/psol50.org.br\/psol-vai-convocar-diretor-geral-da-abin-na-camara-apos-interferencia-em-investigacao-do-filho-de-bolsonaro\/\"},\"author\":{\"name\":\"Comunica\u00e7\u00e3o PSOL\",\"@id\":\"https:\/\/psol50.org.br\/#\/schema\/person\/475dfa57d0b815993c714c2e96491fcd\"},\"headline\":\"PSOL vai convocar Diretor-Geral da Abin ap\u00f3s interfer\u00eancia em investiga\u00e7\u00e3o do filho de Bolsonaro\",\"datePublished\":\"2022-08-30T16:35:55+00:00\",\"dateModified\":\"2022-09-05T19:10:00+00:00\",\"mainEntityOfPage\":{\"@id\":\"https:\/\/psol50.org.br\/psol-vai-convocar-diretor-geral-da-abin-na-camara-apos-interferencia-em-investigacao-do-filho-de-bolsonaro\/\"},\"wordCount\":232,\"commentCount\":0,\"publisher\":{\"@id\":\"https:\/\/psol50.org.br\/#organization\"},\"image\":{\"@id\":\"https:\/\/psol50.org.br\/psol-vai-convocar-diretor-geral-da-abin-na-camara-apos-interferencia-em-investigacao-do-filho-de-bolsonaro\/#primaryimage\"},\"thumbnailUrl\":\"https:\/\/psol50.org.br\/inc\/uploads\/2020\/12\/jair-bolsonaro-e-o-filho-jair-renan-bolsonaro-1574364721179_v2_1920x1279.jpg\",\"keywords\":[\"Not\u00edcias\"],\"articleSection\":[\"A\u00e7\u00e3o Parlamentar\"],\"inLanguage\":\"pt-BR\",\"potentialAction\":[{\"@type\":\"CommentAction\",\"name\":\"Comment\",\"target\":[\"https:\/\/psol50.org.br\/psol-vai-convocar-diretor-geral-da-abin-na-camara-apos-interferencia-em-investigacao-do-filho-de-bolsonaro\/#respond\"]}]},{\"@type\":\"WebPage\",\"@id\":\"https:\/\/psol50.org.br\/psol-vai-convocar-diretor-geral-da-abin-na-camara-apos-interferencia-em-investigacao-do-filho-de-bolsonaro\/\",\"url\":\"https:\/\/psol50.org.br\/psol-vai-convocar-diretor-geral-da-abin-na-camara-apos-interferencia-em-investigacao-do-filho-de-bolsonaro\/\",\"name\":\"PSOL vai convocar Diretor-Geral da Abin ap\u00f3s interfer\u00eancia em investiga\u00e7\u00e3o do filho de Bolsonaro\",\"isPartOf\":{\"@id\":\"https:\/\/psol50.org.br\/#website\"},\"primaryImageOfPage\":{\"@id\":\"https:\/\/psol50.org.br\/psol-vai-convocar-diretor-geral-da-abin-na-camara-apos-interferencia-em-investigacao-do-filho-de-bolsonaro\/#primaryimage\"},\"image\":{\"@id\":\"https:\/\/psol50.org.br\/psol-vai-convocar-diretor-geral-da-abin-na-camara-apos-interferencia-em-investigacao-do-filho-de-bolsonaro\/#primaryimage\"},\"thumbnailUrl\":\"https:\/\/psol50.org.br\/inc\/uploads\/2020\/12\/jair-bolsonaro-e-o-filho-jair-renan-bolsonaro-1574364721179_v2_1920x1279.jpg\",\"datePublished\":\"2022-08-30T16:35:55+00:00\",\"dateModified\":\"2022-09-05T19:10:00+00:00\",\"description\":\"Relat\u00f3rio da PF mostrou que \u00f3rg\u00e3o interferiu em investiga\u00e7\u00e3o, realizada ap\u00f3s a\u00e7\u00e3o do deputado Ivan Valente (PSOL), sobre Jair Renan Bolsonaro.\",\"breadcrumb\":{\"@id\":\"https:\/\/psol50.org.br\/psol-vai-convocar-diretor-geral-da-abin-na-camara-apos-interferencia-em-investigacao-do-filho-de-bolsonaro\/#breadcrumb\"},\"inLanguage\":\"pt-BR\",\"potentialAction\":[{\"@type\":\"ReadAction\",\"target\":[\"https:\/\/psol50.org.br\/psol-vai-convocar-diretor-geral-da-abin-na-camara-apos-interferencia-em-investigacao-do-filho-de-bolsonaro\/\"]}]},{\"@type\":\"ImageObject\",\"inLanguage\":\"pt-BR\",\"@id\":\"https:\/\/psol50.org.br\/psol-vai-convocar-diretor-geral-da-abin-na-camara-apos-interferencia-em-investigacao-do-filho-de-bolsonaro\/#primaryimage\",\"url\":\"https:\/\/psol50.org.br\/inc\/uploads\/2020\/12\/jair-bolsonaro-e-o-filho-jair-renan-bolsonaro-1574364721179_v2_1920x1279.jpg\",\"contentUrl\":\"https:\/\/psol50.org.br\/inc\/uploads\/2020\/12\/jair-bolsonaro-e-o-filho-jair-renan-bolsonaro-1574364721179_v2_1920x1279.jpg\",\"width\":1920,\"height\":1279},{\"@type\":\"BreadcrumbList\",\"@id\":\"https:\/\/psol50.org.br\/psol-vai-convocar-diretor-geral-da-abin-na-camara-apos-interferencia-em-investigacao-do-filho-de-bolsonaro\/#breadcrumb\",\"itemListElement\":[{\"@type\":\"ListItem\",\"position\":1,\"name\":\"In\u00edcio\",\"item\":\"https:\/\/psol50.org.br\/\"},{\"@type\":\"ListItem\",\"position\":2,\"name\":\"PSOL vai convocar Diretor-Geral da Abin ap\u00f3s interfer\u00eancia em investiga\u00e7\u00e3o do filho de Bolsonaro\"}]},{\"@type\":\"WebSite\",\"@id\":\"https:\/\/psol50.org.br\/#website\",\"url\":\"https:\/\/psol50.org.br\/\",\"name\":\"PSOL 50\",\"description\":\"Site oficial do Partido Socialismo e Liberdade\",\"publisher\":{\"@id\":\"https:\/\/psol50.org.br\/#organization\"},\"alternateName\":\"PSOL50\",\"potentialAction\":[{\"@type\":\"SearchAction\",\"target\":{\"@type\":\"EntryPoint\",\"urlTemplate\":\"https:\/\/psol50.org.br\/?s={search_term_string}\"},\"query-input\":{\"@type\":\"PropertyValueSpecification\",\"valueRequired\":true,\"valueName\":\"search_term_string\"}}],\"inLanguage\":\"pt-BR\"},{\"@type\":\"Organization\",\"@id\":\"https:\/\/psol50.org.br\/#organization\",\"name\":\"PSOL 50\",\"alternateName\":\"PSOL 50\",\"url\":\"https:\/\/psol50.org.br\/\",\"logo\":{\"@type\":\"ImageObject\",\"inLanguage\":\"pt-BR\",\"@id\":\"https:\/\/psol50.org.br\/#\/schema\/logo\/image\/\",\"url\":\"https:\/\/psol50.org.br\/inc\/uploads\/2018\/07\/capa.png\",\"contentUrl\":\"https:\/\/psol50.org.br\/inc\/uploads\/2018\/07\/capa.png\",\"width\":1350,\"height\":900,\"caption\":\"PSOL 50\"},\"image\":{\"@id\":\"https:\/\/psol50.org.br\/#\/schema\/logo\/image\/\"},\"sameAs\":[\"https:\/\/www.facebook.com\/psol50\",\"https:\/\/x.com\/psol50\",\"https:\/\/www.instagram.com\/psol50\/\",\"https:\/\/www.youtube.com\/channel\/UC7SnJS5o1os7a6CaiNabzcg\"]},{\"@type\":\"Person\",\"@id\":\"https:\/\/psol50.org.br\/#\/schema\/person\/475dfa57d0b815993c714c2e96491fcd\",\"name\":\"Comunica\u00e7\u00e3o PSOL\",\"image\":{\"@type\":\"ImageObject\",\"inLanguage\":\"pt-BR\",\"@id\":\"https:\/\/psol50.org.br\/#\/schema\/person\/image\/\",\"url\":\"https:\/\/secure.gravatar.com\/avatar\/b34fc4f4e468a4e51785917065a3db57b841f5c95dba6ad8c73aaf8f66f8f9bf?s=96&d=mm&r=g\",\"contentUrl\":\"https:\/\/secure.gravatar.com\/avatar\/b34fc4f4e468a4e51785917065a3db57b841f5c95dba6ad8c73aaf8f66f8f9bf?s=96&d=mm&r=g\",\"caption\":\"Comunica\u00e7\u00e3o PSOL\"}}]}<\/script>\n<!-- \/ Yoast SEO plugin. -->","yoast_head_json":{"title":"PSOL vai convocar Diretor-Geral da Abin ap\u00f3s interfer\u00eancia em investiga\u00e7\u00e3o do filho de Bolsonaro","description":"Relat\u00f3rio da PF mostrou que \u00f3rg\u00e3o interferiu em investiga\u00e7\u00e3o, realizada ap\u00f3s a\u00e7\u00e3o do deputado Ivan Valente (PSOL), sobre Jair Renan Bolsonaro.","robots":{"index":"index","follow":"follow","max-snippet":"max-snippet:-1","max-image-preview":"max-image-preview:large","max-video-preview":"max-video-preview:-1"},"canonical":"https:\/\/psol50.org.br\/psol-vai-convocar-diretor-geral-da-abin-na-camara-apos-interferencia-em-investigacao-do-filho-de-bolsonaro\/","og_locale":"pt_BR","og_type":"article","og_title":"PSOL vai convocar Diretor-Geral da Abin ap\u00f3s interfer\u00eancia em investiga\u00e7\u00e3o do filho de Bolsonaro","og_description":"Relat\u00f3rio da PF mostrou que \u00f3rg\u00e3o interferiu em investiga\u00e7\u00e3o, realizada ap\u00f3s a\u00e7\u00e3o do deputado Ivan Valente (PSOL), sobre Jair Renan Bolsonaro.","og_url":"https:\/\/psol50.org.br\/psol-vai-convocar-diretor-geral-da-abin-na-camara-apos-interferencia-em-investigacao-do-filho-de-bolsonaro\/","og_site_name":"PSOL 50","article_publisher":"https:\/\/www.facebook.com\/psol50","article_published_time":"2022-08-30T16:35:55+00:00","article_modified_time":"2022-09-05T19:10:00+00:00","og_image":[{"width":1920,"height":1279,"url":"https:\/\/psol50.org.br\/inc\/uploads\/2020\/12\/jair-bolsonaro-e-o-filho-jair-renan-bolsonaro-1574364721179_v2_1920x1279.jpg","type":"image\/jpeg"}],"author":"Comunica\u00e7\u00e3o PSOL","twitter_card":"summary_large_image","twitter_creator":"@psol50","twitter_site":"@psol50","twitter_misc":{"Escrito por":"Comunica\u00e7\u00e3o PSOL","Est. tempo de leitura":"1 minuto"},"schema":{"@context":"https:\/\/schema.org","@graph":[{"@type":"Article","@id":"https:\/\/psol50.org.br\/psol-vai-convocar-diretor-geral-da-abin-na-camara-apos-interferencia-em-investigacao-do-filho-de-bolsonaro\/#article","isPartOf":{"@id":"https:\/\/psol50.org.br\/psol-vai-convocar-diretor-geral-da-abin-na-camara-apos-interferencia-em-investigacao-do-filho-de-bolsonaro\/"},"author":{"name":"Comunica\u00e7\u00e3o PSOL","@id":"https:\/\/psol50.org.br\/#\/schema\/person\/475dfa57d0b815993c714c2e96491fcd"},"headline":"PSOL vai convocar Diretor-Geral da Abin ap\u00f3s interfer\u00eancia em investiga\u00e7\u00e3o do filho de Bolsonaro","datePublished":"2022-08-30T16:35:55+00:00","dateModified":"2022-09-05T19:10:00+00:00","mainEntityOfPage":{"@id":"https:\/\/psol50.org.br\/psol-vai-convocar-diretor-geral-da-abin-na-camara-apos-interferencia-em-investigacao-do-filho-de-bolsonaro\/"},"wordCount":232,"commentCount":0,"publisher":{"@id":"https:\/\/psol50.org.br\/#organization"},"image":{"@id":"https:\/\/psol50.org.br\/psol-vai-convocar-diretor-geral-da-abin-na-camara-apos-interferencia-em-investigacao-do-filho-de-bolsonaro\/#primaryimage"},"thumbnailUrl":"https:\/\/psol50.org.br\/inc\/uploads\/2020\/12\/jair-bolsonaro-e-o-filho-jair-renan-bolsonaro-1574364721179_v2_1920x1279.jpg","keywords":["Not\u00edcias"],"articleSection":["A\u00e7\u00e3o Parlamentar"],"inLanguage":"pt-BR","potentialAction":[{"@type":"CommentAction","name":"Comment","target":["https:\/\/psol50.org.br\/psol-vai-convocar-diretor-geral-da-abin-na-camara-apos-interferencia-em-investigacao-do-filho-de-bolsonaro\/#respond"]}]},{"@type":"WebPage","@id":"https:\/\/psol50.org.br\/psol-vai-convocar-diretor-geral-da-abin-na-camara-apos-interferencia-em-investigacao-do-filho-de-bolsonaro\/","url":"https:\/\/psol50.org.br\/psol-vai-convocar-diretor-geral-da-abin-na-camara-apos-interferencia-em-investigacao-do-filho-de-bolsonaro\/","name":"PSOL vai convocar Diretor-Geral da Abin ap\u00f3s interfer\u00eancia em investiga\u00e7\u00e3o do filho de Bolsonaro","isPartOf":{"@id":"https:\/\/psol50.org.br\/#website"},"primaryImageOfPage":{"@id":"https:\/\/psol50.org.br\/psol-vai-convocar-diretor-geral-da-abin-na-camara-apos-interferencia-em-investigacao-do-filho-de-bolsonaro\/#primaryimage"},"image":{"@id":"https:\/\/psol50.org.br\/psol-vai-convocar-diretor-geral-da-abin-na-camara-apos-interferencia-em-investigacao-do-filho-de-bolsonaro\/#primaryimage"},"thumbnailUrl":"https:\/\/psol50.org.br\/inc\/uploads\/2020\/12\/jair-bolsonaro-e-o-filho-jair-renan-bolsonaro-1574364721179_v2_1920x1279.jpg","datePublished":"2022-08-30T16:35:55+00:00","dateModified":"2022-09-05T19:10:00+00:00","description":"Relat\u00f3rio da PF mostrou que \u00f3rg\u00e3o interferiu em investiga\u00e7\u00e3o, realizada ap\u00f3s a\u00e7\u00e3o do deputado Ivan Valente (PSOL), sobre Jair Renan Bolsonaro.","breadcrumb":{"@id":"https:\/\/psol50.org.br\/psol-vai-convocar-diretor-geral-da-abin-na-camara-apos-interferencia-em-investigacao-do-filho-de-bolsonaro\/#breadcrumb"},"inLanguage":"pt-BR","potentialAction":[{"@type":"ReadAction","target":["https:\/\/psol50.org.br\/psol-vai-convocar-diretor-geral-da-abin-na-camara-apos-interferencia-em-investigacao-do-filho-de-bolsonaro\/"]}]},{"@type":"ImageObject","inLanguage":"pt-BR","@id":"https:\/\/psol50.org.br\/psol-vai-convocar-diretor-geral-da-abin-na-camara-apos-interferencia-em-investigacao-do-filho-de-bolsonaro\/#primaryimage","url":"https:\/\/psol50.org.br\/inc\/uploads\/2020\/12\/jair-bolsonaro-e-o-filho-jair-renan-bolsonaro-1574364721179_v2_1920x1279.jpg","contentUrl":"https:\/\/psol50.org.br\/inc\/uploads\/2020\/12\/jair-bolsonaro-e-o-filho-jair-renan-bolsonaro-1574364721179_v2_1920x1279.jpg","width":1920,"height":1279},{"@type":"BreadcrumbList","@id":"https:\/\/psol50.org.br\/psol-vai-convocar-diretor-geral-da-abin-na-camara-apos-interferencia-em-investigacao-do-filho-de-bolsonaro\/#breadcrumb","itemListElement":[{"@type":"ListItem","position":1,"name":"In\u00edcio","item":"https:\/\/psol50.org.br\/"},{"@type":"ListItem","position":2,"name":"PSOL vai convocar Diretor-Geral da Abin ap\u00f3s interfer\u00eancia em investiga\u00e7\u00e3o do filho de Bolsonaro"}]},{"@type":"WebSite","@id":"https:\/\/psol50.org.br\/#website","url":"https:\/\/psol50.org.br\/","name":"PSOL 50","description":"Site oficial do Partido Socialismo e Liberdade","publisher":{"@id":"https:\/\/psol50.org.br\/#organization"},"alternateName":"PSOL50","potentialAction":[{"@type":"SearchAction","target":{"@type":"EntryPoint","urlTemplate":"https:\/\/psol50.org.br\/?s={search_term_string}"},"query-input":{"@type":"PropertyValueSpecification","valueRequired":true,"valueName":"search_term_string"}}],"inLanguage":"pt-BR"},{"@type":"Organization","@id":"https:\/\/psol50.org.br\/#organization","name":"PSOL 50","alternateName":"PSOL 50","url":"https:\/\/psol50.org.br\/","logo":{"@type":"ImageObject","inLanguage":"pt-BR","@id":"https:\/\/psol50.org.br\/#\/schema\/logo\/image\/","url":"https:\/\/psol50.org.br\/inc\/uploads\/2018\/07\/capa.png","contentUrl":"https:\/\/psol50.org.br\/inc\/uploads\/2018\/07\/capa.png","width":1350,"height":900,"caption":"PSOL 50"},"image":{"@id":"https:\/\/psol50.org.br\/#\/schema\/logo\/image\/"},"sameAs":["https:\/\/www.facebook.com\/psol50","https:\/\/x.com\/psol50","https:\/\/www.instagram.com\/psol50\/","https:\/\/www.youtube.com\/channel\/UC7SnJS5o1os7a6CaiNabzcg"]},{"@type":"Person","@id":"https:\/\/psol50.org.br\/#\/schema\/person\/475dfa57d0b815993c714c2e96491fcd","name":"Comunica\u00e7\u00e3o PSOL","image":{"@type":"ImageObject","inLanguage":"pt-BR","@id":"https:\/\/psol50.org.br\/#\/schema\/person\/image\/","url":"https:\/\/secure.gravatar.com\/avatar\/b34fc4f4e468a4e51785917065a3db57b841f5c95dba6ad8c73aaf8f66f8f9bf?s=96&d=mm&r=g","contentUrl":"https:\/\/secure.gravatar.com\/avatar\/b34fc4f4e468a4e51785917065a3db57b841f5c95dba6ad8c73aaf8f66f8f9bf?s=96&d=mm&r=g","caption":"Comunica\u00e7\u00e3o PSOL"}}]}},"_links":{"self":[{"href":"https:\/\/psol50.org.br\/rest\/wp\/v2\/posts\/36274","targetHints":{"allow":["GET"]}}],"collection":[{"href":"https:\/\/psol50.org.br\/rest\/wp\/v2\/posts"}],"about":[{"href":"https:\/\/psol50.org.br\/rest\/wp\/v2\/types\/post"}],"author":[{"embeddable":true,"href":"https:\/\/psol50.org.br\/rest\/wp\/v2\/users\/2"}],"replies":[{"embeddable":true,"href":"https:\/\/psol50.org.br\/rest\/wp\/v2\/comments?post=36274"}],"version-history":[{"count":3,"href":"https:\/\/psol50.org.br\/rest\/wp\/v2\/posts\/36274\/revisions"}],"predecessor-version":[{"id":36278,"href":"https:\/\/psol50.org.br\/rest\/wp\/v2\/posts\/36274\/revisions\/36278"}],"wp:featuredmedia":[{"embeddable":true,"href":"https:\/\/psol50.org.br\/rest\/wp\/v2\/media\/31507"}],"wp:attachment":[{"href":"https:\/\/psol50.org.br\/rest\/wp\/v2\/media?parent=36274"}],"wp:term":[{"taxonomy":"category","embeddable":true,"href":"https:\/\/psol50.org.br\/rest\/wp\/v2\/categories?post=36274"},{"taxonomy":"post_tag","embeddable":true,"href":"https:\/\/psol50.org.br\/rest\/wp\/v2\/tags?post=36274"}],"curies":[{"name":"wp","href":"https:\/\/api.w.org\/{rel}","templated":true}]}}