{"id":36282,"date":"2022-08-30T17:06:39","date_gmt":"2022-08-30T20:06:39","guid":{"rendered":"https:\/\/psol50.org.br\/?p=36282"},"modified":"2022-08-30T17:06:39","modified_gmt":"2022-08-30T20:06:39","slug":"psol-pede-convocacao-de-chanceler-a-camara-apos-mentiras-de-bolsonaro-sobre-presidente-do-chile","status":"publish","type":"post","link":"https:\/\/psol50.org.br\/psol-pede-convocacao-de-chanceler-a-camara-apos-mentiras-de-bolsonaro-sobre-presidente-do-chile\/","title":{"rendered":"PSOL pede convoca\u00e7\u00e3o de chanceler \u00e0 C\u00e2mara ap\u00f3s mentiras de Bolsonaro sobre presidente do Chile"},"content":{"rendered":"<p>A bancada do PSOL pediu na C\u00e2mara, nesta ter\u00e7a-feira (30), a convoca\u00e7\u00e3o do Ministro das Rela\u00e7\u00f5es Exteriores, Carlos Alberto Fran\u00e7a, para que ele preste explica\u00e7\u00f5es sobre os impactos na diplomacia brasileira das declara\u00e7\u00f5es de Jair Bolsonaro com mentiras sobre o presidente do Chile, Gabriel Boric, no debate presidencial do \u00faltimo domingo.<\/p>\n<p>Na \u00faltima segunda (29) o pa\u00eds vizinho convocou seu embaixador do Brasil em retalia\u00e7\u00e3o \u00e0s declara\u00e7\u00f5es mentirosas de Bolsonaro, que disse que Gabriel Boric &#8220;praticava atos de tocar fogo em metr\u00f4s&#8221;, em uma evidente mentira para tentar deslegitimar a trajet\u00f3ria militante e ativista do atual presidente do Chile.<\/p>\n<p>&#8220;Consideramos essas acusa\u00e7\u00f5es (de Bolsonaro) grav\u00edssimas. Obviamente\u00a0<span class=\"highlight highlighted\">s\u00e3o absolutamente falsas<\/span> e lamentamos que em um contexto eleitoral as rela\u00e7\u00f5es bilaterais sejam aproveitadas e polarizadas por meio da desinforma\u00e7\u00e3o e das not\u00edcias falsas&#8221;, disse a ministra das Rela\u00e7\u00f5es Exteriores do Chile, Antonia Urrejola, sobre as declara\u00e7\u00f5es de Bolsonaro.<\/p>\n<p>\u201cO fato \u00e9 totalmente inaceit\u00e1vel e n\u00e3o possui precedente na hist\u00f3ria da Rep\u00fablica. Al\u00e9m de envergonhar a tradi\u00e7\u00e3o diplom\u00e1tica brasileira e apequenar a pol\u00edtica externa de nosso pa\u00eds, os ataques de Bolsonaro a um presidente democraticamente eleito viola os princ\u00edpios da autodetermina\u00e7\u00e3o dos povos, da n\u00e3o-interven\u00e7\u00e3o e da igualdade entre os Estados, os quais devem reger nossas rela\u00e7\u00f5es internacionais\u201d, destaca o documento apresentado pelo PSOL no parlamento brasileiro.<\/p>\n<p>\u201cTrata-se de um modus operandi articulado pela extrema-direita no Brasil: destruir reputa\u00e7\u00f5es e criar instabilidade pol\u00edtica atrav\u00e9s de fake news. No caso em an\u00e1lise, a not\u00edcia \u2013 completamente falsa \u2013 foi mais uma forma encontrada pelo presidente Jair Bolsonaro para de disseminar mentiras para tentar conturbar o processo eleitoral\u201d, conclui o partido.<\/p>\n","protected":false},"excerpt":{"rendered":"<p>A bancada do PSOL pediu na C\u00e2mara, nesta ter\u00e7a-feira (30), a convoca\u00e7\u00e3o do Ministro das Rela\u00e7\u00f5es Exteriores, Carlos Alberto Fran\u00e7a, para que ele preste explica\u00e7\u00f5es sobre os impactos na diplomacia brasileira das declara\u00e7\u00f5es de Jair Bolsonaro com mentiras sobre o presidente do Chile, Gabriel Boric, no debate presidencial do \u00faltimo domingo. Na \u00faltima segunda (29) [&hellip;]<\/p>\n","protected":false},"author":2,"featured_media":34947,"comment_status":"open","ping_status":"open","sticky":false,"template":"","format":"standard","meta":{"_acf_changed":false,"footnotes":""},"categories":[10],"tags":[4825],"class_list":{"0":"post-36282","1":"post","2":"type-post","3":"status-publish","4":"format-standard","5":"has-post-thumbnail","7":"category-acao-parlamentares","8":"tag-noticias"},"acf":[],"yoast_head":"<!-- This site is optimized with the Yoast SEO plugin v26.5 - https:\/\/yoast.com\/wordpress\/plugins\/seo\/ -->\n<title>PSOL pede convoca\u00e7\u00e3o de chanceler \u00e0 C\u00e2mara ap\u00f3s mentiras de Bolsonaro sobre presidente do Chile<\/title>\n<meta name=\"description\" content=\"Ministro das Rela\u00e7\u00f5es Exteriores, Carlos Alberto Fran\u00e7a, precisa dar explica\u00e7\u00f5es ap\u00f3s Bolsonaro atacar Gabriel Boric no debate presidencial.\" \/>\n<meta name=\"robots\" content=\"index, follow, max-snippet:-1, max-image-preview:large, max-video-preview:-1\" \/>\n<link rel=\"canonical\" href=\"https:\/\/psol50.org.br\/psol-pede-convocacao-de-chanceler-a-camara-apos-mentiras-de-bolsonaro-sobre-presidente-do-chile\/\" \/>\n<meta property=\"og:locale\" content=\"pt_BR\" \/>\n<meta property=\"og:type\" content=\"article\" \/>\n<meta property=\"og:title\" content=\"PSOL pede convoca\u00e7\u00e3o de chanceler \u00e0 C\u00e2mara ap\u00f3s mentiras de Bolsonaro sobre presidente do Chile\" \/>\n<meta property=\"og:description\" content=\"Ministro das Rela\u00e7\u00f5es Exteriores, Carlos Alberto Fran\u00e7a, precisa dar explica\u00e7\u00f5es ap\u00f3s Bolsonaro atacar Gabriel Boric no debate presidencial.\" \/>\n<meta property=\"og:url\" content=\"https:\/\/psol50.org.br\/psol-pede-convocacao-de-chanceler-a-camara-apos-mentiras-de-bolsonaro-sobre-presidente-do-chile\/\" \/>\n<meta property=\"og:site_name\" content=\"PSOL 50\" \/>\n<meta property=\"article:publisher\" content=\"https:\/\/www.facebook.com\/psol50\" \/>\n<meta property=\"article:published_time\" content=\"2022-08-30T20:06:39+00:00\" \/>\n<meta property=\"og:image\" content=\"https:\/\/psol50.org.br\/inc\/uploads\/2021\/12\/8E6F75E52246522280D37C38762A7E022BFE37EE9677B227D3AD6801DF35F0DC.jpg\" \/>\n\t<meta property=\"og:image:width\" content=\"1265\" \/>\n\t<meta property=\"og:image:height\" content=\"760\" \/>\n\t<meta property=\"og:image:type\" content=\"image\/jpeg\" \/>\n<meta name=\"author\" content=\"Comunica\u00e7\u00e3o PSOL\" \/>\n<meta name=\"twitter:card\" content=\"summary_large_image\" \/>\n<meta name=\"twitter:creator\" content=\"@psol50\" \/>\n<meta name=\"twitter:site\" content=\"@psol50\" \/>\n<meta name=\"twitter:label1\" content=\"Escrito por\" \/>\n\t<meta name=\"twitter:data1\" content=\"Comunica\u00e7\u00e3o PSOL\" \/>\n\t<meta name=\"twitter:label2\" content=\"Est. tempo de leitura\" \/>\n\t<meta name=\"twitter:data2\" content=\"2 minutos\" \/>\n<script type=\"application\/ld+json\" class=\"yoast-schema-graph\">{\"@context\":\"https:\/\/schema.org\",\"@graph\":[{\"@type\":\"Article\",\"@id\":\"https:\/\/psol50.org.br\/psol-pede-convocacao-de-chanceler-a-camara-apos-mentiras-de-bolsonaro-sobre-presidente-do-chile\/#article\",\"isPartOf\":{\"@id\":\"https:\/\/psol50.org.br\/psol-pede-convocacao-de-chanceler-a-camara-apos-mentiras-de-bolsonaro-sobre-presidente-do-chile\/\"},\"author\":{\"name\":\"Comunica\u00e7\u00e3o PSOL\",\"@id\":\"https:\/\/psol50.org.br\/#\/schema\/person\/475dfa57d0b815993c714c2e96491fcd\"},\"headline\":\"PSOL pede convoca\u00e7\u00e3o de chanceler \u00e0 C\u00e2mara ap\u00f3s mentiras de Bolsonaro sobre presidente do Chile\",\"datePublished\":\"2022-08-30T20:06:39+00:00\",\"mainEntityOfPage\":{\"@id\":\"https:\/\/psol50.org.br\/psol-pede-convocacao-de-chanceler-a-camara-apos-mentiras-de-bolsonaro-sobre-presidente-do-chile\/\"},\"wordCount\":317,\"commentCount\":0,\"publisher\":{\"@id\":\"https:\/\/psol50.org.br\/#organization\"},\"image\":{\"@id\":\"https:\/\/psol50.org.br\/psol-pede-convocacao-de-chanceler-a-camara-apos-mentiras-de-bolsonaro-sobre-presidente-do-chile\/#primaryimage\"},\"thumbnailUrl\":\"https:\/\/psol50.org.br\/inc\/uploads\/2021\/12\/8E6F75E52246522280D37C38762A7E022BFE37EE9677B227D3AD6801DF35F0DC.jpg\",\"keywords\":[\"Not\u00edcias\"],\"articleSection\":[\"A\u00e7\u00e3o Parlamentar\"],\"inLanguage\":\"pt-BR\",\"potentialAction\":[{\"@type\":\"CommentAction\",\"name\":\"Comment\",\"target\":[\"https:\/\/psol50.org.br\/psol-pede-convocacao-de-chanceler-a-camara-apos-mentiras-de-bolsonaro-sobre-presidente-do-chile\/#respond\"]}]},{\"@type\":\"WebPage\",\"@id\":\"https:\/\/psol50.org.br\/psol-pede-convocacao-de-chanceler-a-camara-apos-mentiras-de-bolsonaro-sobre-presidente-do-chile\/\",\"url\":\"https:\/\/psol50.org.br\/psol-pede-convocacao-de-chanceler-a-camara-apos-mentiras-de-bolsonaro-sobre-presidente-do-chile\/\",\"name\":\"PSOL pede convoca\u00e7\u00e3o de chanceler \u00e0 C\u00e2mara ap\u00f3s mentiras de Bolsonaro sobre presidente do Chile\",\"isPartOf\":{\"@id\":\"https:\/\/psol50.org.br\/#website\"},\"primaryImageOfPage\":{\"@id\":\"https:\/\/psol50.org.br\/psol-pede-convocacao-de-chanceler-a-camara-apos-mentiras-de-bolsonaro-sobre-presidente-do-chile\/#primaryimage\"},\"image\":{\"@id\":\"https:\/\/psol50.org.br\/psol-pede-convocacao-de-chanceler-a-camara-apos-mentiras-de-bolsonaro-sobre-presidente-do-chile\/#primaryimage\"},\"thumbnailUrl\":\"https:\/\/psol50.org.br\/inc\/uploads\/2021\/12\/8E6F75E52246522280D37C38762A7E022BFE37EE9677B227D3AD6801DF35F0DC.jpg\",\"datePublished\":\"2022-08-30T20:06:39+00:00\",\"description\":\"Ministro das Rela\u00e7\u00f5es Exteriores, Carlos Alberto Fran\u00e7a, precisa dar explica\u00e7\u00f5es ap\u00f3s Bolsonaro atacar Gabriel Boric no debate presidencial.\",\"breadcrumb\":{\"@id\":\"https:\/\/psol50.org.br\/psol-pede-convocacao-de-chanceler-a-camara-apos-mentiras-de-bolsonaro-sobre-presidente-do-chile\/#breadcrumb\"},\"inLanguage\":\"pt-BR\",\"potentialAction\":[{\"@type\":\"ReadAction\",\"target\":[\"https:\/\/psol50.org.br\/psol-pede-convocacao-de-chanceler-a-camara-apos-mentiras-de-bolsonaro-sobre-presidente-do-chile\/\"]}]},{\"@type\":\"ImageObject\",\"inLanguage\":\"pt-BR\",\"@id\":\"https:\/\/psol50.org.br\/psol-pede-convocacao-de-chanceler-a-camara-apos-mentiras-de-bolsonaro-sobre-presidente-do-chile\/#primaryimage\",\"url\":\"https:\/\/psol50.org.br\/inc\/uploads\/2021\/12\/8E6F75E52246522280D37C38762A7E022BFE37EE9677B227D3AD6801DF35F0DC.jpg\",\"contentUrl\":\"https:\/\/psol50.org.br\/inc\/uploads\/2021\/12\/8E6F75E52246522280D37C38762A7E022BFE37EE9677B227D3AD6801DF35F0DC.jpg\",\"width\":1265,\"height\":760},{\"@type\":\"BreadcrumbList\",\"@id\":\"https:\/\/psol50.org.br\/psol-pede-convocacao-de-chanceler-a-camara-apos-mentiras-de-bolsonaro-sobre-presidente-do-chile\/#breadcrumb\",\"itemListElement\":[{\"@type\":\"ListItem\",\"position\":1,\"name\":\"In\u00edcio\",\"item\":\"https:\/\/psol50.org.br\/\"},{\"@type\":\"ListItem\",\"position\":2,\"name\":\"PSOL pede convoca\u00e7\u00e3o de chanceler \u00e0 C\u00e2mara ap\u00f3s mentiras de Bolsonaro sobre presidente do Chile\"}]},{\"@type\":\"WebSite\",\"@id\":\"https:\/\/psol50.org.br\/#website\",\"url\":\"https:\/\/psol50.org.br\/\",\"name\":\"PSOL 50\",\"description\":\"Site oficial do Partido Socialismo e Liberdade\",\"publisher\":{\"@id\":\"https:\/\/psol50.org.br\/#organization\"},\"alternateName\":\"PSOL50\",\"potentialAction\":[{\"@type\":\"SearchAction\",\"target\":{\"@type\":\"EntryPoint\",\"urlTemplate\":\"https:\/\/psol50.org.br\/?s={search_term_string}\"},\"query-input\":{\"@type\":\"PropertyValueSpecification\",\"valueRequired\":true,\"valueName\":\"search_term_string\"}}],\"inLanguage\":\"pt-BR\"},{\"@type\":\"Organization\",\"@id\":\"https:\/\/psol50.org.br\/#organization\",\"name\":\"PSOL 50\",\"alternateName\":\"PSOL 50\",\"url\":\"https:\/\/psol50.org.br\/\",\"logo\":{\"@type\":\"ImageObject\",\"inLanguage\":\"pt-BR\",\"@id\":\"https:\/\/psol50.org.br\/#\/schema\/logo\/image\/\",\"url\":\"https:\/\/psol50.org.br\/inc\/uploads\/2018\/07\/capa.png\",\"contentUrl\":\"https:\/\/psol50.org.br\/inc\/uploads\/2018\/07\/capa.png\",\"width\":1350,\"height\":900,\"caption\":\"PSOL 50\"},\"image\":{\"@id\":\"https:\/\/psol50.org.br\/#\/schema\/logo\/image\/\"},\"sameAs\":[\"https:\/\/www.facebook.com\/psol50\",\"https:\/\/x.com\/psol50\",\"https:\/\/www.instagram.com\/psol50\/\",\"https:\/\/www.youtube.com\/channel\/UC7SnJS5o1os7a6CaiNabzcg\"]},{\"@type\":\"Person\",\"@id\":\"https:\/\/psol50.org.br\/#\/schema\/person\/475dfa57d0b815993c714c2e96491fcd\",\"name\":\"Comunica\u00e7\u00e3o PSOL\",\"image\":{\"@type\":\"ImageObject\",\"inLanguage\":\"pt-BR\",\"@id\":\"https:\/\/psol50.org.br\/#\/schema\/person\/image\/\",\"url\":\"https:\/\/secure.gravatar.com\/avatar\/b34fc4f4e468a4e51785917065a3db57b841f5c95dba6ad8c73aaf8f66f8f9bf?s=96&d=mm&r=g\",\"contentUrl\":\"https:\/\/secure.gravatar.com\/avatar\/b34fc4f4e468a4e51785917065a3db57b841f5c95dba6ad8c73aaf8f66f8f9bf?s=96&d=mm&r=g\",\"caption\":\"Comunica\u00e7\u00e3o PSOL\"}}]}<\/script>\n<!-- \/ Yoast SEO plugin. -->","yoast_head_json":{"title":"PSOL pede convoca\u00e7\u00e3o de chanceler \u00e0 C\u00e2mara ap\u00f3s mentiras de Bolsonaro sobre presidente do Chile","description":"Ministro das Rela\u00e7\u00f5es Exteriores, Carlos Alberto Fran\u00e7a, precisa dar explica\u00e7\u00f5es ap\u00f3s Bolsonaro atacar Gabriel Boric no debate presidencial.","robots":{"index":"index","follow":"follow","max-snippet":"max-snippet:-1","max-image-preview":"max-image-preview:large","max-video-preview":"max-video-preview:-1"},"canonical":"https:\/\/psol50.org.br\/psol-pede-convocacao-de-chanceler-a-camara-apos-mentiras-de-bolsonaro-sobre-presidente-do-chile\/","og_locale":"pt_BR","og_type":"article","og_title":"PSOL pede convoca\u00e7\u00e3o de chanceler \u00e0 C\u00e2mara ap\u00f3s mentiras de Bolsonaro sobre presidente do Chile","og_description":"Ministro das Rela\u00e7\u00f5es Exteriores, Carlos Alberto Fran\u00e7a, precisa dar explica\u00e7\u00f5es ap\u00f3s Bolsonaro atacar Gabriel Boric no debate presidencial.","og_url":"https:\/\/psol50.org.br\/psol-pede-convocacao-de-chanceler-a-camara-apos-mentiras-de-bolsonaro-sobre-presidente-do-chile\/","og_site_name":"PSOL 50","article_publisher":"https:\/\/www.facebook.com\/psol50","article_published_time":"2022-08-30T20:06:39+00:00","og_image":[{"width":1265,"height":760,"url":"https:\/\/psol50.org.br\/inc\/uploads\/2021\/12\/8E6F75E52246522280D37C38762A7E022BFE37EE9677B227D3AD6801DF35F0DC.jpg","type":"image\/jpeg"}],"author":"Comunica\u00e7\u00e3o PSOL","twitter_card":"summary_large_image","twitter_creator":"@psol50","twitter_site":"@psol50","twitter_misc":{"Escrito por":"Comunica\u00e7\u00e3o PSOL","Est. tempo de leitura":"2 minutos"},"schema":{"@context":"https:\/\/schema.org","@graph":[{"@type":"Article","@id":"https:\/\/psol50.org.br\/psol-pede-convocacao-de-chanceler-a-camara-apos-mentiras-de-bolsonaro-sobre-presidente-do-chile\/#article","isPartOf":{"@id":"https:\/\/psol50.org.br\/psol-pede-convocacao-de-chanceler-a-camara-apos-mentiras-de-bolsonaro-sobre-presidente-do-chile\/"},"author":{"name":"Comunica\u00e7\u00e3o PSOL","@id":"https:\/\/psol50.org.br\/#\/schema\/person\/475dfa57d0b815993c714c2e96491fcd"},"headline":"PSOL pede convoca\u00e7\u00e3o de chanceler \u00e0 C\u00e2mara ap\u00f3s mentiras de Bolsonaro sobre presidente do Chile","datePublished":"2022-08-30T20:06:39+00:00","mainEntityOfPage":{"@id":"https:\/\/psol50.org.br\/psol-pede-convocacao-de-chanceler-a-camara-apos-mentiras-de-bolsonaro-sobre-presidente-do-chile\/"},"wordCount":317,"commentCount":0,"publisher":{"@id":"https:\/\/psol50.org.br\/#organization"},"image":{"@id":"https:\/\/psol50.org.br\/psol-pede-convocacao-de-chanceler-a-camara-apos-mentiras-de-bolsonaro-sobre-presidente-do-chile\/#primaryimage"},"thumbnailUrl":"https:\/\/psol50.org.br\/inc\/uploads\/2021\/12\/8E6F75E52246522280D37C38762A7E022BFE37EE9677B227D3AD6801DF35F0DC.jpg","keywords":["Not\u00edcias"],"articleSection":["A\u00e7\u00e3o Parlamentar"],"inLanguage":"pt-BR","potentialAction":[{"@type":"CommentAction","name":"Comment","target":["https:\/\/psol50.org.br\/psol-pede-convocacao-de-chanceler-a-camara-apos-mentiras-de-bolsonaro-sobre-presidente-do-chile\/#respond"]}]},{"@type":"WebPage","@id":"https:\/\/psol50.org.br\/psol-pede-convocacao-de-chanceler-a-camara-apos-mentiras-de-bolsonaro-sobre-presidente-do-chile\/","url":"https:\/\/psol50.org.br\/psol-pede-convocacao-de-chanceler-a-camara-apos-mentiras-de-bolsonaro-sobre-presidente-do-chile\/","name":"PSOL pede convoca\u00e7\u00e3o de chanceler \u00e0 C\u00e2mara ap\u00f3s mentiras de Bolsonaro sobre presidente do Chile","isPartOf":{"@id":"https:\/\/psol50.org.br\/#website"},"primaryImageOfPage":{"@id":"https:\/\/psol50.org.br\/psol-pede-convocacao-de-chanceler-a-camara-apos-mentiras-de-bolsonaro-sobre-presidente-do-chile\/#primaryimage"},"image":{"@id":"https:\/\/psol50.org.br\/psol-pede-convocacao-de-chanceler-a-camara-apos-mentiras-de-bolsonaro-sobre-presidente-do-chile\/#primaryimage"},"thumbnailUrl":"https:\/\/psol50.org.br\/inc\/uploads\/2021\/12\/8E6F75E52246522280D37C38762A7E022BFE37EE9677B227D3AD6801DF35F0DC.jpg","datePublished":"2022-08-30T20:06:39+00:00","description":"Ministro das Rela\u00e7\u00f5es Exteriores, Carlos Alberto Fran\u00e7a, precisa dar explica\u00e7\u00f5es ap\u00f3s Bolsonaro atacar Gabriel Boric no debate presidencial.","breadcrumb":{"@id":"https:\/\/psol50.org.br\/psol-pede-convocacao-de-chanceler-a-camara-apos-mentiras-de-bolsonaro-sobre-presidente-do-chile\/#breadcrumb"},"inLanguage":"pt-BR","potentialAction":[{"@type":"ReadAction","target":["https:\/\/psol50.org.br\/psol-pede-convocacao-de-chanceler-a-camara-apos-mentiras-de-bolsonaro-sobre-presidente-do-chile\/"]}]},{"@type":"ImageObject","inLanguage":"pt-BR","@id":"https:\/\/psol50.org.br\/psol-pede-convocacao-de-chanceler-a-camara-apos-mentiras-de-bolsonaro-sobre-presidente-do-chile\/#primaryimage","url":"https:\/\/psol50.org.br\/inc\/uploads\/2021\/12\/8E6F75E52246522280D37C38762A7E022BFE37EE9677B227D3AD6801DF35F0DC.jpg","contentUrl":"https:\/\/psol50.org.br\/inc\/uploads\/2021\/12\/8E6F75E52246522280D37C38762A7E022BFE37EE9677B227D3AD6801DF35F0DC.jpg","width":1265,"height":760},{"@type":"BreadcrumbList","@id":"https:\/\/psol50.org.br\/psol-pede-convocacao-de-chanceler-a-camara-apos-mentiras-de-bolsonaro-sobre-presidente-do-chile\/#breadcrumb","itemListElement":[{"@type":"ListItem","position":1,"name":"In\u00edcio","item":"https:\/\/psol50.org.br\/"},{"@type":"ListItem","position":2,"name":"PSOL pede convoca\u00e7\u00e3o de chanceler \u00e0 C\u00e2mara ap\u00f3s mentiras de Bolsonaro sobre presidente do Chile"}]},{"@type":"WebSite","@id":"https:\/\/psol50.org.br\/#website","url":"https:\/\/psol50.org.br\/","name":"PSOL 50","description":"Site oficial do Partido Socialismo e Liberdade","publisher":{"@id":"https:\/\/psol50.org.br\/#organization"},"alternateName":"PSOL50","potentialAction":[{"@type":"SearchAction","target":{"@type":"EntryPoint","urlTemplate":"https:\/\/psol50.org.br\/?s={search_term_string}"},"query-input":{"@type":"PropertyValueSpecification","valueRequired":true,"valueName":"search_term_string"}}],"inLanguage":"pt-BR"},{"@type":"Organization","@id":"https:\/\/psol50.org.br\/#organization","name":"PSOL 50","alternateName":"PSOL 50","url":"https:\/\/psol50.org.br\/","logo":{"@type":"ImageObject","inLanguage":"pt-BR","@id":"https:\/\/psol50.org.br\/#\/schema\/logo\/image\/","url":"https:\/\/psol50.org.br\/inc\/uploads\/2018\/07\/capa.png","contentUrl":"https:\/\/psol50.org.br\/inc\/uploads\/2018\/07\/capa.png","width":1350,"height":900,"caption":"PSOL 50"},"image":{"@id":"https:\/\/psol50.org.br\/#\/schema\/logo\/image\/"},"sameAs":["https:\/\/www.facebook.com\/psol50","https:\/\/x.com\/psol50","https:\/\/www.instagram.com\/psol50\/","https:\/\/www.youtube.com\/channel\/UC7SnJS5o1os7a6CaiNabzcg"]},{"@type":"Person","@id":"https:\/\/psol50.org.br\/#\/schema\/person\/475dfa57d0b815993c714c2e96491fcd","name":"Comunica\u00e7\u00e3o PSOL","image":{"@type":"ImageObject","inLanguage":"pt-BR","@id":"https:\/\/psol50.org.br\/#\/schema\/person\/image\/","url":"https:\/\/secure.gravatar.com\/avatar\/b34fc4f4e468a4e51785917065a3db57b841f5c95dba6ad8c73aaf8f66f8f9bf?s=96&d=mm&r=g","contentUrl":"https:\/\/secure.gravatar.com\/avatar\/b34fc4f4e468a4e51785917065a3db57b841f5c95dba6ad8c73aaf8f66f8f9bf?s=96&d=mm&r=g","caption":"Comunica\u00e7\u00e3o PSOL"}}]}},"_links":{"self":[{"href":"https:\/\/psol50.org.br\/rest\/wp\/v2\/posts\/36282","targetHints":{"allow":["GET"]}}],"collection":[{"href":"https:\/\/psol50.org.br\/rest\/wp\/v2\/posts"}],"about":[{"href":"https:\/\/psol50.org.br\/rest\/wp\/v2\/types\/post"}],"author":[{"embeddable":true,"href":"https:\/\/psol50.org.br\/rest\/wp\/v2\/users\/2"}],"replies":[{"embeddable":true,"href":"https:\/\/psol50.org.br\/rest\/wp\/v2\/comments?post=36282"}],"version-history":[{"count":2,"href":"https:\/\/psol50.org.br\/rest\/wp\/v2\/posts\/36282\/revisions"}],"predecessor-version":[{"id":36284,"href":"https:\/\/psol50.org.br\/rest\/wp\/v2\/posts\/36282\/revisions\/36284"}],"wp:featuredmedia":[{"embeddable":true,"href":"https:\/\/psol50.org.br\/rest\/wp\/v2\/media\/34947"}],"wp:attachment":[{"href":"https:\/\/psol50.org.br\/rest\/wp\/v2\/media?parent=36282"}],"wp:term":[{"taxonomy":"category","embeddable":true,"href":"https:\/\/psol50.org.br\/rest\/wp\/v2\/categories?post=36282"},{"taxonomy":"post_tag","embeddable":true,"href":"https:\/\/psol50.org.br\/rest\/wp\/v2\/tags?post=36282"}],"curies":[{"name":"wp","href":"https:\/\/api.w.org\/{rel}","templated":true}]}}