{"id":36293,"date":"2022-09-05T16:08:58","date_gmt":"2022-09-05T19:08:58","guid":{"rendered":"https:\/\/psol50.org.br\/?p=36293"},"modified":"2022-09-14T13:55:16","modified_gmt":"2022-09-14T16:55:16","slug":"psol-pede-para-ser-incluido-em-acao-no-stf-sobre-piso-nacional-da-enfermagem","status":"publish","type":"post","link":"https:\/\/psol50.org.br\/psol-pede-para-ser-incluido-em-acao-no-stf-sobre-piso-nacional-da-enfermagem\/","title":{"rendered":"PSOL pede para ser inclu\u00eddo em a\u00e7\u00e3o no STF sobre piso nacional da enfermagem"},"content":{"rendered":"<p>O PSOL pediu nesta segunda-feira (5) ao Supremo Tribunal Federal (STF) para ser inclu\u00eddo como <em>&#8220;amicus curiae&#8221;<\/em> na a\u00e7\u00e3o que julga a constitucionalidade do piso nacional da enfermagem, aprovado neste ano pelo Congresso Nacional. Dessa forma, o partido, que votou 100% favoravelmente \u00e0 cria\u00e7\u00e3o do piso salarial para a categoria, poderia tamb\u00e9m ser ouvido durante o julgamento no plen\u00e1rio do STF.<\/p>\n<p>Neste final de semana, o ministro Lu\u00eds Roberto Barroso acatou um pedido da Confedera\u00e7\u00e3o Nacional de Sa\u00fade, Hospitais e Estabelecimentos de Servi\u00e7os (CNSa\u00fade) e suspendeu a cria\u00e7\u00e3o do piso da enfermagem, alegando que ele seria &#8220;insustent\u00e1vel&#8221;. O grupo representa empres\u00e1rios propriet\u00e1rios de grandes redes hospitalares.<\/p>\n<p>Nos pr\u00f3ximos dias, a decis\u00e3o de Barroso, que \u00e9 individual, ser\u00e1 levada para an\u00e1lise dos demais ministros do Supremo no plen\u00e1rio virtual. Ao poder argumentar no julgamento, o PSOL pretende corroborar os argumentos de enfermeiros, t\u00e9cnicos de enfermagem e parteiras, que lutaram por d\u00e9cadas pela cria\u00e7\u00e3o do piso salarial nacional para a categoria.<\/p>\n<p>&#8220;A bancada do PSOL esteve na linha de frente da luta em favor do piso nacional da enfermagem. Todas as nossas deputadas e deputados votaram a favor do piso, reconhecendo o papel her\u00f3ico desses trabalhadores e trabalhadoras durante a pandemia. O piso deve ser defendido&#8221;, disse Juliano Medeiros, presidente nacional do PSOL, ao anunciar a iniciativa do partido.<\/p>\n<blockquote class=\"twitter-tweet\" data-width=\"550\" data-dnt=\"true\">\n<p lang=\"pt\" dir=\"ltr\">A bancada do <a href=\"https:\/\/twitter.com\/psolnacamara?ref_src=twsrc%5Etfw\">@psolnacamara<\/a> esteve na linha de frente da luta em favor do piso nacional da enfermagem. Todas as nossas deputadas e deputados votaram a favor do piso, reconhecendo o papel her\u00f3ico desses trabalhadores e trabalhadoras durante a pandemia. O piso deve ser defendido!<\/p>\n<p>&mdash; Juliano Medeiros (@julianopsol) <a href=\"https:\/\/twitter.com\/julianopsol\/status\/1566807561894084608?ref_src=twsrc%5Etfw\">September 5, 2022<\/a><\/p><\/blockquote>\n<p><script async src=\"https:\/\/platform.twitter.com\/widgets.js\" charset=\"utf-8\"><\/script><\/p>\n<p>&nbsp;<\/p>\n","protected":false},"excerpt":{"rendered":"<p>O PSOL pediu nesta segunda-feira (5) ao Supremo Tribunal Federal (STF) para ser inclu\u00eddo como &#8220;amicus curiae&#8221; na a\u00e7\u00e3o que julga a constitucionalidade do piso nacional da enfermagem, aprovado neste ano pelo Congresso Nacional. Dessa forma, o partido, que votou 100% favoravelmente \u00e0 cria\u00e7\u00e3o do piso salarial para a categoria, poderia tamb\u00e9m ser ouvido durante [&hellip;]<\/p>\n","protected":false},"author":2,"featured_media":35949,"comment_status":"open","ping_status":"open","sticky":false,"template":"","format":"standard","meta":{"_acf_changed":false,"footnotes":""},"categories":[1664],"tags":[4825],"class_list":{"0":"post-36293","1":"post","2":"type-post","3":"status-publish","4":"format-standard","5":"has-post-thumbnail","7":"category-acao-do-psol","8":"tag-noticias"},"acf":[],"yoast_head":"<!-- This site is optimized with the Yoast SEO plugin v26.5 - https:\/\/yoast.com\/wordpress\/plugins\/seo\/ -->\n<title>PSOL pede para ser inclu\u00eddo em a\u00e7\u00e3o no STF sobre piso nacional da enfermagem<\/title>\n<meta name=\"description\" content=\"Ap\u00f3s liminar do ministro Lu\u00eds Roberto Barroso que suspendeu o piso nacional da categoria, o PSOL pediu para ser ouvido na Corte e defender a manuten\u00e7\u00e3o do piso.\" \/>\n<meta name=\"robots\" content=\"index, follow, max-snippet:-1, max-image-preview:large, max-video-preview:-1\" \/>\n<link rel=\"canonical\" href=\"https:\/\/psol50.org.br\/psol-pede-para-ser-incluido-em-acao-no-stf-sobre-piso-nacional-da-enfermagem\/\" \/>\n<meta property=\"og:locale\" content=\"pt_BR\" \/>\n<meta property=\"og:type\" content=\"article\" \/>\n<meta property=\"og:title\" content=\"PSOL pede para ser inclu\u00eddo em a\u00e7\u00e3o no STF sobre piso nacional da enfermagem\" \/>\n<meta property=\"og:description\" content=\"Ap\u00f3s liminar do ministro Lu\u00eds Roberto Barroso que suspendeu o piso nacional da categoria, o PSOL pediu para ser ouvido na Corte e defender a manuten\u00e7\u00e3o do piso.\" \/>\n<meta property=\"og:url\" content=\"https:\/\/psol50.org.br\/psol-pede-para-ser-incluido-em-acao-no-stf-sobre-piso-nacional-da-enfermagem\/\" \/>\n<meta property=\"og:site_name\" content=\"PSOL 50\" \/>\n<meta property=\"article:publisher\" content=\"https:\/\/www.facebook.com\/psol50\" \/>\n<meta property=\"article:published_time\" content=\"2022-09-05T19:08:58+00:00\" \/>\n<meta property=\"article:modified_time\" content=\"2022-09-14T16:55:16+00:00\" \/>\n<meta property=\"og:image\" content=\"https:\/\/psol50.org.br\/inc\/uploads\/2022\/06\/16.jpeg\" \/>\n\t<meta property=\"og:image:width\" content=\"640\" \/>\n\t<meta property=\"og:image:height\" content=\"426\" \/>\n\t<meta property=\"og:image:type\" content=\"image\/jpeg\" \/>\n<meta name=\"author\" content=\"Comunica\u00e7\u00e3o PSOL\" \/>\n<meta name=\"twitter:card\" content=\"summary_large_image\" \/>\n<meta name=\"twitter:creator\" content=\"@psol50\" \/>\n<meta name=\"twitter:site\" content=\"@psol50\" \/>\n<meta name=\"twitter:label1\" content=\"Escrito por\" \/>\n\t<meta name=\"twitter:data1\" content=\"Comunica\u00e7\u00e3o PSOL\" \/>\n\t<meta name=\"twitter:label2\" content=\"Est. tempo de leitura\" \/>\n\t<meta name=\"twitter:data2\" content=\"1 minuto\" \/>\n<script type=\"application\/ld+json\" class=\"yoast-schema-graph\">{\"@context\":\"https:\/\/schema.org\",\"@graph\":[{\"@type\":\"Article\",\"@id\":\"https:\/\/psol50.org.br\/psol-pede-para-ser-incluido-em-acao-no-stf-sobre-piso-nacional-da-enfermagem\/#article\",\"isPartOf\":{\"@id\":\"https:\/\/psol50.org.br\/psol-pede-para-ser-incluido-em-acao-no-stf-sobre-piso-nacional-da-enfermagem\/\"},\"author\":{\"name\":\"Comunica\u00e7\u00e3o PSOL\",\"@id\":\"https:\/\/psol50.org.br\/#\/schema\/person\/475dfa57d0b815993c714c2e96491fcd\"},\"headline\":\"PSOL pede para ser inclu\u00eddo em a\u00e7\u00e3o no STF sobre piso nacional da enfermagem\",\"datePublished\":\"2022-09-05T19:08:58+00:00\",\"dateModified\":\"2022-09-14T16:55:16+00:00\",\"mainEntityOfPage\":{\"@id\":\"https:\/\/psol50.org.br\/psol-pede-para-ser-incluido-em-acao-no-stf-sobre-piso-nacional-da-enfermagem\/\"},\"wordCount\":257,\"commentCount\":0,\"publisher\":{\"@id\":\"https:\/\/psol50.org.br\/#organization\"},\"image\":{\"@id\":\"https:\/\/psol50.org.br\/psol-pede-para-ser-incluido-em-acao-no-stf-sobre-piso-nacional-da-enfermagem\/#primaryimage\"},\"thumbnailUrl\":\"https:\/\/psol50.org.br\/inc\/uploads\/2022\/06\/16.jpeg\",\"keywords\":[\"Not\u00edcias\"],\"articleSection\":[\"A\u00e7\u00e3o do PSOL\"],\"inLanguage\":\"pt-BR\",\"potentialAction\":[{\"@type\":\"CommentAction\",\"name\":\"Comment\",\"target\":[\"https:\/\/psol50.org.br\/psol-pede-para-ser-incluido-em-acao-no-stf-sobre-piso-nacional-da-enfermagem\/#respond\"]}]},{\"@type\":\"WebPage\",\"@id\":\"https:\/\/psol50.org.br\/psol-pede-para-ser-incluido-em-acao-no-stf-sobre-piso-nacional-da-enfermagem\/\",\"url\":\"https:\/\/psol50.org.br\/psol-pede-para-ser-incluido-em-acao-no-stf-sobre-piso-nacional-da-enfermagem\/\",\"name\":\"PSOL pede para ser inclu\u00eddo em a\u00e7\u00e3o no STF sobre piso nacional da enfermagem\",\"isPartOf\":{\"@id\":\"https:\/\/psol50.org.br\/#website\"},\"primaryImageOfPage\":{\"@id\":\"https:\/\/psol50.org.br\/psol-pede-para-ser-incluido-em-acao-no-stf-sobre-piso-nacional-da-enfermagem\/#primaryimage\"},\"image\":{\"@id\":\"https:\/\/psol50.org.br\/psol-pede-para-ser-incluido-em-acao-no-stf-sobre-piso-nacional-da-enfermagem\/#primaryimage\"},\"thumbnailUrl\":\"https:\/\/psol50.org.br\/inc\/uploads\/2022\/06\/16.jpeg\",\"datePublished\":\"2022-09-05T19:08:58+00:00\",\"dateModified\":\"2022-09-14T16:55:16+00:00\",\"description\":\"Ap\u00f3s liminar do ministro Lu\u00eds Roberto Barroso que suspendeu o piso nacional da categoria, o PSOL pediu para ser ouvido na Corte e defender a manuten\u00e7\u00e3o do piso.\",\"breadcrumb\":{\"@id\":\"https:\/\/psol50.org.br\/psol-pede-para-ser-incluido-em-acao-no-stf-sobre-piso-nacional-da-enfermagem\/#breadcrumb\"},\"inLanguage\":\"pt-BR\",\"potentialAction\":[{\"@type\":\"ReadAction\",\"target\":[\"https:\/\/psol50.org.br\/psol-pede-para-ser-incluido-em-acao-no-stf-sobre-piso-nacional-da-enfermagem\/\"]}]},{\"@type\":\"ImageObject\",\"inLanguage\":\"pt-BR\",\"@id\":\"https:\/\/psol50.org.br\/psol-pede-para-ser-incluido-em-acao-no-stf-sobre-piso-nacional-da-enfermagem\/#primaryimage\",\"url\":\"https:\/\/psol50.org.br\/inc\/uploads\/2022\/06\/16.jpeg\",\"contentUrl\":\"https:\/\/psol50.org.br\/inc\/uploads\/2022\/06\/16.jpeg\",\"width\":640,\"height\":426,\"caption\":\"Foto: Conselho Nacional de Sa\u00fade\"},{\"@type\":\"BreadcrumbList\",\"@id\":\"https:\/\/psol50.org.br\/psol-pede-para-ser-incluido-em-acao-no-stf-sobre-piso-nacional-da-enfermagem\/#breadcrumb\",\"itemListElement\":[{\"@type\":\"ListItem\",\"position\":1,\"name\":\"In\u00edcio\",\"item\":\"https:\/\/psol50.org.br\/\"},{\"@type\":\"ListItem\",\"position\":2,\"name\":\"PSOL pede para ser inclu\u00eddo em a\u00e7\u00e3o no STF sobre piso nacional da enfermagem\"}]},{\"@type\":\"WebSite\",\"@id\":\"https:\/\/psol50.org.br\/#website\",\"url\":\"https:\/\/psol50.org.br\/\",\"name\":\"PSOL 50\",\"description\":\"Site oficial do Partido Socialismo e Liberdade\",\"publisher\":{\"@id\":\"https:\/\/psol50.org.br\/#organization\"},\"alternateName\":\"PSOL50\",\"potentialAction\":[{\"@type\":\"SearchAction\",\"target\":{\"@type\":\"EntryPoint\",\"urlTemplate\":\"https:\/\/psol50.org.br\/?s={search_term_string}\"},\"query-input\":{\"@type\":\"PropertyValueSpecification\",\"valueRequired\":true,\"valueName\":\"search_term_string\"}}],\"inLanguage\":\"pt-BR\"},{\"@type\":\"Organization\",\"@id\":\"https:\/\/psol50.org.br\/#organization\",\"name\":\"PSOL 50\",\"alternateName\":\"PSOL 50\",\"url\":\"https:\/\/psol50.org.br\/\",\"logo\":{\"@type\":\"ImageObject\",\"inLanguage\":\"pt-BR\",\"@id\":\"https:\/\/psol50.org.br\/#\/schema\/logo\/image\/\",\"url\":\"https:\/\/psol50.org.br\/inc\/uploads\/2018\/07\/capa.png\",\"contentUrl\":\"https:\/\/psol50.org.br\/inc\/uploads\/2018\/07\/capa.png\",\"width\":1350,\"height\":900,\"caption\":\"PSOL 50\"},\"image\":{\"@id\":\"https:\/\/psol50.org.br\/#\/schema\/logo\/image\/\"},\"sameAs\":[\"https:\/\/www.facebook.com\/psol50\",\"https:\/\/x.com\/psol50\",\"https:\/\/www.instagram.com\/psol50\/\",\"https:\/\/www.youtube.com\/channel\/UC7SnJS5o1os7a6CaiNabzcg\"]},{\"@type\":\"Person\",\"@id\":\"https:\/\/psol50.org.br\/#\/schema\/person\/475dfa57d0b815993c714c2e96491fcd\",\"name\":\"Comunica\u00e7\u00e3o PSOL\",\"image\":{\"@type\":\"ImageObject\",\"inLanguage\":\"pt-BR\",\"@id\":\"https:\/\/psol50.org.br\/#\/schema\/person\/image\/\",\"url\":\"https:\/\/secure.gravatar.com\/avatar\/b34fc4f4e468a4e51785917065a3db57b841f5c95dba6ad8c73aaf8f66f8f9bf?s=96&d=mm&r=g\",\"contentUrl\":\"https:\/\/secure.gravatar.com\/avatar\/b34fc4f4e468a4e51785917065a3db57b841f5c95dba6ad8c73aaf8f66f8f9bf?s=96&d=mm&r=g\",\"caption\":\"Comunica\u00e7\u00e3o PSOL\"}}]}<\/script>\n<!-- \/ Yoast SEO plugin. -->","yoast_head_json":{"title":"PSOL pede para ser inclu\u00eddo em a\u00e7\u00e3o no STF sobre piso nacional da enfermagem","description":"Ap\u00f3s liminar do ministro Lu\u00eds Roberto Barroso que suspendeu o piso nacional da categoria, o PSOL pediu para ser ouvido na Corte e defender a manuten\u00e7\u00e3o do piso.","robots":{"index":"index","follow":"follow","max-snippet":"max-snippet:-1","max-image-preview":"max-image-preview:large","max-video-preview":"max-video-preview:-1"},"canonical":"https:\/\/psol50.org.br\/psol-pede-para-ser-incluido-em-acao-no-stf-sobre-piso-nacional-da-enfermagem\/","og_locale":"pt_BR","og_type":"article","og_title":"PSOL pede para ser inclu\u00eddo em a\u00e7\u00e3o no STF sobre piso nacional da enfermagem","og_description":"Ap\u00f3s liminar do ministro Lu\u00eds Roberto Barroso que suspendeu o piso nacional da categoria, o PSOL pediu para ser ouvido na Corte e defender a manuten\u00e7\u00e3o do piso.","og_url":"https:\/\/psol50.org.br\/psol-pede-para-ser-incluido-em-acao-no-stf-sobre-piso-nacional-da-enfermagem\/","og_site_name":"PSOL 50","article_publisher":"https:\/\/www.facebook.com\/psol50","article_published_time":"2022-09-05T19:08:58+00:00","article_modified_time":"2022-09-14T16:55:16+00:00","og_image":[{"width":640,"height":426,"url":"https:\/\/psol50.org.br\/inc\/uploads\/2022\/06\/16.jpeg","type":"image\/jpeg"}],"author":"Comunica\u00e7\u00e3o PSOL","twitter_card":"summary_large_image","twitter_creator":"@psol50","twitter_site":"@psol50","twitter_misc":{"Escrito por":"Comunica\u00e7\u00e3o PSOL","Est. tempo de leitura":"1 minuto"},"schema":{"@context":"https:\/\/schema.org","@graph":[{"@type":"Article","@id":"https:\/\/psol50.org.br\/psol-pede-para-ser-incluido-em-acao-no-stf-sobre-piso-nacional-da-enfermagem\/#article","isPartOf":{"@id":"https:\/\/psol50.org.br\/psol-pede-para-ser-incluido-em-acao-no-stf-sobre-piso-nacional-da-enfermagem\/"},"author":{"name":"Comunica\u00e7\u00e3o PSOL","@id":"https:\/\/psol50.org.br\/#\/schema\/person\/475dfa57d0b815993c714c2e96491fcd"},"headline":"PSOL pede para ser inclu\u00eddo em a\u00e7\u00e3o no STF sobre piso nacional da enfermagem","datePublished":"2022-09-05T19:08:58+00:00","dateModified":"2022-09-14T16:55:16+00:00","mainEntityOfPage":{"@id":"https:\/\/psol50.org.br\/psol-pede-para-ser-incluido-em-acao-no-stf-sobre-piso-nacional-da-enfermagem\/"},"wordCount":257,"commentCount":0,"publisher":{"@id":"https:\/\/psol50.org.br\/#organization"},"image":{"@id":"https:\/\/psol50.org.br\/psol-pede-para-ser-incluido-em-acao-no-stf-sobre-piso-nacional-da-enfermagem\/#primaryimage"},"thumbnailUrl":"https:\/\/psol50.org.br\/inc\/uploads\/2022\/06\/16.jpeg","keywords":["Not\u00edcias"],"articleSection":["A\u00e7\u00e3o do PSOL"],"inLanguage":"pt-BR","potentialAction":[{"@type":"CommentAction","name":"Comment","target":["https:\/\/psol50.org.br\/psol-pede-para-ser-incluido-em-acao-no-stf-sobre-piso-nacional-da-enfermagem\/#respond"]}]},{"@type":"WebPage","@id":"https:\/\/psol50.org.br\/psol-pede-para-ser-incluido-em-acao-no-stf-sobre-piso-nacional-da-enfermagem\/","url":"https:\/\/psol50.org.br\/psol-pede-para-ser-incluido-em-acao-no-stf-sobre-piso-nacional-da-enfermagem\/","name":"PSOL pede para ser inclu\u00eddo em a\u00e7\u00e3o no STF sobre piso nacional da enfermagem","isPartOf":{"@id":"https:\/\/psol50.org.br\/#website"},"primaryImageOfPage":{"@id":"https:\/\/psol50.org.br\/psol-pede-para-ser-incluido-em-acao-no-stf-sobre-piso-nacional-da-enfermagem\/#primaryimage"},"image":{"@id":"https:\/\/psol50.org.br\/psol-pede-para-ser-incluido-em-acao-no-stf-sobre-piso-nacional-da-enfermagem\/#primaryimage"},"thumbnailUrl":"https:\/\/psol50.org.br\/inc\/uploads\/2022\/06\/16.jpeg","datePublished":"2022-09-05T19:08:58+00:00","dateModified":"2022-09-14T16:55:16+00:00","description":"Ap\u00f3s liminar do ministro Lu\u00eds Roberto Barroso que suspendeu o piso nacional da categoria, o PSOL pediu para ser ouvido na Corte e defender a manuten\u00e7\u00e3o do piso.","breadcrumb":{"@id":"https:\/\/psol50.org.br\/psol-pede-para-ser-incluido-em-acao-no-stf-sobre-piso-nacional-da-enfermagem\/#breadcrumb"},"inLanguage":"pt-BR","potentialAction":[{"@type":"ReadAction","target":["https:\/\/psol50.org.br\/psol-pede-para-ser-incluido-em-acao-no-stf-sobre-piso-nacional-da-enfermagem\/"]}]},{"@type":"ImageObject","inLanguage":"pt-BR","@id":"https:\/\/psol50.org.br\/psol-pede-para-ser-incluido-em-acao-no-stf-sobre-piso-nacional-da-enfermagem\/#primaryimage","url":"https:\/\/psol50.org.br\/inc\/uploads\/2022\/06\/16.jpeg","contentUrl":"https:\/\/psol50.org.br\/inc\/uploads\/2022\/06\/16.jpeg","width":640,"height":426,"caption":"Foto: Conselho Nacional de Sa\u00fade"},{"@type":"BreadcrumbList","@id":"https:\/\/psol50.org.br\/psol-pede-para-ser-incluido-em-acao-no-stf-sobre-piso-nacional-da-enfermagem\/#breadcrumb","itemListElement":[{"@type":"ListItem","position":1,"name":"In\u00edcio","item":"https:\/\/psol50.org.br\/"},{"@type":"ListItem","position":2,"name":"PSOL pede para ser inclu\u00eddo em a\u00e7\u00e3o no STF sobre piso nacional da enfermagem"}]},{"@type":"WebSite","@id":"https:\/\/psol50.org.br\/#website","url":"https:\/\/psol50.org.br\/","name":"PSOL 50","description":"Site oficial do Partido Socialismo e Liberdade","publisher":{"@id":"https:\/\/psol50.org.br\/#organization"},"alternateName":"PSOL50","potentialAction":[{"@type":"SearchAction","target":{"@type":"EntryPoint","urlTemplate":"https:\/\/psol50.org.br\/?s={search_term_string}"},"query-input":{"@type":"PropertyValueSpecification","valueRequired":true,"valueName":"search_term_string"}}],"inLanguage":"pt-BR"},{"@type":"Organization","@id":"https:\/\/psol50.org.br\/#organization","name":"PSOL 50","alternateName":"PSOL 50","url":"https:\/\/psol50.org.br\/","logo":{"@type":"ImageObject","inLanguage":"pt-BR","@id":"https:\/\/psol50.org.br\/#\/schema\/logo\/image\/","url":"https:\/\/psol50.org.br\/inc\/uploads\/2018\/07\/capa.png","contentUrl":"https:\/\/psol50.org.br\/inc\/uploads\/2018\/07\/capa.png","width":1350,"height":900,"caption":"PSOL 50"},"image":{"@id":"https:\/\/psol50.org.br\/#\/schema\/logo\/image\/"},"sameAs":["https:\/\/www.facebook.com\/psol50","https:\/\/x.com\/psol50","https:\/\/www.instagram.com\/psol50\/","https:\/\/www.youtube.com\/channel\/UC7SnJS5o1os7a6CaiNabzcg"]},{"@type":"Person","@id":"https:\/\/psol50.org.br\/#\/schema\/person\/475dfa57d0b815993c714c2e96491fcd","name":"Comunica\u00e7\u00e3o PSOL","image":{"@type":"ImageObject","inLanguage":"pt-BR","@id":"https:\/\/psol50.org.br\/#\/schema\/person\/image\/","url":"https:\/\/secure.gravatar.com\/avatar\/b34fc4f4e468a4e51785917065a3db57b841f5c95dba6ad8c73aaf8f66f8f9bf?s=96&d=mm&r=g","contentUrl":"https:\/\/secure.gravatar.com\/avatar\/b34fc4f4e468a4e51785917065a3db57b841f5c95dba6ad8c73aaf8f66f8f9bf?s=96&d=mm&r=g","caption":"Comunica\u00e7\u00e3o PSOL"}}]}},"_links":{"self":[{"href":"https:\/\/psol50.org.br\/rest\/wp\/v2\/posts\/36293","targetHints":{"allow":["GET"]}}],"collection":[{"href":"https:\/\/psol50.org.br\/rest\/wp\/v2\/posts"}],"about":[{"href":"https:\/\/psol50.org.br\/rest\/wp\/v2\/types\/post"}],"author":[{"embeddable":true,"href":"https:\/\/psol50.org.br\/rest\/wp\/v2\/users\/2"}],"replies":[{"embeddable":true,"href":"https:\/\/psol50.org.br\/rest\/wp\/v2\/comments?post=36293"}],"version-history":[{"count":3,"href":"https:\/\/psol50.org.br\/rest\/wp\/v2\/posts\/36293\/revisions"}],"predecessor-version":[{"id":36299,"href":"https:\/\/psol50.org.br\/rest\/wp\/v2\/posts\/36293\/revisions\/36299"}],"wp:featuredmedia":[{"embeddable":true,"href":"https:\/\/psol50.org.br\/rest\/wp\/v2\/media\/35949"}],"wp:attachment":[{"href":"https:\/\/psol50.org.br\/rest\/wp\/v2\/media?parent=36293"}],"wp:term":[{"taxonomy":"category","embeddable":true,"href":"https:\/\/psol50.org.br\/rest\/wp\/v2\/categories?post=36293"},{"taxonomy":"post_tag","embeddable":true,"href":"https:\/\/psol50.org.br\/rest\/wp\/v2\/tags?post=36293"}],"curies":[{"name":"wp","href":"https:\/\/api.w.org\/{rel}","templated":true}]}}