{"id":36316,"date":"2022-09-14T13:54:22","date_gmt":"2022-09-14T16:54:22","guid":{"rendered":"https:\/\/psol50.org.br\/?p=36316"},"modified":"2022-09-23T11:31:48","modified_gmt":"2022-09-23T14:31:48","slug":"psol-pede-a-cassacao-de-douglas-garcia-na-alesp-apos-novos-ataques-a-vera-magalhaes","status":"publish","type":"post","link":"https:\/\/psol50.org.br\/psol-pede-a-cassacao-de-douglas-garcia-na-alesp-apos-novos-ataques-a-vera-magalhaes\/","title":{"rendered":"PSOL pede a cassa\u00e7\u00e3o de Douglas Garcia na ALESP ap\u00f3s novos ataques a Vera Magalh\u00e3es"},"content":{"rendered":"<p>Na manh\u00e3 desta quarta-feira (14), M\u00f4nica Seixas, deputada estadual do PSOL em SP, e a Bancada Feminista do PSOL, mandato coletivo da C\u00e2mara Municipal de S\u00e3o Paulo, apresentaram o pedido de cassa\u00e7\u00e3o do mandato de Douglas Garcia, deputado estadual bolsonarista, no Conselho de \u00c9tica da Assembleia Legislativa de S\u00e3o Paulo (ALESP).<\/p>\n<p>O pedido \u00e9 feito poucas horas ap\u00f3s o bolsonarista ter perseguido e agredido verbalmente a jornalista Vera Magalh\u00e3es durante o debate ao governo de SP realizado na noite da \u00faltima ter\u00e7a (13). O deputado quebrou o decoro parlamentar e cometeu o crime de inj\u00faria.<\/p>\n<p>O documento diz que Garcia, &#8220;al\u00e9m de intimidar, hostilizar e humilhar mulheres, ainda faz tais atos gravando lives e incentivando sua milit\u00e2ncia a hostiliz\u00e1-las&#8221;.<\/p>\n<p>Com um celular filmando a jornalista, o parlamentar chegou a acoss\u00e1-la fisicamente repetindo os ataques que Jair Bolsonaro j\u00e1 tinha feito a ela em debate em agosto.<\/p>\n","protected":false},"excerpt":{"rendered":"<p>Na manh\u00e3 desta quarta-feira (14), M\u00f4nica Seixas, deputada estadual do PSOL em SP, e a Bancada Feminista do PSOL, mandato coletivo da C\u00e2mara Municipal de S\u00e3o Paulo, apresentaram o pedido de cassa\u00e7\u00e3o do mandato de Douglas Garcia, deputado estadual bolsonarista, no Conselho de \u00c9tica da Assembleia Legislativa de S\u00e3o Paulo (ALESP). O pedido \u00e9 feito [&hellip;]<\/p>\n","protected":false},"author":2,"featured_media":36319,"comment_status":"open","ping_status":"open","sticky":false,"template":"","format":"standard","meta":{"_acf_changed":false,"footnotes":""},"categories":[1664],"tags":[4825],"class_list":{"0":"post-36316","1":"post","2":"type-post","3":"status-publish","4":"format-standard","5":"has-post-thumbnail","7":"category-acao-do-psol","8":"tag-noticias"},"acf":[],"yoast_head":"<!-- This site is optimized with the Yoast SEO plugin v26.5 - https:\/\/yoast.com\/wordpress\/plugins\/seo\/ -->\n<title>PSOL pede a cassa\u00e7\u00e3o de Douglas Garcia na ALESP ap\u00f3s novos ataques a Vera Magalh\u00e3es<\/title>\n<meta name=\"description\" content=\"M\u00f4nica Seixas e a Bancada Feminista do PSOL foram as autoras do pedido de cassa\u00e7\u00e3o do deputado bolsonarista.\" \/>\n<meta name=\"robots\" content=\"index, follow, max-snippet:-1, max-image-preview:large, max-video-preview:-1\" \/>\n<link rel=\"canonical\" href=\"https:\/\/psol50.org.br\/psol-pede-a-cassacao-de-douglas-garcia-na-alesp-apos-novos-ataques-a-vera-magalhaes\/\" \/>\n<meta property=\"og:locale\" content=\"pt_BR\" \/>\n<meta property=\"og:type\" content=\"article\" \/>\n<meta property=\"og:title\" content=\"PSOL pede a cassa\u00e7\u00e3o de Douglas Garcia na ALESP ap\u00f3s novos ataques a Vera Magalh\u00e3es\" \/>\n<meta property=\"og:description\" content=\"M\u00f4nica Seixas e a Bancada Feminista do PSOL foram as autoras do pedido de cassa\u00e7\u00e3o do deputado bolsonarista.\" \/>\n<meta property=\"og:url\" content=\"https:\/\/psol50.org.br\/psol-pede-a-cassacao-de-douglas-garcia-na-alesp-apos-novos-ataques-a-vera-magalhaes\/\" \/>\n<meta property=\"og:site_name\" content=\"PSOL 50\" \/>\n<meta property=\"article:publisher\" content=\"https:\/\/www.facebook.com\/psol50\" \/>\n<meta property=\"article:published_time\" content=\"2022-09-14T16:54:22+00:00\" \/>\n<meta property=\"article:modified_time\" content=\"2022-09-23T14:31:48+00:00\" \/>\n<meta property=\"og:image\" content=\"https:\/\/psol50.org.br\/inc\/uploads\/2022\/09\/f804x452-87828_139761_0.jpeg\" \/>\n\t<meta property=\"og:image:width\" content=\"804\" \/>\n\t<meta property=\"og:image:height\" content=\"452\" \/>\n\t<meta property=\"og:image:type\" content=\"image\/jpeg\" \/>\n<meta name=\"author\" content=\"Comunica\u00e7\u00e3o PSOL\" \/>\n<meta name=\"twitter:card\" content=\"summary_large_image\" \/>\n<meta name=\"twitter:creator\" content=\"@psol50\" \/>\n<meta name=\"twitter:site\" content=\"@psol50\" \/>\n<meta name=\"twitter:label1\" content=\"Escrito por\" \/>\n\t<meta name=\"twitter:data1\" content=\"Comunica\u00e7\u00e3o PSOL\" \/>\n\t<meta name=\"twitter:label2\" content=\"Est. tempo de leitura\" \/>\n\t<meta name=\"twitter:data2\" content=\"1 minuto\" \/>\n<script type=\"application\/ld+json\" class=\"yoast-schema-graph\">{\"@context\":\"https:\/\/schema.org\",\"@graph\":[{\"@type\":\"Article\",\"@id\":\"https:\/\/psol50.org.br\/psol-pede-a-cassacao-de-douglas-garcia-na-alesp-apos-novos-ataques-a-vera-magalhaes\/#article\",\"isPartOf\":{\"@id\":\"https:\/\/psol50.org.br\/psol-pede-a-cassacao-de-douglas-garcia-na-alesp-apos-novos-ataques-a-vera-magalhaes\/\"},\"author\":{\"name\":\"Comunica\u00e7\u00e3o PSOL\",\"@id\":\"https:\/\/psol50.org.br\/#\/schema\/person\/475dfa57d0b815993c714c2e96491fcd\"},\"headline\":\"PSOL pede a cassa\u00e7\u00e3o de Douglas Garcia na ALESP ap\u00f3s novos ataques a Vera Magalh\u00e3es\",\"datePublished\":\"2022-09-14T16:54:22+00:00\",\"dateModified\":\"2022-09-23T14:31:48+00:00\",\"mainEntityOfPage\":{\"@id\":\"https:\/\/psol50.org.br\/psol-pede-a-cassacao-de-douglas-garcia-na-alesp-apos-novos-ataques-a-vera-magalhaes\/\"},\"wordCount\":174,\"commentCount\":0,\"publisher\":{\"@id\":\"https:\/\/psol50.org.br\/#organization\"},\"image\":{\"@id\":\"https:\/\/psol50.org.br\/psol-pede-a-cassacao-de-douglas-garcia-na-alesp-apos-novos-ataques-a-vera-magalhaes\/#primaryimage\"},\"thumbnailUrl\":\"https:\/\/psol50.org.br\/inc\/uploads\/2022\/09\/f804x452-87828_139761_0.jpeg\",\"keywords\":[\"Not\u00edcias\"],\"articleSection\":[\"A\u00e7\u00e3o do PSOL\"],\"inLanguage\":\"pt-BR\",\"potentialAction\":[{\"@type\":\"CommentAction\",\"name\":\"Comment\",\"target\":[\"https:\/\/psol50.org.br\/psol-pede-a-cassacao-de-douglas-garcia-na-alesp-apos-novos-ataques-a-vera-magalhaes\/#respond\"]}]},{\"@type\":\"WebPage\",\"@id\":\"https:\/\/psol50.org.br\/psol-pede-a-cassacao-de-douglas-garcia-na-alesp-apos-novos-ataques-a-vera-magalhaes\/\",\"url\":\"https:\/\/psol50.org.br\/psol-pede-a-cassacao-de-douglas-garcia-na-alesp-apos-novos-ataques-a-vera-magalhaes\/\",\"name\":\"PSOL pede a cassa\u00e7\u00e3o de Douglas Garcia na ALESP ap\u00f3s novos ataques a Vera Magalh\u00e3es\",\"isPartOf\":{\"@id\":\"https:\/\/psol50.org.br\/#website\"},\"primaryImageOfPage\":{\"@id\":\"https:\/\/psol50.org.br\/psol-pede-a-cassacao-de-douglas-garcia-na-alesp-apos-novos-ataques-a-vera-magalhaes\/#primaryimage\"},\"image\":{\"@id\":\"https:\/\/psol50.org.br\/psol-pede-a-cassacao-de-douglas-garcia-na-alesp-apos-novos-ataques-a-vera-magalhaes\/#primaryimage\"},\"thumbnailUrl\":\"https:\/\/psol50.org.br\/inc\/uploads\/2022\/09\/f804x452-87828_139761_0.jpeg\",\"datePublished\":\"2022-09-14T16:54:22+00:00\",\"dateModified\":\"2022-09-23T14:31:48+00:00\",\"description\":\"M\u00f4nica Seixas e a Bancada Feminista do PSOL foram as autoras do pedido de cassa\u00e7\u00e3o do deputado bolsonarista.\",\"breadcrumb\":{\"@id\":\"https:\/\/psol50.org.br\/psol-pede-a-cassacao-de-douglas-garcia-na-alesp-apos-novos-ataques-a-vera-magalhaes\/#breadcrumb\"},\"inLanguage\":\"pt-BR\",\"potentialAction\":[{\"@type\":\"ReadAction\",\"target\":[\"https:\/\/psol50.org.br\/psol-pede-a-cassacao-de-douglas-garcia-na-alesp-apos-novos-ataques-a-vera-magalhaes\/\"]}]},{\"@type\":\"ImageObject\",\"inLanguage\":\"pt-BR\",\"@id\":\"https:\/\/psol50.org.br\/psol-pede-a-cassacao-de-douglas-garcia-na-alesp-apos-novos-ataques-a-vera-magalhaes\/#primaryimage\",\"url\":\"https:\/\/psol50.org.br\/inc\/uploads\/2022\/09\/f804x452-87828_139761_0.jpeg\",\"contentUrl\":\"https:\/\/psol50.org.br\/inc\/uploads\/2022\/09\/f804x452-87828_139761_0.jpeg\",\"width\":804,\"height\":452,\"caption\":\"Foto: Reprodu\u00e7\u00e3o\"},{\"@type\":\"BreadcrumbList\",\"@id\":\"https:\/\/psol50.org.br\/psol-pede-a-cassacao-de-douglas-garcia-na-alesp-apos-novos-ataques-a-vera-magalhaes\/#breadcrumb\",\"itemListElement\":[{\"@type\":\"ListItem\",\"position\":1,\"name\":\"In\u00edcio\",\"item\":\"https:\/\/psol50.org.br\/\"},{\"@type\":\"ListItem\",\"position\":2,\"name\":\"PSOL pede a cassa\u00e7\u00e3o de Douglas Garcia na ALESP ap\u00f3s novos ataques a Vera Magalh\u00e3es\"}]},{\"@type\":\"WebSite\",\"@id\":\"https:\/\/psol50.org.br\/#website\",\"url\":\"https:\/\/psol50.org.br\/\",\"name\":\"PSOL 50\",\"description\":\"Site oficial do Partido Socialismo e Liberdade\",\"publisher\":{\"@id\":\"https:\/\/psol50.org.br\/#organization\"},\"alternateName\":\"PSOL50\",\"potentialAction\":[{\"@type\":\"SearchAction\",\"target\":{\"@type\":\"EntryPoint\",\"urlTemplate\":\"https:\/\/psol50.org.br\/?s={search_term_string}\"},\"query-input\":{\"@type\":\"PropertyValueSpecification\",\"valueRequired\":true,\"valueName\":\"search_term_string\"}}],\"inLanguage\":\"pt-BR\"},{\"@type\":\"Organization\",\"@id\":\"https:\/\/psol50.org.br\/#organization\",\"name\":\"PSOL 50\",\"alternateName\":\"PSOL 50\",\"url\":\"https:\/\/psol50.org.br\/\",\"logo\":{\"@type\":\"ImageObject\",\"inLanguage\":\"pt-BR\",\"@id\":\"https:\/\/psol50.org.br\/#\/schema\/logo\/image\/\",\"url\":\"https:\/\/psol50.org.br\/inc\/uploads\/2018\/07\/capa.png\",\"contentUrl\":\"https:\/\/psol50.org.br\/inc\/uploads\/2018\/07\/capa.png\",\"width\":1350,\"height\":900,\"caption\":\"PSOL 50\"},\"image\":{\"@id\":\"https:\/\/psol50.org.br\/#\/schema\/logo\/image\/\"},\"sameAs\":[\"https:\/\/www.facebook.com\/psol50\",\"https:\/\/x.com\/psol50\",\"https:\/\/www.instagram.com\/psol50\/\",\"https:\/\/www.youtube.com\/channel\/UC7SnJS5o1os7a6CaiNabzcg\"]},{\"@type\":\"Person\",\"@id\":\"https:\/\/psol50.org.br\/#\/schema\/person\/475dfa57d0b815993c714c2e96491fcd\",\"name\":\"Comunica\u00e7\u00e3o PSOL\",\"image\":{\"@type\":\"ImageObject\",\"inLanguage\":\"pt-BR\",\"@id\":\"https:\/\/psol50.org.br\/#\/schema\/person\/image\/\",\"url\":\"https:\/\/secure.gravatar.com\/avatar\/b34fc4f4e468a4e51785917065a3db57b841f5c95dba6ad8c73aaf8f66f8f9bf?s=96&d=mm&r=g\",\"contentUrl\":\"https:\/\/secure.gravatar.com\/avatar\/b34fc4f4e468a4e51785917065a3db57b841f5c95dba6ad8c73aaf8f66f8f9bf?s=96&d=mm&r=g\",\"caption\":\"Comunica\u00e7\u00e3o PSOL\"}}]}<\/script>\n<!-- \/ Yoast SEO plugin. -->","yoast_head_json":{"title":"PSOL pede a cassa\u00e7\u00e3o de Douglas Garcia na ALESP ap\u00f3s novos ataques a Vera Magalh\u00e3es","description":"M\u00f4nica Seixas e a Bancada Feminista do PSOL foram as autoras do pedido de cassa\u00e7\u00e3o do deputado bolsonarista.","robots":{"index":"index","follow":"follow","max-snippet":"max-snippet:-1","max-image-preview":"max-image-preview:large","max-video-preview":"max-video-preview:-1"},"canonical":"https:\/\/psol50.org.br\/psol-pede-a-cassacao-de-douglas-garcia-na-alesp-apos-novos-ataques-a-vera-magalhaes\/","og_locale":"pt_BR","og_type":"article","og_title":"PSOL pede a cassa\u00e7\u00e3o de Douglas Garcia na ALESP ap\u00f3s novos ataques a Vera Magalh\u00e3es","og_description":"M\u00f4nica Seixas e a Bancada Feminista do PSOL foram as autoras do pedido de cassa\u00e7\u00e3o do deputado bolsonarista.","og_url":"https:\/\/psol50.org.br\/psol-pede-a-cassacao-de-douglas-garcia-na-alesp-apos-novos-ataques-a-vera-magalhaes\/","og_site_name":"PSOL 50","article_publisher":"https:\/\/www.facebook.com\/psol50","article_published_time":"2022-09-14T16:54:22+00:00","article_modified_time":"2022-09-23T14:31:48+00:00","og_image":[{"width":804,"height":452,"url":"https:\/\/psol50.org.br\/inc\/uploads\/2022\/09\/f804x452-87828_139761_0.jpeg","type":"image\/jpeg"}],"author":"Comunica\u00e7\u00e3o PSOL","twitter_card":"summary_large_image","twitter_creator":"@psol50","twitter_site":"@psol50","twitter_misc":{"Escrito por":"Comunica\u00e7\u00e3o PSOL","Est. tempo de leitura":"1 minuto"},"schema":{"@context":"https:\/\/schema.org","@graph":[{"@type":"Article","@id":"https:\/\/psol50.org.br\/psol-pede-a-cassacao-de-douglas-garcia-na-alesp-apos-novos-ataques-a-vera-magalhaes\/#article","isPartOf":{"@id":"https:\/\/psol50.org.br\/psol-pede-a-cassacao-de-douglas-garcia-na-alesp-apos-novos-ataques-a-vera-magalhaes\/"},"author":{"name":"Comunica\u00e7\u00e3o PSOL","@id":"https:\/\/psol50.org.br\/#\/schema\/person\/475dfa57d0b815993c714c2e96491fcd"},"headline":"PSOL pede a cassa\u00e7\u00e3o de Douglas Garcia na ALESP ap\u00f3s novos ataques a Vera Magalh\u00e3es","datePublished":"2022-09-14T16:54:22+00:00","dateModified":"2022-09-23T14:31:48+00:00","mainEntityOfPage":{"@id":"https:\/\/psol50.org.br\/psol-pede-a-cassacao-de-douglas-garcia-na-alesp-apos-novos-ataques-a-vera-magalhaes\/"},"wordCount":174,"commentCount":0,"publisher":{"@id":"https:\/\/psol50.org.br\/#organization"},"image":{"@id":"https:\/\/psol50.org.br\/psol-pede-a-cassacao-de-douglas-garcia-na-alesp-apos-novos-ataques-a-vera-magalhaes\/#primaryimage"},"thumbnailUrl":"https:\/\/psol50.org.br\/inc\/uploads\/2022\/09\/f804x452-87828_139761_0.jpeg","keywords":["Not\u00edcias"],"articleSection":["A\u00e7\u00e3o do PSOL"],"inLanguage":"pt-BR","potentialAction":[{"@type":"CommentAction","name":"Comment","target":["https:\/\/psol50.org.br\/psol-pede-a-cassacao-de-douglas-garcia-na-alesp-apos-novos-ataques-a-vera-magalhaes\/#respond"]}]},{"@type":"WebPage","@id":"https:\/\/psol50.org.br\/psol-pede-a-cassacao-de-douglas-garcia-na-alesp-apos-novos-ataques-a-vera-magalhaes\/","url":"https:\/\/psol50.org.br\/psol-pede-a-cassacao-de-douglas-garcia-na-alesp-apos-novos-ataques-a-vera-magalhaes\/","name":"PSOL pede a cassa\u00e7\u00e3o de Douglas Garcia na ALESP ap\u00f3s novos ataques a Vera Magalh\u00e3es","isPartOf":{"@id":"https:\/\/psol50.org.br\/#website"},"primaryImageOfPage":{"@id":"https:\/\/psol50.org.br\/psol-pede-a-cassacao-de-douglas-garcia-na-alesp-apos-novos-ataques-a-vera-magalhaes\/#primaryimage"},"image":{"@id":"https:\/\/psol50.org.br\/psol-pede-a-cassacao-de-douglas-garcia-na-alesp-apos-novos-ataques-a-vera-magalhaes\/#primaryimage"},"thumbnailUrl":"https:\/\/psol50.org.br\/inc\/uploads\/2022\/09\/f804x452-87828_139761_0.jpeg","datePublished":"2022-09-14T16:54:22+00:00","dateModified":"2022-09-23T14:31:48+00:00","description":"M\u00f4nica Seixas e a Bancada Feminista do PSOL foram as autoras do pedido de cassa\u00e7\u00e3o do deputado bolsonarista.","breadcrumb":{"@id":"https:\/\/psol50.org.br\/psol-pede-a-cassacao-de-douglas-garcia-na-alesp-apos-novos-ataques-a-vera-magalhaes\/#breadcrumb"},"inLanguage":"pt-BR","potentialAction":[{"@type":"ReadAction","target":["https:\/\/psol50.org.br\/psol-pede-a-cassacao-de-douglas-garcia-na-alesp-apos-novos-ataques-a-vera-magalhaes\/"]}]},{"@type":"ImageObject","inLanguage":"pt-BR","@id":"https:\/\/psol50.org.br\/psol-pede-a-cassacao-de-douglas-garcia-na-alesp-apos-novos-ataques-a-vera-magalhaes\/#primaryimage","url":"https:\/\/psol50.org.br\/inc\/uploads\/2022\/09\/f804x452-87828_139761_0.jpeg","contentUrl":"https:\/\/psol50.org.br\/inc\/uploads\/2022\/09\/f804x452-87828_139761_0.jpeg","width":804,"height":452,"caption":"Foto: Reprodu\u00e7\u00e3o"},{"@type":"BreadcrumbList","@id":"https:\/\/psol50.org.br\/psol-pede-a-cassacao-de-douglas-garcia-na-alesp-apos-novos-ataques-a-vera-magalhaes\/#breadcrumb","itemListElement":[{"@type":"ListItem","position":1,"name":"In\u00edcio","item":"https:\/\/psol50.org.br\/"},{"@type":"ListItem","position":2,"name":"PSOL pede a cassa\u00e7\u00e3o de Douglas Garcia na ALESP ap\u00f3s novos ataques a Vera Magalh\u00e3es"}]},{"@type":"WebSite","@id":"https:\/\/psol50.org.br\/#website","url":"https:\/\/psol50.org.br\/","name":"PSOL 50","description":"Site oficial do Partido Socialismo e Liberdade","publisher":{"@id":"https:\/\/psol50.org.br\/#organization"},"alternateName":"PSOL50","potentialAction":[{"@type":"SearchAction","target":{"@type":"EntryPoint","urlTemplate":"https:\/\/psol50.org.br\/?s={search_term_string}"},"query-input":{"@type":"PropertyValueSpecification","valueRequired":true,"valueName":"search_term_string"}}],"inLanguage":"pt-BR"},{"@type":"Organization","@id":"https:\/\/psol50.org.br\/#organization","name":"PSOL 50","alternateName":"PSOL 50","url":"https:\/\/psol50.org.br\/","logo":{"@type":"ImageObject","inLanguage":"pt-BR","@id":"https:\/\/psol50.org.br\/#\/schema\/logo\/image\/","url":"https:\/\/psol50.org.br\/inc\/uploads\/2018\/07\/capa.png","contentUrl":"https:\/\/psol50.org.br\/inc\/uploads\/2018\/07\/capa.png","width":1350,"height":900,"caption":"PSOL 50"},"image":{"@id":"https:\/\/psol50.org.br\/#\/schema\/logo\/image\/"},"sameAs":["https:\/\/www.facebook.com\/psol50","https:\/\/x.com\/psol50","https:\/\/www.instagram.com\/psol50\/","https:\/\/www.youtube.com\/channel\/UC7SnJS5o1os7a6CaiNabzcg"]},{"@type":"Person","@id":"https:\/\/psol50.org.br\/#\/schema\/person\/475dfa57d0b815993c714c2e96491fcd","name":"Comunica\u00e7\u00e3o PSOL","image":{"@type":"ImageObject","inLanguage":"pt-BR","@id":"https:\/\/psol50.org.br\/#\/schema\/person\/image\/","url":"https:\/\/secure.gravatar.com\/avatar\/b34fc4f4e468a4e51785917065a3db57b841f5c95dba6ad8c73aaf8f66f8f9bf?s=96&d=mm&r=g","contentUrl":"https:\/\/secure.gravatar.com\/avatar\/b34fc4f4e468a4e51785917065a3db57b841f5c95dba6ad8c73aaf8f66f8f9bf?s=96&d=mm&r=g","caption":"Comunica\u00e7\u00e3o PSOL"}}]}},"_links":{"self":[{"href":"https:\/\/psol50.org.br\/rest\/wp\/v2\/posts\/36316","targetHints":{"allow":["GET"]}}],"collection":[{"href":"https:\/\/psol50.org.br\/rest\/wp\/v2\/posts"}],"about":[{"href":"https:\/\/psol50.org.br\/rest\/wp\/v2\/types\/post"}],"author":[{"embeddable":true,"href":"https:\/\/psol50.org.br\/rest\/wp\/v2\/users\/2"}],"replies":[{"embeddable":true,"href":"https:\/\/psol50.org.br\/rest\/wp\/v2\/comments?post=36316"}],"version-history":[{"count":3,"href":"https:\/\/psol50.org.br\/rest\/wp\/v2\/posts\/36316\/revisions"}],"predecessor-version":[{"id":36320,"href":"https:\/\/psol50.org.br\/rest\/wp\/v2\/posts\/36316\/revisions\/36320"}],"wp:featuredmedia":[{"embeddable":true,"href":"https:\/\/psol50.org.br\/rest\/wp\/v2\/media\/36319"}],"wp:attachment":[{"href":"https:\/\/psol50.org.br\/rest\/wp\/v2\/media?parent=36316"}],"wp:term":[{"taxonomy":"category","embeddable":true,"href":"https:\/\/psol50.org.br\/rest\/wp\/v2\/categories?post=36316"},{"taxonomy":"post_tag","embeddable":true,"href":"https:\/\/psol50.org.br\/rest\/wp\/v2\/tags?post=36316"}],"curies":[{"name":"wp","href":"https:\/\/api.w.org\/{rel}","templated":true}]}}