{"id":36327,"date":"2022-09-21T11:43:39","date_gmt":"2022-09-21T14:43:39","guid":{"rendered":"https:\/\/psol50.org.br\/?p=36327"},"modified":"2022-09-26T12:38:52","modified_gmt":"2022-09-26T15:38:52","slug":"psol-cobra-explicacoes-sobre-gastos-da-comitiva-de-bolsonaro-no-funeral-da-rainha-elizabeth-ii","status":"publish","type":"post","link":"https:\/\/psol50.org.br\/psol-cobra-explicacoes-sobre-gastos-da-comitiva-de-bolsonaro-no-funeral-da-rainha-elizabeth-ii\/","title":{"rendered":"PSOL cobra explica\u00e7\u00f5es sobre gastos da comitiva de Bolsonaro no funeral da Rainha Elizabeth II"},"content":{"rendered":"<p>A bancada do PSOL na C\u00e2mara dos Deputados protocolou na \u00faltima ter\u00e7a-feira (20) um requerimento de informa\u00e7\u00f5es solicitando dados oficiais sobre os gastos p\u00fablicos da comitiva presidencial em Londres, durante o funeral da Rainha Elizabeth II.<\/p>\n<p>O documento elenca 10 questionamentos sobre a viagem, que contou com a participa\u00e7\u00e3o do pastor Silas Malafaia e do Padre Paulo, entre outros integrantes que n\u00e3o possuem qualquer fun\u00e7\u00e3o governamental, mas que viajaram como parte da comitiva presidencial.<\/p>\n<p>\u201cNo avi\u00e3o da FAB, Bolsonaro viajou com apoiadores eleitorais sem nenhuma fun\u00e7\u00e3o no governo. Mais uma vez o Presidente da Rep\u00fablica usa da m\u00e1quina e dos cofres p\u00fablicos para uso pessoal e pol\u00edtico, longe do que preconiza a boa atua\u00e7\u00e3o do servidor p\u00fablico\u201d, ressalta o texto.<\/p>\n<p>&#8220;Qual o papel de Malafaia no funeral da Rainha Elizabeth? Qual o papel do pastor na Assembleia-Geral da ONU? H\u00e1 muito dinheiro p\u00fablico sendo usado para financiar motociata, passeio de jetski e viagens dos apoiadores de seu governo em campanha eleitoral. Enquanto isso, no Brasil, a fome continua sendo um problema di\u00e1rio. Bolsonaro ser\u00e1 varrido da hist\u00f3ria do Brasil pelas suas maldades com o povo brasileiro\u201d, declarou S\u00e2mia Bomfim, l\u00edder do PSOL na C\u00e2mara dos Deputados.<\/p>\n","protected":false},"excerpt":{"rendered":"<p>A bancada do PSOL na C\u00e2mara dos Deputados protocolou na \u00faltima ter\u00e7a-feira (20) um requerimento de informa\u00e7\u00f5es solicitando dados oficiais sobre os gastos p\u00fablicos da comitiva presidencial em Londres, durante o funeral da Rainha Elizabeth II. O documento elenca 10 questionamentos sobre a viagem, que contou com a participa\u00e7\u00e3o do pastor Silas Malafaia e do [&hellip;]<\/p>\n","protected":false},"author":2,"featured_media":36330,"comment_status":"open","ping_status":"open","sticky":false,"template":"","format":"standard","meta":{"_acf_changed":false,"footnotes":""},"categories":[10],"tags":[4825],"class_list":{"0":"post-36327","1":"post","2":"type-post","3":"status-publish","4":"format-standard","5":"has-post-thumbnail","7":"category-acao-parlamentares","8":"tag-noticias"},"acf":[],"yoast_head":"<!-- This site is optimized with the Yoast SEO plugin v26.5 - https:\/\/yoast.com\/wordpress\/plugins\/seo\/ -->\n<title>PSOL cobra explica\u00e7\u00f5es sobre gastos da comitiva de Bolsonaro no funeral da Rainha Elizabeth II<\/title>\n<meta name=\"description\" content=\"Comitiva oficial teve, entre outros, o pastor Silas Malafaia e o Padre Paulo, que n\u00e3o desempenham qualquer fun\u00e7\u00e3o governamental.\" \/>\n<meta name=\"robots\" content=\"index, follow, max-snippet:-1, max-image-preview:large, max-video-preview:-1\" \/>\n<link rel=\"canonical\" href=\"https:\/\/psol50.org.br\/psol-cobra-explicacoes-sobre-gastos-da-comitiva-de-bolsonaro-no-funeral-da-rainha-elizabeth-ii\/\" \/>\n<meta property=\"og:locale\" content=\"pt_BR\" \/>\n<meta property=\"og:type\" content=\"article\" \/>\n<meta property=\"og:title\" content=\"PSOL cobra explica\u00e7\u00f5es sobre gastos da comitiva de Bolsonaro no funeral da Rainha Elizabeth II\" \/>\n<meta property=\"og:description\" content=\"Comitiva oficial teve, entre outros, o pastor Silas Malafaia e o Padre Paulo, que n\u00e3o desempenham qualquer fun\u00e7\u00e3o governamental.\" \/>\n<meta property=\"og:url\" content=\"https:\/\/psol50.org.br\/psol-cobra-explicacoes-sobre-gastos-da-comitiva-de-bolsonaro-no-funeral-da-rainha-elizabeth-ii\/\" \/>\n<meta property=\"og:site_name\" content=\"PSOL 50\" \/>\n<meta property=\"article:publisher\" content=\"https:\/\/www.facebook.com\/psol50\" \/>\n<meta property=\"article:published_time\" content=\"2022-09-21T14:43:39+00:00\" \/>\n<meta property=\"article:modified_time\" content=\"2022-09-26T15:38:52+00:00\" \/>\n<meta property=\"og:image\" content=\"https:\/\/psol50.org.br\/inc\/uploads\/2022\/09\/Fc5DmPhX0AEyy8X.jpeg\" \/>\n\t<meta property=\"og:image:width\" content=\"792\" \/>\n\t<meta property=\"og:image:height\" content=\"516\" \/>\n\t<meta property=\"og:image:type\" content=\"image\/jpeg\" \/>\n<meta name=\"author\" content=\"Comunica\u00e7\u00e3o PSOL\" \/>\n<meta name=\"twitter:card\" content=\"summary_large_image\" \/>\n<meta name=\"twitter:creator\" content=\"@psol50\" \/>\n<meta name=\"twitter:site\" content=\"@psol50\" \/>\n<meta name=\"twitter:label1\" content=\"Escrito por\" \/>\n\t<meta name=\"twitter:data1\" content=\"Comunica\u00e7\u00e3o PSOL\" \/>\n\t<meta name=\"twitter:label2\" content=\"Est. tempo de leitura\" \/>\n\t<meta name=\"twitter:data2\" content=\"1 minuto\" \/>\n<script type=\"application\/ld+json\" class=\"yoast-schema-graph\">{\"@context\":\"https:\/\/schema.org\",\"@graph\":[{\"@type\":\"Article\",\"@id\":\"https:\/\/psol50.org.br\/psol-cobra-explicacoes-sobre-gastos-da-comitiva-de-bolsonaro-no-funeral-da-rainha-elizabeth-ii\/#article\",\"isPartOf\":{\"@id\":\"https:\/\/psol50.org.br\/psol-cobra-explicacoes-sobre-gastos-da-comitiva-de-bolsonaro-no-funeral-da-rainha-elizabeth-ii\/\"},\"author\":{\"name\":\"Comunica\u00e7\u00e3o PSOL\",\"@id\":\"https:\/\/psol50.org.br\/#\/schema\/person\/475dfa57d0b815993c714c2e96491fcd\"},\"headline\":\"PSOL cobra explica\u00e7\u00f5es sobre gastos da comitiva de Bolsonaro no funeral da Rainha Elizabeth II\",\"datePublished\":\"2022-09-21T14:43:39+00:00\",\"dateModified\":\"2022-09-26T15:38:52+00:00\",\"mainEntityOfPage\":{\"@id\":\"https:\/\/psol50.org.br\/psol-cobra-explicacoes-sobre-gastos-da-comitiva-de-bolsonaro-no-funeral-da-rainha-elizabeth-ii\/\"},\"wordCount\":231,\"commentCount\":0,\"publisher\":{\"@id\":\"https:\/\/psol50.org.br\/#organization\"},\"image\":{\"@id\":\"https:\/\/psol50.org.br\/psol-cobra-explicacoes-sobre-gastos-da-comitiva-de-bolsonaro-no-funeral-da-rainha-elizabeth-ii\/#primaryimage\"},\"thumbnailUrl\":\"https:\/\/psol50.org.br\/inc\/uploads\/2022\/09\/Fc5DmPhX0AEyy8X.jpeg\",\"keywords\":[\"Not\u00edcias\"],\"articleSection\":[\"A\u00e7\u00e3o Parlamentar\"],\"inLanguage\":\"pt-BR\",\"potentialAction\":[{\"@type\":\"CommentAction\",\"name\":\"Comment\",\"target\":[\"https:\/\/psol50.org.br\/psol-cobra-explicacoes-sobre-gastos-da-comitiva-de-bolsonaro-no-funeral-da-rainha-elizabeth-ii\/#respond\"]}]},{\"@type\":\"WebPage\",\"@id\":\"https:\/\/psol50.org.br\/psol-cobra-explicacoes-sobre-gastos-da-comitiva-de-bolsonaro-no-funeral-da-rainha-elizabeth-ii\/\",\"url\":\"https:\/\/psol50.org.br\/psol-cobra-explicacoes-sobre-gastos-da-comitiva-de-bolsonaro-no-funeral-da-rainha-elizabeth-ii\/\",\"name\":\"PSOL cobra explica\u00e7\u00f5es sobre gastos da comitiva de Bolsonaro no funeral da Rainha Elizabeth II\",\"isPartOf\":{\"@id\":\"https:\/\/psol50.org.br\/#website\"},\"primaryImageOfPage\":{\"@id\":\"https:\/\/psol50.org.br\/psol-cobra-explicacoes-sobre-gastos-da-comitiva-de-bolsonaro-no-funeral-da-rainha-elizabeth-ii\/#primaryimage\"},\"image\":{\"@id\":\"https:\/\/psol50.org.br\/psol-cobra-explicacoes-sobre-gastos-da-comitiva-de-bolsonaro-no-funeral-da-rainha-elizabeth-ii\/#primaryimage\"},\"thumbnailUrl\":\"https:\/\/psol50.org.br\/inc\/uploads\/2022\/09\/Fc5DmPhX0AEyy8X.jpeg\",\"datePublished\":\"2022-09-21T14:43:39+00:00\",\"dateModified\":\"2022-09-26T15:38:52+00:00\",\"description\":\"Comitiva oficial teve, entre outros, o pastor Silas Malafaia e o Padre Paulo, que n\u00e3o desempenham qualquer fun\u00e7\u00e3o governamental.\",\"breadcrumb\":{\"@id\":\"https:\/\/psol50.org.br\/psol-cobra-explicacoes-sobre-gastos-da-comitiva-de-bolsonaro-no-funeral-da-rainha-elizabeth-ii\/#breadcrumb\"},\"inLanguage\":\"pt-BR\",\"potentialAction\":[{\"@type\":\"ReadAction\",\"target\":[\"https:\/\/psol50.org.br\/psol-cobra-explicacoes-sobre-gastos-da-comitiva-de-bolsonaro-no-funeral-da-rainha-elizabeth-ii\/\"]}]},{\"@type\":\"ImageObject\",\"inLanguage\":\"pt-BR\",\"@id\":\"https:\/\/psol50.org.br\/psol-cobra-explicacoes-sobre-gastos-da-comitiva-de-bolsonaro-no-funeral-da-rainha-elizabeth-ii\/#primaryimage\",\"url\":\"https:\/\/psol50.org.br\/inc\/uploads\/2022\/09\/Fc5DmPhX0AEyy8X.jpeg\",\"contentUrl\":\"https:\/\/psol50.org.br\/inc\/uploads\/2022\/09\/Fc5DmPhX0AEyy8X.jpeg\",\"width\":792,\"height\":516,\"caption\":\"Foto: Reprodu\u00e7\u00e3o\/Twitter\"},{\"@type\":\"BreadcrumbList\",\"@id\":\"https:\/\/psol50.org.br\/psol-cobra-explicacoes-sobre-gastos-da-comitiva-de-bolsonaro-no-funeral-da-rainha-elizabeth-ii\/#breadcrumb\",\"itemListElement\":[{\"@type\":\"ListItem\",\"position\":1,\"name\":\"In\u00edcio\",\"item\":\"https:\/\/psol50.org.br\/\"},{\"@type\":\"ListItem\",\"position\":2,\"name\":\"PSOL cobra explica\u00e7\u00f5es sobre gastos da comitiva de Bolsonaro no funeral da Rainha Elizabeth II\"}]},{\"@type\":\"WebSite\",\"@id\":\"https:\/\/psol50.org.br\/#website\",\"url\":\"https:\/\/psol50.org.br\/\",\"name\":\"PSOL 50\",\"description\":\"Site oficial do Partido Socialismo e Liberdade\",\"publisher\":{\"@id\":\"https:\/\/psol50.org.br\/#organization\"},\"alternateName\":\"PSOL50\",\"potentialAction\":[{\"@type\":\"SearchAction\",\"target\":{\"@type\":\"EntryPoint\",\"urlTemplate\":\"https:\/\/psol50.org.br\/?s={search_term_string}\"},\"query-input\":{\"@type\":\"PropertyValueSpecification\",\"valueRequired\":true,\"valueName\":\"search_term_string\"}}],\"inLanguage\":\"pt-BR\"},{\"@type\":\"Organization\",\"@id\":\"https:\/\/psol50.org.br\/#organization\",\"name\":\"PSOL 50\",\"alternateName\":\"PSOL 50\",\"url\":\"https:\/\/psol50.org.br\/\",\"logo\":{\"@type\":\"ImageObject\",\"inLanguage\":\"pt-BR\",\"@id\":\"https:\/\/psol50.org.br\/#\/schema\/logo\/image\/\",\"url\":\"https:\/\/psol50.org.br\/inc\/uploads\/2018\/07\/capa.png\",\"contentUrl\":\"https:\/\/psol50.org.br\/inc\/uploads\/2018\/07\/capa.png\",\"width\":1350,\"height\":900,\"caption\":\"PSOL 50\"},\"image\":{\"@id\":\"https:\/\/psol50.org.br\/#\/schema\/logo\/image\/\"},\"sameAs\":[\"https:\/\/www.facebook.com\/psol50\",\"https:\/\/x.com\/psol50\",\"https:\/\/www.instagram.com\/psol50\/\",\"https:\/\/www.youtube.com\/channel\/UC7SnJS5o1os7a6CaiNabzcg\"]},{\"@type\":\"Person\",\"@id\":\"https:\/\/psol50.org.br\/#\/schema\/person\/475dfa57d0b815993c714c2e96491fcd\",\"name\":\"Comunica\u00e7\u00e3o PSOL\",\"image\":{\"@type\":\"ImageObject\",\"inLanguage\":\"pt-BR\",\"@id\":\"https:\/\/psol50.org.br\/#\/schema\/person\/image\/\",\"url\":\"https:\/\/secure.gravatar.com\/avatar\/b34fc4f4e468a4e51785917065a3db57b841f5c95dba6ad8c73aaf8f66f8f9bf?s=96&d=mm&r=g\",\"contentUrl\":\"https:\/\/secure.gravatar.com\/avatar\/b34fc4f4e468a4e51785917065a3db57b841f5c95dba6ad8c73aaf8f66f8f9bf?s=96&d=mm&r=g\",\"caption\":\"Comunica\u00e7\u00e3o PSOL\"}}]}<\/script>\n<!-- \/ Yoast SEO plugin. -->","yoast_head_json":{"title":"PSOL cobra explica\u00e7\u00f5es sobre gastos da comitiva de Bolsonaro no funeral da Rainha Elizabeth II","description":"Comitiva oficial teve, entre outros, o pastor Silas Malafaia e o Padre Paulo, que n\u00e3o desempenham qualquer fun\u00e7\u00e3o governamental.","robots":{"index":"index","follow":"follow","max-snippet":"max-snippet:-1","max-image-preview":"max-image-preview:large","max-video-preview":"max-video-preview:-1"},"canonical":"https:\/\/psol50.org.br\/psol-cobra-explicacoes-sobre-gastos-da-comitiva-de-bolsonaro-no-funeral-da-rainha-elizabeth-ii\/","og_locale":"pt_BR","og_type":"article","og_title":"PSOL cobra explica\u00e7\u00f5es sobre gastos da comitiva de Bolsonaro no funeral da Rainha Elizabeth II","og_description":"Comitiva oficial teve, entre outros, o pastor Silas Malafaia e o Padre Paulo, que n\u00e3o desempenham qualquer fun\u00e7\u00e3o governamental.","og_url":"https:\/\/psol50.org.br\/psol-cobra-explicacoes-sobre-gastos-da-comitiva-de-bolsonaro-no-funeral-da-rainha-elizabeth-ii\/","og_site_name":"PSOL 50","article_publisher":"https:\/\/www.facebook.com\/psol50","article_published_time":"2022-09-21T14:43:39+00:00","article_modified_time":"2022-09-26T15:38:52+00:00","og_image":[{"width":792,"height":516,"url":"https:\/\/psol50.org.br\/inc\/uploads\/2022\/09\/Fc5DmPhX0AEyy8X.jpeg","type":"image\/jpeg"}],"author":"Comunica\u00e7\u00e3o PSOL","twitter_card":"summary_large_image","twitter_creator":"@psol50","twitter_site":"@psol50","twitter_misc":{"Escrito por":"Comunica\u00e7\u00e3o PSOL","Est. tempo de leitura":"1 minuto"},"schema":{"@context":"https:\/\/schema.org","@graph":[{"@type":"Article","@id":"https:\/\/psol50.org.br\/psol-cobra-explicacoes-sobre-gastos-da-comitiva-de-bolsonaro-no-funeral-da-rainha-elizabeth-ii\/#article","isPartOf":{"@id":"https:\/\/psol50.org.br\/psol-cobra-explicacoes-sobre-gastos-da-comitiva-de-bolsonaro-no-funeral-da-rainha-elizabeth-ii\/"},"author":{"name":"Comunica\u00e7\u00e3o PSOL","@id":"https:\/\/psol50.org.br\/#\/schema\/person\/475dfa57d0b815993c714c2e96491fcd"},"headline":"PSOL cobra explica\u00e7\u00f5es sobre gastos da comitiva de Bolsonaro no funeral da Rainha Elizabeth II","datePublished":"2022-09-21T14:43:39+00:00","dateModified":"2022-09-26T15:38:52+00:00","mainEntityOfPage":{"@id":"https:\/\/psol50.org.br\/psol-cobra-explicacoes-sobre-gastos-da-comitiva-de-bolsonaro-no-funeral-da-rainha-elizabeth-ii\/"},"wordCount":231,"commentCount":0,"publisher":{"@id":"https:\/\/psol50.org.br\/#organization"},"image":{"@id":"https:\/\/psol50.org.br\/psol-cobra-explicacoes-sobre-gastos-da-comitiva-de-bolsonaro-no-funeral-da-rainha-elizabeth-ii\/#primaryimage"},"thumbnailUrl":"https:\/\/psol50.org.br\/inc\/uploads\/2022\/09\/Fc5DmPhX0AEyy8X.jpeg","keywords":["Not\u00edcias"],"articleSection":["A\u00e7\u00e3o Parlamentar"],"inLanguage":"pt-BR","potentialAction":[{"@type":"CommentAction","name":"Comment","target":["https:\/\/psol50.org.br\/psol-cobra-explicacoes-sobre-gastos-da-comitiva-de-bolsonaro-no-funeral-da-rainha-elizabeth-ii\/#respond"]}]},{"@type":"WebPage","@id":"https:\/\/psol50.org.br\/psol-cobra-explicacoes-sobre-gastos-da-comitiva-de-bolsonaro-no-funeral-da-rainha-elizabeth-ii\/","url":"https:\/\/psol50.org.br\/psol-cobra-explicacoes-sobre-gastos-da-comitiva-de-bolsonaro-no-funeral-da-rainha-elizabeth-ii\/","name":"PSOL cobra explica\u00e7\u00f5es sobre gastos da comitiva de Bolsonaro no funeral da Rainha Elizabeth II","isPartOf":{"@id":"https:\/\/psol50.org.br\/#website"},"primaryImageOfPage":{"@id":"https:\/\/psol50.org.br\/psol-cobra-explicacoes-sobre-gastos-da-comitiva-de-bolsonaro-no-funeral-da-rainha-elizabeth-ii\/#primaryimage"},"image":{"@id":"https:\/\/psol50.org.br\/psol-cobra-explicacoes-sobre-gastos-da-comitiva-de-bolsonaro-no-funeral-da-rainha-elizabeth-ii\/#primaryimage"},"thumbnailUrl":"https:\/\/psol50.org.br\/inc\/uploads\/2022\/09\/Fc5DmPhX0AEyy8X.jpeg","datePublished":"2022-09-21T14:43:39+00:00","dateModified":"2022-09-26T15:38:52+00:00","description":"Comitiva oficial teve, entre outros, o pastor Silas Malafaia e o Padre Paulo, que n\u00e3o desempenham qualquer fun\u00e7\u00e3o governamental.","breadcrumb":{"@id":"https:\/\/psol50.org.br\/psol-cobra-explicacoes-sobre-gastos-da-comitiva-de-bolsonaro-no-funeral-da-rainha-elizabeth-ii\/#breadcrumb"},"inLanguage":"pt-BR","potentialAction":[{"@type":"ReadAction","target":["https:\/\/psol50.org.br\/psol-cobra-explicacoes-sobre-gastos-da-comitiva-de-bolsonaro-no-funeral-da-rainha-elizabeth-ii\/"]}]},{"@type":"ImageObject","inLanguage":"pt-BR","@id":"https:\/\/psol50.org.br\/psol-cobra-explicacoes-sobre-gastos-da-comitiva-de-bolsonaro-no-funeral-da-rainha-elizabeth-ii\/#primaryimage","url":"https:\/\/psol50.org.br\/inc\/uploads\/2022\/09\/Fc5DmPhX0AEyy8X.jpeg","contentUrl":"https:\/\/psol50.org.br\/inc\/uploads\/2022\/09\/Fc5DmPhX0AEyy8X.jpeg","width":792,"height":516,"caption":"Foto: Reprodu\u00e7\u00e3o\/Twitter"},{"@type":"BreadcrumbList","@id":"https:\/\/psol50.org.br\/psol-cobra-explicacoes-sobre-gastos-da-comitiva-de-bolsonaro-no-funeral-da-rainha-elizabeth-ii\/#breadcrumb","itemListElement":[{"@type":"ListItem","position":1,"name":"In\u00edcio","item":"https:\/\/psol50.org.br\/"},{"@type":"ListItem","position":2,"name":"PSOL cobra explica\u00e7\u00f5es sobre gastos da comitiva de Bolsonaro no funeral da Rainha Elizabeth II"}]},{"@type":"WebSite","@id":"https:\/\/psol50.org.br\/#website","url":"https:\/\/psol50.org.br\/","name":"PSOL 50","description":"Site oficial do Partido Socialismo e Liberdade","publisher":{"@id":"https:\/\/psol50.org.br\/#organization"},"alternateName":"PSOL50","potentialAction":[{"@type":"SearchAction","target":{"@type":"EntryPoint","urlTemplate":"https:\/\/psol50.org.br\/?s={search_term_string}"},"query-input":{"@type":"PropertyValueSpecification","valueRequired":true,"valueName":"search_term_string"}}],"inLanguage":"pt-BR"},{"@type":"Organization","@id":"https:\/\/psol50.org.br\/#organization","name":"PSOL 50","alternateName":"PSOL 50","url":"https:\/\/psol50.org.br\/","logo":{"@type":"ImageObject","inLanguage":"pt-BR","@id":"https:\/\/psol50.org.br\/#\/schema\/logo\/image\/","url":"https:\/\/psol50.org.br\/inc\/uploads\/2018\/07\/capa.png","contentUrl":"https:\/\/psol50.org.br\/inc\/uploads\/2018\/07\/capa.png","width":1350,"height":900,"caption":"PSOL 50"},"image":{"@id":"https:\/\/psol50.org.br\/#\/schema\/logo\/image\/"},"sameAs":["https:\/\/www.facebook.com\/psol50","https:\/\/x.com\/psol50","https:\/\/www.instagram.com\/psol50\/","https:\/\/www.youtube.com\/channel\/UC7SnJS5o1os7a6CaiNabzcg"]},{"@type":"Person","@id":"https:\/\/psol50.org.br\/#\/schema\/person\/475dfa57d0b815993c714c2e96491fcd","name":"Comunica\u00e7\u00e3o PSOL","image":{"@type":"ImageObject","inLanguage":"pt-BR","@id":"https:\/\/psol50.org.br\/#\/schema\/person\/image\/","url":"https:\/\/secure.gravatar.com\/avatar\/b34fc4f4e468a4e51785917065a3db57b841f5c95dba6ad8c73aaf8f66f8f9bf?s=96&d=mm&r=g","contentUrl":"https:\/\/secure.gravatar.com\/avatar\/b34fc4f4e468a4e51785917065a3db57b841f5c95dba6ad8c73aaf8f66f8f9bf?s=96&d=mm&r=g","caption":"Comunica\u00e7\u00e3o PSOL"}}]}},"_links":{"self":[{"href":"https:\/\/psol50.org.br\/rest\/wp\/v2\/posts\/36327","targetHints":{"allow":["GET"]}}],"collection":[{"href":"https:\/\/psol50.org.br\/rest\/wp\/v2\/posts"}],"about":[{"href":"https:\/\/psol50.org.br\/rest\/wp\/v2\/types\/post"}],"author":[{"embeddable":true,"href":"https:\/\/psol50.org.br\/rest\/wp\/v2\/users\/2"}],"replies":[{"embeddable":true,"href":"https:\/\/psol50.org.br\/rest\/wp\/v2\/comments?post=36327"}],"version-history":[{"count":2,"href":"https:\/\/psol50.org.br\/rest\/wp\/v2\/posts\/36327\/revisions"}],"predecessor-version":[{"id":36329,"href":"https:\/\/psol50.org.br\/rest\/wp\/v2\/posts\/36327\/revisions\/36329"}],"wp:featuredmedia":[{"embeddable":true,"href":"https:\/\/psol50.org.br\/rest\/wp\/v2\/media\/36330"}],"wp:attachment":[{"href":"https:\/\/psol50.org.br\/rest\/wp\/v2\/media?parent=36327"}],"wp:term":[{"taxonomy":"category","embeddable":true,"href":"https:\/\/psol50.org.br\/rest\/wp\/v2\/categories?post=36327"},{"taxonomy":"post_tag","embeddable":true,"href":"https:\/\/psol50.org.br\/rest\/wp\/v2\/tags?post=36327"}],"curies":[{"name":"wp","href":"https:\/\/api.w.org\/{rel}","templated":true}]}}