{"id":36372,"date":"2022-09-29T12:39:19","date_gmt":"2022-09-29T15:39:19","guid":{"rendered":"https:\/\/psol50.org.br\/?p=36372"},"modified":"2022-09-29T12:39:19","modified_gmt":"2022-09-29T15:39:19","slug":"eurodeputados-cobram-medidas-a-uniao-europeia-sobre-violencia-politica-no-brasil","status":"publish","type":"post","link":"https:\/\/psol50.org.br\/eurodeputados-cobram-medidas-a-uniao-europeia-sobre-violencia-politica-no-brasil\/","title":{"rendered":"Eurodeputados cobram medidas \u00e0 Uni\u00e3o Europeia sobre viol\u00eancia pol\u00edtica no Brasil"},"content":{"rendered":"<p>50 eurodeputados de esquerda, verdes, socialistas e independentes enviaram nesta quarta-feira (28) uma carta a Ursula von der Leyen, presidente da Comiss\u00e3o Europeia, o bra\u00e7o Executivo da Uni\u00e3o Europeia, e Josep Borrell, chefe da diplomacia europeia, para pedir aten\u00e7\u00e3o ao aumento da viol\u00eancia pol\u00edtica no Brasil e aos ataques a institui\u00e7\u00f5es democr\u00e1ticas.<\/p>\n<p>O texto diz que \u201cdadas as amea\u00e7as sem precedentes \u00e0s elei\u00e7\u00f5es gerais do Brasil, pedimos que se tomem medidas adicionais para deixar inequivocamente claro para o presidente Bolsonaro e seu governo que a Constitui\u00e7\u00e3o do Brasil deve ser respeitada e que tentativas de subverter as regras da democracia s\u00e3o inaceit\u00e1veis\u201d.<\/p>\n<p>No primeiro semestre, se discutiu entre o Itamaraty e o Tribunal Superior Eleitoral (TSE) a possibilidade de convidar uma miss\u00e3o se observadores da UE, mas a ideia, defendida na \u00e9poca pelo TSE, n\u00e3o prosperou.<\/p>\n<p>Na vis\u00e3o do expressivo grupo de eurodeputados que se pronunciou na carta, \u00e9 preocupante que \u201co sistema brasileiro de vota\u00e7\u00e3o eletr\u00f4nica, em vigor desde 1996 e considerado seguro e confi\u00e1vel, tem sido alvo de repetidos e infundados ataques do presidente Jair Bolsonaro\u201d.<\/p>\n<p>Os parlamentares tamb\u00e9m denunciaram \u201camea\u00e7as, intimida\u00e7\u00e3o e viol\u00eancia pol\u00edtica, incluindo amea\u00e7as de morte contra candidatos, continuam a aumentar online e offline\u201d.<\/p>\n<p>&#8220;O que estamos pedindo \u00e9 que garantam com medidas diplom\u00e1ticas e de press\u00e3o a impossibilidade de ataque \u00e0s institui\u00e7\u00f5es e normas b\u00e1sicas do Estado de Direito. E se isso acontecer, devem ser adotadas medidas urgentes&#8221;, diz Miguel Urb\u00e1n, um dos signat\u00e1rios da carta e eurodeputado pelo Anticapitalistas.<\/p>\n","protected":false},"excerpt":{"rendered":"<p>50 eurodeputados de esquerda, verdes, socialistas e independentes enviaram nesta quarta-feira (28) uma carta a Ursula von der Leyen, presidente da Comiss\u00e3o Europeia, o bra\u00e7o Executivo da Uni\u00e3o Europeia, e Josep Borrell, chefe da diplomacia europeia, para pedir aten\u00e7\u00e3o ao aumento da viol\u00eancia pol\u00edtica no Brasil e aos ataques a institui\u00e7\u00f5es democr\u00e1ticas. O texto diz [&hellip;]<\/p>\n","protected":false},"author":2,"featured_media":36089,"comment_status":"open","ping_status":"open","sticky":false,"template":"","format":"standard","meta":{"_acf_changed":false,"footnotes":""},"categories":[836],"tags":[4825],"class_list":{"0":"post-36372","1":"post","2":"type-post","3":"status-publish","4":"format-standard","5":"has-post-thumbnail","7":"category-internacional","8":"tag-noticias"},"acf":[],"yoast_head":"<!-- This site is optimized with the Yoast SEO plugin v26.5 - https:\/\/yoast.com\/wordpress\/plugins\/seo\/ -->\n<title>Eurodeputados cobram medidas \u00e0 Uni\u00e3o Europeia sobre viol\u00eancia pol\u00edtica no Brasil<\/title>\n<meta name=\"description\" content=\"Em carta, 50 parlamentares europeus pedem apoio \u00e0s institui\u00e7\u00f5es e organiza\u00e7\u00f5es da sociedade civil para o Brasil.\" \/>\n<meta name=\"robots\" content=\"index, follow, max-snippet:-1, max-image-preview:large, max-video-preview:-1\" \/>\n<link rel=\"canonical\" href=\"https:\/\/psol50.org.br\/eurodeputados-cobram-medidas-a-uniao-europeia-sobre-violencia-politica-no-brasil\/\" \/>\n<meta property=\"og:locale\" content=\"pt_BR\" \/>\n<meta property=\"og:type\" content=\"article\" \/>\n<meta property=\"og:title\" content=\"Eurodeputados cobram medidas \u00e0 Uni\u00e3o Europeia sobre viol\u00eancia pol\u00edtica no Brasil\" \/>\n<meta property=\"og:description\" content=\"Em carta, 50 parlamentares europeus pedem apoio \u00e0s institui\u00e7\u00f5es e organiza\u00e7\u00f5es da sociedade civil para o Brasil.\" \/>\n<meta property=\"og:url\" content=\"https:\/\/psol50.org.br\/eurodeputados-cobram-medidas-a-uniao-europeia-sobre-violencia-politica-no-brasil\/\" \/>\n<meta property=\"og:site_name\" content=\"PSOL 50\" \/>\n<meta property=\"article:publisher\" content=\"https:\/\/www.facebook.com\/psol50\" \/>\n<meta property=\"article:published_time\" content=\"2022-09-29T15:39:19+00:00\" \/>\n<meta property=\"og:image\" content=\"https:\/\/psol50.org.br\/inc\/uploads\/2022\/07\/20190517170552_45c502ada581f3bcf602873db84fab1f543115a5ef3956ccce43d439842df451.png\" \/>\n\t<meta property=\"og:image:width\" content=\"1067\" \/>\n\t<meta property=\"og:image:height\" content=\"600\" \/>\n\t<meta property=\"og:image:type\" content=\"image\/png\" \/>\n<meta name=\"author\" content=\"Comunica\u00e7\u00e3o PSOL\" \/>\n<meta name=\"twitter:card\" content=\"summary_large_image\" \/>\n<meta name=\"twitter:creator\" content=\"@psol50\" \/>\n<meta name=\"twitter:site\" content=\"@psol50\" \/>\n<meta name=\"twitter:label1\" content=\"Escrito por\" \/>\n\t<meta name=\"twitter:data1\" content=\"Comunica\u00e7\u00e3o PSOL\" \/>\n\t<meta name=\"twitter:label2\" content=\"Est. tempo de leitura\" \/>\n\t<meta name=\"twitter:data2\" content=\"1 minuto\" \/>\n<script type=\"application\/ld+json\" class=\"yoast-schema-graph\">{\"@context\":\"https:\/\/schema.org\",\"@graph\":[{\"@type\":\"Article\",\"@id\":\"https:\/\/psol50.org.br\/eurodeputados-cobram-medidas-a-uniao-europeia-sobre-violencia-politica-no-brasil\/#article\",\"isPartOf\":{\"@id\":\"https:\/\/psol50.org.br\/eurodeputados-cobram-medidas-a-uniao-europeia-sobre-violencia-politica-no-brasil\/\"},\"author\":{\"name\":\"Comunica\u00e7\u00e3o PSOL\",\"@id\":\"https:\/\/psol50.org.br\/#\/schema\/person\/475dfa57d0b815993c714c2e96491fcd\"},\"headline\":\"Eurodeputados cobram medidas \u00e0 Uni\u00e3o Europeia sobre viol\u00eancia pol\u00edtica no Brasil\",\"datePublished\":\"2022-09-29T15:39:19+00:00\",\"mainEntityOfPage\":{\"@id\":\"https:\/\/psol50.org.br\/eurodeputados-cobram-medidas-a-uniao-europeia-sobre-violencia-politica-no-brasil\/\"},\"wordCount\":285,\"commentCount\":0,\"publisher\":{\"@id\":\"https:\/\/psol50.org.br\/#organization\"},\"image\":{\"@id\":\"https:\/\/psol50.org.br\/eurodeputados-cobram-medidas-a-uniao-europeia-sobre-violencia-politica-no-brasil\/#primaryimage\"},\"thumbnailUrl\":\"https:\/\/psol50.org.br\/inc\/uploads\/2022\/07\/20190517170552_45c502ada581f3bcf602873db84fab1f543115a5ef3956ccce43d439842df451.png\",\"keywords\":[\"Not\u00edcias\"],\"articleSection\":[\"Internacional\"],\"inLanguage\":\"pt-BR\",\"potentialAction\":[{\"@type\":\"CommentAction\",\"name\":\"Comment\",\"target\":[\"https:\/\/psol50.org.br\/eurodeputados-cobram-medidas-a-uniao-europeia-sobre-violencia-politica-no-brasil\/#respond\"]}]},{\"@type\":\"WebPage\",\"@id\":\"https:\/\/psol50.org.br\/eurodeputados-cobram-medidas-a-uniao-europeia-sobre-violencia-politica-no-brasil\/\",\"url\":\"https:\/\/psol50.org.br\/eurodeputados-cobram-medidas-a-uniao-europeia-sobre-violencia-politica-no-brasil\/\",\"name\":\"Eurodeputados cobram medidas \u00e0 Uni\u00e3o Europeia sobre viol\u00eancia pol\u00edtica no Brasil\",\"isPartOf\":{\"@id\":\"https:\/\/psol50.org.br\/#website\"},\"primaryImageOfPage\":{\"@id\":\"https:\/\/psol50.org.br\/eurodeputados-cobram-medidas-a-uniao-europeia-sobre-violencia-politica-no-brasil\/#primaryimage\"},\"image\":{\"@id\":\"https:\/\/psol50.org.br\/eurodeputados-cobram-medidas-a-uniao-europeia-sobre-violencia-politica-no-brasil\/#primaryimage\"},\"thumbnailUrl\":\"https:\/\/psol50.org.br\/inc\/uploads\/2022\/07\/20190517170552_45c502ada581f3bcf602873db84fab1f543115a5ef3956ccce43d439842df451.png\",\"datePublished\":\"2022-09-29T15:39:19+00:00\",\"description\":\"Em carta, 50 parlamentares europeus pedem apoio \u00e0s institui\u00e7\u00f5es e organiza\u00e7\u00f5es da sociedade civil para o Brasil.\",\"breadcrumb\":{\"@id\":\"https:\/\/psol50.org.br\/eurodeputados-cobram-medidas-a-uniao-europeia-sobre-violencia-politica-no-brasil\/#breadcrumb\"},\"inLanguage\":\"pt-BR\",\"potentialAction\":[{\"@type\":\"ReadAction\",\"target\":[\"https:\/\/psol50.org.br\/eurodeputados-cobram-medidas-a-uniao-europeia-sobre-violencia-politica-no-brasil\/\"]}]},{\"@type\":\"ImageObject\",\"inLanguage\":\"pt-BR\",\"@id\":\"https:\/\/psol50.org.br\/eurodeputados-cobram-medidas-a-uniao-europeia-sobre-violencia-politica-no-brasil\/#primaryimage\",\"url\":\"https:\/\/psol50.org.br\/inc\/uploads\/2022\/07\/20190517170552_45c502ada581f3bcf602873db84fab1f543115a5ef3956ccce43d439842df451.png\",\"contentUrl\":\"https:\/\/psol50.org.br\/inc\/uploads\/2022\/07\/20190517170552_45c502ada581f3bcf602873db84fab1f543115a5ef3956ccce43d439842df451.png\",\"width\":1067,\"height\":600,\"caption\":\"Foto: Reprodu\u00e7\u00e3o\"},{\"@type\":\"BreadcrumbList\",\"@id\":\"https:\/\/psol50.org.br\/eurodeputados-cobram-medidas-a-uniao-europeia-sobre-violencia-politica-no-brasil\/#breadcrumb\",\"itemListElement\":[{\"@type\":\"ListItem\",\"position\":1,\"name\":\"In\u00edcio\",\"item\":\"https:\/\/psol50.org.br\/\"},{\"@type\":\"ListItem\",\"position\":2,\"name\":\"Eurodeputados cobram medidas \u00e0 Uni\u00e3o Europeia sobre viol\u00eancia pol\u00edtica no Brasil\"}]},{\"@type\":\"WebSite\",\"@id\":\"https:\/\/psol50.org.br\/#website\",\"url\":\"https:\/\/psol50.org.br\/\",\"name\":\"PSOL 50\",\"description\":\"Site oficial do Partido Socialismo e Liberdade\",\"publisher\":{\"@id\":\"https:\/\/psol50.org.br\/#organization\"},\"alternateName\":\"PSOL50\",\"potentialAction\":[{\"@type\":\"SearchAction\",\"target\":{\"@type\":\"EntryPoint\",\"urlTemplate\":\"https:\/\/psol50.org.br\/?s={search_term_string}\"},\"query-input\":{\"@type\":\"PropertyValueSpecification\",\"valueRequired\":true,\"valueName\":\"search_term_string\"}}],\"inLanguage\":\"pt-BR\"},{\"@type\":\"Organization\",\"@id\":\"https:\/\/psol50.org.br\/#organization\",\"name\":\"PSOL 50\",\"alternateName\":\"PSOL 50\",\"url\":\"https:\/\/psol50.org.br\/\",\"logo\":{\"@type\":\"ImageObject\",\"inLanguage\":\"pt-BR\",\"@id\":\"https:\/\/psol50.org.br\/#\/schema\/logo\/image\/\",\"url\":\"https:\/\/psol50.org.br\/inc\/uploads\/2018\/07\/capa.png\",\"contentUrl\":\"https:\/\/psol50.org.br\/inc\/uploads\/2018\/07\/capa.png\",\"width\":1350,\"height\":900,\"caption\":\"PSOL 50\"},\"image\":{\"@id\":\"https:\/\/psol50.org.br\/#\/schema\/logo\/image\/\"},\"sameAs\":[\"https:\/\/www.facebook.com\/psol50\",\"https:\/\/x.com\/psol50\",\"https:\/\/www.instagram.com\/psol50\/\",\"https:\/\/www.youtube.com\/channel\/UC7SnJS5o1os7a6CaiNabzcg\"]},{\"@type\":\"Person\",\"@id\":\"https:\/\/psol50.org.br\/#\/schema\/person\/475dfa57d0b815993c714c2e96491fcd\",\"name\":\"Comunica\u00e7\u00e3o PSOL\",\"image\":{\"@type\":\"ImageObject\",\"inLanguage\":\"pt-BR\",\"@id\":\"https:\/\/psol50.org.br\/#\/schema\/person\/image\/\",\"url\":\"https:\/\/secure.gravatar.com\/avatar\/b34fc4f4e468a4e51785917065a3db57b841f5c95dba6ad8c73aaf8f66f8f9bf?s=96&d=mm&r=g\",\"contentUrl\":\"https:\/\/secure.gravatar.com\/avatar\/b34fc4f4e468a4e51785917065a3db57b841f5c95dba6ad8c73aaf8f66f8f9bf?s=96&d=mm&r=g\",\"caption\":\"Comunica\u00e7\u00e3o PSOL\"}}]}<\/script>\n<!-- \/ Yoast SEO plugin. -->","yoast_head_json":{"title":"Eurodeputados cobram medidas \u00e0 Uni\u00e3o Europeia sobre viol\u00eancia pol\u00edtica no Brasil","description":"Em carta, 50 parlamentares europeus pedem apoio \u00e0s institui\u00e7\u00f5es e organiza\u00e7\u00f5es da sociedade civil para o Brasil.","robots":{"index":"index","follow":"follow","max-snippet":"max-snippet:-1","max-image-preview":"max-image-preview:large","max-video-preview":"max-video-preview:-1"},"canonical":"https:\/\/psol50.org.br\/eurodeputados-cobram-medidas-a-uniao-europeia-sobre-violencia-politica-no-brasil\/","og_locale":"pt_BR","og_type":"article","og_title":"Eurodeputados cobram medidas \u00e0 Uni\u00e3o Europeia sobre viol\u00eancia pol\u00edtica no Brasil","og_description":"Em carta, 50 parlamentares europeus pedem apoio \u00e0s institui\u00e7\u00f5es e organiza\u00e7\u00f5es da sociedade civil para o Brasil.","og_url":"https:\/\/psol50.org.br\/eurodeputados-cobram-medidas-a-uniao-europeia-sobre-violencia-politica-no-brasil\/","og_site_name":"PSOL 50","article_publisher":"https:\/\/www.facebook.com\/psol50","article_published_time":"2022-09-29T15:39:19+00:00","og_image":[{"width":1067,"height":600,"url":"https:\/\/psol50.org.br\/inc\/uploads\/2022\/07\/20190517170552_45c502ada581f3bcf602873db84fab1f543115a5ef3956ccce43d439842df451.png","type":"image\/png"}],"author":"Comunica\u00e7\u00e3o PSOL","twitter_card":"summary_large_image","twitter_creator":"@psol50","twitter_site":"@psol50","twitter_misc":{"Escrito por":"Comunica\u00e7\u00e3o PSOL","Est. tempo de leitura":"1 minuto"},"schema":{"@context":"https:\/\/schema.org","@graph":[{"@type":"Article","@id":"https:\/\/psol50.org.br\/eurodeputados-cobram-medidas-a-uniao-europeia-sobre-violencia-politica-no-brasil\/#article","isPartOf":{"@id":"https:\/\/psol50.org.br\/eurodeputados-cobram-medidas-a-uniao-europeia-sobre-violencia-politica-no-brasil\/"},"author":{"name":"Comunica\u00e7\u00e3o PSOL","@id":"https:\/\/psol50.org.br\/#\/schema\/person\/475dfa57d0b815993c714c2e96491fcd"},"headline":"Eurodeputados cobram medidas \u00e0 Uni\u00e3o Europeia sobre viol\u00eancia pol\u00edtica no Brasil","datePublished":"2022-09-29T15:39:19+00:00","mainEntityOfPage":{"@id":"https:\/\/psol50.org.br\/eurodeputados-cobram-medidas-a-uniao-europeia-sobre-violencia-politica-no-brasil\/"},"wordCount":285,"commentCount":0,"publisher":{"@id":"https:\/\/psol50.org.br\/#organization"},"image":{"@id":"https:\/\/psol50.org.br\/eurodeputados-cobram-medidas-a-uniao-europeia-sobre-violencia-politica-no-brasil\/#primaryimage"},"thumbnailUrl":"https:\/\/psol50.org.br\/inc\/uploads\/2022\/07\/20190517170552_45c502ada581f3bcf602873db84fab1f543115a5ef3956ccce43d439842df451.png","keywords":["Not\u00edcias"],"articleSection":["Internacional"],"inLanguage":"pt-BR","potentialAction":[{"@type":"CommentAction","name":"Comment","target":["https:\/\/psol50.org.br\/eurodeputados-cobram-medidas-a-uniao-europeia-sobre-violencia-politica-no-brasil\/#respond"]}]},{"@type":"WebPage","@id":"https:\/\/psol50.org.br\/eurodeputados-cobram-medidas-a-uniao-europeia-sobre-violencia-politica-no-brasil\/","url":"https:\/\/psol50.org.br\/eurodeputados-cobram-medidas-a-uniao-europeia-sobre-violencia-politica-no-brasil\/","name":"Eurodeputados cobram medidas \u00e0 Uni\u00e3o Europeia sobre viol\u00eancia pol\u00edtica no Brasil","isPartOf":{"@id":"https:\/\/psol50.org.br\/#website"},"primaryImageOfPage":{"@id":"https:\/\/psol50.org.br\/eurodeputados-cobram-medidas-a-uniao-europeia-sobre-violencia-politica-no-brasil\/#primaryimage"},"image":{"@id":"https:\/\/psol50.org.br\/eurodeputados-cobram-medidas-a-uniao-europeia-sobre-violencia-politica-no-brasil\/#primaryimage"},"thumbnailUrl":"https:\/\/psol50.org.br\/inc\/uploads\/2022\/07\/20190517170552_45c502ada581f3bcf602873db84fab1f543115a5ef3956ccce43d439842df451.png","datePublished":"2022-09-29T15:39:19+00:00","description":"Em carta, 50 parlamentares europeus pedem apoio \u00e0s institui\u00e7\u00f5es e organiza\u00e7\u00f5es da sociedade civil para o Brasil.","breadcrumb":{"@id":"https:\/\/psol50.org.br\/eurodeputados-cobram-medidas-a-uniao-europeia-sobre-violencia-politica-no-brasil\/#breadcrumb"},"inLanguage":"pt-BR","potentialAction":[{"@type":"ReadAction","target":["https:\/\/psol50.org.br\/eurodeputados-cobram-medidas-a-uniao-europeia-sobre-violencia-politica-no-brasil\/"]}]},{"@type":"ImageObject","inLanguage":"pt-BR","@id":"https:\/\/psol50.org.br\/eurodeputados-cobram-medidas-a-uniao-europeia-sobre-violencia-politica-no-brasil\/#primaryimage","url":"https:\/\/psol50.org.br\/inc\/uploads\/2022\/07\/20190517170552_45c502ada581f3bcf602873db84fab1f543115a5ef3956ccce43d439842df451.png","contentUrl":"https:\/\/psol50.org.br\/inc\/uploads\/2022\/07\/20190517170552_45c502ada581f3bcf602873db84fab1f543115a5ef3956ccce43d439842df451.png","width":1067,"height":600,"caption":"Foto: Reprodu\u00e7\u00e3o"},{"@type":"BreadcrumbList","@id":"https:\/\/psol50.org.br\/eurodeputados-cobram-medidas-a-uniao-europeia-sobre-violencia-politica-no-brasil\/#breadcrumb","itemListElement":[{"@type":"ListItem","position":1,"name":"In\u00edcio","item":"https:\/\/psol50.org.br\/"},{"@type":"ListItem","position":2,"name":"Eurodeputados cobram medidas \u00e0 Uni\u00e3o Europeia sobre viol\u00eancia pol\u00edtica no Brasil"}]},{"@type":"WebSite","@id":"https:\/\/psol50.org.br\/#website","url":"https:\/\/psol50.org.br\/","name":"PSOL 50","description":"Site oficial do Partido Socialismo e Liberdade","publisher":{"@id":"https:\/\/psol50.org.br\/#organization"},"alternateName":"PSOL50","potentialAction":[{"@type":"SearchAction","target":{"@type":"EntryPoint","urlTemplate":"https:\/\/psol50.org.br\/?s={search_term_string}"},"query-input":{"@type":"PropertyValueSpecification","valueRequired":true,"valueName":"search_term_string"}}],"inLanguage":"pt-BR"},{"@type":"Organization","@id":"https:\/\/psol50.org.br\/#organization","name":"PSOL 50","alternateName":"PSOL 50","url":"https:\/\/psol50.org.br\/","logo":{"@type":"ImageObject","inLanguage":"pt-BR","@id":"https:\/\/psol50.org.br\/#\/schema\/logo\/image\/","url":"https:\/\/psol50.org.br\/inc\/uploads\/2018\/07\/capa.png","contentUrl":"https:\/\/psol50.org.br\/inc\/uploads\/2018\/07\/capa.png","width":1350,"height":900,"caption":"PSOL 50"},"image":{"@id":"https:\/\/psol50.org.br\/#\/schema\/logo\/image\/"},"sameAs":["https:\/\/www.facebook.com\/psol50","https:\/\/x.com\/psol50","https:\/\/www.instagram.com\/psol50\/","https:\/\/www.youtube.com\/channel\/UC7SnJS5o1os7a6CaiNabzcg"]},{"@type":"Person","@id":"https:\/\/psol50.org.br\/#\/schema\/person\/475dfa57d0b815993c714c2e96491fcd","name":"Comunica\u00e7\u00e3o PSOL","image":{"@type":"ImageObject","inLanguage":"pt-BR","@id":"https:\/\/psol50.org.br\/#\/schema\/person\/image\/","url":"https:\/\/secure.gravatar.com\/avatar\/b34fc4f4e468a4e51785917065a3db57b841f5c95dba6ad8c73aaf8f66f8f9bf?s=96&d=mm&r=g","contentUrl":"https:\/\/secure.gravatar.com\/avatar\/b34fc4f4e468a4e51785917065a3db57b841f5c95dba6ad8c73aaf8f66f8f9bf?s=96&d=mm&r=g","caption":"Comunica\u00e7\u00e3o PSOL"}}]}},"_links":{"self":[{"href":"https:\/\/psol50.org.br\/rest\/wp\/v2\/posts\/36372","targetHints":{"allow":["GET"]}}],"collection":[{"href":"https:\/\/psol50.org.br\/rest\/wp\/v2\/posts"}],"about":[{"href":"https:\/\/psol50.org.br\/rest\/wp\/v2\/types\/post"}],"author":[{"embeddable":true,"href":"https:\/\/psol50.org.br\/rest\/wp\/v2\/users\/2"}],"replies":[{"embeddable":true,"href":"https:\/\/psol50.org.br\/rest\/wp\/v2\/comments?post=36372"}],"version-history":[{"count":2,"href":"https:\/\/psol50.org.br\/rest\/wp\/v2\/posts\/36372\/revisions"}],"predecessor-version":[{"id":36374,"href":"https:\/\/psol50.org.br\/rest\/wp\/v2\/posts\/36372\/revisions\/36374"}],"wp:featuredmedia":[{"embeddable":true,"href":"https:\/\/psol50.org.br\/rest\/wp\/v2\/media\/36089"}],"wp:attachment":[{"href":"https:\/\/psol50.org.br\/rest\/wp\/v2\/media?parent=36372"}],"wp:term":[{"taxonomy":"category","embeddable":true,"href":"https:\/\/psol50.org.br\/rest\/wp\/v2\/categories?post=36372"},{"taxonomy":"post_tag","embeddable":true,"href":"https:\/\/psol50.org.br\/rest\/wp\/v2\/tags?post=36372"}],"curies":[{"name":"wp","href":"https:\/\/api.w.org\/{rel}","templated":true}]}}