{"id":36403,"date":"2022-10-13T15:10:15","date_gmt":"2022-10-13T18:10:15","guid":{"rendered":"https:\/\/psol50.org.br\/?p=36403"},"modified":"2022-10-18T17:40:32","modified_gmt":"2022-10-18T20:40:32","slug":"psol-quer-derrubar-decreto-de-bolsonaro-que-fragiliza-protecao-as-terras-indigenas","status":"publish","type":"post","link":"https:\/\/psol50.org.br\/psol-quer-derrubar-decreto-de-bolsonaro-que-fragiliza-protecao-as-terras-indigenas\/","title":{"rendered":"PSOL quer derrubar decreto de Bolsonaro que fragiliza prote\u00e7\u00e3o \u00e0s terras ind\u00edgenas"},"content":{"rendered":"<p>A bancada do PSOL protocolou nesta semana um projeto para sustar o decreto do governo Bolsonaro que altera a estrutura da Funda\u00e7\u00e3o Nacional do \u00cdndio (Funai), extinguindo comit\u00eas regionais e o conselho fiscal. A medida fragiliza ainda mais a demarca\u00e7\u00e3o e prote\u00e7\u00e3o das terras ind\u00edgenas.<\/p>\n<p>O decreto 11.226\/2022 remaneja e transforma cargos em comiss\u00e3o em fun\u00e7\u00f5es de confian\u00e7a, extingue os comit\u00eas regionais e o conselho fiscal, bem como determina o fim das atribui\u00e7\u00f5es das coordena\u00e7\u00f5es regionais, coordena\u00e7\u00f5es das frentes de prote\u00e7\u00e3o etnoambiental e coordena\u00e7\u00f5es t\u00e9cnicas locais.<\/p>\n<p>Segundo a Articula\u00e7\u00e3o dos Povos Ind\u00edgenas (Apib), desde 2019, quando Marcelo Xavier assumiu a presid\u00eancia, a Funai atua como instrumento da pol\u00edtica anti-ind\u00edgena. A entidade publicou nota t\u00e9cnica repudiando o ato do governo.<\/p>\n<p>O decreto fere a Conven\u00e7\u00e3o 169 da Organiza\u00e7\u00e3o Internacional do Trabalho (OIT), em seu art. 6\u00ba, que determina consulta pr\u00e9via aos povos interessados.<\/p>\n<p>\u201cAo extinguir inst\u00e2ncias de participa\u00e7\u00e3o social dos povos ind\u00edgenas junto \u00e0 Funai, bem como ao suprimir atribui\u00e7\u00f5es de unidades administrativas que atuam na ponta, junto \u00e0s comunidades ind\u00edgenas, o decreto refor\u00e7a a sist\u00eamica omiss\u00e3o e atua\u00e7\u00e3o contr\u00e1ria aos direitos ind\u00edgenas\u201d, destaca o projeto do PSOL.<\/p>\n<p>Na avalia\u00e7\u00e3o da bancada, o governo Bolsonaro \u201cse omite de suas atribui\u00e7\u00f5es em rela\u00e7\u00e3o \u00e0 demarca\u00e7\u00e3o e prote\u00e7\u00e3o das terras ind\u00edgenas, bem como \u00e0 fiscaliza\u00e7\u00e3o, prote\u00e7\u00e3o e promo\u00e7\u00e3o dos direitos dos povos origin\u00e1rios.\u201d<\/p>\n","protected":false},"excerpt":{"rendered":"<p>A bancada do PSOL protocolou nesta semana um projeto para sustar o decreto do governo Bolsonaro que altera a estrutura da Funda\u00e7\u00e3o Nacional do \u00cdndio (Funai), extinguindo comit\u00eas regionais e o conselho fiscal. A medida fragiliza ainda mais a demarca\u00e7\u00e3o e prote\u00e7\u00e3o das terras ind\u00edgenas. O decreto 11.226\/2022 remaneja e transforma cargos em comiss\u00e3o em [&hellip;]<\/p>\n","protected":false},"author":2,"featured_media":25580,"comment_status":"open","ping_status":"open","sticky":false,"template":"","format":"standard","meta":{"_acf_changed":false,"footnotes":""},"categories":[10],"tags":[4825],"class_list":{"0":"post-36403","1":"post","2":"type-post","3":"status-publish","4":"format-standard","5":"has-post-thumbnail","7":"category-acao-parlamentares","8":"tag-noticias"},"acf":[],"yoast_head":"<!-- This site is optimized with the Yoast SEO plugin v26.5 - https:\/\/yoast.com\/wordpress\/plugins\/seo\/ -->\n<title>PSOL quer derrubar decreto de Bolsonaro que fragiliza prote\u00e7\u00e3o \u00e0s terras ind\u00edgenas<\/title>\n<meta name=\"description\" content=\"Decreto altera a estrutura da Funai, extinguindo comit\u00eas regionais, fragiliza a demarca\u00e7\u00e3o de terras ind\u00edgenas e fere conven\u00e7\u00f5es internacionais.\" \/>\n<meta name=\"robots\" content=\"index, follow, max-snippet:-1, max-image-preview:large, max-video-preview:-1\" \/>\n<link rel=\"canonical\" href=\"https:\/\/psol50.org.br\/psol-quer-derrubar-decreto-de-bolsonaro-que-fragiliza-protecao-as-terras-indigenas\/\" \/>\n<meta property=\"og:locale\" content=\"pt_BR\" \/>\n<meta property=\"og:type\" content=\"article\" \/>\n<meta property=\"og:title\" content=\"PSOL quer derrubar decreto de Bolsonaro que fragiliza prote\u00e7\u00e3o \u00e0s terras ind\u00edgenas\" \/>\n<meta property=\"og:description\" content=\"Decreto altera a estrutura da Funai, extinguindo comit\u00eas regionais, fragiliza a demarca\u00e7\u00e3o de terras ind\u00edgenas e fere conven\u00e7\u00f5es internacionais.\" \/>\n<meta property=\"og:url\" content=\"https:\/\/psol50.org.br\/psol-quer-derrubar-decreto-de-bolsonaro-que-fragiliza-protecao-as-terras-indigenas\/\" \/>\n<meta property=\"og:site_name\" content=\"PSOL 50\" \/>\n<meta property=\"article:publisher\" content=\"https:\/\/www.facebook.com\/psol50\" \/>\n<meta property=\"article:published_time\" content=\"2022-10-13T18:10:15+00:00\" \/>\n<meta property=\"article:modified_time\" content=\"2022-10-18T20:40:32+00:00\" \/>\n<meta property=\"og:image\" content=\"https:\/\/psol50.org.br\/inc\/uploads\/2019\/06\/indigenas-protesto-brasilia-constituicao-750x410-1.jpg\" \/>\n\t<meta property=\"og:image:width\" content=\"750\" \/>\n\t<meta property=\"og:image:height\" content=\"410\" \/>\n\t<meta property=\"og:image:type\" content=\"image\/jpeg\" \/>\n<meta name=\"author\" content=\"Comunica\u00e7\u00e3o PSOL\" \/>\n<meta name=\"twitter:card\" content=\"summary_large_image\" \/>\n<meta name=\"twitter:creator\" content=\"@psol50\" \/>\n<meta name=\"twitter:site\" content=\"@psol50\" \/>\n<meta name=\"twitter:label1\" content=\"Escrito por\" \/>\n\t<meta name=\"twitter:data1\" content=\"Comunica\u00e7\u00e3o PSOL\" \/>\n\t<meta name=\"twitter:label2\" content=\"Est. tempo de leitura\" \/>\n\t<meta name=\"twitter:data2\" content=\"1 minuto\" \/>\n<script type=\"application\/ld+json\" class=\"yoast-schema-graph\">{\"@context\":\"https:\/\/schema.org\",\"@graph\":[{\"@type\":\"Article\",\"@id\":\"https:\/\/psol50.org.br\/psol-quer-derrubar-decreto-de-bolsonaro-que-fragiliza-protecao-as-terras-indigenas\/#article\",\"isPartOf\":{\"@id\":\"https:\/\/psol50.org.br\/psol-quer-derrubar-decreto-de-bolsonaro-que-fragiliza-protecao-as-terras-indigenas\/\"},\"author\":{\"name\":\"Comunica\u00e7\u00e3o PSOL\",\"@id\":\"https:\/\/psol50.org.br\/#\/schema\/person\/475dfa57d0b815993c714c2e96491fcd\"},\"headline\":\"PSOL quer derrubar decreto de Bolsonaro que fragiliza prote\u00e7\u00e3o \u00e0s terras ind\u00edgenas\",\"datePublished\":\"2022-10-13T18:10:15+00:00\",\"dateModified\":\"2022-10-18T20:40:32+00:00\",\"mainEntityOfPage\":{\"@id\":\"https:\/\/psol50.org.br\/psol-quer-derrubar-decreto-de-bolsonaro-que-fragiliza-protecao-as-terras-indigenas\/\"},\"wordCount\":272,\"commentCount\":0,\"publisher\":{\"@id\":\"https:\/\/psol50.org.br\/#organization\"},\"image\":{\"@id\":\"https:\/\/psol50.org.br\/psol-quer-derrubar-decreto-de-bolsonaro-que-fragiliza-protecao-as-terras-indigenas\/#primaryimage\"},\"thumbnailUrl\":\"https:\/\/psol50.org.br\/inc\/uploads\/2019\/06\/indigenas-protesto-brasilia-constituicao-750x410-1.jpg\",\"keywords\":[\"Not\u00edcias\"],\"articleSection\":[\"A\u00e7\u00e3o Parlamentar\"],\"inLanguage\":\"pt-BR\",\"potentialAction\":[{\"@type\":\"CommentAction\",\"name\":\"Comment\",\"target\":[\"https:\/\/psol50.org.br\/psol-quer-derrubar-decreto-de-bolsonaro-que-fragiliza-protecao-as-terras-indigenas\/#respond\"]}]},{\"@type\":\"WebPage\",\"@id\":\"https:\/\/psol50.org.br\/psol-quer-derrubar-decreto-de-bolsonaro-que-fragiliza-protecao-as-terras-indigenas\/\",\"url\":\"https:\/\/psol50.org.br\/psol-quer-derrubar-decreto-de-bolsonaro-que-fragiliza-protecao-as-terras-indigenas\/\",\"name\":\"PSOL quer derrubar decreto de Bolsonaro que fragiliza prote\u00e7\u00e3o \u00e0s terras ind\u00edgenas\",\"isPartOf\":{\"@id\":\"https:\/\/psol50.org.br\/#website\"},\"primaryImageOfPage\":{\"@id\":\"https:\/\/psol50.org.br\/psol-quer-derrubar-decreto-de-bolsonaro-que-fragiliza-protecao-as-terras-indigenas\/#primaryimage\"},\"image\":{\"@id\":\"https:\/\/psol50.org.br\/psol-quer-derrubar-decreto-de-bolsonaro-que-fragiliza-protecao-as-terras-indigenas\/#primaryimage\"},\"thumbnailUrl\":\"https:\/\/psol50.org.br\/inc\/uploads\/2019\/06\/indigenas-protesto-brasilia-constituicao-750x410-1.jpg\",\"datePublished\":\"2022-10-13T18:10:15+00:00\",\"dateModified\":\"2022-10-18T20:40:32+00:00\",\"description\":\"Decreto altera a estrutura da Funai, extinguindo comit\u00eas regionais, fragiliza a demarca\u00e7\u00e3o de terras ind\u00edgenas e fere conven\u00e7\u00f5es internacionais.\",\"breadcrumb\":{\"@id\":\"https:\/\/psol50.org.br\/psol-quer-derrubar-decreto-de-bolsonaro-que-fragiliza-protecao-as-terras-indigenas\/#breadcrumb\"},\"inLanguage\":\"pt-BR\",\"potentialAction\":[{\"@type\":\"ReadAction\",\"target\":[\"https:\/\/psol50.org.br\/psol-quer-derrubar-decreto-de-bolsonaro-que-fragiliza-protecao-as-terras-indigenas\/\"]}]},{\"@type\":\"ImageObject\",\"inLanguage\":\"pt-BR\",\"@id\":\"https:\/\/psol50.org.br\/psol-quer-derrubar-decreto-de-bolsonaro-que-fragiliza-protecao-as-terras-indigenas\/#primaryimage\",\"url\":\"https:\/\/psol50.org.br\/inc\/uploads\/2019\/06\/indigenas-protesto-brasilia-constituicao-750x410-1.jpg\",\"contentUrl\":\"https:\/\/psol50.org.br\/inc\/uploads\/2019\/06\/indigenas-protesto-brasilia-constituicao-750x410-1.jpg\",\"width\":750,\"height\":410},{\"@type\":\"BreadcrumbList\",\"@id\":\"https:\/\/psol50.org.br\/psol-quer-derrubar-decreto-de-bolsonaro-que-fragiliza-protecao-as-terras-indigenas\/#breadcrumb\",\"itemListElement\":[{\"@type\":\"ListItem\",\"position\":1,\"name\":\"In\u00edcio\",\"item\":\"https:\/\/psol50.org.br\/\"},{\"@type\":\"ListItem\",\"position\":2,\"name\":\"PSOL quer derrubar decreto de Bolsonaro que fragiliza prote\u00e7\u00e3o \u00e0s terras ind\u00edgenas\"}]},{\"@type\":\"WebSite\",\"@id\":\"https:\/\/psol50.org.br\/#website\",\"url\":\"https:\/\/psol50.org.br\/\",\"name\":\"PSOL 50\",\"description\":\"Site oficial do Partido Socialismo e Liberdade\",\"publisher\":{\"@id\":\"https:\/\/psol50.org.br\/#organization\"},\"alternateName\":\"PSOL50\",\"potentialAction\":[{\"@type\":\"SearchAction\",\"target\":{\"@type\":\"EntryPoint\",\"urlTemplate\":\"https:\/\/psol50.org.br\/?s={search_term_string}\"},\"query-input\":{\"@type\":\"PropertyValueSpecification\",\"valueRequired\":true,\"valueName\":\"search_term_string\"}}],\"inLanguage\":\"pt-BR\"},{\"@type\":\"Organization\",\"@id\":\"https:\/\/psol50.org.br\/#organization\",\"name\":\"PSOL 50\",\"alternateName\":\"PSOL 50\",\"url\":\"https:\/\/psol50.org.br\/\",\"logo\":{\"@type\":\"ImageObject\",\"inLanguage\":\"pt-BR\",\"@id\":\"https:\/\/psol50.org.br\/#\/schema\/logo\/image\/\",\"url\":\"https:\/\/psol50.org.br\/inc\/uploads\/2018\/07\/capa.png\",\"contentUrl\":\"https:\/\/psol50.org.br\/inc\/uploads\/2018\/07\/capa.png\",\"width\":1350,\"height\":900,\"caption\":\"PSOL 50\"},\"image\":{\"@id\":\"https:\/\/psol50.org.br\/#\/schema\/logo\/image\/\"},\"sameAs\":[\"https:\/\/www.facebook.com\/psol50\",\"https:\/\/x.com\/psol50\",\"https:\/\/www.instagram.com\/psol50\/\",\"https:\/\/www.youtube.com\/channel\/UC7SnJS5o1os7a6CaiNabzcg\"]},{\"@type\":\"Person\",\"@id\":\"https:\/\/psol50.org.br\/#\/schema\/person\/475dfa57d0b815993c714c2e96491fcd\",\"name\":\"Comunica\u00e7\u00e3o PSOL\",\"image\":{\"@type\":\"ImageObject\",\"inLanguage\":\"pt-BR\",\"@id\":\"https:\/\/psol50.org.br\/#\/schema\/person\/image\/\",\"url\":\"https:\/\/secure.gravatar.com\/avatar\/b34fc4f4e468a4e51785917065a3db57b841f5c95dba6ad8c73aaf8f66f8f9bf?s=96&d=mm&r=g\",\"contentUrl\":\"https:\/\/secure.gravatar.com\/avatar\/b34fc4f4e468a4e51785917065a3db57b841f5c95dba6ad8c73aaf8f66f8f9bf?s=96&d=mm&r=g\",\"caption\":\"Comunica\u00e7\u00e3o PSOL\"}}]}<\/script>\n<!-- \/ Yoast SEO plugin. -->","yoast_head_json":{"title":"PSOL quer derrubar decreto de Bolsonaro que fragiliza prote\u00e7\u00e3o \u00e0s terras ind\u00edgenas","description":"Decreto altera a estrutura da Funai, extinguindo comit\u00eas regionais, fragiliza a demarca\u00e7\u00e3o de terras ind\u00edgenas e fere conven\u00e7\u00f5es internacionais.","robots":{"index":"index","follow":"follow","max-snippet":"max-snippet:-1","max-image-preview":"max-image-preview:large","max-video-preview":"max-video-preview:-1"},"canonical":"https:\/\/psol50.org.br\/psol-quer-derrubar-decreto-de-bolsonaro-que-fragiliza-protecao-as-terras-indigenas\/","og_locale":"pt_BR","og_type":"article","og_title":"PSOL quer derrubar decreto de Bolsonaro que fragiliza prote\u00e7\u00e3o \u00e0s terras ind\u00edgenas","og_description":"Decreto altera a estrutura da Funai, extinguindo comit\u00eas regionais, fragiliza a demarca\u00e7\u00e3o de terras ind\u00edgenas e fere conven\u00e7\u00f5es internacionais.","og_url":"https:\/\/psol50.org.br\/psol-quer-derrubar-decreto-de-bolsonaro-que-fragiliza-protecao-as-terras-indigenas\/","og_site_name":"PSOL 50","article_publisher":"https:\/\/www.facebook.com\/psol50","article_published_time":"2022-10-13T18:10:15+00:00","article_modified_time":"2022-10-18T20:40:32+00:00","og_image":[{"width":750,"height":410,"url":"https:\/\/psol50.org.br\/inc\/uploads\/2019\/06\/indigenas-protesto-brasilia-constituicao-750x410-1.jpg","type":"image\/jpeg"}],"author":"Comunica\u00e7\u00e3o PSOL","twitter_card":"summary_large_image","twitter_creator":"@psol50","twitter_site":"@psol50","twitter_misc":{"Escrito por":"Comunica\u00e7\u00e3o PSOL","Est. tempo de leitura":"1 minuto"},"schema":{"@context":"https:\/\/schema.org","@graph":[{"@type":"Article","@id":"https:\/\/psol50.org.br\/psol-quer-derrubar-decreto-de-bolsonaro-que-fragiliza-protecao-as-terras-indigenas\/#article","isPartOf":{"@id":"https:\/\/psol50.org.br\/psol-quer-derrubar-decreto-de-bolsonaro-que-fragiliza-protecao-as-terras-indigenas\/"},"author":{"name":"Comunica\u00e7\u00e3o PSOL","@id":"https:\/\/psol50.org.br\/#\/schema\/person\/475dfa57d0b815993c714c2e96491fcd"},"headline":"PSOL quer derrubar decreto de Bolsonaro que fragiliza prote\u00e7\u00e3o \u00e0s terras ind\u00edgenas","datePublished":"2022-10-13T18:10:15+00:00","dateModified":"2022-10-18T20:40:32+00:00","mainEntityOfPage":{"@id":"https:\/\/psol50.org.br\/psol-quer-derrubar-decreto-de-bolsonaro-que-fragiliza-protecao-as-terras-indigenas\/"},"wordCount":272,"commentCount":0,"publisher":{"@id":"https:\/\/psol50.org.br\/#organization"},"image":{"@id":"https:\/\/psol50.org.br\/psol-quer-derrubar-decreto-de-bolsonaro-que-fragiliza-protecao-as-terras-indigenas\/#primaryimage"},"thumbnailUrl":"https:\/\/psol50.org.br\/inc\/uploads\/2019\/06\/indigenas-protesto-brasilia-constituicao-750x410-1.jpg","keywords":["Not\u00edcias"],"articleSection":["A\u00e7\u00e3o Parlamentar"],"inLanguage":"pt-BR","potentialAction":[{"@type":"CommentAction","name":"Comment","target":["https:\/\/psol50.org.br\/psol-quer-derrubar-decreto-de-bolsonaro-que-fragiliza-protecao-as-terras-indigenas\/#respond"]}]},{"@type":"WebPage","@id":"https:\/\/psol50.org.br\/psol-quer-derrubar-decreto-de-bolsonaro-que-fragiliza-protecao-as-terras-indigenas\/","url":"https:\/\/psol50.org.br\/psol-quer-derrubar-decreto-de-bolsonaro-que-fragiliza-protecao-as-terras-indigenas\/","name":"PSOL quer derrubar decreto de Bolsonaro que fragiliza prote\u00e7\u00e3o \u00e0s terras ind\u00edgenas","isPartOf":{"@id":"https:\/\/psol50.org.br\/#website"},"primaryImageOfPage":{"@id":"https:\/\/psol50.org.br\/psol-quer-derrubar-decreto-de-bolsonaro-que-fragiliza-protecao-as-terras-indigenas\/#primaryimage"},"image":{"@id":"https:\/\/psol50.org.br\/psol-quer-derrubar-decreto-de-bolsonaro-que-fragiliza-protecao-as-terras-indigenas\/#primaryimage"},"thumbnailUrl":"https:\/\/psol50.org.br\/inc\/uploads\/2019\/06\/indigenas-protesto-brasilia-constituicao-750x410-1.jpg","datePublished":"2022-10-13T18:10:15+00:00","dateModified":"2022-10-18T20:40:32+00:00","description":"Decreto altera a estrutura da Funai, extinguindo comit\u00eas regionais, fragiliza a demarca\u00e7\u00e3o de terras ind\u00edgenas e fere conven\u00e7\u00f5es internacionais.","breadcrumb":{"@id":"https:\/\/psol50.org.br\/psol-quer-derrubar-decreto-de-bolsonaro-que-fragiliza-protecao-as-terras-indigenas\/#breadcrumb"},"inLanguage":"pt-BR","potentialAction":[{"@type":"ReadAction","target":["https:\/\/psol50.org.br\/psol-quer-derrubar-decreto-de-bolsonaro-que-fragiliza-protecao-as-terras-indigenas\/"]}]},{"@type":"ImageObject","inLanguage":"pt-BR","@id":"https:\/\/psol50.org.br\/psol-quer-derrubar-decreto-de-bolsonaro-que-fragiliza-protecao-as-terras-indigenas\/#primaryimage","url":"https:\/\/psol50.org.br\/inc\/uploads\/2019\/06\/indigenas-protesto-brasilia-constituicao-750x410-1.jpg","contentUrl":"https:\/\/psol50.org.br\/inc\/uploads\/2019\/06\/indigenas-protesto-brasilia-constituicao-750x410-1.jpg","width":750,"height":410},{"@type":"BreadcrumbList","@id":"https:\/\/psol50.org.br\/psol-quer-derrubar-decreto-de-bolsonaro-que-fragiliza-protecao-as-terras-indigenas\/#breadcrumb","itemListElement":[{"@type":"ListItem","position":1,"name":"In\u00edcio","item":"https:\/\/psol50.org.br\/"},{"@type":"ListItem","position":2,"name":"PSOL quer derrubar decreto de Bolsonaro que fragiliza prote\u00e7\u00e3o \u00e0s terras ind\u00edgenas"}]},{"@type":"WebSite","@id":"https:\/\/psol50.org.br\/#website","url":"https:\/\/psol50.org.br\/","name":"PSOL 50","description":"Site oficial do Partido Socialismo e Liberdade","publisher":{"@id":"https:\/\/psol50.org.br\/#organization"},"alternateName":"PSOL50","potentialAction":[{"@type":"SearchAction","target":{"@type":"EntryPoint","urlTemplate":"https:\/\/psol50.org.br\/?s={search_term_string}"},"query-input":{"@type":"PropertyValueSpecification","valueRequired":true,"valueName":"search_term_string"}}],"inLanguage":"pt-BR"},{"@type":"Organization","@id":"https:\/\/psol50.org.br\/#organization","name":"PSOL 50","alternateName":"PSOL 50","url":"https:\/\/psol50.org.br\/","logo":{"@type":"ImageObject","inLanguage":"pt-BR","@id":"https:\/\/psol50.org.br\/#\/schema\/logo\/image\/","url":"https:\/\/psol50.org.br\/inc\/uploads\/2018\/07\/capa.png","contentUrl":"https:\/\/psol50.org.br\/inc\/uploads\/2018\/07\/capa.png","width":1350,"height":900,"caption":"PSOL 50"},"image":{"@id":"https:\/\/psol50.org.br\/#\/schema\/logo\/image\/"},"sameAs":["https:\/\/www.facebook.com\/psol50","https:\/\/x.com\/psol50","https:\/\/www.instagram.com\/psol50\/","https:\/\/www.youtube.com\/channel\/UC7SnJS5o1os7a6CaiNabzcg"]},{"@type":"Person","@id":"https:\/\/psol50.org.br\/#\/schema\/person\/475dfa57d0b815993c714c2e96491fcd","name":"Comunica\u00e7\u00e3o PSOL","image":{"@type":"ImageObject","inLanguage":"pt-BR","@id":"https:\/\/psol50.org.br\/#\/schema\/person\/image\/","url":"https:\/\/secure.gravatar.com\/avatar\/b34fc4f4e468a4e51785917065a3db57b841f5c95dba6ad8c73aaf8f66f8f9bf?s=96&d=mm&r=g","contentUrl":"https:\/\/secure.gravatar.com\/avatar\/b34fc4f4e468a4e51785917065a3db57b841f5c95dba6ad8c73aaf8f66f8f9bf?s=96&d=mm&r=g","caption":"Comunica\u00e7\u00e3o PSOL"}}]}},"_links":{"self":[{"href":"https:\/\/psol50.org.br\/rest\/wp\/v2\/posts\/36403","targetHints":{"allow":["GET"]}}],"collection":[{"href":"https:\/\/psol50.org.br\/rest\/wp\/v2\/posts"}],"about":[{"href":"https:\/\/psol50.org.br\/rest\/wp\/v2\/types\/post"}],"author":[{"embeddable":true,"href":"https:\/\/psol50.org.br\/rest\/wp\/v2\/users\/2"}],"replies":[{"embeddable":true,"href":"https:\/\/psol50.org.br\/rest\/wp\/v2\/comments?post=36403"}],"version-history":[{"count":2,"href":"https:\/\/psol50.org.br\/rest\/wp\/v2\/posts\/36403\/revisions"}],"predecessor-version":[{"id":36405,"href":"https:\/\/psol50.org.br\/rest\/wp\/v2\/posts\/36403\/revisions\/36405"}],"wp:featuredmedia":[{"embeddable":true,"href":"https:\/\/psol50.org.br\/rest\/wp\/v2\/media\/25580"}],"wp:attachment":[{"href":"https:\/\/psol50.org.br\/rest\/wp\/v2\/media?parent=36403"}],"wp:term":[{"taxonomy":"category","embeddable":true,"href":"https:\/\/psol50.org.br\/rest\/wp\/v2\/categories?post=36403"},{"taxonomy":"post_tag","embeddable":true,"href":"https:\/\/psol50.org.br\/rest\/wp\/v2\/tags?post=36403"}],"curies":[{"name":"wp","href":"https:\/\/api.w.org\/{rel}","templated":true}]}}