{"id":36406,"date":"2022-10-14T15:15:49","date_gmt":"2022-10-14T18:15:49","guid":{"rendered":"https:\/\/psol50.org.br\/?p=36406"},"modified":"2022-10-25T16:55:57","modified_gmt":"2022-10-25T19:55:57","slug":"radar-internacional-psol-e-fundacao-lauro-campos-e-marielle-franco-lancam-iniciativa-internacionalista","status":"publish","type":"post","link":"https:\/\/psol50.org.br\/radar-internacional-psol-e-fundacao-lauro-campos-e-marielle-franco-lancam-iniciativa-internacionalista\/","title":{"rendered":"Radar Internacional: PSOL e Funda\u00e7\u00e3o Lauro Campos e Marielle Franco lan\u00e7am iniciativa internacionalista"},"content":{"rendered":"<p>A Secretaria de Rela\u00e7\u00f5es Internacionais do PSOL, em parceria com a Funda\u00e7\u00e3o Lauro Campos e Marielle Franco e a Usina Editorial, est\u00e1 lan\u00e7ando nesta semana o Radar Internacional, iniciativa criada para divulgar as principais not\u00edcias e opini\u00f5es sobre resist\u00eancias populares na Am\u00e9rica Latina e em outras partes do globo.<\/p>\n<p>O espa\u00e7o, que tamb\u00e9m contar\u00e1 com\u00a0opini\u00f5es diversas e plurais sobre teoria e conjuntura internacional para contribuir para a reflex\u00e3o pol\u00edtica e ideol\u00f3gica da esquerda brasileira, tem como miss\u00e3o ser um espa\u00e7o para ideias internacionalistas que articule dirigentes, filiados e simpatizantes do PSOL, lideran\u00e7as e ativistas de movimentos sociais e intelectuais brasileiros com parceiros de outros pa\u00edses.<\/p>\n<blockquote class=\"instagram-media\" style=\"background: #FFF; border: 0; border-radius: 3px; box-shadow: 0 0 1px 0 rgba(0,0,0,0.5),0 1px 10px 0 rgba(0,0,0,0.15); margin: 1px; max-width: 540px; min-width: 326px; padding: 0; width: calc(100% - 2px);\" data-instgrm-captioned=\"\" data-instgrm-permalink=\"https:\/\/www.instagram.com\/p\/CjsX_OUOCBr\/?utm_source=ig_embed&amp;utm_campaign=loading\" data-instgrm-version=\"14\">\n<div style=\"padding: 16px;\">\n<p>&nbsp;<\/p>\n<div style=\"display: flex; flex-direction: row; align-items: center;\">\n<div style=\"background-color: #f4f4f4; border-radius: 50%; flex-grow: 0; height: 40px; margin-right: 14px; width: 40px;\"><\/div>\n<div style=\"display: flex; flex-direction: column; flex-grow: 1; justify-content: center;\">\n<div style=\"background-color: #f4f4f4; border-radius: 4px; flex-grow: 0; height: 14px; margin-bottom: 6px; width: 100px;\"><\/div>\n<div style=\"background-color: #f4f4f4; border-radius: 4px; flex-grow: 0; height: 14px; width: 60px;\"><\/div>\n<\/div>\n<\/div>\n<div style=\"padding: 19% 0;\"><\/div>\n<div style=\"display: block; height: 50px; margin: 0 auto 12px; width: 50px;\"><\/div>\n<div style=\"padding-top: 8px;\">\n<div style=\"color: #3897f0; font-family: Arial,sans-serif; font-size: 14px; font-style: normal; font-weight: 550; line-height: 18px;\">Ver essa foto no Instagram<\/div>\n<\/div>\n<div style=\"padding: 12.5% 0;\"><\/div>\n<div style=\"display: flex; flex-direction: row; margin-bottom: 14px; align-items: center;\">\n<div>\n<div style=\"background-color: #f4f4f4; border-radius: 50%; height: 12.5px; width: 12.5px; transform: translateX(0px) translateY(7px);\"><\/div>\n<div style=\"background-color: #f4f4f4; height: 12.5px; transform: rotate(-45deg) translateX(3px) translateY(1px); width: 12.5px; flex-grow: 0; margin-right: 14px; margin-left: 2px;\"><\/div>\n<div style=\"background-color: #f4f4f4; border-radius: 50%; height: 12.5px; width: 12.5px; transform: translateX(9px) translateY(-18px);\"><\/div>\n<\/div>\n<div style=\"margin-left: 8px;\">\n<div style=\"background-color: #f4f4f4; border-radius: 50%; flex-grow: 0; height: 20px; width: 20px;\"><\/div>\n<div style=\"width: 0; height: 0; border-top: 2px solid transparent; border-left: 6px solid #f4f4f4; border-bottom: 2px solid transparent; transform: translateX(16px) translateY(-4px) rotate(30deg);\"><\/div>\n<\/div>\n<div style=\"margin-left: auto;\">\n<div style=\"width: 0px; border-top: 8px solid #F4F4F4; border-right: 8px solid transparent; transform: translateY(16px);\"><\/div>\n<div style=\"background-color: #f4f4f4; flex-grow: 0; height: 12px; width: 16px; transform: translateY(-4px);\"><\/div>\n<div style=\"width: 0; height: 0; border-top: 8px solid #F4F4F4; border-left: 8px solid transparent; transform: translateY(-4px) translateX(8px);\"><\/div>\n<\/div>\n<\/div>\n<div style=\"display: flex; flex-direction: column; flex-grow: 1; justify-content: center; margin-bottom: 24px;\">\n<div style=\"background-color: #f4f4f4; border-radius: 4px; flex-grow: 0; height: 14px; margin-bottom: 6px; width: 224px;\"><\/div>\n<div style=\"background-color: #f4f4f4; border-radius: 4px; flex-grow: 0; height: 14px; width: 144px;\"><\/div>\n<\/div>\n<p>&nbsp;<\/p>\n<p style=\"color: #c9c8cd; font-family: Arial,sans-serif; font-size: 14px; line-height: 17px; margin-bottom: 0; margin-top: 8px; overflow: hidden; padding: 8px 0 7px; text-align: center; text-overflow: ellipsis; white-space: nowrap;\"><a style=\"color: #c9c8cd; font-family: Arial,sans-serif; font-size: 14px; font-style: normal; font-weight: normal; line-height: 17px; text-decoration: none;\" href=\"https:\/\/www.instagram.com\/p\/CjsX_OUOCBr\/?utm_source=ig_embed&amp;utm_campaign=loading\" target=\"_blank\" rel=\"noopener\">Uma publica\u00e7\u00e3o compartilhada por Radar Internacional Psol (@radar_internacional)<\/a><\/p>\n<\/div>\n<\/blockquote>\n<p><script async src=\"\/\/www.instagram.com\/embed.js\"><\/script><\/p>\n<p>A \u00eanfase na Am\u00e9rica Latina busca a divulga\u00e7\u00e3o na regi\u00e3o, sem preju\u00edzo de outras partes do globo, das principais mobiliza\u00e7\u00f5es da classe trabalhadora, dos povos oprimidos, as resist\u00eancias populares, ind\u00edgenas, afrodiasp\u00f3ricas, feministas e anticoloniais.<\/p>\n<p>A iniciativa, por fim, busca fortalecer os la\u00e7os de solidariedade ativa entre os povos oprimidos e explorados do mundo.<\/p>\n","protected":false},"excerpt":{"rendered":"<p>A Secretaria de Rela\u00e7\u00f5es Internacionais do PSOL, em parceria com a Funda\u00e7\u00e3o Lauro Campos e Marielle Franco e a Usina Editorial, est\u00e1 lan\u00e7ando nesta semana o Radar Internacional, iniciativa criada para divulgar as principais not\u00edcias e opini\u00f5es sobre resist\u00eancias populares na Am\u00e9rica Latina e em outras partes do globo. O espa\u00e7o, que tamb\u00e9m contar\u00e1 com\u00a0opini\u00f5es [&hellip;]<\/p>\n","protected":false},"author":2,"featured_media":36409,"comment_status":"open","ping_status":"open","sticky":false,"template":"","format":"standard","meta":{"_acf_changed":false,"footnotes":""},"categories":[14],"tags":[4825],"class_list":{"0":"post-36406","1":"post","2":"type-post","3":"status-publish","4":"format-standard","5":"has-post-thumbnail","7":"category-partido","8":"tag-noticias"},"acf":[],"yoast_head":"<!-- This site is optimized with the Yoast SEO plugin v26.5 - https:\/\/yoast.com\/wordpress\/plugins\/seo\/ -->\n<title>Radar Internacional: PSOL e Funda\u00e7\u00e3o Lauro Campos e Marielle Franco lan\u00e7am iniciativa internacionalista<\/title>\n<meta name=\"description\" content=\"Projeto vai acompanhar iniciativas de esquerda e populares na Am\u00e9rica Latina e em outras partes do planeta.\" \/>\n<meta name=\"robots\" content=\"index, follow, max-snippet:-1, max-image-preview:large, max-video-preview:-1\" \/>\n<link rel=\"canonical\" href=\"https:\/\/psol50.org.br\/radar-internacional-psol-e-fundacao-lauro-campos-e-marielle-franco-lancam-iniciativa-internacionalista\/\" \/>\n<meta property=\"og:locale\" content=\"pt_BR\" \/>\n<meta property=\"og:type\" content=\"article\" \/>\n<meta property=\"og:title\" content=\"Radar Internacional: PSOL e Funda\u00e7\u00e3o Lauro Campos e Marielle Franco lan\u00e7am iniciativa internacionalista\" \/>\n<meta property=\"og:description\" content=\"Projeto vai acompanhar iniciativas de esquerda e populares na Am\u00e9rica Latina e em outras partes do planeta.\" \/>\n<meta property=\"og:url\" content=\"https:\/\/psol50.org.br\/radar-internacional-psol-e-fundacao-lauro-campos-e-marielle-franco-lancam-iniciativa-internacionalista\/\" \/>\n<meta property=\"og:site_name\" content=\"PSOL 50\" \/>\n<meta property=\"article:publisher\" content=\"https:\/\/www.facebook.com\/psol50\" \/>\n<meta property=\"article:published_time\" content=\"2022-10-14T18:15:49+00:00\" \/>\n<meta property=\"article:modified_time\" content=\"2022-10-25T19:55:57+00:00\" \/>\n<meta property=\"og:image\" content=\"https:\/\/psol50.org.br\/inc\/uploads\/2022\/10\/Captura-de-Tela-2022-10-14-a\u0300s-15.15.07.png\" \/>\n\t<meta property=\"og:image:width\" content=\"1004\" \/>\n\t<meta property=\"og:image:height\" content=\"564\" \/>\n\t<meta property=\"og:image:type\" content=\"image\/png\" \/>\n<meta name=\"author\" content=\"Comunica\u00e7\u00e3o PSOL\" \/>\n<meta name=\"twitter:card\" content=\"summary_large_image\" \/>\n<meta name=\"twitter:creator\" content=\"@psol50\" \/>\n<meta name=\"twitter:site\" content=\"@psol50\" \/>\n<meta name=\"twitter:label1\" content=\"Escrito por\" \/>\n\t<meta name=\"twitter:data1\" content=\"Comunica\u00e7\u00e3o PSOL\" \/>\n\t<meta name=\"twitter:label2\" content=\"Est. tempo de leitura\" \/>\n\t<meta name=\"twitter:data2\" content=\"1 minuto\" \/>\n<script type=\"application\/ld+json\" class=\"yoast-schema-graph\">{\"@context\":\"https:\/\/schema.org\",\"@graph\":[{\"@type\":\"Article\",\"@id\":\"https:\/\/psol50.org.br\/radar-internacional-psol-e-fundacao-lauro-campos-e-marielle-franco-lancam-iniciativa-internacionalista\/#article\",\"isPartOf\":{\"@id\":\"https:\/\/psol50.org.br\/radar-internacional-psol-e-fundacao-lauro-campos-e-marielle-franco-lancam-iniciativa-internacionalista\/\"},\"author\":{\"name\":\"Comunica\u00e7\u00e3o PSOL\",\"@id\":\"https:\/\/psol50.org.br\/#\/schema\/person\/475dfa57d0b815993c714c2e96491fcd\"},\"headline\":\"Radar Internacional: PSOL e Funda\u00e7\u00e3o Lauro Campos e Marielle Franco lan\u00e7am iniciativa internacionalista\",\"datePublished\":\"2022-10-14T18:15:49+00:00\",\"dateModified\":\"2022-10-25T19:55:57+00:00\",\"mainEntityOfPage\":{\"@id\":\"https:\/\/psol50.org.br\/radar-internacional-psol-e-fundacao-lauro-campos-e-marielle-franco-lancam-iniciativa-internacionalista\/\"},\"wordCount\":217,\"commentCount\":0,\"publisher\":{\"@id\":\"https:\/\/psol50.org.br\/#organization\"},\"image\":{\"@id\":\"https:\/\/psol50.org.br\/radar-internacional-psol-e-fundacao-lauro-campos-e-marielle-franco-lancam-iniciativa-internacionalista\/#primaryimage\"},\"thumbnailUrl\":\"https:\/\/psol50.org.br\/inc\/uploads\/2022\/10\/Captura-de-Tela-2022-10-14-a\u0300s-15.15.07.png\",\"keywords\":[\"Not\u00edcias\"],\"articleSection\":[\"Partido\"],\"inLanguage\":\"pt-BR\",\"potentialAction\":[{\"@type\":\"CommentAction\",\"name\":\"Comment\",\"target\":[\"https:\/\/psol50.org.br\/radar-internacional-psol-e-fundacao-lauro-campos-e-marielle-franco-lancam-iniciativa-internacionalista\/#respond\"]}]},{\"@type\":\"WebPage\",\"@id\":\"https:\/\/psol50.org.br\/radar-internacional-psol-e-fundacao-lauro-campos-e-marielle-franco-lancam-iniciativa-internacionalista\/\",\"url\":\"https:\/\/psol50.org.br\/radar-internacional-psol-e-fundacao-lauro-campos-e-marielle-franco-lancam-iniciativa-internacionalista\/\",\"name\":\"Radar Internacional: PSOL e Funda\u00e7\u00e3o Lauro Campos e Marielle Franco lan\u00e7am iniciativa internacionalista\",\"isPartOf\":{\"@id\":\"https:\/\/psol50.org.br\/#website\"},\"primaryImageOfPage\":{\"@id\":\"https:\/\/psol50.org.br\/radar-internacional-psol-e-fundacao-lauro-campos-e-marielle-franco-lancam-iniciativa-internacionalista\/#primaryimage\"},\"image\":{\"@id\":\"https:\/\/psol50.org.br\/radar-internacional-psol-e-fundacao-lauro-campos-e-marielle-franco-lancam-iniciativa-internacionalista\/#primaryimage\"},\"thumbnailUrl\":\"https:\/\/psol50.org.br\/inc\/uploads\/2022\/10\/Captura-de-Tela-2022-10-14-a\u0300s-15.15.07.png\",\"datePublished\":\"2022-10-14T18:15:49+00:00\",\"dateModified\":\"2022-10-25T19:55:57+00:00\",\"description\":\"Projeto vai acompanhar iniciativas de esquerda e populares na Am\u00e9rica Latina e em outras partes do planeta.\",\"breadcrumb\":{\"@id\":\"https:\/\/psol50.org.br\/radar-internacional-psol-e-fundacao-lauro-campos-e-marielle-franco-lancam-iniciativa-internacionalista\/#breadcrumb\"},\"inLanguage\":\"pt-BR\",\"potentialAction\":[{\"@type\":\"ReadAction\",\"target\":[\"https:\/\/psol50.org.br\/radar-internacional-psol-e-fundacao-lauro-campos-e-marielle-franco-lancam-iniciativa-internacionalista\/\"]}]},{\"@type\":\"ImageObject\",\"inLanguage\":\"pt-BR\",\"@id\":\"https:\/\/psol50.org.br\/radar-internacional-psol-e-fundacao-lauro-campos-e-marielle-franco-lancam-iniciativa-internacionalista\/#primaryimage\",\"url\":\"https:\/\/psol50.org.br\/inc\/uploads\/2022\/10\/Captura-de-Tela-2022-10-14-a\u0300s-15.15.07.png\",\"contentUrl\":\"https:\/\/psol50.org.br\/inc\/uploads\/2022\/10\/Captura-de-Tela-2022-10-14-a\u0300s-15.15.07.png\",\"width\":1004,\"height\":564},{\"@type\":\"BreadcrumbList\",\"@id\":\"https:\/\/psol50.org.br\/radar-internacional-psol-e-fundacao-lauro-campos-e-marielle-franco-lancam-iniciativa-internacionalista\/#breadcrumb\",\"itemListElement\":[{\"@type\":\"ListItem\",\"position\":1,\"name\":\"In\u00edcio\",\"item\":\"https:\/\/psol50.org.br\/\"},{\"@type\":\"ListItem\",\"position\":2,\"name\":\"Radar Internacional: PSOL e Funda\u00e7\u00e3o Lauro Campos e Marielle Franco lan\u00e7am iniciativa internacionalista\"}]},{\"@type\":\"WebSite\",\"@id\":\"https:\/\/psol50.org.br\/#website\",\"url\":\"https:\/\/psol50.org.br\/\",\"name\":\"PSOL 50\",\"description\":\"Site oficial do Partido Socialismo e Liberdade\",\"publisher\":{\"@id\":\"https:\/\/psol50.org.br\/#organization\"},\"alternateName\":\"PSOL50\",\"potentialAction\":[{\"@type\":\"SearchAction\",\"target\":{\"@type\":\"EntryPoint\",\"urlTemplate\":\"https:\/\/psol50.org.br\/?s={search_term_string}\"},\"query-input\":{\"@type\":\"PropertyValueSpecification\",\"valueRequired\":true,\"valueName\":\"search_term_string\"}}],\"inLanguage\":\"pt-BR\"},{\"@type\":\"Organization\",\"@id\":\"https:\/\/psol50.org.br\/#organization\",\"name\":\"PSOL 50\",\"alternateName\":\"PSOL 50\",\"url\":\"https:\/\/psol50.org.br\/\",\"logo\":{\"@type\":\"ImageObject\",\"inLanguage\":\"pt-BR\",\"@id\":\"https:\/\/psol50.org.br\/#\/schema\/logo\/image\/\",\"url\":\"https:\/\/psol50.org.br\/inc\/uploads\/2018\/07\/capa.png\",\"contentUrl\":\"https:\/\/psol50.org.br\/inc\/uploads\/2018\/07\/capa.png\",\"width\":1350,\"height\":900,\"caption\":\"PSOL 50\"},\"image\":{\"@id\":\"https:\/\/psol50.org.br\/#\/schema\/logo\/image\/\"},\"sameAs\":[\"https:\/\/www.facebook.com\/psol50\",\"https:\/\/x.com\/psol50\",\"https:\/\/www.instagram.com\/psol50\/\",\"https:\/\/www.youtube.com\/channel\/UC7SnJS5o1os7a6CaiNabzcg\"]},{\"@type\":\"Person\",\"@id\":\"https:\/\/psol50.org.br\/#\/schema\/person\/475dfa57d0b815993c714c2e96491fcd\",\"name\":\"Comunica\u00e7\u00e3o PSOL\",\"image\":{\"@type\":\"ImageObject\",\"inLanguage\":\"pt-BR\",\"@id\":\"https:\/\/psol50.org.br\/#\/schema\/person\/image\/\",\"url\":\"https:\/\/secure.gravatar.com\/avatar\/b34fc4f4e468a4e51785917065a3db57b841f5c95dba6ad8c73aaf8f66f8f9bf?s=96&d=mm&r=g\",\"contentUrl\":\"https:\/\/secure.gravatar.com\/avatar\/b34fc4f4e468a4e51785917065a3db57b841f5c95dba6ad8c73aaf8f66f8f9bf?s=96&d=mm&r=g\",\"caption\":\"Comunica\u00e7\u00e3o PSOL\"}}]}<\/script>\n<!-- \/ Yoast SEO plugin. -->","yoast_head_json":{"title":"Radar Internacional: PSOL e Funda\u00e7\u00e3o Lauro Campos e Marielle Franco lan\u00e7am iniciativa internacionalista","description":"Projeto vai acompanhar iniciativas de esquerda e populares na Am\u00e9rica Latina e em outras partes do planeta.","robots":{"index":"index","follow":"follow","max-snippet":"max-snippet:-1","max-image-preview":"max-image-preview:large","max-video-preview":"max-video-preview:-1"},"canonical":"https:\/\/psol50.org.br\/radar-internacional-psol-e-fundacao-lauro-campos-e-marielle-franco-lancam-iniciativa-internacionalista\/","og_locale":"pt_BR","og_type":"article","og_title":"Radar Internacional: PSOL e Funda\u00e7\u00e3o Lauro Campos e Marielle Franco lan\u00e7am iniciativa internacionalista","og_description":"Projeto vai acompanhar iniciativas de esquerda e populares na Am\u00e9rica Latina e em outras partes do planeta.","og_url":"https:\/\/psol50.org.br\/radar-internacional-psol-e-fundacao-lauro-campos-e-marielle-franco-lancam-iniciativa-internacionalista\/","og_site_name":"PSOL 50","article_publisher":"https:\/\/www.facebook.com\/psol50","article_published_time":"2022-10-14T18:15:49+00:00","article_modified_time":"2022-10-25T19:55:57+00:00","og_image":[{"width":1004,"height":564,"url":"https:\/\/psol50.org.br\/inc\/uploads\/2022\/10\/Captura-de-Tela-2022-10-14-a\u0300s-15.15.07.png","type":"image\/png"}],"author":"Comunica\u00e7\u00e3o PSOL","twitter_card":"summary_large_image","twitter_creator":"@psol50","twitter_site":"@psol50","twitter_misc":{"Escrito por":"Comunica\u00e7\u00e3o PSOL","Est. tempo de leitura":"1 minuto"},"schema":{"@context":"https:\/\/schema.org","@graph":[{"@type":"Article","@id":"https:\/\/psol50.org.br\/radar-internacional-psol-e-fundacao-lauro-campos-e-marielle-franco-lancam-iniciativa-internacionalista\/#article","isPartOf":{"@id":"https:\/\/psol50.org.br\/radar-internacional-psol-e-fundacao-lauro-campos-e-marielle-franco-lancam-iniciativa-internacionalista\/"},"author":{"name":"Comunica\u00e7\u00e3o PSOL","@id":"https:\/\/psol50.org.br\/#\/schema\/person\/475dfa57d0b815993c714c2e96491fcd"},"headline":"Radar Internacional: PSOL e Funda\u00e7\u00e3o Lauro Campos e Marielle Franco lan\u00e7am iniciativa internacionalista","datePublished":"2022-10-14T18:15:49+00:00","dateModified":"2022-10-25T19:55:57+00:00","mainEntityOfPage":{"@id":"https:\/\/psol50.org.br\/radar-internacional-psol-e-fundacao-lauro-campos-e-marielle-franco-lancam-iniciativa-internacionalista\/"},"wordCount":217,"commentCount":0,"publisher":{"@id":"https:\/\/psol50.org.br\/#organization"},"image":{"@id":"https:\/\/psol50.org.br\/radar-internacional-psol-e-fundacao-lauro-campos-e-marielle-franco-lancam-iniciativa-internacionalista\/#primaryimage"},"thumbnailUrl":"https:\/\/psol50.org.br\/inc\/uploads\/2022\/10\/Captura-de-Tela-2022-10-14-a\u0300s-15.15.07.png","keywords":["Not\u00edcias"],"articleSection":["Partido"],"inLanguage":"pt-BR","potentialAction":[{"@type":"CommentAction","name":"Comment","target":["https:\/\/psol50.org.br\/radar-internacional-psol-e-fundacao-lauro-campos-e-marielle-franco-lancam-iniciativa-internacionalista\/#respond"]}]},{"@type":"WebPage","@id":"https:\/\/psol50.org.br\/radar-internacional-psol-e-fundacao-lauro-campos-e-marielle-franco-lancam-iniciativa-internacionalista\/","url":"https:\/\/psol50.org.br\/radar-internacional-psol-e-fundacao-lauro-campos-e-marielle-franco-lancam-iniciativa-internacionalista\/","name":"Radar Internacional: PSOL e Funda\u00e7\u00e3o Lauro Campos e Marielle Franco lan\u00e7am iniciativa internacionalista","isPartOf":{"@id":"https:\/\/psol50.org.br\/#website"},"primaryImageOfPage":{"@id":"https:\/\/psol50.org.br\/radar-internacional-psol-e-fundacao-lauro-campos-e-marielle-franco-lancam-iniciativa-internacionalista\/#primaryimage"},"image":{"@id":"https:\/\/psol50.org.br\/radar-internacional-psol-e-fundacao-lauro-campos-e-marielle-franco-lancam-iniciativa-internacionalista\/#primaryimage"},"thumbnailUrl":"https:\/\/psol50.org.br\/inc\/uploads\/2022\/10\/Captura-de-Tela-2022-10-14-a\u0300s-15.15.07.png","datePublished":"2022-10-14T18:15:49+00:00","dateModified":"2022-10-25T19:55:57+00:00","description":"Projeto vai acompanhar iniciativas de esquerda e populares na Am\u00e9rica Latina e em outras partes do planeta.","breadcrumb":{"@id":"https:\/\/psol50.org.br\/radar-internacional-psol-e-fundacao-lauro-campos-e-marielle-franco-lancam-iniciativa-internacionalista\/#breadcrumb"},"inLanguage":"pt-BR","potentialAction":[{"@type":"ReadAction","target":["https:\/\/psol50.org.br\/radar-internacional-psol-e-fundacao-lauro-campos-e-marielle-franco-lancam-iniciativa-internacionalista\/"]}]},{"@type":"ImageObject","inLanguage":"pt-BR","@id":"https:\/\/psol50.org.br\/radar-internacional-psol-e-fundacao-lauro-campos-e-marielle-franco-lancam-iniciativa-internacionalista\/#primaryimage","url":"https:\/\/psol50.org.br\/inc\/uploads\/2022\/10\/Captura-de-Tela-2022-10-14-a\u0300s-15.15.07.png","contentUrl":"https:\/\/psol50.org.br\/inc\/uploads\/2022\/10\/Captura-de-Tela-2022-10-14-a\u0300s-15.15.07.png","width":1004,"height":564},{"@type":"BreadcrumbList","@id":"https:\/\/psol50.org.br\/radar-internacional-psol-e-fundacao-lauro-campos-e-marielle-franco-lancam-iniciativa-internacionalista\/#breadcrumb","itemListElement":[{"@type":"ListItem","position":1,"name":"In\u00edcio","item":"https:\/\/psol50.org.br\/"},{"@type":"ListItem","position":2,"name":"Radar Internacional: PSOL e Funda\u00e7\u00e3o Lauro Campos e Marielle Franco lan\u00e7am iniciativa internacionalista"}]},{"@type":"WebSite","@id":"https:\/\/psol50.org.br\/#website","url":"https:\/\/psol50.org.br\/","name":"PSOL 50","description":"Site oficial do Partido Socialismo e Liberdade","publisher":{"@id":"https:\/\/psol50.org.br\/#organization"},"alternateName":"PSOL50","potentialAction":[{"@type":"SearchAction","target":{"@type":"EntryPoint","urlTemplate":"https:\/\/psol50.org.br\/?s={search_term_string}"},"query-input":{"@type":"PropertyValueSpecification","valueRequired":true,"valueName":"search_term_string"}}],"inLanguage":"pt-BR"},{"@type":"Organization","@id":"https:\/\/psol50.org.br\/#organization","name":"PSOL 50","alternateName":"PSOL 50","url":"https:\/\/psol50.org.br\/","logo":{"@type":"ImageObject","inLanguage":"pt-BR","@id":"https:\/\/psol50.org.br\/#\/schema\/logo\/image\/","url":"https:\/\/psol50.org.br\/inc\/uploads\/2018\/07\/capa.png","contentUrl":"https:\/\/psol50.org.br\/inc\/uploads\/2018\/07\/capa.png","width":1350,"height":900,"caption":"PSOL 50"},"image":{"@id":"https:\/\/psol50.org.br\/#\/schema\/logo\/image\/"},"sameAs":["https:\/\/www.facebook.com\/psol50","https:\/\/x.com\/psol50","https:\/\/www.instagram.com\/psol50\/","https:\/\/www.youtube.com\/channel\/UC7SnJS5o1os7a6CaiNabzcg"]},{"@type":"Person","@id":"https:\/\/psol50.org.br\/#\/schema\/person\/475dfa57d0b815993c714c2e96491fcd","name":"Comunica\u00e7\u00e3o PSOL","image":{"@type":"ImageObject","inLanguage":"pt-BR","@id":"https:\/\/psol50.org.br\/#\/schema\/person\/image\/","url":"https:\/\/secure.gravatar.com\/avatar\/b34fc4f4e468a4e51785917065a3db57b841f5c95dba6ad8c73aaf8f66f8f9bf?s=96&d=mm&r=g","contentUrl":"https:\/\/secure.gravatar.com\/avatar\/b34fc4f4e468a4e51785917065a3db57b841f5c95dba6ad8c73aaf8f66f8f9bf?s=96&d=mm&r=g","caption":"Comunica\u00e7\u00e3o PSOL"}}]}},"_links":{"self":[{"href":"https:\/\/psol50.org.br\/rest\/wp\/v2\/posts\/36406","targetHints":{"allow":["GET"]}}],"collection":[{"href":"https:\/\/psol50.org.br\/rest\/wp\/v2\/posts"}],"about":[{"href":"https:\/\/psol50.org.br\/rest\/wp\/v2\/types\/post"}],"author":[{"embeddable":true,"href":"https:\/\/psol50.org.br\/rest\/wp\/v2\/users\/2"}],"replies":[{"embeddable":true,"href":"https:\/\/psol50.org.br\/rest\/wp\/v2\/comments?post=36406"}],"version-history":[{"count":2,"href":"https:\/\/psol50.org.br\/rest\/wp\/v2\/posts\/36406\/revisions"}],"predecessor-version":[{"id":36408,"href":"https:\/\/psol50.org.br\/rest\/wp\/v2\/posts\/36406\/revisions\/36408"}],"wp:featuredmedia":[{"embeddable":true,"href":"https:\/\/psol50.org.br\/rest\/wp\/v2\/media\/36409"}],"wp:attachment":[{"href":"https:\/\/psol50.org.br\/rest\/wp\/v2\/media?parent=36406"}],"wp:term":[{"taxonomy":"category","embeddable":true,"href":"https:\/\/psol50.org.br\/rest\/wp\/v2\/categories?post=36406"},{"taxonomy":"post_tag","embeddable":true,"href":"https:\/\/psol50.org.br\/rest\/wp\/v2\/tags?post=36406"}],"curies":[{"name":"wp","href":"https:\/\/api.w.org\/{rel}","templated":true}]}}