{"id":36418,"date":"2022-10-18T16:18:57","date_gmt":"2022-10-18T19:18:57","guid":{"rendered":"https:\/\/psol50.org.br\/?p=36418"},"modified":"2022-10-18T16:18:57","modified_gmt":"2022-10-18T19:18:57","slug":"psol-descobre-ex-assessor-de-collor-vendedor-de-carros-e-militares-nomeados-por-bolsonaro-na-funai","status":"publish","type":"post","link":"https:\/\/psol50.org.br\/psol-descobre-ex-assessor-de-collor-vendedor-de-carros-e-militares-nomeados-por-bolsonaro-na-funai\/","title":{"rendered":"PSOL descobre ex-assessor de Collor, vendedor de carros e militares nomeados por Bolsonaro na Funai"},"content":{"rendered":"<p>Dados obtidos pela deputada federal Fernanda Melchionna (PSOL) atrav\u00e9s de um requerimento oficial de informa\u00e7\u00f5es enviado ao governo Bolsonaro provam que 17 dos atuais 39 coordenadores regionais da Funai, todos cargos de confian\u00e7a, n\u00e3o t\u00eam nos curr\u00edculos apresentados ao \u00f3rg\u00e3o nenhuma palavra relacionada aos povos ind\u00edgenas ou ao indigenismo.<\/p>\n<p>Entre os nomes, h\u00e1 um ex-assessor do senador\u00a0Fernando Collor\u00a0(PTB-AL), um ex-vendedor de autom\u00f3veis, militares com experi\u00eancia no Haiti e em favelas do Rio de Janeiro, al\u00e9m de um ex-policial rodovi\u00e1rio com curso de atirador de elite.<\/p>\n<p>Dos 39 coordenadores regionais, 25 nunca tinham passado pela Funai e chegaram na gest\u00e3o do presidente\u00a0Jair Bolsonaro (PL). O \u00f3rg\u00e3o teve at\u00e9 22 militares nesses postos \u2014atualmente s\u00e3o 16. Tr\u00eas policiais militares e um policial federal tamb\u00e9m foram designados para essas fun\u00e7\u00f5es.<\/p>\n<div class=\"c-advertising c-advertising--300x250 u-hidden-xs rs_skip\">\n<div id=\"banner-300x250-area-materia\" class=\"c-advertising__banner-area\">\n<p>No \u00faltimo dia 7, por decreto,\u00a0o governo reestruturou a Funai e excluiu de seu estatuto as diretrizes de atua\u00e7\u00e3o das coordena\u00e7\u00f5es regionais.<\/p>\n<p>Fernanda Melchionna tamb\u00e9m questionou a funda\u00e7\u00e3o sobre a exonera\u00e7\u00e3o do\u00a0indigenista Bruno Pereira,\u00a0assassinado em junho, e sobre o\u00a0assassinato do indigenista Maxciel Pereira dos Santos, em 2019, mas as quest\u00f5es n\u00e3o foram respondidas.<\/p>\n<p>&#8220;Quase nenhuma pergunta foi respondida e vamos encaminhar novamente o requerimento, inclusive repassando ao MPF se n\u00e3o houver respostas novamente&#8221;, reafirmou Melchionna.<\/p>\n<\/div>\n<\/div>\n","protected":false},"excerpt":{"rendered":"<p>Dados obtidos pela deputada federal Fernanda Melchionna (PSOL) atrav\u00e9s de um requerimento oficial de informa\u00e7\u00f5es enviado ao governo Bolsonaro provam que 17 dos atuais 39 coordenadores regionais da Funai, todos cargos de confian\u00e7a, n\u00e3o t\u00eam nos curr\u00edculos apresentados ao \u00f3rg\u00e3o nenhuma palavra relacionada aos povos ind\u00edgenas ou ao indigenismo. Entre os nomes, h\u00e1 um ex-assessor [&hellip;]<\/p>\n","protected":false},"author":2,"featured_media":36421,"comment_status":"open","ping_status":"open","sticky":false,"template":"","format":"standard","meta":{"_acf_changed":false,"footnotes":""},"categories":[10],"tags":[4825],"class_list":{"0":"post-36418","1":"post","2":"type-post","3":"status-publish","4":"format-standard","5":"has-post-thumbnail","7":"category-acao-parlamentares","8":"tag-noticias"},"acf":[],"yoast_head":"<!-- This site is optimized with the Yoast SEO plugin v26.5 - https:\/\/yoast.com\/wordpress\/plugins\/seo\/ -->\n<title>PSOL descobre ex-assessor de Collor, vendedor de carros e militares nomeados por Bolsonaro na Funai<\/title>\n<meta name=\"description\" content=\"Requerimento oficial de informa\u00e7\u00f5es da deputada Fernanda Melchionna (PSOL) descobriu que 17 dos 39 coordenadores regionais da Funai nunca tiveram experi\u00eancia com quest\u00f5es ind\u00edgenas.\" \/>\n<meta name=\"robots\" content=\"index, follow, max-snippet:-1, max-image-preview:large, max-video-preview:-1\" \/>\n<link rel=\"canonical\" href=\"https:\/\/psol50.org.br\/psol-descobre-ex-assessor-de-collor-vendedor-de-carros-e-militares-nomeados-por-bolsonaro-na-funai\/\" \/>\n<meta property=\"og:locale\" content=\"pt_BR\" \/>\n<meta property=\"og:type\" content=\"article\" \/>\n<meta property=\"og:title\" content=\"PSOL descobre ex-assessor de Collor, vendedor de carros e militares nomeados por Bolsonaro na Funai\" \/>\n<meta property=\"og:description\" content=\"Requerimento oficial de informa\u00e7\u00f5es da deputada Fernanda Melchionna (PSOL) descobriu que 17 dos 39 coordenadores regionais da Funai nunca tiveram experi\u00eancia com quest\u00f5es ind\u00edgenas.\" \/>\n<meta property=\"og:url\" content=\"https:\/\/psol50.org.br\/psol-descobre-ex-assessor-de-collor-vendedor-de-carros-e-militares-nomeados-por-bolsonaro-na-funai\/\" \/>\n<meta property=\"og:site_name\" content=\"PSOL 50\" \/>\n<meta property=\"article:publisher\" content=\"https:\/\/www.facebook.com\/psol50\" \/>\n<meta property=\"article:published_time\" content=\"2022-10-18T19:18:57+00:00\" \/>\n<meta property=\"og:image\" content=\"https:\/\/psol50.org.br\/inc\/uploads\/2022\/10\/51946455960_c0ca17159d_o.jpeg\" \/>\n\t<meta property=\"og:image:width\" content=\"1170\" \/>\n\t<meta property=\"og:image:height\" content=\"700\" \/>\n\t<meta property=\"og:image:type\" content=\"image\/jpeg\" \/>\n<meta name=\"author\" content=\"Comunica\u00e7\u00e3o PSOL\" \/>\n<meta name=\"twitter:card\" content=\"summary_large_image\" \/>\n<meta name=\"twitter:creator\" content=\"@psol50\" \/>\n<meta name=\"twitter:site\" content=\"@psol50\" \/>\n<meta name=\"twitter:label1\" content=\"Escrito por\" \/>\n\t<meta name=\"twitter:data1\" content=\"Comunica\u00e7\u00e3o PSOL\" \/>\n\t<meta name=\"twitter:label2\" content=\"Est. tempo de leitura\" \/>\n\t<meta name=\"twitter:data2\" content=\"1 minuto\" \/>\n<script type=\"application\/ld+json\" class=\"yoast-schema-graph\">{\"@context\":\"https:\/\/schema.org\",\"@graph\":[{\"@type\":\"Article\",\"@id\":\"https:\/\/psol50.org.br\/psol-descobre-ex-assessor-de-collor-vendedor-de-carros-e-militares-nomeados-por-bolsonaro-na-funai\/#article\",\"isPartOf\":{\"@id\":\"https:\/\/psol50.org.br\/psol-descobre-ex-assessor-de-collor-vendedor-de-carros-e-militares-nomeados-por-bolsonaro-na-funai\/\"},\"author\":{\"name\":\"Comunica\u00e7\u00e3o PSOL\",\"@id\":\"https:\/\/psol50.org.br\/#\/schema\/person\/475dfa57d0b815993c714c2e96491fcd\"},\"headline\":\"PSOL descobre ex-assessor de Collor, vendedor de carros e militares nomeados por Bolsonaro na Funai\",\"datePublished\":\"2022-10-18T19:18:57+00:00\",\"mainEntityOfPage\":{\"@id\":\"https:\/\/psol50.org.br\/psol-descobre-ex-assessor-de-collor-vendedor-de-carros-e-militares-nomeados-por-bolsonaro-na-funai\/\"},\"wordCount\":242,\"commentCount\":0,\"publisher\":{\"@id\":\"https:\/\/psol50.org.br\/#organization\"},\"image\":{\"@id\":\"https:\/\/psol50.org.br\/psol-descobre-ex-assessor-de-collor-vendedor-de-carros-e-militares-nomeados-por-bolsonaro-na-funai\/#primaryimage\"},\"thumbnailUrl\":\"https:\/\/psol50.org.br\/inc\/uploads\/2022\/10\/51946455960_c0ca17159d_o.jpeg\",\"keywords\":[\"Not\u00edcias\"],\"articleSection\":[\"A\u00e7\u00e3o Parlamentar\"],\"inLanguage\":\"pt-BR\",\"potentialAction\":[{\"@type\":\"CommentAction\",\"name\":\"Comment\",\"target\":[\"https:\/\/psol50.org.br\/psol-descobre-ex-assessor-de-collor-vendedor-de-carros-e-militares-nomeados-por-bolsonaro-na-funai\/#respond\"]}]},{\"@type\":\"WebPage\",\"@id\":\"https:\/\/psol50.org.br\/psol-descobre-ex-assessor-de-collor-vendedor-de-carros-e-militares-nomeados-por-bolsonaro-na-funai\/\",\"url\":\"https:\/\/psol50.org.br\/psol-descobre-ex-assessor-de-collor-vendedor-de-carros-e-militares-nomeados-por-bolsonaro-na-funai\/\",\"name\":\"PSOL descobre ex-assessor de Collor, vendedor de carros e militares nomeados por Bolsonaro na Funai\",\"isPartOf\":{\"@id\":\"https:\/\/psol50.org.br\/#website\"},\"primaryImageOfPage\":{\"@id\":\"https:\/\/psol50.org.br\/psol-descobre-ex-assessor-de-collor-vendedor-de-carros-e-militares-nomeados-por-bolsonaro-na-funai\/#primaryimage\"},\"image\":{\"@id\":\"https:\/\/psol50.org.br\/psol-descobre-ex-assessor-de-collor-vendedor-de-carros-e-militares-nomeados-por-bolsonaro-na-funai\/#primaryimage\"},\"thumbnailUrl\":\"https:\/\/psol50.org.br\/inc\/uploads\/2022\/10\/51946455960_c0ca17159d_o.jpeg\",\"datePublished\":\"2022-10-18T19:18:57+00:00\",\"description\":\"Requerimento oficial de informa\u00e7\u00f5es da deputada Fernanda Melchionna (PSOL) descobriu que 17 dos 39 coordenadores regionais da Funai nunca tiveram experi\u00eancia com quest\u00f5es ind\u00edgenas.\",\"breadcrumb\":{\"@id\":\"https:\/\/psol50.org.br\/psol-descobre-ex-assessor-de-collor-vendedor-de-carros-e-militares-nomeados-por-bolsonaro-na-funai\/#breadcrumb\"},\"inLanguage\":\"pt-BR\",\"potentialAction\":[{\"@type\":\"ReadAction\",\"target\":[\"https:\/\/psol50.org.br\/psol-descobre-ex-assessor-de-collor-vendedor-de-carros-e-militares-nomeados-por-bolsonaro-na-funai\/\"]}]},{\"@type\":\"ImageObject\",\"inLanguage\":\"pt-BR\",\"@id\":\"https:\/\/psol50.org.br\/psol-descobre-ex-assessor-de-collor-vendedor-de-carros-e-militares-nomeados-por-bolsonaro-na-funai\/#primaryimage\",\"url\":\"https:\/\/psol50.org.br\/inc\/uploads\/2022\/10\/51946455960_c0ca17159d_o.jpeg\",\"contentUrl\":\"https:\/\/psol50.org.br\/inc\/uploads\/2022\/10\/51946455960_c0ca17159d_o.jpeg\",\"width\":1170,\"height\":700,\"caption\":\"Foto: Isaac Amorim\/MJSP\"},{\"@type\":\"BreadcrumbList\",\"@id\":\"https:\/\/psol50.org.br\/psol-descobre-ex-assessor-de-collor-vendedor-de-carros-e-militares-nomeados-por-bolsonaro-na-funai\/#breadcrumb\",\"itemListElement\":[{\"@type\":\"ListItem\",\"position\":1,\"name\":\"In\u00edcio\",\"item\":\"https:\/\/psol50.org.br\/\"},{\"@type\":\"ListItem\",\"position\":2,\"name\":\"PSOL descobre ex-assessor de Collor, vendedor de carros e militares nomeados por Bolsonaro na Funai\"}]},{\"@type\":\"WebSite\",\"@id\":\"https:\/\/psol50.org.br\/#website\",\"url\":\"https:\/\/psol50.org.br\/\",\"name\":\"PSOL 50\",\"description\":\"Site oficial do Partido Socialismo e Liberdade\",\"publisher\":{\"@id\":\"https:\/\/psol50.org.br\/#organization\"},\"alternateName\":\"PSOL50\",\"potentialAction\":[{\"@type\":\"SearchAction\",\"target\":{\"@type\":\"EntryPoint\",\"urlTemplate\":\"https:\/\/psol50.org.br\/?s={search_term_string}\"},\"query-input\":{\"@type\":\"PropertyValueSpecification\",\"valueRequired\":true,\"valueName\":\"search_term_string\"}}],\"inLanguage\":\"pt-BR\"},{\"@type\":\"Organization\",\"@id\":\"https:\/\/psol50.org.br\/#organization\",\"name\":\"PSOL 50\",\"alternateName\":\"PSOL 50\",\"url\":\"https:\/\/psol50.org.br\/\",\"logo\":{\"@type\":\"ImageObject\",\"inLanguage\":\"pt-BR\",\"@id\":\"https:\/\/psol50.org.br\/#\/schema\/logo\/image\/\",\"url\":\"https:\/\/psol50.org.br\/inc\/uploads\/2018\/07\/capa.png\",\"contentUrl\":\"https:\/\/psol50.org.br\/inc\/uploads\/2018\/07\/capa.png\",\"width\":1350,\"height\":900,\"caption\":\"PSOL 50\"},\"image\":{\"@id\":\"https:\/\/psol50.org.br\/#\/schema\/logo\/image\/\"},\"sameAs\":[\"https:\/\/www.facebook.com\/psol50\",\"https:\/\/x.com\/psol50\",\"https:\/\/www.instagram.com\/psol50\/\",\"https:\/\/www.youtube.com\/channel\/UC7SnJS5o1os7a6CaiNabzcg\"]},{\"@type\":\"Person\",\"@id\":\"https:\/\/psol50.org.br\/#\/schema\/person\/475dfa57d0b815993c714c2e96491fcd\",\"name\":\"Comunica\u00e7\u00e3o PSOL\",\"image\":{\"@type\":\"ImageObject\",\"inLanguage\":\"pt-BR\",\"@id\":\"https:\/\/psol50.org.br\/#\/schema\/person\/image\/\",\"url\":\"https:\/\/secure.gravatar.com\/avatar\/b34fc4f4e468a4e51785917065a3db57b841f5c95dba6ad8c73aaf8f66f8f9bf?s=96&d=mm&r=g\",\"contentUrl\":\"https:\/\/secure.gravatar.com\/avatar\/b34fc4f4e468a4e51785917065a3db57b841f5c95dba6ad8c73aaf8f66f8f9bf?s=96&d=mm&r=g\",\"caption\":\"Comunica\u00e7\u00e3o PSOL\"}}]}<\/script>\n<!-- \/ Yoast SEO plugin. -->","yoast_head_json":{"title":"PSOL descobre ex-assessor de Collor, vendedor de carros e militares nomeados por Bolsonaro na Funai","description":"Requerimento oficial de informa\u00e7\u00f5es da deputada Fernanda Melchionna (PSOL) descobriu que 17 dos 39 coordenadores regionais da Funai nunca tiveram experi\u00eancia com quest\u00f5es ind\u00edgenas.","robots":{"index":"index","follow":"follow","max-snippet":"max-snippet:-1","max-image-preview":"max-image-preview:large","max-video-preview":"max-video-preview:-1"},"canonical":"https:\/\/psol50.org.br\/psol-descobre-ex-assessor-de-collor-vendedor-de-carros-e-militares-nomeados-por-bolsonaro-na-funai\/","og_locale":"pt_BR","og_type":"article","og_title":"PSOL descobre ex-assessor de Collor, vendedor de carros e militares nomeados por Bolsonaro na Funai","og_description":"Requerimento oficial de informa\u00e7\u00f5es da deputada Fernanda Melchionna (PSOL) descobriu que 17 dos 39 coordenadores regionais da Funai nunca tiveram experi\u00eancia com quest\u00f5es ind\u00edgenas.","og_url":"https:\/\/psol50.org.br\/psol-descobre-ex-assessor-de-collor-vendedor-de-carros-e-militares-nomeados-por-bolsonaro-na-funai\/","og_site_name":"PSOL 50","article_publisher":"https:\/\/www.facebook.com\/psol50","article_published_time":"2022-10-18T19:18:57+00:00","og_image":[{"width":1170,"height":700,"url":"https:\/\/psol50.org.br\/inc\/uploads\/2022\/10\/51946455960_c0ca17159d_o.jpeg","type":"image\/jpeg"}],"author":"Comunica\u00e7\u00e3o PSOL","twitter_card":"summary_large_image","twitter_creator":"@psol50","twitter_site":"@psol50","twitter_misc":{"Escrito por":"Comunica\u00e7\u00e3o PSOL","Est. tempo de leitura":"1 minuto"},"schema":{"@context":"https:\/\/schema.org","@graph":[{"@type":"Article","@id":"https:\/\/psol50.org.br\/psol-descobre-ex-assessor-de-collor-vendedor-de-carros-e-militares-nomeados-por-bolsonaro-na-funai\/#article","isPartOf":{"@id":"https:\/\/psol50.org.br\/psol-descobre-ex-assessor-de-collor-vendedor-de-carros-e-militares-nomeados-por-bolsonaro-na-funai\/"},"author":{"name":"Comunica\u00e7\u00e3o PSOL","@id":"https:\/\/psol50.org.br\/#\/schema\/person\/475dfa57d0b815993c714c2e96491fcd"},"headline":"PSOL descobre ex-assessor de Collor, vendedor de carros e militares nomeados por Bolsonaro na Funai","datePublished":"2022-10-18T19:18:57+00:00","mainEntityOfPage":{"@id":"https:\/\/psol50.org.br\/psol-descobre-ex-assessor-de-collor-vendedor-de-carros-e-militares-nomeados-por-bolsonaro-na-funai\/"},"wordCount":242,"commentCount":0,"publisher":{"@id":"https:\/\/psol50.org.br\/#organization"},"image":{"@id":"https:\/\/psol50.org.br\/psol-descobre-ex-assessor-de-collor-vendedor-de-carros-e-militares-nomeados-por-bolsonaro-na-funai\/#primaryimage"},"thumbnailUrl":"https:\/\/psol50.org.br\/inc\/uploads\/2022\/10\/51946455960_c0ca17159d_o.jpeg","keywords":["Not\u00edcias"],"articleSection":["A\u00e7\u00e3o Parlamentar"],"inLanguage":"pt-BR","potentialAction":[{"@type":"CommentAction","name":"Comment","target":["https:\/\/psol50.org.br\/psol-descobre-ex-assessor-de-collor-vendedor-de-carros-e-militares-nomeados-por-bolsonaro-na-funai\/#respond"]}]},{"@type":"WebPage","@id":"https:\/\/psol50.org.br\/psol-descobre-ex-assessor-de-collor-vendedor-de-carros-e-militares-nomeados-por-bolsonaro-na-funai\/","url":"https:\/\/psol50.org.br\/psol-descobre-ex-assessor-de-collor-vendedor-de-carros-e-militares-nomeados-por-bolsonaro-na-funai\/","name":"PSOL descobre ex-assessor de Collor, vendedor de carros e militares nomeados por Bolsonaro na Funai","isPartOf":{"@id":"https:\/\/psol50.org.br\/#website"},"primaryImageOfPage":{"@id":"https:\/\/psol50.org.br\/psol-descobre-ex-assessor-de-collor-vendedor-de-carros-e-militares-nomeados-por-bolsonaro-na-funai\/#primaryimage"},"image":{"@id":"https:\/\/psol50.org.br\/psol-descobre-ex-assessor-de-collor-vendedor-de-carros-e-militares-nomeados-por-bolsonaro-na-funai\/#primaryimage"},"thumbnailUrl":"https:\/\/psol50.org.br\/inc\/uploads\/2022\/10\/51946455960_c0ca17159d_o.jpeg","datePublished":"2022-10-18T19:18:57+00:00","description":"Requerimento oficial de informa\u00e7\u00f5es da deputada Fernanda Melchionna (PSOL) descobriu que 17 dos 39 coordenadores regionais da Funai nunca tiveram experi\u00eancia com quest\u00f5es ind\u00edgenas.","breadcrumb":{"@id":"https:\/\/psol50.org.br\/psol-descobre-ex-assessor-de-collor-vendedor-de-carros-e-militares-nomeados-por-bolsonaro-na-funai\/#breadcrumb"},"inLanguage":"pt-BR","potentialAction":[{"@type":"ReadAction","target":["https:\/\/psol50.org.br\/psol-descobre-ex-assessor-de-collor-vendedor-de-carros-e-militares-nomeados-por-bolsonaro-na-funai\/"]}]},{"@type":"ImageObject","inLanguage":"pt-BR","@id":"https:\/\/psol50.org.br\/psol-descobre-ex-assessor-de-collor-vendedor-de-carros-e-militares-nomeados-por-bolsonaro-na-funai\/#primaryimage","url":"https:\/\/psol50.org.br\/inc\/uploads\/2022\/10\/51946455960_c0ca17159d_o.jpeg","contentUrl":"https:\/\/psol50.org.br\/inc\/uploads\/2022\/10\/51946455960_c0ca17159d_o.jpeg","width":1170,"height":700,"caption":"Foto: Isaac Amorim\/MJSP"},{"@type":"BreadcrumbList","@id":"https:\/\/psol50.org.br\/psol-descobre-ex-assessor-de-collor-vendedor-de-carros-e-militares-nomeados-por-bolsonaro-na-funai\/#breadcrumb","itemListElement":[{"@type":"ListItem","position":1,"name":"In\u00edcio","item":"https:\/\/psol50.org.br\/"},{"@type":"ListItem","position":2,"name":"PSOL descobre ex-assessor de Collor, vendedor de carros e militares nomeados por Bolsonaro na Funai"}]},{"@type":"WebSite","@id":"https:\/\/psol50.org.br\/#website","url":"https:\/\/psol50.org.br\/","name":"PSOL 50","description":"Site oficial do Partido Socialismo e Liberdade","publisher":{"@id":"https:\/\/psol50.org.br\/#organization"},"alternateName":"PSOL50","potentialAction":[{"@type":"SearchAction","target":{"@type":"EntryPoint","urlTemplate":"https:\/\/psol50.org.br\/?s={search_term_string}"},"query-input":{"@type":"PropertyValueSpecification","valueRequired":true,"valueName":"search_term_string"}}],"inLanguage":"pt-BR"},{"@type":"Organization","@id":"https:\/\/psol50.org.br\/#organization","name":"PSOL 50","alternateName":"PSOL 50","url":"https:\/\/psol50.org.br\/","logo":{"@type":"ImageObject","inLanguage":"pt-BR","@id":"https:\/\/psol50.org.br\/#\/schema\/logo\/image\/","url":"https:\/\/psol50.org.br\/inc\/uploads\/2018\/07\/capa.png","contentUrl":"https:\/\/psol50.org.br\/inc\/uploads\/2018\/07\/capa.png","width":1350,"height":900,"caption":"PSOL 50"},"image":{"@id":"https:\/\/psol50.org.br\/#\/schema\/logo\/image\/"},"sameAs":["https:\/\/www.facebook.com\/psol50","https:\/\/x.com\/psol50","https:\/\/www.instagram.com\/psol50\/","https:\/\/www.youtube.com\/channel\/UC7SnJS5o1os7a6CaiNabzcg"]},{"@type":"Person","@id":"https:\/\/psol50.org.br\/#\/schema\/person\/475dfa57d0b815993c714c2e96491fcd","name":"Comunica\u00e7\u00e3o PSOL","image":{"@type":"ImageObject","inLanguage":"pt-BR","@id":"https:\/\/psol50.org.br\/#\/schema\/person\/image\/","url":"https:\/\/secure.gravatar.com\/avatar\/b34fc4f4e468a4e51785917065a3db57b841f5c95dba6ad8c73aaf8f66f8f9bf?s=96&d=mm&r=g","contentUrl":"https:\/\/secure.gravatar.com\/avatar\/b34fc4f4e468a4e51785917065a3db57b841f5c95dba6ad8c73aaf8f66f8f9bf?s=96&d=mm&r=g","caption":"Comunica\u00e7\u00e3o PSOL"}}]}},"_links":{"self":[{"href":"https:\/\/psol50.org.br\/rest\/wp\/v2\/posts\/36418","targetHints":{"allow":["GET"]}}],"collection":[{"href":"https:\/\/psol50.org.br\/rest\/wp\/v2\/posts"}],"about":[{"href":"https:\/\/psol50.org.br\/rest\/wp\/v2\/types\/post"}],"author":[{"embeddable":true,"href":"https:\/\/psol50.org.br\/rest\/wp\/v2\/users\/2"}],"replies":[{"embeddable":true,"href":"https:\/\/psol50.org.br\/rest\/wp\/v2\/comments?post=36418"}],"version-history":[{"count":2,"href":"https:\/\/psol50.org.br\/rest\/wp\/v2\/posts\/36418\/revisions"}],"predecessor-version":[{"id":36420,"href":"https:\/\/psol50.org.br\/rest\/wp\/v2\/posts\/36418\/revisions\/36420"}],"wp:featuredmedia":[{"embeddable":true,"href":"https:\/\/psol50.org.br\/rest\/wp\/v2\/media\/36421"}],"wp:attachment":[{"href":"https:\/\/psol50.org.br\/rest\/wp\/v2\/media?parent=36418"}],"wp:term":[{"taxonomy":"category","embeddable":true,"href":"https:\/\/psol50.org.br\/rest\/wp\/v2\/categories?post=36418"},{"taxonomy":"post_tag","embeddable":true,"href":"https:\/\/psol50.org.br\/rest\/wp\/v2\/tags?post=36418"}],"curies":[{"name":"wp","href":"https:\/\/api.w.org\/{rel}","templated":true}]}}