{"id":36484,"date":"2022-11-07T14:08:59","date_gmt":"2022-11-07T17:08:59","guid":{"rendered":"https:\/\/psol50.org.br\/?p=36484"},"modified":"2022-11-09T13:54:16","modified_gmt":"2022-11-09T16:54:16","slug":"parlamentares-do-psol-assinam-pl-antonieta-de-barros-que-busca-efetivar-cotas-raciais-nas-eleicoes","status":"publish","type":"post","link":"https:\/\/psol50.org.br\/parlamentares-do-psol-assinam-pl-antonieta-de-barros-que-busca-efetivar-cotas-raciais-nas-eleicoes\/","title":{"rendered":"Parlamentares do PSOL assinam &#8220;PL Antonieta de Barros&#8221;, que busca efetivar cotas raciais nas elei\u00e7\u00f5es"},"content":{"rendered":"<p>A bancada do PSOL na C\u00e2mara, capitaneada pelas deputadas negras Tal\u00edria Petrone e \u00c1urea Carolina, assinou, em conjunto com outros parlamentares, um <strong><a href=\"https:\/\/www.camara.leg.br\/proposicoesWeb\/prop_mostrarintegra;jsessionid=node07i6wi15gd69umbtv1nns0f1x1802696.node0?codteor=2212265&amp;filename=PL+2697\/2022\" target=\"_blank\" rel=\"noopener\">projeto de lei<\/a><\/strong> proposto em pelo movimento negro para criar mecanismos que efetivem as cotas raciais no processo eleitoral brasileiro.<\/p>\n<p>O PL leva o nome de Antonieta de Barros, primeira mulher negra eleita no Brasil, para a Assembleia Legislativa de Santa Catarina.<\/p>\n<p>A proposta apresentada tem por objetivo somar for\u00e7as ao Estatuto de Igualdade Racial para garantir \u00e0 popula\u00e7\u00e3o negra a efetiva\u00e7\u00e3o da igualdade de oportunidades e o combate \u00e0 discrimina\u00e7\u00e3o de ra\u00e7a.<\/p>\n<p>Al\u00e9m do cumprimento da diminui\u00e7\u00e3o da desigualdade racial nos partidos, o Projeto de Lei prev\u00ea ainda a cria\u00e7\u00e3o de procedimento de heteroidentifica\u00e7\u00e3o para os candidatos que se declararem pretos e pardos pela Justi\u00e7a Eleitoral. Segundo o documento protocolado, o julgamento deve acontecer antes do registro das candidaturas.<\/p>\n<p>&#8220;A sub-representa\u00e7\u00e3o negra nos poderes eleitos deve ser corrigida para o efetivo combate ao racismo em todas as suas manifesta\u00e7\u00f5es, inclusive aquele que se disfar\u00e7a de neutralidade racial e naturaliza a inferioriza\u00e7\u00e3o e apagamento de exist\u00eancias, perpetuando desigualdades e privil\u00e9gios. O Estado Constitucional imp\u00f5e a igualdade como direito fundamental e dever estatal&#8221;, diz trecho da justificativa do projeto de lei.<\/p>\n","protected":false},"excerpt":{"rendered":"<p>A bancada do PSOL na C\u00e2mara, capitaneada pelas deputadas negras Tal\u00edria Petrone e \u00c1urea Carolina, assinou, em conjunto com outros parlamentares, um projeto de lei proposto em pelo movimento negro para criar mecanismos que efetivem as cotas raciais no processo eleitoral brasileiro. O PL leva o nome de Antonieta de Barros, primeira mulher negra eleita [&hellip;]<\/p>\n","protected":false},"author":2,"featured_media":36487,"comment_status":"open","ping_status":"open","sticky":false,"template":"","format":"standard","meta":{"_acf_changed":false,"footnotes":""},"categories":[10],"tags":[4825],"class_list":{"0":"post-36484","1":"post","2":"type-post","3":"status-publish","4":"format-standard","5":"has-post-thumbnail","7":"category-acao-parlamentares","8":"tag-noticias"},"acf":[],"yoast_head":"<!-- This site is optimized with the Yoast SEO plugin v26.5 - https:\/\/yoast.com\/wordpress\/plugins\/seo\/ -->\n<title>Parlamentares do PSOL assinam &quot;PL Antonieta de Barros&quot;, que busca efetivar cotas raciais nas elei\u00e7\u00f5es<\/title>\n<meta name=\"description\" content=\"Entre as propostas est\u00e1 uma comiss\u00e3o de heteroidentifica\u00e7\u00e3o dos candidatos e candidatas que se declararem negros\/as.\" \/>\n<meta name=\"robots\" content=\"index, follow, max-snippet:-1, max-image-preview:large, max-video-preview:-1\" \/>\n<link rel=\"canonical\" href=\"https:\/\/psol50.org.br\/parlamentares-do-psol-assinam-pl-antonieta-de-barros-que-busca-efetivar-cotas-raciais-nas-eleicoes\/\" \/>\n<meta property=\"og:locale\" content=\"pt_BR\" \/>\n<meta property=\"og:type\" content=\"article\" \/>\n<meta property=\"og:title\" content=\"Parlamentares do PSOL assinam &quot;PL Antonieta de Barros&quot;, que busca efetivar cotas raciais nas elei\u00e7\u00f5es\" \/>\n<meta property=\"og:description\" content=\"Entre as propostas est\u00e1 uma comiss\u00e3o de heteroidentifica\u00e7\u00e3o dos candidatos e candidatas que se declararem negros\/as.\" \/>\n<meta property=\"og:url\" content=\"https:\/\/psol50.org.br\/parlamentares-do-psol-assinam-pl-antonieta-de-barros-que-busca-efetivar-cotas-raciais-nas-eleicoes\/\" \/>\n<meta property=\"og:site_name\" content=\"PSOL 50\" \/>\n<meta property=\"article:publisher\" content=\"https:\/\/www.facebook.com\/psol50\" \/>\n<meta property=\"article:published_time\" content=\"2022-11-07T17:08:59+00:00\" \/>\n<meta property=\"article:modified_time\" content=\"2022-11-09T16:54:16+00:00\" \/>\n<meta property=\"og:image\" content=\"https:\/\/psol50.org.br\/inc\/uploads\/2022\/11\/9c00b4c7882ea609225e797cf87ef249_16533352458643_622840051.jpg\" \/>\n\t<meta property=\"og:image:width\" content=\"712\" \/>\n\t<meta property=\"og:image:height\" content=\"474\" \/>\n\t<meta property=\"og:image:type\" content=\"image\/jpeg\" \/>\n<meta name=\"author\" content=\"Comunica\u00e7\u00e3o PSOL\" \/>\n<meta name=\"twitter:card\" content=\"summary_large_image\" \/>\n<meta name=\"twitter:creator\" content=\"@psol50\" \/>\n<meta name=\"twitter:site\" content=\"@psol50\" \/>\n<meta name=\"twitter:label1\" content=\"Escrito por\" \/>\n\t<meta name=\"twitter:data1\" content=\"Comunica\u00e7\u00e3o PSOL\" \/>\n\t<meta name=\"twitter:label2\" content=\"Est. tempo de leitura\" \/>\n\t<meta name=\"twitter:data2\" content=\"1 minuto\" \/>\n<script type=\"application\/ld+json\" class=\"yoast-schema-graph\">{\"@context\":\"https:\/\/schema.org\",\"@graph\":[{\"@type\":\"Article\",\"@id\":\"https:\/\/psol50.org.br\/parlamentares-do-psol-assinam-pl-antonieta-de-barros-que-busca-efetivar-cotas-raciais-nas-eleicoes\/#article\",\"isPartOf\":{\"@id\":\"https:\/\/psol50.org.br\/parlamentares-do-psol-assinam-pl-antonieta-de-barros-que-busca-efetivar-cotas-raciais-nas-eleicoes\/\"},\"author\":{\"name\":\"Comunica\u00e7\u00e3o PSOL\",\"@id\":\"https:\/\/psol50.org.br\/#\/schema\/person\/475dfa57d0b815993c714c2e96491fcd\"},\"headline\":\"Parlamentares do PSOL assinam &#8220;PL Antonieta de Barros&#8221;, que busca efetivar cotas raciais nas elei\u00e7\u00f5es\",\"datePublished\":\"2022-11-07T17:08:59+00:00\",\"dateModified\":\"2022-11-09T16:54:16+00:00\",\"mainEntityOfPage\":{\"@id\":\"https:\/\/psol50.org.br\/parlamentares-do-psol-assinam-pl-antonieta-de-barros-que-busca-efetivar-cotas-raciais-nas-eleicoes\/\"},\"wordCount\":235,\"commentCount\":0,\"publisher\":{\"@id\":\"https:\/\/psol50.org.br\/#organization\"},\"image\":{\"@id\":\"https:\/\/psol50.org.br\/parlamentares-do-psol-assinam-pl-antonieta-de-barros-que-busca-efetivar-cotas-raciais-nas-eleicoes\/#primaryimage\"},\"thumbnailUrl\":\"https:\/\/psol50.org.br\/inc\/uploads\/2022\/11\/9c00b4c7882ea609225e797cf87ef249_16533352458643_622840051.jpg\",\"keywords\":[\"Not\u00edcias\"],\"articleSection\":[\"A\u00e7\u00e3o Parlamentar\"],\"inLanguage\":\"pt-BR\",\"potentialAction\":[{\"@type\":\"CommentAction\",\"name\":\"Comment\",\"target\":[\"https:\/\/psol50.org.br\/parlamentares-do-psol-assinam-pl-antonieta-de-barros-que-busca-efetivar-cotas-raciais-nas-eleicoes\/#respond\"]}]},{\"@type\":\"WebPage\",\"@id\":\"https:\/\/psol50.org.br\/parlamentares-do-psol-assinam-pl-antonieta-de-barros-que-busca-efetivar-cotas-raciais-nas-eleicoes\/\",\"url\":\"https:\/\/psol50.org.br\/parlamentares-do-psol-assinam-pl-antonieta-de-barros-que-busca-efetivar-cotas-raciais-nas-eleicoes\/\",\"name\":\"Parlamentares do PSOL assinam \\\"PL Antonieta de Barros\\\", que busca efetivar cotas raciais nas elei\u00e7\u00f5es\",\"isPartOf\":{\"@id\":\"https:\/\/psol50.org.br\/#website\"},\"primaryImageOfPage\":{\"@id\":\"https:\/\/psol50.org.br\/parlamentares-do-psol-assinam-pl-antonieta-de-barros-que-busca-efetivar-cotas-raciais-nas-eleicoes\/#primaryimage\"},\"image\":{\"@id\":\"https:\/\/psol50.org.br\/parlamentares-do-psol-assinam-pl-antonieta-de-barros-que-busca-efetivar-cotas-raciais-nas-eleicoes\/#primaryimage\"},\"thumbnailUrl\":\"https:\/\/psol50.org.br\/inc\/uploads\/2022\/11\/9c00b4c7882ea609225e797cf87ef249_16533352458643_622840051.jpg\",\"datePublished\":\"2022-11-07T17:08:59+00:00\",\"dateModified\":\"2022-11-09T16:54:16+00:00\",\"description\":\"Entre as propostas est\u00e1 uma comiss\u00e3o de heteroidentifica\u00e7\u00e3o dos candidatos e candidatas que se declararem negros\/as.\",\"breadcrumb\":{\"@id\":\"https:\/\/psol50.org.br\/parlamentares-do-psol-assinam-pl-antonieta-de-barros-que-busca-efetivar-cotas-raciais-nas-eleicoes\/#breadcrumb\"},\"inLanguage\":\"pt-BR\",\"potentialAction\":[{\"@type\":\"ReadAction\",\"target\":[\"https:\/\/psol50.org.br\/parlamentares-do-psol-assinam-pl-antonieta-de-barros-que-busca-efetivar-cotas-raciais-nas-eleicoes\/\"]}]},{\"@type\":\"ImageObject\",\"inLanguage\":\"pt-BR\",\"@id\":\"https:\/\/psol50.org.br\/parlamentares-do-psol-assinam-pl-antonieta-de-barros-que-busca-efetivar-cotas-raciais-nas-eleicoes\/#primaryimage\",\"url\":\"https:\/\/psol50.org.br\/inc\/uploads\/2022\/11\/9c00b4c7882ea609225e797cf87ef249_16533352458643_622840051.jpg\",\"contentUrl\":\"https:\/\/psol50.org.br\/inc\/uploads\/2022\/11\/9c00b4c7882ea609225e797cf87ef249_16533352458643_622840051.jpg\",\"width\":712,\"height\":474,\"caption\":\"Foto: Roberto Parizotti | Fotos p\u00fablicas\"},{\"@type\":\"BreadcrumbList\",\"@id\":\"https:\/\/psol50.org.br\/parlamentares-do-psol-assinam-pl-antonieta-de-barros-que-busca-efetivar-cotas-raciais-nas-eleicoes\/#breadcrumb\",\"itemListElement\":[{\"@type\":\"ListItem\",\"position\":1,\"name\":\"In\u00edcio\",\"item\":\"https:\/\/psol50.org.br\/\"},{\"@type\":\"ListItem\",\"position\":2,\"name\":\"Parlamentares do PSOL assinam &#8220;PL Antonieta de Barros&#8221;, que busca efetivar cotas raciais nas elei\u00e7\u00f5es\"}]},{\"@type\":\"WebSite\",\"@id\":\"https:\/\/psol50.org.br\/#website\",\"url\":\"https:\/\/psol50.org.br\/\",\"name\":\"PSOL 50\",\"description\":\"Site oficial do Partido Socialismo e Liberdade\",\"publisher\":{\"@id\":\"https:\/\/psol50.org.br\/#organization\"},\"alternateName\":\"PSOL50\",\"potentialAction\":[{\"@type\":\"SearchAction\",\"target\":{\"@type\":\"EntryPoint\",\"urlTemplate\":\"https:\/\/psol50.org.br\/?s={search_term_string}\"},\"query-input\":{\"@type\":\"PropertyValueSpecification\",\"valueRequired\":true,\"valueName\":\"search_term_string\"}}],\"inLanguage\":\"pt-BR\"},{\"@type\":\"Organization\",\"@id\":\"https:\/\/psol50.org.br\/#organization\",\"name\":\"PSOL 50\",\"alternateName\":\"PSOL 50\",\"url\":\"https:\/\/psol50.org.br\/\",\"logo\":{\"@type\":\"ImageObject\",\"inLanguage\":\"pt-BR\",\"@id\":\"https:\/\/psol50.org.br\/#\/schema\/logo\/image\/\",\"url\":\"https:\/\/psol50.org.br\/inc\/uploads\/2018\/07\/capa.png\",\"contentUrl\":\"https:\/\/psol50.org.br\/inc\/uploads\/2018\/07\/capa.png\",\"width\":1350,\"height\":900,\"caption\":\"PSOL 50\"},\"image\":{\"@id\":\"https:\/\/psol50.org.br\/#\/schema\/logo\/image\/\"},\"sameAs\":[\"https:\/\/www.facebook.com\/psol50\",\"https:\/\/x.com\/psol50\",\"https:\/\/www.instagram.com\/psol50\/\",\"https:\/\/www.youtube.com\/channel\/UC7SnJS5o1os7a6CaiNabzcg\"]},{\"@type\":\"Person\",\"@id\":\"https:\/\/psol50.org.br\/#\/schema\/person\/475dfa57d0b815993c714c2e96491fcd\",\"name\":\"Comunica\u00e7\u00e3o PSOL\",\"image\":{\"@type\":\"ImageObject\",\"inLanguage\":\"pt-BR\",\"@id\":\"https:\/\/psol50.org.br\/#\/schema\/person\/image\/\",\"url\":\"https:\/\/secure.gravatar.com\/avatar\/b34fc4f4e468a4e51785917065a3db57b841f5c95dba6ad8c73aaf8f66f8f9bf?s=96&d=mm&r=g\",\"contentUrl\":\"https:\/\/secure.gravatar.com\/avatar\/b34fc4f4e468a4e51785917065a3db57b841f5c95dba6ad8c73aaf8f66f8f9bf?s=96&d=mm&r=g\",\"caption\":\"Comunica\u00e7\u00e3o PSOL\"}}]}<\/script>\n<!-- \/ Yoast SEO plugin. -->","yoast_head_json":{"title":"Parlamentares do PSOL assinam \"PL Antonieta de Barros\", que busca efetivar cotas raciais nas elei\u00e7\u00f5es","description":"Entre as propostas est\u00e1 uma comiss\u00e3o de heteroidentifica\u00e7\u00e3o dos candidatos e candidatas que se declararem negros\/as.","robots":{"index":"index","follow":"follow","max-snippet":"max-snippet:-1","max-image-preview":"max-image-preview:large","max-video-preview":"max-video-preview:-1"},"canonical":"https:\/\/psol50.org.br\/parlamentares-do-psol-assinam-pl-antonieta-de-barros-que-busca-efetivar-cotas-raciais-nas-eleicoes\/","og_locale":"pt_BR","og_type":"article","og_title":"Parlamentares do PSOL assinam \"PL Antonieta de Barros\", que busca efetivar cotas raciais nas elei\u00e7\u00f5es","og_description":"Entre as propostas est\u00e1 uma comiss\u00e3o de heteroidentifica\u00e7\u00e3o dos candidatos e candidatas que se declararem negros\/as.","og_url":"https:\/\/psol50.org.br\/parlamentares-do-psol-assinam-pl-antonieta-de-barros-que-busca-efetivar-cotas-raciais-nas-eleicoes\/","og_site_name":"PSOL 50","article_publisher":"https:\/\/www.facebook.com\/psol50","article_published_time":"2022-11-07T17:08:59+00:00","article_modified_time":"2022-11-09T16:54:16+00:00","og_image":[{"width":712,"height":474,"url":"https:\/\/psol50.org.br\/inc\/uploads\/2022\/11\/9c00b4c7882ea609225e797cf87ef249_16533352458643_622840051.jpg","type":"image\/jpeg"}],"author":"Comunica\u00e7\u00e3o PSOL","twitter_card":"summary_large_image","twitter_creator":"@psol50","twitter_site":"@psol50","twitter_misc":{"Escrito por":"Comunica\u00e7\u00e3o PSOL","Est. tempo de leitura":"1 minuto"},"schema":{"@context":"https:\/\/schema.org","@graph":[{"@type":"Article","@id":"https:\/\/psol50.org.br\/parlamentares-do-psol-assinam-pl-antonieta-de-barros-que-busca-efetivar-cotas-raciais-nas-eleicoes\/#article","isPartOf":{"@id":"https:\/\/psol50.org.br\/parlamentares-do-psol-assinam-pl-antonieta-de-barros-que-busca-efetivar-cotas-raciais-nas-eleicoes\/"},"author":{"name":"Comunica\u00e7\u00e3o PSOL","@id":"https:\/\/psol50.org.br\/#\/schema\/person\/475dfa57d0b815993c714c2e96491fcd"},"headline":"Parlamentares do PSOL assinam &#8220;PL Antonieta de Barros&#8221;, que busca efetivar cotas raciais nas elei\u00e7\u00f5es","datePublished":"2022-11-07T17:08:59+00:00","dateModified":"2022-11-09T16:54:16+00:00","mainEntityOfPage":{"@id":"https:\/\/psol50.org.br\/parlamentares-do-psol-assinam-pl-antonieta-de-barros-que-busca-efetivar-cotas-raciais-nas-eleicoes\/"},"wordCount":235,"commentCount":0,"publisher":{"@id":"https:\/\/psol50.org.br\/#organization"},"image":{"@id":"https:\/\/psol50.org.br\/parlamentares-do-psol-assinam-pl-antonieta-de-barros-que-busca-efetivar-cotas-raciais-nas-eleicoes\/#primaryimage"},"thumbnailUrl":"https:\/\/psol50.org.br\/inc\/uploads\/2022\/11\/9c00b4c7882ea609225e797cf87ef249_16533352458643_622840051.jpg","keywords":["Not\u00edcias"],"articleSection":["A\u00e7\u00e3o Parlamentar"],"inLanguage":"pt-BR","potentialAction":[{"@type":"CommentAction","name":"Comment","target":["https:\/\/psol50.org.br\/parlamentares-do-psol-assinam-pl-antonieta-de-barros-que-busca-efetivar-cotas-raciais-nas-eleicoes\/#respond"]}]},{"@type":"WebPage","@id":"https:\/\/psol50.org.br\/parlamentares-do-psol-assinam-pl-antonieta-de-barros-que-busca-efetivar-cotas-raciais-nas-eleicoes\/","url":"https:\/\/psol50.org.br\/parlamentares-do-psol-assinam-pl-antonieta-de-barros-que-busca-efetivar-cotas-raciais-nas-eleicoes\/","name":"Parlamentares do PSOL assinam \"PL Antonieta de Barros\", que busca efetivar cotas raciais nas elei\u00e7\u00f5es","isPartOf":{"@id":"https:\/\/psol50.org.br\/#website"},"primaryImageOfPage":{"@id":"https:\/\/psol50.org.br\/parlamentares-do-psol-assinam-pl-antonieta-de-barros-que-busca-efetivar-cotas-raciais-nas-eleicoes\/#primaryimage"},"image":{"@id":"https:\/\/psol50.org.br\/parlamentares-do-psol-assinam-pl-antonieta-de-barros-que-busca-efetivar-cotas-raciais-nas-eleicoes\/#primaryimage"},"thumbnailUrl":"https:\/\/psol50.org.br\/inc\/uploads\/2022\/11\/9c00b4c7882ea609225e797cf87ef249_16533352458643_622840051.jpg","datePublished":"2022-11-07T17:08:59+00:00","dateModified":"2022-11-09T16:54:16+00:00","description":"Entre as propostas est\u00e1 uma comiss\u00e3o de heteroidentifica\u00e7\u00e3o dos candidatos e candidatas que se declararem negros\/as.","breadcrumb":{"@id":"https:\/\/psol50.org.br\/parlamentares-do-psol-assinam-pl-antonieta-de-barros-que-busca-efetivar-cotas-raciais-nas-eleicoes\/#breadcrumb"},"inLanguage":"pt-BR","potentialAction":[{"@type":"ReadAction","target":["https:\/\/psol50.org.br\/parlamentares-do-psol-assinam-pl-antonieta-de-barros-que-busca-efetivar-cotas-raciais-nas-eleicoes\/"]}]},{"@type":"ImageObject","inLanguage":"pt-BR","@id":"https:\/\/psol50.org.br\/parlamentares-do-psol-assinam-pl-antonieta-de-barros-que-busca-efetivar-cotas-raciais-nas-eleicoes\/#primaryimage","url":"https:\/\/psol50.org.br\/inc\/uploads\/2022\/11\/9c00b4c7882ea609225e797cf87ef249_16533352458643_622840051.jpg","contentUrl":"https:\/\/psol50.org.br\/inc\/uploads\/2022\/11\/9c00b4c7882ea609225e797cf87ef249_16533352458643_622840051.jpg","width":712,"height":474,"caption":"Foto: Roberto Parizotti | Fotos p\u00fablicas"},{"@type":"BreadcrumbList","@id":"https:\/\/psol50.org.br\/parlamentares-do-psol-assinam-pl-antonieta-de-barros-que-busca-efetivar-cotas-raciais-nas-eleicoes\/#breadcrumb","itemListElement":[{"@type":"ListItem","position":1,"name":"In\u00edcio","item":"https:\/\/psol50.org.br\/"},{"@type":"ListItem","position":2,"name":"Parlamentares do PSOL assinam &#8220;PL Antonieta de Barros&#8221;, que busca efetivar cotas raciais nas elei\u00e7\u00f5es"}]},{"@type":"WebSite","@id":"https:\/\/psol50.org.br\/#website","url":"https:\/\/psol50.org.br\/","name":"PSOL 50","description":"Site oficial do Partido Socialismo e Liberdade","publisher":{"@id":"https:\/\/psol50.org.br\/#organization"},"alternateName":"PSOL50","potentialAction":[{"@type":"SearchAction","target":{"@type":"EntryPoint","urlTemplate":"https:\/\/psol50.org.br\/?s={search_term_string}"},"query-input":{"@type":"PropertyValueSpecification","valueRequired":true,"valueName":"search_term_string"}}],"inLanguage":"pt-BR"},{"@type":"Organization","@id":"https:\/\/psol50.org.br\/#organization","name":"PSOL 50","alternateName":"PSOL 50","url":"https:\/\/psol50.org.br\/","logo":{"@type":"ImageObject","inLanguage":"pt-BR","@id":"https:\/\/psol50.org.br\/#\/schema\/logo\/image\/","url":"https:\/\/psol50.org.br\/inc\/uploads\/2018\/07\/capa.png","contentUrl":"https:\/\/psol50.org.br\/inc\/uploads\/2018\/07\/capa.png","width":1350,"height":900,"caption":"PSOL 50"},"image":{"@id":"https:\/\/psol50.org.br\/#\/schema\/logo\/image\/"},"sameAs":["https:\/\/www.facebook.com\/psol50","https:\/\/x.com\/psol50","https:\/\/www.instagram.com\/psol50\/","https:\/\/www.youtube.com\/channel\/UC7SnJS5o1os7a6CaiNabzcg"]},{"@type":"Person","@id":"https:\/\/psol50.org.br\/#\/schema\/person\/475dfa57d0b815993c714c2e96491fcd","name":"Comunica\u00e7\u00e3o PSOL","image":{"@type":"ImageObject","inLanguage":"pt-BR","@id":"https:\/\/psol50.org.br\/#\/schema\/person\/image\/","url":"https:\/\/secure.gravatar.com\/avatar\/b34fc4f4e468a4e51785917065a3db57b841f5c95dba6ad8c73aaf8f66f8f9bf?s=96&d=mm&r=g","contentUrl":"https:\/\/secure.gravatar.com\/avatar\/b34fc4f4e468a4e51785917065a3db57b841f5c95dba6ad8c73aaf8f66f8f9bf?s=96&d=mm&r=g","caption":"Comunica\u00e7\u00e3o PSOL"}}]}},"_links":{"self":[{"href":"https:\/\/psol50.org.br\/rest\/wp\/v2\/posts\/36484","targetHints":{"allow":["GET"]}}],"collection":[{"href":"https:\/\/psol50.org.br\/rest\/wp\/v2\/posts"}],"about":[{"href":"https:\/\/psol50.org.br\/rest\/wp\/v2\/types\/post"}],"author":[{"embeddable":true,"href":"https:\/\/psol50.org.br\/rest\/wp\/v2\/users\/2"}],"replies":[{"embeddable":true,"href":"https:\/\/psol50.org.br\/rest\/wp\/v2\/comments?post=36484"}],"version-history":[{"count":2,"href":"https:\/\/psol50.org.br\/rest\/wp\/v2\/posts\/36484\/revisions"}],"predecessor-version":[{"id":36486,"href":"https:\/\/psol50.org.br\/rest\/wp\/v2\/posts\/36484\/revisions\/36486"}],"wp:featuredmedia":[{"embeddable":true,"href":"https:\/\/psol50.org.br\/rest\/wp\/v2\/media\/36487"}],"wp:attachment":[{"href":"https:\/\/psol50.org.br\/rest\/wp\/v2\/media?parent=36484"}],"wp:term":[{"taxonomy":"category","embeddable":true,"href":"https:\/\/psol50.org.br\/rest\/wp\/v2\/categories?post=36484"},{"taxonomy":"post_tag","embeddable":true,"href":"https:\/\/psol50.org.br\/rest\/wp\/v2\/tags?post=36484"}],"curies":[{"name":"wp","href":"https:\/\/api.w.org\/{rel}","templated":true}]}}