{"id":36488,"date":"2022-11-08T12:56:44","date_gmt":"2022-11-08T15:56:44","guid":{"rendered":"https:\/\/psol50.org.br\/?p=36488"},"modified":"2022-12-02T11:07:18","modified_gmt":"2022-12-02T14:07:18","slug":"psol-indica-guilherme-boulos-e-juliano-medeiros-para-equipe-de-transicao-de-lula","status":"publish","type":"post","link":"https:\/\/psol50.org.br\/psol-indica-guilherme-boulos-e-juliano-medeiros-para-equipe-de-transicao-de-lula\/","title":{"rendered":"PSOL indica Guilherme Boulos e Juliano Medeiros para equipe de transi\u00e7\u00e3o de Lula"},"content":{"rendered":"<p>O PSOL decidiu neste final de semana fazer parte do gabinete de transi\u00e7\u00e3o do presidente eleito Lula e indicou o presidente do partido, Juliano Medeiros, e Guilherme Boulos, como presidente da Federa\u00e7\u00e3o PSOL-Rede, para fazer parte da equipe que decidir\u00e1 os primeiros passos do novo governo eleito.<\/p>\n<p>Tanto o deputado federal eleito como o presidente do PSOL participar\u00e3o das discuss\u00f5es de propostas do novo governo para as \u00e1reas de Cidades, Habita\u00e7\u00e3o e Cidadania.<\/p>\n<blockquote class=\"twitter-tweet\" data-width=\"550\" data-dnt=\"true\">\n<p lang=\"pt\" dir=\"ltr\">O <a href=\"https:\/\/twitter.com\/psol50?ref_src=twsrc%5Etfw\">@psol50<\/a> definiu essa semana que participar\u00e1 da equipe de transi\u00e7\u00e3o de <a href=\"https:\/\/twitter.com\/LulaOficial?ref_src=twsrc%5Etfw\">@LulaOficial<\/a>. Vou representar o partido nessa tarefa. Ser\u00e1 uma oportunidade de fortalecer uma agenda de esquerda para 2023 e compreender o tamanho dos desafios que temos diante de n\u00f3s.<\/p>\n<p>&mdash; Juliano Medeiros (@julianopsol) <a href=\"https:\/\/twitter.com\/julianopsol\/status\/1589188964501495808?ref_src=twsrc%5Etfw\">November 6, 2022<\/a><\/p><\/blockquote>\n<p><script async src=\"https:\/\/platform.twitter.com\/widgets.js\" charset=\"utf-8\"><\/script><\/p>\n<blockquote class=\"twitter-tweet\" data-width=\"550\" data-dnt=\"true\">\n<p lang=\"pt\" dir=\"ltr\">Participarei da Equipe de Transi\u00e7\u00e3o de Governo para ajudar o Presidente Lula no debate sobre a \u00e1rea de Cidades e Habita\u00e7\u00e3o. Vamos virar a p\u00e1gina do pior governo da nossa hist\u00f3ria! \ud83d\udc4a<\/p>\n<p>&mdash; Guilherme Boulos (@GuilhermeBoulos) <a href=\"https:\/\/twitter.com\/GuilhermeBoulos\/status\/1589722482839199745?ref_src=twsrc%5Etfw\">November 7, 2022<\/a><\/p><\/blockquote>\n<p><script async src=\"https:\/\/platform.twitter.com\/widgets.js\" charset=\"utf-8\"><\/script><\/p>\n<p>&#8220;Ser\u00e1 uma oportunidade de fortalecer uma agenda de esquerda para 2023 e compreender o tamanho dos desafios que temos diante de n\u00f3s&#8221;, disse Juliano Medeiros ao anunciar a decis\u00e3o de integrar o gabinete de transi\u00e7\u00e3o tomada pela Executiva Nacional do PSOL.<\/p>\n<p>\u201cO que n\u00f3s queremos \u00e9 retomar uma pol\u00edtica p\u00fablica de habita\u00e7\u00e3o no pa\u00eds. E, mais do que isso, retomar uma pol\u00edtica p\u00fablica de habita\u00e7\u00e3o que esteja conectada com a produ\u00e7\u00e3o de cidade; que esteja conectada com as discuss\u00f5es que est\u00e3o acontecendo de vanguarda em v\u00e1rias cidades do mundo, de aproxima\u00e7\u00e3o entre local de moradia e local da trabalho; habita\u00e7\u00e3o tocando tamb\u00e9m mobilidade, redu\u00e7\u00e3o de dist\u00e2ncias\u201d, explicou Guilherme Boulos, deputado federal eleito e presidente da Federa\u00e7\u00e3o PSOL-Rede.<\/p>\n<p>A decis\u00e3o do PSOL sobre integrar ou n\u00e3o o futuro governo Lula a partir de janeiro ainda est\u00e1 em discuss\u00e3o interna no partido e dever\u00e1 ser anunciada em dezembro, com o avan\u00e7o da defini\u00e7\u00e3o da configura\u00e7\u00e3o pol\u00edtica e das propostas e compromissos assumidos pelo futuro governo.<\/p>\n","protected":false},"excerpt":{"rendered":"<p>O PSOL decidiu neste final de semana fazer parte do gabinete de transi\u00e7\u00e3o do presidente eleito Lula e indicou o presidente do partido, Juliano Medeiros, e Guilherme Boulos, como presidente da Federa\u00e7\u00e3o PSOL-Rede, para fazer parte da equipe que decidir\u00e1 os primeiros passos do novo governo eleito. Tanto o deputado federal eleito como o presidente [&hellip;]<\/p>\n","protected":false},"author":2,"featured_media":36492,"comment_status":"open","ping_status":"open","sticky":false,"template":"","format":"standard","meta":{"_acf_changed":false,"footnotes":""},"categories":[14],"tags":[4825],"class_list":{"0":"post-36488","1":"post","2":"type-post","3":"status-publish","4":"format-standard","5":"has-post-thumbnail","7":"category-partido","8":"tag-noticias"},"acf":[],"yoast_head":"<!-- This site is optimized with the Yoast SEO plugin v26.5 - https:\/\/yoast.com\/wordpress\/plugins\/seo\/ -->\n<title>PSOL indica Guilherme Boulos e Juliano Medeiros para equipe de transi\u00e7\u00e3o de Lula<\/title>\n<meta name=\"description\" content=\"Presidentes do PSOL e da Federa\u00e7\u00e3o PSOL-Rede v\u00e3o integrar gabinete de transi\u00e7\u00e3o at\u00e9 a posse do governo Lula em janeiro.\" \/>\n<meta name=\"robots\" content=\"index, follow, max-snippet:-1, max-image-preview:large, max-video-preview:-1\" \/>\n<link rel=\"canonical\" href=\"https:\/\/psol50.org.br\/psol-indica-guilherme-boulos-e-juliano-medeiros-para-equipe-de-transicao-de-lula\/\" \/>\n<meta property=\"og:locale\" content=\"pt_BR\" \/>\n<meta property=\"og:type\" content=\"article\" \/>\n<meta property=\"og:title\" content=\"PSOL indica Guilherme Boulos e Juliano Medeiros para equipe de transi\u00e7\u00e3o de Lula\" \/>\n<meta property=\"og:description\" content=\"Presidentes do PSOL e da Federa\u00e7\u00e3o PSOL-Rede v\u00e3o integrar gabinete de transi\u00e7\u00e3o at\u00e9 a posse do governo Lula em janeiro.\" \/>\n<meta property=\"og:url\" content=\"https:\/\/psol50.org.br\/psol-indica-guilherme-boulos-e-juliano-medeiros-para-equipe-de-transicao-de-lula\/\" \/>\n<meta property=\"og:site_name\" content=\"PSOL 50\" \/>\n<meta property=\"article:publisher\" content=\"https:\/\/www.facebook.com\/psol50\" \/>\n<meta property=\"article:published_time\" content=\"2022-11-08T15:56:44+00:00\" \/>\n<meta property=\"article:modified_time\" content=\"2022-12-02T14:07:18+00:00\" \/>\n<meta property=\"og:image\" content=\"https:\/\/psol50.org.br\/inc\/uploads\/2022\/11\/lula-psol-780x440-1.jpg\" \/>\n\t<meta property=\"og:image:width\" content=\"780\" \/>\n\t<meta property=\"og:image:height\" content=\"440\" \/>\n\t<meta property=\"og:image:type\" content=\"image\/jpeg\" \/>\n<meta name=\"author\" content=\"Comunica\u00e7\u00e3o PSOL\" \/>\n<meta name=\"twitter:card\" content=\"summary_large_image\" \/>\n<meta name=\"twitter:creator\" content=\"@psol50\" \/>\n<meta name=\"twitter:site\" content=\"@psol50\" \/>\n<meta name=\"twitter:label1\" content=\"Escrito por\" \/>\n\t<meta name=\"twitter:data1\" content=\"Comunica\u00e7\u00e3o PSOL\" \/>\n\t<meta name=\"twitter:label2\" content=\"Est. tempo de leitura\" \/>\n\t<meta name=\"twitter:data2\" content=\"1 minuto\" \/>\n<script type=\"application\/ld+json\" class=\"yoast-schema-graph\">{\"@context\":\"https:\/\/schema.org\",\"@graph\":[{\"@type\":\"Article\",\"@id\":\"https:\/\/psol50.org.br\/psol-indica-guilherme-boulos-e-juliano-medeiros-para-equipe-de-transicao-de-lula\/#article\",\"isPartOf\":{\"@id\":\"https:\/\/psol50.org.br\/psol-indica-guilherme-boulos-e-juliano-medeiros-para-equipe-de-transicao-de-lula\/\"},\"author\":{\"name\":\"Comunica\u00e7\u00e3o PSOL\",\"@id\":\"https:\/\/psol50.org.br\/#\/schema\/person\/475dfa57d0b815993c714c2e96491fcd\"},\"headline\":\"PSOL indica Guilherme Boulos e Juliano Medeiros para equipe de transi\u00e7\u00e3o de Lula\",\"datePublished\":\"2022-11-08T15:56:44+00:00\",\"dateModified\":\"2022-12-02T14:07:18+00:00\",\"mainEntityOfPage\":{\"@id\":\"https:\/\/psol50.org.br\/psol-indica-guilherme-boulos-e-juliano-medeiros-para-equipe-de-transicao-de-lula\/\"},\"wordCount\":291,\"commentCount\":0,\"publisher\":{\"@id\":\"https:\/\/psol50.org.br\/#organization\"},\"image\":{\"@id\":\"https:\/\/psol50.org.br\/psol-indica-guilherme-boulos-e-juliano-medeiros-para-equipe-de-transicao-de-lula\/#primaryimage\"},\"thumbnailUrl\":\"https:\/\/psol50.org.br\/inc\/uploads\/2022\/11\/lula-psol-780x440-1.jpg\",\"keywords\":[\"Not\u00edcias\"],\"articleSection\":[\"Partido\"],\"inLanguage\":\"pt-BR\",\"potentialAction\":[{\"@type\":\"CommentAction\",\"name\":\"Comment\",\"target\":[\"https:\/\/psol50.org.br\/psol-indica-guilherme-boulos-e-juliano-medeiros-para-equipe-de-transicao-de-lula\/#respond\"]}]},{\"@type\":\"WebPage\",\"@id\":\"https:\/\/psol50.org.br\/psol-indica-guilherme-boulos-e-juliano-medeiros-para-equipe-de-transicao-de-lula\/\",\"url\":\"https:\/\/psol50.org.br\/psol-indica-guilherme-boulos-e-juliano-medeiros-para-equipe-de-transicao-de-lula\/\",\"name\":\"PSOL indica Guilherme Boulos e Juliano Medeiros para equipe de transi\u00e7\u00e3o de Lula\",\"isPartOf\":{\"@id\":\"https:\/\/psol50.org.br\/#website\"},\"primaryImageOfPage\":{\"@id\":\"https:\/\/psol50.org.br\/psol-indica-guilherme-boulos-e-juliano-medeiros-para-equipe-de-transicao-de-lula\/#primaryimage\"},\"image\":{\"@id\":\"https:\/\/psol50.org.br\/psol-indica-guilherme-boulos-e-juliano-medeiros-para-equipe-de-transicao-de-lula\/#primaryimage\"},\"thumbnailUrl\":\"https:\/\/psol50.org.br\/inc\/uploads\/2022\/11\/lula-psol-780x440-1.jpg\",\"datePublished\":\"2022-11-08T15:56:44+00:00\",\"dateModified\":\"2022-12-02T14:07:18+00:00\",\"description\":\"Presidentes do PSOL e da Federa\u00e7\u00e3o PSOL-Rede v\u00e3o integrar gabinete de transi\u00e7\u00e3o at\u00e9 a posse do governo Lula em janeiro.\",\"breadcrumb\":{\"@id\":\"https:\/\/psol50.org.br\/psol-indica-guilherme-boulos-e-juliano-medeiros-para-equipe-de-transicao-de-lula\/#breadcrumb\"},\"inLanguage\":\"pt-BR\",\"potentialAction\":[{\"@type\":\"ReadAction\",\"target\":[\"https:\/\/psol50.org.br\/psol-indica-guilherme-boulos-e-juliano-medeiros-para-equipe-de-transicao-de-lula\/\"]}]},{\"@type\":\"ImageObject\",\"inLanguage\":\"pt-BR\",\"@id\":\"https:\/\/psol50.org.br\/psol-indica-guilherme-boulos-e-juliano-medeiros-para-equipe-de-transicao-de-lula\/#primaryimage\",\"url\":\"https:\/\/psol50.org.br\/inc\/uploads\/2022\/11\/lula-psol-780x440-1.jpg\",\"contentUrl\":\"https:\/\/psol50.org.br\/inc\/uploads\/2022\/11\/lula-psol-780x440-1.jpg\",\"width\":780,\"height\":440,\"caption\":\"Foto: Ricardo Stuckert\"},{\"@type\":\"BreadcrumbList\",\"@id\":\"https:\/\/psol50.org.br\/psol-indica-guilherme-boulos-e-juliano-medeiros-para-equipe-de-transicao-de-lula\/#breadcrumb\",\"itemListElement\":[{\"@type\":\"ListItem\",\"position\":1,\"name\":\"In\u00edcio\",\"item\":\"https:\/\/psol50.org.br\/\"},{\"@type\":\"ListItem\",\"position\":2,\"name\":\"PSOL indica Guilherme Boulos e Juliano Medeiros para equipe de transi\u00e7\u00e3o de Lula\"}]},{\"@type\":\"WebSite\",\"@id\":\"https:\/\/psol50.org.br\/#website\",\"url\":\"https:\/\/psol50.org.br\/\",\"name\":\"PSOL 50\",\"description\":\"Site oficial do Partido Socialismo e Liberdade\",\"publisher\":{\"@id\":\"https:\/\/psol50.org.br\/#organization\"},\"alternateName\":\"PSOL50\",\"potentialAction\":[{\"@type\":\"SearchAction\",\"target\":{\"@type\":\"EntryPoint\",\"urlTemplate\":\"https:\/\/psol50.org.br\/?s={search_term_string}\"},\"query-input\":{\"@type\":\"PropertyValueSpecification\",\"valueRequired\":true,\"valueName\":\"search_term_string\"}}],\"inLanguage\":\"pt-BR\"},{\"@type\":\"Organization\",\"@id\":\"https:\/\/psol50.org.br\/#organization\",\"name\":\"PSOL 50\",\"alternateName\":\"PSOL 50\",\"url\":\"https:\/\/psol50.org.br\/\",\"logo\":{\"@type\":\"ImageObject\",\"inLanguage\":\"pt-BR\",\"@id\":\"https:\/\/psol50.org.br\/#\/schema\/logo\/image\/\",\"url\":\"https:\/\/psol50.org.br\/inc\/uploads\/2018\/07\/capa.png\",\"contentUrl\":\"https:\/\/psol50.org.br\/inc\/uploads\/2018\/07\/capa.png\",\"width\":1350,\"height\":900,\"caption\":\"PSOL 50\"},\"image\":{\"@id\":\"https:\/\/psol50.org.br\/#\/schema\/logo\/image\/\"},\"sameAs\":[\"https:\/\/www.facebook.com\/psol50\",\"https:\/\/x.com\/psol50\",\"https:\/\/www.instagram.com\/psol50\/\",\"https:\/\/www.youtube.com\/channel\/UC7SnJS5o1os7a6CaiNabzcg\"]},{\"@type\":\"Person\",\"@id\":\"https:\/\/psol50.org.br\/#\/schema\/person\/475dfa57d0b815993c714c2e96491fcd\",\"name\":\"Comunica\u00e7\u00e3o PSOL\",\"image\":{\"@type\":\"ImageObject\",\"inLanguage\":\"pt-BR\",\"@id\":\"https:\/\/psol50.org.br\/#\/schema\/person\/image\/\",\"url\":\"https:\/\/secure.gravatar.com\/avatar\/b34fc4f4e468a4e51785917065a3db57b841f5c95dba6ad8c73aaf8f66f8f9bf?s=96&d=mm&r=g\",\"contentUrl\":\"https:\/\/secure.gravatar.com\/avatar\/b34fc4f4e468a4e51785917065a3db57b841f5c95dba6ad8c73aaf8f66f8f9bf?s=96&d=mm&r=g\",\"caption\":\"Comunica\u00e7\u00e3o PSOL\"}}]}<\/script>\n<!-- \/ Yoast SEO plugin. -->","yoast_head_json":{"title":"PSOL indica Guilherme Boulos e Juliano Medeiros para equipe de transi\u00e7\u00e3o de Lula","description":"Presidentes do PSOL e da Federa\u00e7\u00e3o PSOL-Rede v\u00e3o integrar gabinete de transi\u00e7\u00e3o at\u00e9 a posse do governo Lula em janeiro.","robots":{"index":"index","follow":"follow","max-snippet":"max-snippet:-1","max-image-preview":"max-image-preview:large","max-video-preview":"max-video-preview:-1"},"canonical":"https:\/\/psol50.org.br\/psol-indica-guilherme-boulos-e-juliano-medeiros-para-equipe-de-transicao-de-lula\/","og_locale":"pt_BR","og_type":"article","og_title":"PSOL indica Guilherme Boulos e Juliano Medeiros para equipe de transi\u00e7\u00e3o de Lula","og_description":"Presidentes do PSOL e da Federa\u00e7\u00e3o PSOL-Rede v\u00e3o integrar gabinete de transi\u00e7\u00e3o at\u00e9 a posse do governo Lula em janeiro.","og_url":"https:\/\/psol50.org.br\/psol-indica-guilherme-boulos-e-juliano-medeiros-para-equipe-de-transicao-de-lula\/","og_site_name":"PSOL 50","article_publisher":"https:\/\/www.facebook.com\/psol50","article_published_time":"2022-11-08T15:56:44+00:00","article_modified_time":"2022-12-02T14:07:18+00:00","og_image":[{"width":780,"height":440,"url":"https:\/\/psol50.org.br\/inc\/uploads\/2022\/11\/lula-psol-780x440-1.jpg","type":"image\/jpeg"}],"author":"Comunica\u00e7\u00e3o PSOL","twitter_card":"summary_large_image","twitter_creator":"@psol50","twitter_site":"@psol50","twitter_misc":{"Escrito por":"Comunica\u00e7\u00e3o PSOL","Est. tempo de leitura":"1 minuto"},"schema":{"@context":"https:\/\/schema.org","@graph":[{"@type":"Article","@id":"https:\/\/psol50.org.br\/psol-indica-guilherme-boulos-e-juliano-medeiros-para-equipe-de-transicao-de-lula\/#article","isPartOf":{"@id":"https:\/\/psol50.org.br\/psol-indica-guilherme-boulos-e-juliano-medeiros-para-equipe-de-transicao-de-lula\/"},"author":{"name":"Comunica\u00e7\u00e3o PSOL","@id":"https:\/\/psol50.org.br\/#\/schema\/person\/475dfa57d0b815993c714c2e96491fcd"},"headline":"PSOL indica Guilherme Boulos e Juliano Medeiros para equipe de transi\u00e7\u00e3o de Lula","datePublished":"2022-11-08T15:56:44+00:00","dateModified":"2022-12-02T14:07:18+00:00","mainEntityOfPage":{"@id":"https:\/\/psol50.org.br\/psol-indica-guilherme-boulos-e-juliano-medeiros-para-equipe-de-transicao-de-lula\/"},"wordCount":291,"commentCount":0,"publisher":{"@id":"https:\/\/psol50.org.br\/#organization"},"image":{"@id":"https:\/\/psol50.org.br\/psol-indica-guilherme-boulos-e-juliano-medeiros-para-equipe-de-transicao-de-lula\/#primaryimage"},"thumbnailUrl":"https:\/\/psol50.org.br\/inc\/uploads\/2022\/11\/lula-psol-780x440-1.jpg","keywords":["Not\u00edcias"],"articleSection":["Partido"],"inLanguage":"pt-BR","potentialAction":[{"@type":"CommentAction","name":"Comment","target":["https:\/\/psol50.org.br\/psol-indica-guilherme-boulos-e-juliano-medeiros-para-equipe-de-transicao-de-lula\/#respond"]}]},{"@type":"WebPage","@id":"https:\/\/psol50.org.br\/psol-indica-guilherme-boulos-e-juliano-medeiros-para-equipe-de-transicao-de-lula\/","url":"https:\/\/psol50.org.br\/psol-indica-guilherme-boulos-e-juliano-medeiros-para-equipe-de-transicao-de-lula\/","name":"PSOL indica Guilherme Boulos e Juliano Medeiros para equipe de transi\u00e7\u00e3o de Lula","isPartOf":{"@id":"https:\/\/psol50.org.br\/#website"},"primaryImageOfPage":{"@id":"https:\/\/psol50.org.br\/psol-indica-guilherme-boulos-e-juliano-medeiros-para-equipe-de-transicao-de-lula\/#primaryimage"},"image":{"@id":"https:\/\/psol50.org.br\/psol-indica-guilherme-boulos-e-juliano-medeiros-para-equipe-de-transicao-de-lula\/#primaryimage"},"thumbnailUrl":"https:\/\/psol50.org.br\/inc\/uploads\/2022\/11\/lula-psol-780x440-1.jpg","datePublished":"2022-11-08T15:56:44+00:00","dateModified":"2022-12-02T14:07:18+00:00","description":"Presidentes do PSOL e da Federa\u00e7\u00e3o PSOL-Rede v\u00e3o integrar gabinete de transi\u00e7\u00e3o at\u00e9 a posse do governo Lula em janeiro.","breadcrumb":{"@id":"https:\/\/psol50.org.br\/psol-indica-guilherme-boulos-e-juliano-medeiros-para-equipe-de-transicao-de-lula\/#breadcrumb"},"inLanguage":"pt-BR","potentialAction":[{"@type":"ReadAction","target":["https:\/\/psol50.org.br\/psol-indica-guilherme-boulos-e-juliano-medeiros-para-equipe-de-transicao-de-lula\/"]}]},{"@type":"ImageObject","inLanguage":"pt-BR","@id":"https:\/\/psol50.org.br\/psol-indica-guilherme-boulos-e-juliano-medeiros-para-equipe-de-transicao-de-lula\/#primaryimage","url":"https:\/\/psol50.org.br\/inc\/uploads\/2022\/11\/lula-psol-780x440-1.jpg","contentUrl":"https:\/\/psol50.org.br\/inc\/uploads\/2022\/11\/lula-psol-780x440-1.jpg","width":780,"height":440,"caption":"Foto: Ricardo Stuckert"},{"@type":"BreadcrumbList","@id":"https:\/\/psol50.org.br\/psol-indica-guilherme-boulos-e-juliano-medeiros-para-equipe-de-transicao-de-lula\/#breadcrumb","itemListElement":[{"@type":"ListItem","position":1,"name":"In\u00edcio","item":"https:\/\/psol50.org.br\/"},{"@type":"ListItem","position":2,"name":"PSOL indica Guilherme Boulos e Juliano Medeiros para equipe de transi\u00e7\u00e3o de Lula"}]},{"@type":"WebSite","@id":"https:\/\/psol50.org.br\/#website","url":"https:\/\/psol50.org.br\/","name":"PSOL 50","description":"Site oficial do Partido Socialismo e Liberdade","publisher":{"@id":"https:\/\/psol50.org.br\/#organization"},"alternateName":"PSOL50","potentialAction":[{"@type":"SearchAction","target":{"@type":"EntryPoint","urlTemplate":"https:\/\/psol50.org.br\/?s={search_term_string}"},"query-input":{"@type":"PropertyValueSpecification","valueRequired":true,"valueName":"search_term_string"}}],"inLanguage":"pt-BR"},{"@type":"Organization","@id":"https:\/\/psol50.org.br\/#organization","name":"PSOL 50","alternateName":"PSOL 50","url":"https:\/\/psol50.org.br\/","logo":{"@type":"ImageObject","inLanguage":"pt-BR","@id":"https:\/\/psol50.org.br\/#\/schema\/logo\/image\/","url":"https:\/\/psol50.org.br\/inc\/uploads\/2018\/07\/capa.png","contentUrl":"https:\/\/psol50.org.br\/inc\/uploads\/2018\/07\/capa.png","width":1350,"height":900,"caption":"PSOL 50"},"image":{"@id":"https:\/\/psol50.org.br\/#\/schema\/logo\/image\/"},"sameAs":["https:\/\/www.facebook.com\/psol50","https:\/\/x.com\/psol50","https:\/\/www.instagram.com\/psol50\/","https:\/\/www.youtube.com\/channel\/UC7SnJS5o1os7a6CaiNabzcg"]},{"@type":"Person","@id":"https:\/\/psol50.org.br\/#\/schema\/person\/475dfa57d0b815993c714c2e96491fcd","name":"Comunica\u00e7\u00e3o PSOL","image":{"@type":"ImageObject","inLanguage":"pt-BR","@id":"https:\/\/psol50.org.br\/#\/schema\/person\/image\/","url":"https:\/\/secure.gravatar.com\/avatar\/b34fc4f4e468a4e51785917065a3db57b841f5c95dba6ad8c73aaf8f66f8f9bf?s=96&d=mm&r=g","contentUrl":"https:\/\/secure.gravatar.com\/avatar\/b34fc4f4e468a4e51785917065a3db57b841f5c95dba6ad8c73aaf8f66f8f9bf?s=96&d=mm&r=g","caption":"Comunica\u00e7\u00e3o PSOL"}}]}},"_links":{"self":[{"href":"https:\/\/psol50.org.br\/rest\/wp\/v2\/posts\/36488","targetHints":{"allow":["GET"]}}],"collection":[{"href":"https:\/\/psol50.org.br\/rest\/wp\/v2\/posts"}],"about":[{"href":"https:\/\/psol50.org.br\/rest\/wp\/v2\/types\/post"}],"author":[{"embeddable":true,"href":"https:\/\/psol50.org.br\/rest\/wp\/v2\/users\/2"}],"replies":[{"embeddable":true,"href":"https:\/\/psol50.org.br\/rest\/wp\/v2\/comments?post=36488"}],"version-history":[{"count":3,"href":"https:\/\/psol50.org.br\/rest\/wp\/v2\/posts\/36488\/revisions"}],"predecessor-version":[{"id":36491,"href":"https:\/\/psol50.org.br\/rest\/wp\/v2\/posts\/36488\/revisions\/36491"}],"wp:featuredmedia":[{"embeddable":true,"href":"https:\/\/psol50.org.br\/rest\/wp\/v2\/media\/36492"}],"wp:attachment":[{"href":"https:\/\/psol50.org.br\/rest\/wp\/v2\/media?parent=36488"}],"wp:term":[{"taxonomy":"category","embeddable":true,"href":"https:\/\/psol50.org.br\/rest\/wp\/v2\/categories?post=36488"},{"taxonomy":"post_tag","embeddable":true,"href":"https:\/\/psol50.org.br\/rest\/wp\/v2\/tags?post=36488"}],"curies":[{"name":"wp","href":"https:\/\/api.w.org\/{rel}","templated":true}]}}