{"id":36497,"date":"2022-11-09T15:19:40","date_gmt":"2022-11-09T18:19:40","guid":{"rendered":"https:\/\/psol50.org.br\/?p=36497"},"modified":"2022-11-21T12:14:33","modified_gmt":"2022-11-21T15:14:33","slug":"psol-pede-convocacao-de-ministro-da-justica-para-cobrar-explicacao-de-atuacao-da-prf-no-dia-do-2o-turno","status":"publish","type":"post","link":"https:\/\/psol50.org.br\/psol-pede-convocacao-de-ministro-da-justica-para-cobrar-explicacao-de-atuacao-da-prf-no-dia-do-2o-turno\/","title":{"rendered":"PSOL pede convoca\u00e7\u00e3o de ministro da Justi\u00e7a para cobrar explica\u00e7\u00e3o de atua\u00e7\u00e3o da PRF no dia do 2\u00ba\u00a0turno"},"content":{"rendered":"<p>A bancada do PSOL na C\u00e2mara dos Deputados protocolou nesta semana um pedido de convoca\u00e7\u00e3o do ministro da Justi\u00e7a, Anderson Torres, para que ele explique a atua\u00e7\u00e3o irregular da Pol\u00edcia Rodovi\u00e1ria Federal no dia 30 de outubro, segundo turno das elei\u00e7\u00f5es presidenciais.<\/p>\n<p>N\u00e3o bastasse ter anunciado seu voto em Bolsonaro em rede social um dia antes do pleito vencido pelo presidente eleito Lula, o diretor geral da PRF, subalterna \u00e0 pasta, desobedeceu a determina\u00e7\u00e3o expl\u00edcita do presidente do Tribunal Superior Eleitoral (TSE), ministro Alexandre de Moraes.<\/p>\n<p>Segundo balan\u00e7o interno divulgado pela imprensa, pelo menos 619 \u00f4nibus haviam sido abordados no pa\u00eds at\u00e9 as 17 horas, hor\u00e1rio de encerramento da vota\u00e7\u00e3o. Para a bancada do PSOL, o conjunto dos fatos \u2013 que inclui ainda os bloqueios realizados ap\u00f3s a derrota de Bolsonaro \u2013 mostra um verdadeiro agravamento do modus operandi articulado pela extrema-direita.<\/p>\n<p>A regi\u00e3o Nordeste, onde o candidato Luiz In\u00e1cio Lula da Silva (PT) tem proporcionalmente mais apoio, foi a mais afetada, com quase 300 abordagens. Como tudo isso poderia acontecer sem que o Minist\u00e9rio da Justi\u00e7a tomasse alguma provid\u00eancia ou tivesse conhecimento das ocorr\u00eancias? \u201cH\u00e1 muito o que explicar sobre as opera\u00e7\u00f5es da PRF em pleno segundo turno, contrariando decis\u00e3o do TSE, al\u00e9m da vis\u00edvel ina\u00e7\u00e3o contra os bloqueios golpistas dessa semana\u201d, afirma a l\u00edder S\u00e2mia Bomfim.<\/p>\n","protected":false},"excerpt":{"rendered":"<p>A bancada do PSOL na C\u00e2mara dos Deputados protocolou nesta semana um pedido de convoca\u00e7\u00e3o do ministro da Justi\u00e7a, Anderson Torres, para que ele explique a atua\u00e7\u00e3o irregular da Pol\u00edcia Rodovi\u00e1ria Federal no dia 30 de outubro, segundo turno das elei\u00e7\u00f5es presidenciais. N\u00e3o bastasse ter anunciado seu voto em Bolsonaro em rede social um dia [&hellip;]<\/p>\n","protected":false},"author":2,"featured_media":36499,"comment_status":"open","ping_status":"open","sticky":false,"template":"","format":"standard","meta":{"_acf_changed":false,"footnotes":""},"categories":[10],"tags":[4825],"class_list":{"0":"post-36497","1":"post","2":"type-post","3":"status-publish","4":"format-standard","5":"has-post-thumbnail","7":"category-acao-parlamentares","8":"tag-noticias"},"acf":[],"yoast_head":"<!-- This site is optimized with the Yoast SEO plugin v26.5 - https:\/\/yoast.com\/wordpress\/plugins\/seo\/ -->\n<title>PSOL pede convoca\u00e7\u00e3o de ministro da Justi\u00e7a para cobrar explica\u00e7\u00e3o de atua\u00e7\u00e3o da PRF no dia do 2\u00ba\u00a0turno<\/title>\n<meta name=\"description\" content=\"Pol\u00edcia Rodovi\u00e1ria Federal desobedeceu a determina\u00e7\u00e3o expl\u00edcita do TSE e atuou de forma irregular nas rodovias em 30 de outubro.\" \/>\n<meta name=\"robots\" content=\"index, follow, max-snippet:-1, max-image-preview:large, max-video-preview:-1\" \/>\n<link rel=\"canonical\" href=\"https:\/\/psol50.org.br\/psol-pede-convocacao-de-ministro-da-justica-para-cobrar-explicacao-de-atuacao-da-prf-no-dia-do-2o-turno\/\" \/>\n<meta property=\"og:locale\" content=\"pt_BR\" \/>\n<meta property=\"og:type\" content=\"article\" \/>\n<meta property=\"og:title\" content=\"PSOL pede convoca\u00e7\u00e3o de ministro da Justi\u00e7a para cobrar explica\u00e7\u00e3o de atua\u00e7\u00e3o da PRF no dia do 2\u00ba\u00a0turno\" \/>\n<meta property=\"og:description\" content=\"Pol\u00edcia Rodovi\u00e1ria Federal desobedeceu a determina\u00e7\u00e3o expl\u00edcita do TSE e atuou de forma irregular nas rodovias em 30 de outubro.\" \/>\n<meta property=\"og:url\" content=\"https:\/\/psol50.org.br\/psol-pede-convocacao-de-ministro-da-justica-para-cobrar-explicacao-de-atuacao-da-prf-no-dia-do-2o-turno\/\" \/>\n<meta property=\"og:site_name\" content=\"PSOL 50\" \/>\n<meta property=\"article:publisher\" content=\"https:\/\/www.facebook.com\/psol50\" \/>\n<meta property=\"article:published_time\" content=\"2022-11-09T18:19:40+00:00\" \/>\n<meta property=\"article:modified_time\" content=\"2022-11-21T15:14:33+00:00\" \/>\n<meta property=\"og:image\" content=\"https:\/\/psol50.org.br\/inc\/uploads\/2022\/11\/op-rodovida3-scaled.jpg\" \/>\n\t<meta property=\"og:image:width\" content=\"2560\" \/>\n\t<meta property=\"og:image:height\" content=\"1707\" \/>\n\t<meta property=\"og:image:type\" content=\"image\/jpeg\" \/>\n<meta name=\"author\" content=\"Comunica\u00e7\u00e3o PSOL\" \/>\n<meta name=\"twitter:card\" content=\"summary_large_image\" \/>\n<meta name=\"twitter:creator\" content=\"@psol50\" \/>\n<meta name=\"twitter:site\" content=\"@psol50\" \/>\n<meta name=\"twitter:label1\" content=\"Escrito por\" \/>\n\t<meta name=\"twitter:data1\" content=\"Comunica\u00e7\u00e3o PSOL\" \/>\n\t<meta name=\"twitter:label2\" content=\"Est. tempo de leitura\" \/>\n\t<meta name=\"twitter:data2\" content=\"1 minuto\" \/>\n<script type=\"application\/ld+json\" class=\"yoast-schema-graph\">{\"@context\":\"https:\/\/schema.org\",\"@graph\":[{\"@type\":\"Article\",\"@id\":\"https:\/\/psol50.org.br\/psol-pede-convocacao-de-ministro-da-justica-para-cobrar-explicacao-de-atuacao-da-prf-no-dia-do-2o-turno\/#article\",\"isPartOf\":{\"@id\":\"https:\/\/psol50.org.br\/psol-pede-convocacao-de-ministro-da-justica-para-cobrar-explicacao-de-atuacao-da-prf-no-dia-do-2o-turno\/\"},\"author\":{\"name\":\"Comunica\u00e7\u00e3o PSOL\",\"@id\":\"https:\/\/psol50.org.br\/#\/schema\/person\/475dfa57d0b815993c714c2e96491fcd\"},\"headline\":\"PSOL pede convoca\u00e7\u00e3o de ministro da Justi\u00e7a para cobrar explica\u00e7\u00e3o de atua\u00e7\u00e3o da PRF no dia do 2\u00ba\u00a0turno\",\"datePublished\":\"2022-11-09T18:19:40+00:00\",\"dateModified\":\"2022-11-21T15:14:33+00:00\",\"mainEntityOfPage\":{\"@id\":\"https:\/\/psol50.org.br\/psol-pede-convocacao-de-ministro-da-justica-para-cobrar-explicacao-de-atuacao-da-prf-no-dia-do-2o-turno\/\"},\"wordCount\":261,\"commentCount\":0,\"publisher\":{\"@id\":\"https:\/\/psol50.org.br\/#organization\"},\"image\":{\"@id\":\"https:\/\/psol50.org.br\/psol-pede-convocacao-de-ministro-da-justica-para-cobrar-explicacao-de-atuacao-da-prf-no-dia-do-2o-turno\/#primaryimage\"},\"thumbnailUrl\":\"https:\/\/psol50.org.br\/inc\/uploads\/2022\/11\/op-rodovida3-scaled.jpg\",\"keywords\":[\"Not\u00edcias\"],\"articleSection\":[\"A\u00e7\u00e3o Parlamentar\"],\"inLanguage\":\"pt-BR\",\"potentialAction\":[{\"@type\":\"CommentAction\",\"name\":\"Comment\",\"target\":[\"https:\/\/psol50.org.br\/psol-pede-convocacao-de-ministro-da-justica-para-cobrar-explicacao-de-atuacao-da-prf-no-dia-do-2o-turno\/#respond\"]}]},{\"@type\":\"WebPage\",\"@id\":\"https:\/\/psol50.org.br\/psol-pede-convocacao-de-ministro-da-justica-para-cobrar-explicacao-de-atuacao-da-prf-no-dia-do-2o-turno\/\",\"url\":\"https:\/\/psol50.org.br\/psol-pede-convocacao-de-ministro-da-justica-para-cobrar-explicacao-de-atuacao-da-prf-no-dia-do-2o-turno\/\",\"name\":\"PSOL pede convoca\u00e7\u00e3o de ministro da Justi\u00e7a para cobrar explica\u00e7\u00e3o de atua\u00e7\u00e3o da PRF no dia do 2\u00ba\u00a0turno\",\"isPartOf\":{\"@id\":\"https:\/\/psol50.org.br\/#website\"},\"primaryImageOfPage\":{\"@id\":\"https:\/\/psol50.org.br\/psol-pede-convocacao-de-ministro-da-justica-para-cobrar-explicacao-de-atuacao-da-prf-no-dia-do-2o-turno\/#primaryimage\"},\"image\":{\"@id\":\"https:\/\/psol50.org.br\/psol-pede-convocacao-de-ministro-da-justica-para-cobrar-explicacao-de-atuacao-da-prf-no-dia-do-2o-turno\/#primaryimage\"},\"thumbnailUrl\":\"https:\/\/psol50.org.br\/inc\/uploads\/2022\/11\/op-rodovida3-scaled.jpg\",\"datePublished\":\"2022-11-09T18:19:40+00:00\",\"dateModified\":\"2022-11-21T15:14:33+00:00\",\"description\":\"Pol\u00edcia Rodovi\u00e1ria Federal desobedeceu a determina\u00e7\u00e3o expl\u00edcita do TSE e atuou de forma irregular nas rodovias em 30 de outubro.\",\"breadcrumb\":{\"@id\":\"https:\/\/psol50.org.br\/psol-pede-convocacao-de-ministro-da-justica-para-cobrar-explicacao-de-atuacao-da-prf-no-dia-do-2o-turno\/#breadcrumb\"},\"inLanguage\":\"pt-BR\",\"potentialAction\":[{\"@type\":\"ReadAction\",\"target\":[\"https:\/\/psol50.org.br\/psol-pede-convocacao-de-ministro-da-justica-para-cobrar-explicacao-de-atuacao-da-prf-no-dia-do-2o-turno\/\"]}]},{\"@type\":\"ImageObject\",\"inLanguage\":\"pt-BR\",\"@id\":\"https:\/\/psol50.org.br\/psol-pede-convocacao-de-ministro-da-justica-para-cobrar-explicacao-de-atuacao-da-prf-no-dia-do-2o-turno\/#primaryimage\",\"url\":\"https:\/\/psol50.org.br\/inc\/uploads\/2022\/11\/op-rodovida3-scaled.jpg\",\"contentUrl\":\"https:\/\/psol50.org.br\/inc\/uploads\/2022\/11\/op-rodovida3-scaled.jpg\",\"width\":2560,\"height\":1707,\"caption\":\"Foto: Divulga\u00e7\u00e3o\"},{\"@type\":\"BreadcrumbList\",\"@id\":\"https:\/\/psol50.org.br\/psol-pede-convocacao-de-ministro-da-justica-para-cobrar-explicacao-de-atuacao-da-prf-no-dia-do-2o-turno\/#breadcrumb\",\"itemListElement\":[{\"@type\":\"ListItem\",\"position\":1,\"name\":\"In\u00edcio\",\"item\":\"https:\/\/psol50.org.br\/\"},{\"@type\":\"ListItem\",\"position\":2,\"name\":\"PSOL pede convoca\u00e7\u00e3o de ministro da Justi\u00e7a para cobrar explica\u00e7\u00e3o de atua\u00e7\u00e3o da PRF no dia do 2\u00ba\u00a0turno\"}]},{\"@type\":\"WebSite\",\"@id\":\"https:\/\/psol50.org.br\/#website\",\"url\":\"https:\/\/psol50.org.br\/\",\"name\":\"PSOL 50\",\"description\":\"Site oficial do Partido Socialismo e Liberdade\",\"publisher\":{\"@id\":\"https:\/\/psol50.org.br\/#organization\"},\"alternateName\":\"PSOL50\",\"potentialAction\":[{\"@type\":\"SearchAction\",\"target\":{\"@type\":\"EntryPoint\",\"urlTemplate\":\"https:\/\/psol50.org.br\/?s={search_term_string}\"},\"query-input\":{\"@type\":\"PropertyValueSpecification\",\"valueRequired\":true,\"valueName\":\"search_term_string\"}}],\"inLanguage\":\"pt-BR\"},{\"@type\":\"Organization\",\"@id\":\"https:\/\/psol50.org.br\/#organization\",\"name\":\"PSOL 50\",\"alternateName\":\"PSOL 50\",\"url\":\"https:\/\/psol50.org.br\/\",\"logo\":{\"@type\":\"ImageObject\",\"inLanguage\":\"pt-BR\",\"@id\":\"https:\/\/psol50.org.br\/#\/schema\/logo\/image\/\",\"url\":\"https:\/\/psol50.org.br\/inc\/uploads\/2018\/07\/capa.png\",\"contentUrl\":\"https:\/\/psol50.org.br\/inc\/uploads\/2018\/07\/capa.png\",\"width\":1350,\"height\":900,\"caption\":\"PSOL 50\"},\"image\":{\"@id\":\"https:\/\/psol50.org.br\/#\/schema\/logo\/image\/\"},\"sameAs\":[\"https:\/\/www.facebook.com\/psol50\",\"https:\/\/x.com\/psol50\",\"https:\/\/www.instagram.com\/psol50\/\",\"https:\/\/www.youtube.com\/channel\/UC7SnJS5o1os7a6CaiNabzcg\"]},{\"@type\":\"Person\",\"@id\":\"https:\/\/psol50.org.br\/#\/schema\/person\/475dfa57d0b815993c714c2e96491fcd\",\"name\":\"Comunica\u00e7\u00e3o PSOL\",\"image\":{\"@type\":\"ImageObject\",\"inLanguage\":\"pt-BR\",\"@id\":\"https:\/\/psol50.org.br\/#\/schema\/person\/image\/\",\"url\":\"https:\/\/secure.gravatar.com\/avatar\/b34fc4f4e468a4e51785917065a3db57b841f5c95dba6ad8c73aaf8f66f8f9bf?s=96&d=mm&r=g\",\"contentUrl\":\"https:\/\/secure.gravatar.com\/avatar\/b34fc4f4e468a4e51785917065a3db57b841f5c95dba6ad8c73aaf8f66f8f9bf?s=96&d=mm&r=g\",\"caption\":\"Comunica\u00e7\u00e3o PSOL\"}}]}<\/script>\n<!-- \/ Yoast SEO plugin. -->","yoast_head_json":{"title":"PSOL pede convoca\u00e7\u00e3o de ministro da Justi\u00e7a para cobrar explica\u00e7\u00e3o de atua\u00e7\u00e3o da PRF no dia do 2\u00ba\u00a0turno","description":"Pol\u00edcia Rodovi\u00e1ria Federal desobedeceu a determina\u00e7\u00e3o expl\u00edcita do TSE e atuou de forma irregular nas rodovias em 30 de outubro.","robots":{"index":"index","follow":"follow","max-snippet":"max-snippet:-1","max-image-preview":"max-image-preview:large","max-video-preview":"max-video-preview:-1"},"canonical":"https:\/\/psol50.org.br\/psol-pede-convocacao-de-ministro-da-justica-para-cobrar-explicacao-de-atuacao-da-prf-no-dia-do-2o-turno\/","og_locale":"pt_BR","og_type":"article","og_title":"PSOL pede convoca\u00e7\u00e3o de ministro da Justi\u00e7a para cobrar explica\u00e7\u00e3o de atua\u00e7\u00e3o da PRF no dia do 2\u00ba\u00a0turno","og_description":"Pol\u00edcia Rodovi\u00e1ria Federal desobedeceu a determina\u00e7\u00e3o expl\u00edcita do TSE e atuou de forma irregular nas rodovias em 30 de outubro.","og_url":"https:\/\/psol50.org.br\/psol-pede-convocacao-de-ministro-da-justica-para-cobrar-explicacao-de-atuacao-da-prf-no-dia-do-2o-turno\/","og_site_name":"PSOL 50","article_publisher":"https:\/\/www.facebook.com\/psol50","article_published_time":"2022-11-09T18:19:40+00:00","article_modified_time":"2022-11-21T15:14:33+00:00","og_image":[{"width":2560,"height":1707,"url":"https:\/\/psol50.org.br\/inc\/uploads\/2022\/11\/op-rodovida3-scaled.jpg","type":"image\/jpeg"}],"author":"Comunica\u00e7\u00e3o PSOL","twitter_card":"summary_large_image","twitter_creator":"@psol50","twitter_site":"@psol50","twitter_misc":{"Escrito por":"Comunica\u00e7\u00e3o PSOL","Est. tempo de leitura":"1 minuto"},"schema":{"@context":"https:\/\/schema.org","@graph":[{"@type":"Article","@id":"https:\/\/psol50.org.br\/psol-pede-convocacao-de-ministro-da-justica-para-cobrar-explicacao-de-atuacao-da-prf-no-dia-do-2o-turno\/#article","isPartOf":{"@id":"https:\/\/psol50.org.br\/psol-pede-convocacao-de-ministro-da-justica-para-cobrar-explicacao-de-atuacao-da-prf-no-dia-do-2o-turno\/"},"author":{"name":"Comunica\u00e7\u00e3o PSOL","@id":"https:\/\/psol50.org.br\/#\/schema\/person\/475dfa57d0b815993c714c2e96491fcd"},"headline":"PSOL pede convoca\u00e7\u00e3o de ministro da Justi\u00e7a para cobrar explica\u00e7\u00e3o de atua\u00e7\u00e3o da PRF no dia do 2\u00ba\u00a0turno","datePublished":"2022-11-09T18:19:40+00:00","dateModified":"2022-11-21T15:14:33+00:00","mainEntityOfPage":{"@id":"https:\/\/psol50.org.br\/psol-pede-convocacao-de-ministro-da-justica-para-cobrar-explicacao-de-atuacao-da-prf-no-dia-do-2o-turno\/"},"wordCount":261,"commentCount":0,"publisher":{"@id":"https:\/\/psol50.org.br\/#organization"},"image":{"@id":"https:\/\/psol50.org.br\/psol-pede-convocacao-de-ministro-da-justica-para-cobrar-explicacao-de-atuacao-da-prf-no-dia-do-2o-turno\/#primaryimage"},"thumbnailUrl":"https:\/\/psol50.org.br\/inc\/uploads\/2022\/11\/op-rodovida3-scaled.jpg","keywords":["Not\u00edcias"],"articleSection":["A\u00e7\u00e3o Parlamentar"],"inLanguage":"pt-BR","potentialAction":[{"@type":"CommentAction","name":"Comment","target":["https:\/\/psol50.org.br\/psol-pede-convocacao-de-ministro-da-justica-para-cobrar-explicacao-de-atuacao-da-prf-no-dia-do-2o-turno\/#respond"]}]},{"@type":"WebPage","@id":"https:\/\/psol50.org.br\/psol-pede-convocacao-de-ministro-da-justica-para-cobrar-explicacao-de-atuacao-da-prf-no-dia-do-2o-turno\/","url":"https:\/\/psol50.org.br\/psol-pede-convocacao-de-ministro-da-justica-para-cobrar-explicacao-de-atuacao-da-prf-no-dia-do-2o-turno\/","name":"PSOL pede convoca\u00e7\u00e3o de ministro da Justi\u00e7a para cobrar explica\u00e7\u00e3o de atua\u00e7\u00e3o da PRF no dia do 2\u00ba\u00a0turno","isPartOf":{"@id":"https:\/\/psol50.org.br\/#website"},"primaryImageOfPage":{"@id":"https:\/\/psol50.org.br\/psol-pede-convocacao-de-ministro-da-justica-para-cobrar-explicacao-de-atuacao-da-prf-no-dia-do-2o-turno\/#primaryimage"},"image":{"@id":"https:\/\/psol50.org.br\/psol-pede-convocacao-de-ministro-da-justica-para-cobrar-explicacao-de-atuacao-da-prf-no-dia-do-2o-turno\/#primaryimage"},"thumbnailUrl":"https:\/\/psol50.org.br\/inc\/uploads\/2022\/11\/op-rodovida3-scaled.jpg","datePublished":"2022-11-09T18:19:40+00:00","dateModified":"2022-11-21T15:14:33+00:00","description":"Pol\u00edcia Rodovi\u00e1ria Federal desobedeceu a determina\u00e7\u00e3o expl\u00edcita do TSE e atuou de forma irregular nas rodovias em 30 de outubro.","breadcrumb":{"@id":"https:\/\/psol50.org.br\/psol-pede-convocacao-de-ministro-da-justica-para-cobrar-explicacao-de-atuacao-da-prf-no-dia-do-2o-turno\/#breadcrumb"},"inLanguage":"pt-BR","potentialAction":[{"@type":"ReadAction","target":["https:\/\/psol50.org.br\/psol-pede-convocacao-de-ministro-da-justica-para-cobrar-explicacao-de-atuacao-da-prf-no-dia-do-2o-turno\/"]}]},{"@type":"ImageObject","inLanguage":"pt-BR","@id":"https:\/\/psol50.org.br\/psol-pede-convocacao-de-ministro-da-justica-para-cobrar-explicacao-de-atuacao-da-prf-no-dia-do-2o-turno\/#primaryimage","url":"https:\/\/psol50.org.br\/inc\/uploads\/2022\/11\/op-rodovida3-scaled.jpg","contentUrl":"https:\/\/psol50.org.br\/inc\/uploads\/2022\/11\/op-rodovida3-scaled.jpg","width":2560,"height":1707,"caption":"Foto: Divulga\u00e7\u00e3o"},{"@type":"BreadcrumbList","@id":"https:\/\/psol50.org.br\/psol-pede-convocacao-de-ministro-da-justica-para-cobrar-explicacao-de-atuacao-da-prf-no-dia-do-2o-turno\/#breadcrumb","itemListElement":[{"@type":"ListItem","position":1,"name":"In\u00edcio","item":"https:\/\/psol50.org.br\/"},{"@type":"ListItem","position":2,"name":"PSOL pede convoca\u00e7\u00e3o de ministro da Justi\u00e7a para cobrar explica\u00e7\u00e3o de atua\u00e7\u00e3o da PRF no dia do 2\u00ba\u00a0turno"}]},{"@type":"WebSite","@id":"https:\/\/psol50.org.br\/#website","url":"https:\/\/psol50.org.br\/","name":"PSOL 50","description":"Site oficial do Partido Socialismo e Liberdade","publisher":{"@id":"https:\/\/psol50.org.br\/#organization"},"alternateName":"PSOL50","potentialAction":[{"@type":"SearchAction","target":{"@type":"EntryPoint","urlTemplate":"https:\/\/psol50.org.br\/?s={search_term_string}"},"query-input":{"@type":"PropertyValueSpecification","valueRequired":true,"valueName":"search_term_string"}}],"inLanguage":"pt-BR"},{"@type":"Organization","@id":"https:\/\/psol50.org.br\/#organization","name":"PSOL 50","alternateName":"PSOL 50","url":"https:\/\/psol50.org.br\/","logo":{"@type":"ImageObject","inLanguage":"pt-BR","@id":"https:\/\/psol50.org.br\/#\/schema\/logo\/image\/","url":"https:\/\/psol50.org.br\/inc\/uploads\/2018\/07\/capa.png","contentUrl":"https:\/\/psol50.org.br\/inc\/uploads\/2018\/07\/capa.png","width":1350,"height":900,"caption":"PSOL 50"},"image":{"@id":"https:\/\/psol50.org.br\/#\/schema\/logo\/image\/"},"sameAs":["https:\/\/www.facebook.com\/psol50","https:\/\/x.com\/psol50","https:\/\/www.instagram.com\/psol50\/","https:\/\/www.youtube.com\/channel\/UC7SnJS5o1os7a6CaiNabzcg"]},{"@type":"Person","@id":"https:\/\/psol50.org.br\/#\/schema\/person\/475dfa57d0b815993c714c2e96491fcd","name":"Comunica\u00e7\u00e3o PSOL","image":{"@type":"ImageObject","inLanguage":"pt-BR","@id":"https:\/\/psol50.org.br\/#\/schema\/person\/image\/","url":"https:\/\/secure.gravatar.com\/avatar\/b34fc4f4e468a4e51785917065a3db57b841f5c95dba6ad8c73aaf8f66f8f9bf?s=96&d=mm&r=g","contentUrl":"https:\/\/secure.gravatar.com\/avatar\/b34fc4f4e468a4e51785917065a3db57b841f5c95dba6ad8c73aaf8f66f8f9bf?s=96&d=mm&r=g","caption":"Comunica\u00e7\u00e3o PSOL"}}]}},"_links":{"self":[{"href":"https:\/\/psol50.org.br\/rest\/wp\/v2\/posts\/36497","targetHints":{"allow":["GET"]}}],"collection":[{"href":"https:\/\/psol50.org.br\/rest\/wp\/v2\/posts"}],"about":[{"href":"https:\/\/psol50.org.br\/rest\/wp\/v2\/types\/post"}],"author":[{"embeddable":true,"href":"https:\/\/psol50.org.br\/rest\/wp\/v2\/users\/2"}],"replies":[{"embeddable":true,"href":"https:\/\/psol50.org.br\/rest\/wp\/v2\/comments?post=36497"}],"version-history":[{"count":2,"href":"https:\/\/psol50.org.br\/rest\/wp\/v2\/posts\/36497\/revisions"}],"predecessor-version":[{"id":36500,"href":"https:\/\/psol50.org.br\/rest\/wp\/v2\/posts\/36497\/revisions\/36500"}],"wp:featuredmedia":[{"embeddable":true,"href":"https:\/\/psol50.org.br\/rest\/wp\/v2\/media\/36499"}],"wp:attachment":[{"href":"https:\/\/psol50.org.br\/rest\/wp\/v2\/media?parent=36497"}],"wp:term":[{"taxonomy":"category","embeddable":true,"href":"https:\/\/psol50.org.br\/rest\/wp\/v2\/categories?post=36497"},{"taxonomy":"post_tag","embeddable":true,"href":"https:\/\/psol50.org.br\/rest\/wp\/v2\/tags?post=36497"}],"curies":[{"name":"wp","href":"https:\/\/api.w.org\/{rel}","templated":true}]}}