{"id":36527,"date":"2022-11-18T12:07:43","date_gmt":"2022-11-18T15:07:43","guid":{"rendered":"https:\/\/psol50.org.br\/?p=36527"},"modified":"2022-11-18T12:58:16","modified_gmt":"2022-11-18T15:58:16","slug":"projeto-do-psol-que-cria-banco-de-dados-sobre-populacao-negra-e-aprovado-em-belo-horizonte-mg","status":"publish","type":"post","link":"https:\/\/psol50.org.br\/projeto-do-psol-que-cria-banco-de-dados-sobre-populacao-negra-e-aprovado-em-belo-horizonte-mg\/","title":{"rendered":"Projeto do PSOL que cria banco de dados sobre popula\u00e7\u00e3o negra \u00e9 aprovado em Belo Horizonte (MG)"},"content":{"rendered":"<p>O Projeto de Lei dos Dados Raciais, proposto pela vereadora Iza Louren\u00e7a, do PSOL em Belo Horizonte (MG), foi aprovado em 2\u00ba turno na C\u00e2mara Municipal nesta quarta-feira (16). A medida determina a cria\u00e7\u00e3o de um banco de dados com informa\u00e7\u00f5es sobre a popula\u00e7\u00e3o negra da capital mineira.<\/p>\n<p>A C\u00e2mara havia aprovado o PL em primeiro turno na \u00faltima quinta-feira (10). O projeto segue, agora, para san\u00e7\u00e3o do prefeito para que possa se tornar lei.<\/p>\n<p>O projeto 398\/2022 altera a Lei 9.934\/2010, que disp\u00f5e sobre a Pol\u00edtica Municipal de Promo\u00e7\u00e3o da Igualdade Racial, e torna obrigat\u00f3ria a coleta de dados sobre ra\u00e7a e cor dos usu\u00e1rios de servi\u00e7os p\u00fablicos, como sa\u00fade e educa\u00e7\u00e3o, para ajudar no planejamento de pol\u00edticas de igualdade racial no munic\u00edpio.<\/p>\n<p>Essa coleta seria poss\u00edvel por meio de formul\u00e1rios que j\u00e1 s\u00e3o distribu\u00eddos em locais que prestam servi\u00e7os p\u00fablicos. \u201cMuitas vezes, esse campo n\u00e3o \u00e9 preenchido e, mesmo quando \u00e9, nada \u00e9 feito com estas informa\u00e7\u00f5es\u201d, explica a vereadora Iza Louren\u00e7a.<\/p>\n<p>Para ela, \u201ca decis\u00e3o \u00e9 hist\u00f3rica para a capital mineira\u201d e \u201cvai retirar a quest\u00e3o do racismo em BH da invisibilidade.\u201d<\/p>\n<p>\u201cTemos dados nacionais que demonstram a desigualdade racial no pa\u00eds, mas ainda n\u00e3o temos dados que mostram o racismo na capital mineira. Isso dificulta pol\u00edticas p\u00fablicas para combater o problema\u201d, aponta.<\/p>\n<p>&#8220;Dados nacionais apontam que 98% dos jovens assassinados no Brasil s\u00e3o negros e n\u00e3o h\u00e1 dados em nosso munic\u00edpio. O \u00faltimo dado que temos, de 2018, mostra que 70% dos jovens assassinados s\u00e3o negros. Mas precisamos atualizar para promover pol\u00edticas p\u00fablicas e a seguran\u00e7a dessa popula\u00e7\u00e3o&#8221;, disse a vereadora.<\/p>\n<p>O projeto foi criado pela Comiss\u00e3o Especial de Estudo \u2013 Empregabilidade, Viol\u00eancia e Homic\u00eddio de Jovens Negros, grupo tempor\u00e1rio de estudos que trabalhou de 2021 a 2022.<\/p>\n<p>Fizeram parte da comiss\u00e3o de estudos, al\u00e9m de Iza Louren\u00e7a (PSOL), tamb\u00e9m Maca\u00e9 Evaristo (PT), Gilson Guimar\u00e3es (Rede), Marcos Crispim (PP) e Wesley (PP).<\/p>\n","protected":false},"excerpt":{"rendered":"<p>O Projeto de Lei dos Dados Raciais, proposto pela vereadora Iza Louren\u00e7a, do PSOL em Belo Horizonte (MG), foi aprovado em 2\u00ba turno na C\u00e2mara Municipal nesta quarta-feira (16). A medida determina a cria\u00e7\u00e3o de um banco de dados com informa\u00e7\u00f5es sobre a popula\u00e7\u00e3o negra da capital mineira. A C\u00e2mara havia aprovado o PL em [&hellip;]<\/p>\n","protected":false},"author":2,"featured_media":36530,"comment_status":"open","ping_status":"open","sticky":false,"template":"","format":"standard","meta":{"_acf_changed":false,"footnotes":""},"categories":[654],"tags":[4825],"class_list":{"0":"post-36527","1":"post","2":"type-post","3":"status-publish","4":"format-standard","5":"has-post-thumbnail","7":"category-estados","8":"tag-noticias"},"acf":[],"yoast_head":"<!-- This site is optimized with the Yoast SEO plugin v26.5 - https:\/\/yoast.com\/wordpress\/plugins\/seo\/ -->\n<title>Projeto do PSOL que cria banco de dados sobre popula\u00e7\u00e3o negra \u00e9 aprovado em Belo Horizonte (MG)<\/title>\n<meta name=\"description\" content=\"Projeto de autoria da vereadora Iza Louren\u00e7a (PSOL) foi aprovado na C\u00e2mara Municipal e aguarda san\u00e7\u00e3o da Prefeitura de BH.\" \/>\n<meta name=\"robots\" content=\"index, follow, max-snippet:-1, max-image-preview:large, max-video-preview:-1\" \/>\n<link rel=\"canonical\" href=\"https:\/\/psol50.org.br\/projeto-do-psol-que-cria-banco-de-dados-sobre-populacao-negra-e-aprovado-em-belo-horizonte-mg\/\" \/>\n<meta property=\"og:locale\" content=\"pt_BR\" \/>\n<meta property=\"og:type\" content=\"article\" \/>\n<meta property=\"og:title\" content=\"Projeto do PSOL que cria banco de dados sobre popula\u00e7\u00e3o negra \u00e9 aprovado em Belo Horizonte (MG)\" \/>\n<meta property=\"og:description\" content=\"Projeto de autoria da vereadora Iza Louren\u00e7a (PSOL) foi aprovado na C\u00e2mara Municipal e aguarda san\u00e7\u00e3o da Prefeitura de BH.\" \/>\n<meta property=\"og:url\" content=\"https:\/\/psol50.org.br\/projeto-do-psol-que-cria-banco-de-dados-sobre-populacao-negra-e-aprovado-em-belo-horizonte-mg\/\" \/>\n<meta property=\"og:site_name\" content=\"PSOL 50\" \/>\n<meta property=\"article:publisher\" content=\"https:\/\/www.facebook.com\/psol50\" \/>\n<meta property=\"article:published_time\" content=\"2022-11-18T15:07:43+00:00\" \/>\n<meta property=\"article:modified_time\" content=\"2022-11-18T15:58:16+00:00\" \/>\n<meta property=\"og:image\" content=\"https:\/\/psol50.org.br\/inc\/uploads\/2022\/11\/izalourenca_instagram.png\" \/>\n\t<meta property=\"og:image:width\" content=\"603\" \/>\n\t<meta property=\"og:image:height\" content=\"365\" \/>\n\t<meta property=\"og:image:type\" content=\"image\/png\" \/>\n<meta name=\"author\" content=\"Comunica\u00e7\u00e3o PSOL\" \/>\n<meta name=\"twitter:card\" content=\"summary_large_image\" \/>\n<meta name=\"twitter:creator\" content=\"@psol50\" \/>\n<meta name=\"twitter:site\" content=\"@psol50\" \/>\n<meta name=\"twitter:label1\" content=\"Escrito por\" \/>\n\t<meta name=\"twitter:data1\" content=\"Comunica\u00e7\u00e3o PSOL\" \/>\n\t<meta name=\"twitter:label2\" content=\"Est. tempo de leitura\" \/>\n\t<meta name=\"twitter:data2\" content=\"2 minutos\" \/>\n<script type=\"application\/ld+json\" class=\"yoast-schema-graph\">{\"@context\":\"https:\/\/schema.org\",\"@graph\":[{\"@type\":\"Article\",\"@id\":\"https:\/\/psol50.org.br\/projeto-do-psol-que-cria-banco-de-dados-sobre-populacao-negra-e-aprovado-em-belo-horizonte-mg\/#article\",\"isPartOf\":{\"@id\":\"https:\/\/psol50.org.br\/projeto-do-psol-que-cria-banco-de-dados-sobre-populacao-negra-e-aprovado-em-belo-horizonte-mg\/\"},\"author\":{\"name\":\"Comunica\u00e7\u00e3o PSOL\",\"@id\":\"https:\/\/psol50.org.br\/#\/schema\/person\/475dfa57d0b815993c714c2e96491fcd\"},\"headline\":\"Projeto do PSOL que cria banco de dados sobre popula\u00e7\u00e3o negra \u00e9 aprovado em Belo Horizonte (MG)\",\"datePublished\":\"2022-11-18T15:07:43+00:00\",\"dateModified\":\"2022-11-18T15:58:16+00:00\",\"mainEntityOfPage\":{\"@id\":\"https:\/\/psol50.org.br\/projeto-do-psol-que-cria-banco-de-dados-sobre-populacao-negra-e-aprovado-em-belo-horizonte-mg\/\"},\"wordCount\":370,\"commentCount\":0,\"publisher\":{\"@id\":\"https:\/\/psol50.org.br\/#organization\"},\"image\":{\"@id\":\"https:\/\/psol50.org.br\/projeto-do-psol-que-cria-banco-de-dados-sobre-populacao-negra-e-aprovado-em-belo-horizonte-mg\/#primaryimage\"},\"thumbnailUrl\":\"https:\/\/psol50.org.br\/inc\/uploads\/2022\/11\/izalourenca_instagram.png\",\"keywords\":[\"Not\u00edcias\"],\"articleSection\":[\"Estados\"],\"inLanguage\":\"pt-BR\",\"potentialAction\":[{\"@type\":\"CommentAction\",\"name\":\"Comment\",\"target\":[\"https:\/\/psol50.org.br\/projeto-do-psol-que-cria-banco-de-dados-sobre-populacao-negra-e-aprovado-em-belo-horizonte-mg\/#respond\"]}]},{\"@type\":\"WebPage\",\"@id\":\"https:\/\/psol50.org.br\/projeto-do-psol-que-cria-banco-de-dados-sobre-populacao-negra-e-aprovado-em-belo-horizonte-mg\/\",\"url\":\"https:\/\/psol50.org.br\/projeto-do-psol-que-cria-banco-de-dados-sobre-populacao-negra-e-aprovado-em-belo-horizonte-mg\/\",\"name\":\"Projeto do PSOL que cria banco de dados sobre popula\u00e7\u00e3o negra \u00e9 aprovado em Belo Horizonte (MG)\",\"isPartOf\":{\"@id\":\"https:\/\/psol50.org.br\/#website\"},\"primaryImageOfPage\":{\"@id\":\"https:\/\/psol50.org.br\/projeto-do-psol-que-cria-banco-de-dados-sobre-populacao-negra-e-aprovado-em-belo-horizonte-mg\/#primaryimage\"},\"image\":{\"@id\":\"https:\/\/psol50.org.br\/projeto-do-psol-que-cria-banco-de-dados-sobre-populacao-negra-e-aprovado-em-belo-horizonte-mg\/#primaryimage\"},\"thumbnailUrl\":\"https:\/\/psol50.org.br\/inc\/uploads\/2022\/11\/izalourenca_instagram.png\",\"datePublished\":\"2022-11-18T15:07:43+00:00\",\"dateModified\":\"2022-11-18T15:58:16+00:00\",\"description\":\"Projeto de autoria da vereadora Iza Louren\u00e7a (PSOL) foi aprovado na C\u00e2mara Municipal e aguarda san\u00e7\u00e3o da Prefeitura de BH.\",\"breadcrumb\":{\"@id\":\"https:\/\/psol50.org.br\/projeto-do-psol-que-cria-banco-de-dados-sobre-populacao-negra-e-aprovado-em-belo-horizonte-mg\/#breadcrumb\"},\"inLanguage\":\"pt-BR\",\"potentialAction\":[{\"@type\":\"ReadAction\",\"target\":[\"https:\/\/psol50.org.br\/projeto-do-psol-que-cria-banco-de-dados-sobre-populacao-negra-e-aprovado-em-belo-horizonte-mg\/\"]}]},{\"@type\":\"ImageObject\",\"inLanguage\":\"pt-BR\",\"@id\":\"https:\/\/psol50.org.br\/projeto-do-psol-que-cria-banco-de-dados-sobre-populacao-negra-e-aprovado-em-belo-horizonte-mg\/#primaryimage\",\"url\":\"https:\/\/psol50.org.br\/inc\/uploads\/2022\/11\/izalourenca_instagram.png\",\"contentUrl\":\"https:\/\/psol50.org.br\/inc\/uploads\/2022\/11\/izalourenca_instagram.png\",\"width\":603,\"height\":365,\"caption\":\"Foto: Reprodu\u00e7\u00e3o\/Redes Sociais\"},{\"@type\":\"BreadcrumbList\",\"@id\":\"https:\/\/psol50.org.br\/projeto-do-psol-que-cria-banco-de-dados-sobre-populacao-negra-e-aprovado-em-belo-horizonte-mg\/#breadcrumb\",\"itemListElement\":[{\"@type\":\"ListItem\",\"position\":1,\"name\":\"In\u00edcio\",\"item\":\"https:\/\/psol50.org.br\/\"},{\"@type\":\"ListItem\",\"position\":2,\"name\":\"Projeto do PSOL que cria banco de dados sobre popula\u00e7\u00e3o negra \u00e9 aprovado em Belo Horizonte (MG)\"}]},{\"@type\":\"WebSite\",\"@id\":\"https:\/\/psol50.org.br\/#website\",\"url\":\"https:\/\/psol50.org.br\/\",\"name\":\"PSOL 50\",\"description\":\"Site oficial do Partido Socialismo e Liberdade\",\"publisher\":{\"@id\":\"https:\/\/psol50.org.br\/#organization\"},\"alternateName\":\"PSOL50\",\"potentialAction\":[{\"@type\":\"SearchAction\",\"target\":{\"@type\":\"EntryPoint\",\"urlTemplate\":\"https:\/\/psol50.org.br\/?s={search_term_string}\"},\"query-input\":{\"@type\":\"PropertyValueSpecification\",\"valueRequired\":true,\"valueName\":\"search_term_string\"}}],\"inLanguage\":\"pt-BR\"},{\"@type\":\"Organization\",\"@id\":\"https:\/\/psol50.org.br\/#organization\",\"name\":\"PSOL 50\",\"alternateName\":\"PSOL 50\",\"url\":\"https:\/\/psol50.org.br\/\",\"logo\":{\"@type\":\"ImageObject\",\"inLanguage\":\"pt-BR\",\"@id\":\"https:\/\/psol50.org.br\/#\/schema\/logo\/image\/\",\"url\":\"https:\/\/psol50.org.br\/inc\/uploads\/2018\/07\/capa.png\",\"contentUrl\":\"https:\/\/psol50.org.br\/inc\/uploads\/2018\/07\/capa.png\",\"width\":1350,\"height\":900,\"caption\":\"PSOL 50\"},\"image\":{\"@id\":\"https:\/\/psol50.org.br\/#\/schema\/logo\/image\/\"},\"sameAs\":[\"https:\/\/www.facebook.com\/psol50\",\"https:\/\/x.com\/psol50\",\"https:\/\/www.instagram.com\/psol50\/\",\"https:\/\/www.youtube.com\/channel\/UC7SnJS5o1os7a6CaiNabzcg\"]},{\"@type\":\"Person\",\"@id\":\"https:\/\/psol50.org.br\/#\/schema\/person\/475dfa57d0b815993c714c2e96491fcd\",\"name\":\"Comunica\u00e7\u00e3o PSOL\",\"image\":{\"@type\":\"ImageObject\",\"inLanguage\":\"pt-BR\",\"@id\":\"https:\/\/psol50.org.br\/#\/schema\/person\/image\/\",\"url\":\"https:\/\/secure.gravatar.com\/avatar\/b34fc4f4e468a4e51785917065a3db57b841f5c95dba6ad8c73aaf8f66f8f9bf?s=96&d=mm&r=g\",\"contentUrl\":\"https:\/\/secure.gravatar.com\/avatar\/b34fc4f4e468a4e51785917065a3db57b841f5c95dba6ad8c73aaf8f66f8f9bf?s=96&d=mm&r=g\",\"caption\":\"Comunica\u00e7\u00e3o PSOL\"}}]}<\/script>\n<!-- \/ Yoast SEO plugin. -->","yoast_head_json":{"title":"Projeto do PSOL que cria banco de dados sobre popula\u00e7\u00e3o negra \u00e9 aprovado em Belo Horizonte (MG)","description":"Projeto de autoria da vereadora Iza Louren\u00e7a (PSOL) foi aprovado na C\u00e2mara Municipal e aguarda san\u00e7\u00e3o da Prefeitura de BH.","robots":{"index":"index","follow":"follow","max-snippet":"max-snippet:-1","max-image-preview":"max-image-preview:large","max-video-preview":"max-video-preview:-1"},"canonical":"https:\/\/psol50.org.br\/projeto-do-psol-que-cria-banco-de-dados-sobre-populacao-negra-e-aprovado-em-belo-horizonte-mg\/","og_locale":"pt_BR","og_type":"article","og_title":"Projeto do PSOL que cria banco de dados sobre popula\u00e7\u00e3o negra \u00e9 aprovado em Belo Horizonte (MG)","og_description":"Projeto de autoria da vereadora Iza Louren\u00e7a (PSOL) foi aprovado na C\u00e2mara Municipal e aguarda san\u00e7\u00e3o da Prefeitura de BH.","og_url":"https:\/\/psol50.org.br\/projeto-do-psol-que-cria-banco-de-dados-sobre-populacao-negra-e-aprovado-em-belo-horizonte-mg\/","og_site_name":"PSOL 50","article_publisher":"https:\/\/www.facebook.com\/psol50","article_published_time":"2022-11-18T15:07:43+00:00","article_modified_time":"2022-11-18T15:58:16+00:00","og_image":[{"width":603,"height":365,"url":"https:\/\/psol50.org.br\/inc\/uploads\/2022\/11\/izalourenca_instagram.png","type":"image\/png"}],"author":"Comunica\u00e7\u00e3o PSOL","twitter_card":"summary_large_image","twitter_creator":"@psol50","twitter_site":"@psol50","twitter_misc":{"Escrito por":"Comunica\u00e7\u00e3o PSOL","Est. tempo de leitura":"2 minutos"},"schema":{"@context":"https:\/\/schema.org","@graph":[{"@type":"Article","@id":"https:\/\/psol50.org.br\/projeto-do-psol-que-cria-banco-de-dados-sobre-populacao-negra-e-aprovado-em-belo-horizonte-mg\/#article","isPartOf":{"@id":"https:\/\/psol50.org.br\/projeto-do-psol-que-cria-banco-de-dados-sobre-populacao-negra-e-aprovado-em-belo-horizonte-mg\/"},"author":{"name":"Comunica\u00e7\u00e3o PSOL","@id":"https:\/\/psol50.org.br\/#\/schema\/person\/475dfa57d0b815993c714c2e96491fcd"},"headline":"Projeto do PSOL que cria banco de dados sobre popula\u00e7\u00e3o negra \u00e9 aprovado em Belo Horizonte (MG)","datePublished":"2022-11-18T15:07:43+00:00","dateModified":"2022-11-18T15:58:16+00:00","mainEntityOfPage":{"@id":"https:\/\/psol50.org.br\/projeto-do-psol-que-cria-banco-de-dados-sobre-populacao-negra-e-aprovado-em-belo-horizonte-mg\/"},"wordCount":370,"commentCount":0,"publisher":{"@id":"https:\/\/psol50.org.br\/#organization"},"image":{"@id":"https:\/\/psol50.org.br\/projeto-do-psol-que-cria-banco-de-dados-sobre-populacao-negra-e-aprovado-em-belo-horizonte-mg\/#primaryimage"},"thumbnailUrl":"https:\/\/psol50.org.br\/inc\/uploads\/2022\/11\/izalourenca_instagram.png","keywords":["Not\u00edcias"],"articleSection":["Estados"],"inLanguage":"pt-BR","potentialAction":[{"@type":"CommentAction","name":"Comment","target":["https:\/\/psol50.org.br\/projeto-do-psol-que-cria-banco-de-dados-sobre-populacao-negra-e-aprovado-em-belo-horizonte-mg\/#respond"]}]},{"@type":"WebPage","@id":"https:\/\/psol50.org.br\/projeto-do-psol-que-cria-banco-de-dados-sobre-populacao-negra-e-aprovado-em-belo-horizonte-mg\/","url":"https:\/\/psol50.org.br\/projeto-do-psol-que-cria-banco-de-dados-sobre-populacao-negra-e-aprovado-em-belo-horizonte-mg\/","name":"Projeto do PSOL que cria banco de dados sobre popula\u00e7\u00e3o negra \u00e9 aprovado em Belo Horizonte (MG)","isPartOf":{"@id":"https:\/\/psol50.org.br\/#website"},"primaryImageOfPage":{"@id":"https:\/\/psol50.org.br\/projeto-do-psol-que-cria-banco-de-dados-sobre-populacao-negra-e-aprovado-em-belo-horizonte-mg\/#primaryimage"},"image":{"@id":"https:\/\/psol50.org.br\/projeto-do-psol-que-cria-banco-de-dados-sobre-populacao-negra-e-aprovado-em-belo-horizonte-mg\/#primaryimage"},"thumbnailUrl":"https:\/\/psol50.org.br\/inc\/uploads\/2022\/11\/izalourenca_instagram.png","datePublished":"2022-11-18T15:07:43+00:00","dateModified":"2022-11-18T15:58:16+00:00","description":"Projeto de autoria da vereadora Iza Louren\u00e7a (PSOL) foi aprovado na C\u00e2mara Municipal e aguarda san\u00e7\u00e3o da Prefeitura de BH.","breadcrumb":{"@id":"https:\/\/psol50.org.br\/projeto-do-psol-que-cria-banco-de-dados-sobre-populacao-negra-e-aprovado-em-belo-horizonte-mg\/#breadcrumb"},"inLanguage":"pt-BR","potentialAction":[{"@type":"ReadAction","target":["https:\/\/psol50.org.br\/projeto-do-psol-que-cria-banco-de-dados-sobre-populacao-negra-e-aprovado-em-belo-horizonte-mg\/"]}]},{"@type":"ImageObject","inLanguage":"pt-BR","@id":"https:\/\/psol50.org.br\/projeto-do-psol-que-cria-banco-de-dados-sobre-populacao-negra-e-aprovado-em-belo-horizonte-mg\/#primaryimage","url":"https:\/\/psol50.org.br\/inc\/uploads\/2022\/11\/izalourenca_instagram.png","contentUrl":"https:\/\/psol50.org.br\/inc\/uploads\/2022\/11\/izalourenca_instagram.png","width":603,"height":365,"caption":"Foto: Reprodu\u00e7\u00e3o\/Redes Sociais"},{"@type":"BreadcrumbList","@id":"https:\/\/psol50.org.br\/projeto-do-psol-que-cria-banco-de-dados-sobre-populacao-negra-e-aprovado-em-belo-horizonte-mg\/#breadcrumb","itemListElement":[{"@type":"ListItem","position":1,"name":"In\u00edcio","item":"https:\/\/psol50.org.br\/"},{"@type":"ListItem","position":2,"name":"Projeto do PSOL que cria banco de dados sobre popula\u00e7\u00e3o negra \u00e9 aprovado em Belo Horizonte (MG)"}]},{"@type":"WebSite","@id":"https:\/\/psol50.org.br\/#website","url":"https:\/\/psol50.org.br\/","name":"PSOL 50","description":"Site oficial do Partido Socialismo e Liberdade","publisher":{"@id":"https:\/\/psol50.org.br\/#organization"},"alternateName":"PSOL50","potentialAction":[{"@type":"SearchAction","target":{"@type":"EntryPoint","urlTemplate":"https:\/\/psol50.org.br\/?s={search_term_string}"},"query-input":{"@type":"PropertyValueSpecification","valueRequired":true,"valueName":"search_term_string"}}],"inLanguage":"pt-BR"},{"@type":"Organization","@id":"https:\/\/psol50.org.br\/#organization","name":"PSOL 50","alternateName":"PSOL 50","url":"https:\/\/psol50.org.br\/","logo":{"@type":"ImageObject","inLanguage":"pt-BR","@id":"https:\/\/psol50.org.br\/#\/schema\/logo\/image\/","url":"https:\/\/psol50.org.br\/inc\/uploads\/2018\/07\/capa.png","contentUrl":"https:\/\/psol50.org.br\/inc\/uploads\/2018\/07\/capa.png","width":1350,"height":900,"caption":"PSOL 50"},"image":{"@id":"https:\/\/psol50.org.br\/#\/schema\/logo\/image\/"},"sameAs":["https:\/\/www.facebook.com\/psol50","https:\/\/x.com\/psol50","https:\/\/www.instagram.com\/psol50\/","https:\/\/www.youtube.com\/channel\/UC7SnJS5o1os7a6CaiNabzcg"]},{"@type":"Person","@id":"https:\/\/psol50.org.br\/#\/schema\/person\/475dfa57d0b815993c714c2e96491fcd","name":"Comunica\u00e7\u00e3o PSOL","image":{"@type":"ImageObject","inLanguage":"pt-BR","@id":"https:\/\/psol50.org.br\/#\/schema\/person\/image\/","url":"https:\/\/secure.gravatar.com\/avatar\/b34fc4f4e468a4e51785917065a3db57b841f5c95dba6ad8c73aaf8f66f8f9bf?s=96&d=mm&r=g","contentUrl":"https:\/\/secure.gravatar.com\/avatar\/b34fc4f4e468a4e51785917065a3db57b841f5c95dba6ad8c73aaf8f66f8f9bf?s=96&d=mm&r=g","caption":"Comunica\u00e7\u00e3o PSOL"}}]}},"_links":{"self":[{"href":"https:\/\/psol50.org.br\/rest\/wp\/v2\/posts\/36527","targetHints":{"allow":["GET"]}}],"collection":[{"href":"https:\/\/psol50.org.br\/rest\/wp\/v2\/posts"}],"about":[{"href":"https:\/\/psol50.org.br\/rest\/wp\/v2\/types\/post"}],"author":[{"embeddable":true,"href":"https:\/\/psol50.org.br\/rest\/wp\/v2\/users\/2"}],"replies":[{"embeddable":true,"href":"https:\/\/psol50.org.br\/rest\/wp\/v2\/comments?post=36527"}],"version-history":[{"count":4,"href":"https:\/\/psol50.org.br\/rest\/wp\/v2\/posts\/36527\/revisions"}],"predecessor-version":[{"id":36532,"href":"https:\/\/psol50.org.br\/rest\/wp\/v2\/posts\/36527\/revisions\/36532"}],"wp:featuredmedia":[{"embeddable":true,"href":"https:\/\/psol50.org.br\/rest\/wp\/v2\/media\/36530"}],"wp:attachment":[{"href":"https:\/\/psol50.org.br\/rest\/wp\/v2\/media?parent=36527"}],"wp:term":[{"taxonomy":"category","embeddable":true,"href":"https:\/\/psol50.org.br\/rest\/wp\/v2\/categories?post=36527"},{"taxonomy":"post_tag","embeddable":true,"href":"https:\/\/psol50.org.br\/rest\/wp\/v2\/tags?post=36527"}],"curies":[{"name":"wp","href":"https:\/\/api.w.org\/{rel}","templated":true}]}}