{"id":36541,"date":"2022-11-22T10:30:29","date_gmt":"2022-11-22T13:30:29","guid":{"rendered":"https:\/\/psol50.org.br\/?p=36541"},"modified":"2022-11-22T10:30:29","modified_gmt":"2022-11-22T13:30:29","slug":"psol-cobra-informacoes-sobre-atraso-do-ministerio-da-saude-em-compra-de-vacinas-de-segunda-geracao","status":"publish","type":"post","link":"https:\/\/psol50.org.br\/psol-cobra-informacoes-sobre-atraso-do-ministerio-da-saude-em-compra-de-vacinas-de-segunda-geracao\/","title":{"rendered":"PSOL cobra informa\u00e7\u00f5es sobre atraso do Minist\u00e9rio da Sa\u00fade em compra de vacinas de segunda gera\u00e7\u00e3o"},"content":{"rendered":"<p>A bancada do PSOL na C\u00e2mara dos Deputados apresentou na \u00faltima segunda-feira (21) um requerimento de informa\u00e7\u00f5es com cinco questionamentos ao Minist\u00e9rio da Sa\u00fade, que at\u00e9 o momento n\u00e3o apresentou cronograma de vacina\u00e7\u00e3o contra a Covid-19 para 2023.<\/p>\n<p>At\u00e9 agora n\u00e3o existem informa\u00e7\u00f5es sobre quando ser\u00e3o compradas as vacinas de segunda gera\u00e7\u00e3o, as bivalentes, que s\u00e3o mais modernas e mais adequadas para o combate de novas cepas.<\/p>\n<p>\u201cO Minist\u00e9rio da Sa\u00fade deve essa explica\u00e7\u00e3o ao povo brasileiro e tamb\u00e9m estamos cobrando informa\u00e7\u00f5es da Anvisa sobre a demora pra libera\u00e7\u00e3o dessas vacinas de 2\u00aa gera\u00e7\u00e3o contra a Covid. Exigimos tamb\u00e9m a apresenta\u00e7\u00e3o de um calend\u00e1rio de vacina\u00e7\u00e3o de 2023. A pandemia n\u00e3o pode ser negligenciada depois de 600 mil mortes\u201d, ressaltou a deputada S\u00e2mia Bomfim, l\u00edder da bancada do PSOL.<\/p>\n<p>Atualmente existem dois tipos de imunizantes de segunda gera\u00e7\u00e3o, que s\u00e3o produzidos pelas farmac\u00eauticas Moderna e Pfizer. As vacinas hoje utilizadas no Brasil foram produzidas a partir da cepa original e por isso n\u00e3o protegem completamente da variante \u00d4micron. Foi detectado que pelo menos quatro variantes circulam no pa\u00eds.<\/p>\n<p>Por serem produzidas com tecnologia a partir da variante \u00d4micron, as vacinas de segunda gera\u00e7\u00e3o ou bivalentes, podem ser atualizadas de forma mais r\u00e1pida sendo poss\u00edvel a adapta\u00e7\u00e3o \u00e0s novas sub variantes.<\/p>\n","protected":false},"excerpt":{"rendered":"<p>A bancada do PSOL na C\u00e2mara dos Deputados apresentou na \u00faltima segunda-feira (21) um requerimento de informa\u00e7\u00f5es com cinco questionamentos ao Minist\u00e9rio da Sa\u00fade, que at\u00e9 o momento n\u00e3o apresentou cronograma de vacina\u00e7\u00e3o contra a Covid-19 para 2023. At\u00e9 agora n\u00e3o existem informa\u00e7\u00f5es sobre quando ser\u00e3o compradas as vacinas de segunda gera\u00e7\u00e3o, as bivalentes, que [&hellip;]<\/p>\n","protected":false},"author":2,"featured_media":36544,"comment_status":"open","ping_status":"open","sticky":false,"template":"","format":"standard","meta":{"_acf_changed":false,"footnotes":""},"categories":[10],"tags":[4825],"class_list":{"0":"post-36541","1":"post","2":"type-post","3":"status-publish","4":"format-standard","5":"has-post-thumbnail","7":"category-acao-parlamentares","8":"tag-noticias"},"acf":[],"yoast_head":"<!-- This site is optimized with the Yoast SEO plugin v26.5 - https:\/\/yoast.com\/wordpress\/plugins\/seo\/ -->\n<title>PSOL cobra informa\u00e7\u00f5es sobre atraso do Minist\u00e9rio da Sa\u00fade em compra de vacinas de segunda gera\u00e7\u00e3o<\/title>\n<meta name=\"description\" content=\"At\u00e9 agora n\u00e3o h\u00e1 informa\u00e7\u00e3o de quando ser\u00e3o compradas as vacinas bivalentes, mais modernas e mais adequadas ao combate de novas cepas.\" \/>\n<meta name=\"robots\" content=\"index, follow, max-snippet:-1, max-image-preview:large, max-video-preview:-1\" \/>\n<link rel=\"canonical\" href=\"https:\/\/psol50.org.br\/psol-cobra-informacoes-sobre-atraso-do-ministerio-da-saude-em-compra-de-vacinas-de-segunda-geracao\/\" \/>\n<meta property=\"og:locale\" content=\"pt_BR\" \/>\n<meta property=\"og:type\" content=\"article\" \/>\n<meta property=\"og:title\" content=\"PSOL cobra informa\u00e7\u00f5es sobre atraso do Minist\u00e9rio da Sa\u00fade em compra de vacinas de segunda gera\u00e7\u00e3o\" \/>\n<meta property=\"og:description\" content=\"At\u00e9 agora n\u00e3o h\u00e1 informa\u00e7\u00e3o de quando ser\u00e3o compradas as vacinas bivalentes, mais modernas e mais adequadas ao combate de novas cepas.\" \/>\n<meta property=\"og:url\" content=\"https:\/\/psol50.org.br\/psol-cobra-informacoes-sobre-atraso-do-ministerio-da-saude-em-compra-de-vacinas-de-segunda-geracao\/\" \/>\n<meta property=\"og:site_name\" content=\"PSOL 50\" \/>\n<meta property=\"article:publisher\" content=\"https:\/\/www.facebook.com\/psol50\" \/>\n<meta property=\"article:published_time\" content=\"2022-11-22T13:30:29+00:00\" \/>\n<meta property=\"og:image\" content=\"https:\/\/psol50.org.br\/inc\/uploads\/2022\/11\/montagem-1100-x-600-8.jpg\" \/>\n\t<meta property=\"og:image:width\" content=\"1100\" \/>\n\t<meta property=\"og:image:height\" content=\"600\" \/>\n\t<meta property=\"og:image:type\" content=\"image\/jpeg\" \/>\n<meta name=\"author\" content=\"Comunica\u00e7\u00e3o PSOL\" \/>\n<meta name=\"twitter:card\" content=\"summary_large_image\" \/>\n<meta name=\"twitter:creator\" content=\"@psol50\" \/>\n<meta name=\"twitter:site\" content=\"@psol50\" \/>\n<meta name=\"twitter:label1\" content=\"Escrito por\" \/>\n\t<meta name=\"twitter:data1\" content=\"Comunica\u00e7\u00e3o PSOL\" \/>\n\t<meta name=\"twitter:label2\" content=\"Est. tempo de leitura\" \/>\n\t<meta name=\"twitter:data2\" content=\"1 minuto\" \/>\n<script type=\"application\/ld+json\" class=\"yoast-schema-graph\">{\"@context\":\"https:\/\/schema.org\",\"@graph\":[{\"@type\":\"Article\",\"@id\":\"https:\/\/psol50.org.br\/psol-cobra-informacoes-sobre-atraso-do-ministerio-da-saude-em-compra-de-vacinas-de-segunda-geracao\/#article\",\"isPartOf\":{\"@id\":\"https:\/\/psol50.org.br\/psol-cobra-informacoes-sobre-atraso-do-ministerio-da-saude-em-compra-de-vacinas-de-segunda-geracao\/\"},\"author\":{\"name\":\"Comunica\u00e7\u00e3o PSOL\",\"@id\":\"https:\/\/psol50.org.br\/#\/schema\/person\/475dfa57d0b815993c714c2e96491fcd\"},\"headline\":\"PSOL cobra informa\u00e7\u00f5es sobre atraso do Minist\u00e9rio da Sa\u00fade em compra de vacinas de segunda gera\u00e7\u00e3o\",\"datePublished\":\"2022-11-22T13:30:29+00:00\",\"mainEntityOfPage\":{\"@id\":\"https:\/\/psol50.org.br\/psol-cobra-informacoes-sobre-atraso-do-ministerio-da-saude-em-compra-de-vacinas-de-segunda-geracao\/\"},\"wordCount\":259,\"commentCount\":0,\"publisher\":{\"@id\":\"https:\/\/psol50.org.br\/#organization\"},\"image\":{\"@id\":\"https:\/\/psol50.org.br\/psol-cobra-informacoes-sobre-atraso-do-ministerio-da-saude-em-compra-de-vacinas-de-segunda-geracao\/#primaryimage\"},\"thumbnailUrl\":\"https:\/\/psol50.org.br\/inc\/uploads\/2022\/11\/montagem-1100-x-600-8.jpg\",\"keywords\":[\"Not\u00edcias\"],\"articleSection\":[\"A\u00e7\u00e3o Parlamentar\"],\"inLanguage\":\"pt-BR\",\"potentialAction\":[{\"@type\":\"CommentAction\",\"name\":\"Comment\",\"target\":[\"https:\/\/psol50.org.br\/psol-cobra-informacoes-sobre-atraso-do-ministerio-da-saude-em-compra-de-vacinas-de-segunda-geracao\/#respond\"]}]},{\"@type\":\"WebPage\",\"@id\":\"https:\/\/psol50.org.br\/psol-cobra-informacoes-sobre-atraso-do-ministerio-da-saude-em-compra-de-vacinas-de-segunda-geracao\/\",\"url\":\"https:\/\/psol50.org.br\/psol-cobra-informacoes-sobre-atraso-do-ministerio-da-saude-em-compra-de-vacinas-de-segunda-geracao\/\",\"name\":\"PSOL cobra informa\u00e7\u00f5es sobre atraso do Minist\u00e9rio da Sa\u00fade em compra de vacinas de segunda gera\u00e7\u00e3o\",\"isPartOf\":{\"@id\":\"https:\/\/psol50.org.br\/#website\"},\"primaryImageOfPage\":{\"@id\":\"https:\/\/psol50.org.br\/psol-cobra-informacoes-sobre-atraso-do-ministerio-da-saude-em-compra-de-vacinas-de-segunda-geracao\/#primaryimage\"},\"image\":{\"@id\":\"https:\/\/psol50.org.br\/psol-cobra-informacoes-sobre-atraso-do-ministerio-da-saude-em-compra-de-vacinas-de-segunda-geracao\/#primaryimage\"},\"thumbnailUrl\":\"https:\/\/psol50.org.br\/inc\/uploads\/2022\/11\/montagem-1100-x-600-8.jpg\",\"datePublished\":\"2022-11-22T13:30:29+00:00\",\"description\":\"At\u00e9 agora n\u00e3o h\u00e1 informa\u00e7\u00e3o de quando ser\u00e3o compradas as vacinas bivalentes, mais modernas e mais adequadas ao combate de novas cepas.\",\"breadcrumb\":{\"@id\":\"https:\/\/psol50.org.br\/psol-cobra-informacoes-sobre-atraso-do-ministerio-da-saude-em-compra-de-vacinas-de-segunda-geracao\/#breadcrumb\"},\"inLanguage\":\"pt-BR\",\"potentialAction\":[{\"@type\":\"ReadAction\",\"target\":[\"https:\/\/psol50.org.br\/psol-cobra-informacoes-sobre-atraso-do-ministerio-da-saude-em-compra-de-vacinas-de-segunda-geracao\/\"]}]},{\"@type\":\"ImageObject\",\"inLanguage\":\"pt-BR\",\"@id\":\"https:\/\/psol50.org.br\/psol-cobra-informacoes-sobre-atraso-do-ministerio-da-saude-em-compra-de-vacinas-de-segunda-geracao\/#primaryimage\",\"url\":\"https:\/\/psol50.org.br\/inc\/uploads\/2022\/11\/montagem-1100-x-600-8.jpg\",\"contentUrl\":\"https:\/\/psol50.org.br\/inc\/uploads\/2022\/11\/montagem-1100-x-600-8.jpg\",\"width\":1100,\"height\":600,\"caption\":\"Foto: H\u00e9lia Scheppa\/Arquivo\/SEI\"},{\"@type\":\"BreadcrumbList\",\"@id\":\"https:\/\/psol50.org.br\/psol-cobra-informacoes-sobre-atraso-do-ministerio-da-saude-em-compra-de-vacinas-de-segunda-geracao\/#breadcrumb\",\"itemListElement\":[{\"@type\":\"ListItem\",\"position\":1,\"name\":\"In\u00edcio\",\"item\":\"https:\/\/psol50.org.br\/\"},{\"@type\":\"ListItem\",\"position\":2,\"name\":\"PSOL cobra informa\u00e7\u00f5es sobre atraso do Minist\u00e9rio da Sa\u00fade em compra de vacinas de segunda gera\u00e7\u00e3o\"}]},{\"@type\":\"WebSite\",\"@id\":\"https:\/\/psol50.org.br\/#website\",\"url\":\"https:\/\/psol50.org.br\/\",\"name\":\"PSOL 50\",\"description\":\"Site oficial do Partido Socialismo e Liberdade\",\"publisher\":{\"@id\":\"https:\/\/psol50.org.br\/#organization\"},\"alternateName\":\"PSOL50\",\"potentialAction\":[{\"@type\":\"SearchAction\",\"target\":{\"@type\":\"EntryPoint\",\"urlTemplate\":\"https:\/\/psol50.org.br\/?s={search_term_string}\"},\"query-input\":{\"@type\":\"PropertyValueSpecification\",\"valueRequired\":true,\"valueName\":\"search_term_string\"}}],\"inLanguage\":\"pt-BR\"},{\"@type\":\"Organization\",\"@id\":\"https:\/\/psol50.org.br\/#organization\",\"name\":\"PSOL 50\",\"alternateName\":\"PSOL 50\",\"url\":\"https:\/\/psol50.org.br\/\",\"logo\":{\"@type\":\"ImageObject\",\"inLanguage\":\"pt-BR\",\"@id\":\"https:\/\/psol50.org.br\/#\/schema\/logo\/image\/\",\"url\":\"https:\/\/psol50.org.br\/inc\/uploads\/2018\/07\/capa.png\",\"contentUrl\":\"https:\/\/psol50.org.br\/inc\/uploads\/2018\/07\/capa.png\",\"width\":1350,\"height\":900,\"caption\":\"PSOL 50\"},\"image\":{\"@id\":\"https:\/\/psol50.org.br\/#\/schema\/logo\/image\/\"},\"sameAs\":[\"https:\/\/www.facebook.com\/psol50\",\"https:\/\/x.com\/psol50\",\"https:\/\/www.instagram.com\/psol50\/\",\"https:\/\/www.youtube.com\/channel\/UC7SnJS5o1os7a6CaiNabzcg\"]},{\"@type\":\"Person\",\"@id\":\"https:\/\/psol50.org.br\/#\/schema\/person\/475dfa57d0b815993c714c2e96491fcd\",\"name\":\"Comunica\u00e7\u00e3o PSOL\",\"image\":{\"@type\":\"ImageObject\",\"inLanguage\":\"pt-BR\",\"@id\":\"https:\/\/psol50.org.br\/#\/schema\/person\/image\/\",\"url\":\"https:\/\/secure.gravatar.com\/avatar\/b34fc4f4e468a4e51785917065a3db57b841f5c95dba6ad8c73aaf8f66f8f9bf?s=96&d=mm&r=g\",\"contentUrl\":\"https:\/\/secure.gravatar.com\/avatar\/b34fc4f4e468a4e51785917065a3db57b841f5c95dba6ad8c73aaf8f66f8f9bf?s=96&d=mm&r=g\",\"caption\":\"Comunica\u00e7\u00e3o PSOL\"}}]}<\/script>\n<!-- \/ Yoast SEO plugin. -->","yoast_head_json":{"title":"PSOL cobra informa\u00e7\u00f5es sobre atraso do Minist\u00e9rio da Sa\u00fade em compra de vacinas de segunda gera\u00e7\u00e3o","description":"At\u00e9 agora n\u00e3o h\u00e1 informa\u00e7\u00e3o de quando ser\u00e3o compradas as vacinas bivalentes, mais modernas e mais adequadas ao combate de novas cepas.","robots":{"index":"index","follow":"follow","max-snippet":"max-snippet:-1","max-image-preview":"max-image-preview:large","max-video-preview":"max-video-preview:-1"},"canonical":"https:\/\/psol50.org.br\/psol-cobra-informacoes-sobre-atraso-do-ministerio-da-saude-em-compra-de-vacinas-de-segunda-geracao\/","og_locale":"pt_BR","og_type":"article","og_title":"PSOL cobra informa\u00e7\u00f5es sobre atraso do Minist\u00e9rio da Sa\u00fade em compra de vacinas de segunda gera\u00e7\u00e3o","og_description":"At\u00e9 agora n\u00e3o h\u00e1 informa\u00e7\u00e3o de quando ser\u00e3o compradas as vacinas bivalentes, mais modernas e mais adequadas ao combate de novas cepas.","og_url":"https:\/\/psol50.org.br\/psol-cobra-informacoes-sobre-atraso-do-ministerio-da-saude-em-compra-de-vacinas-de-segunda-geracao\/","og_site_name":"PSOL 50","article_publisher":"https:\/\/www.facebook.com\/psol50","article_published_time":"2022-11-22T13:30:29+00:00","og_image":[{"width":1100,"height":600,"url":"https:\/\/psol50.org.br\/inc\/uploads\/2022\/11\/montagem-1100-x-600-8.jpg","type":"image\/jpeg"}],"author":"Comunica\u00e7\u00e3o PSOL","twitter_card":"summary_large_image","twitter_creator":"@psol50","twitter_site":"@psol50","twitter_misc":{"Escrito por":"Comunica\u00e7\u00e3o PSOL","Est. tempo de leitura":"1 minuto"},"schema":{"@context":"https:\/\/schema.org","@graph":[{"@type":"Article","@id":"https:\/\/psol50.org.br\/psol-cobra-informacoes-sobre-atraso-do-ministerio-da-saude-em-compra-de-vacinas-de-segunda-geracao\/#article","isPartOf":{"@id":"https:\/\/psol50.org.br\/psol-cobra-informacoes-sobre-atraso-do-ministerio-da-saude-em-compra-de-vacinas-de-segunda-geracao\/"},"author":{"name":"Comunica\u00e7\u00e3o PSOL","@id":"https:\/\/psol50.org.br\/#\/schema\/person\/475dfa57d0b815993c714c2e96491fcd"},"headline":"PSOL cobra informa\u00e7\u00f5es sobre atraso do Minist\u00e9rio da Sa\u00fade em compra de vacinas de segunda gera\u00e7\u00e3o","datePublished":"2022-11-22T13:30:29+00:00","mainEntityOfPage":{"@id":"https:\/\/psol50.org.br\/psol-cobra-informacoes-sobre-atraso-do-ministerio-da-saude-em-compra-de-vacinas-de-segunda-geracao\/"},"wordCount":259,"commentCount":0,"publisher":{"@id":"https:\/\/psol50.org.br\/#organization"},"image":{"@id":"https:\/\/psol50.org.br\/psol-cobra-informacoes-sobre-atraso-do-ministerio-da-saude-em-compra-de-vacinas-de-segunda-geracao\/#primaryimage"},"thumbnailUrl":"https:\/\/psol50.org.br\/inc\/uploads\/2022\/11\/montagem-1100-x-600-8.jpg","keywords":["Not\u00edcias"],"articleSection":["A\u00e7\u00e3o Parlamentar"],"inLanguage":"pt-BR","potentialAction":[{"@type":"CommentAction","name":"Comment","target":["https:\/\/psol50.org.br\/psol-cobra-informacoes-sobre-atraso-do-ministerio-da-saude-em-compra-de-vacinas-de-segunda-geracao\/#respond"]}]},{"@type":"WebPage","@id":"https:\/\/psol50.org.br\/psol-cobra-informacoes-sobre-atraso-do-ministerio-da-saude-em-compra-de-vacinas-de-segunda-geracao\/","url":"https:\/\/psol50.org.br\/psol-cobra-informacoes-sobre-atraso-do-ministerio-da-saude-em-compra-de-vacinas-de-segunda-geracao\/","name":"PSOL cobra informa\u00e7\u00f5es sobre atraso do Minist\u00e9rio da Sa\u00fade em compra de vacinas de segunda gera\u00e7\u00e3o","isPartOf":{"@id":"https:\/\/psol50.org.br\/#website"},"primaryImageOfPage":{"@id":"https:\/\/psol50.org.br\/psol-cobra-informacoes-sobre-atraso-do-ministerio-da-saude-em-compra-de-vacinas-de-segunda-geracao\/#primaryimage"},"image":{"@id":"https:\/\/psol50.org.br\/psol-cobra-informacoes-sobre-atraso-do-ministerio-da-saude-em-compra-de-vacinas-de-segunda-geracao\/#primaryimage"},"thumbnailUrl":"https:\/\/psol50.org.br\/inc\/uploads\/2022\/11\/montagem-1100-x-600-8.jpg","datePublished":"2022-11-22T13:30:29+00:00","description":"At\u00e9 agora n\u00e3o h\u00e1 informa\u00e7\u00e3o de quando ser\u00e3o compradas as vacinas bivalentes, mais modernas e mais adequadas ao combate de novas cepas.","breadcrumb":{"@id":"https:\/\/psol50.org.br\/psol-cobra-informacoes-sobre-atraso-do-ministerio-da-saude-em-compra-de-vacinas-de-segunda-geracao\/#breadcrumb"},"inLanguage":"pt-BR","potentialAction":[{"@type":"ReadAction","target":["https:\/\/psol50.org.br\/psol-cobra-informacoes-sobre-atraso-do-ministerio-da-saude-em-compra-de-vacinas-de-segunda-geracao\/"]}]},{"@type":"ImageObject","inLanguage":"pt-BR","@id":"https:\/\/psol50.org.br\/psol-cobra-informacoes-sobre-atraso-do-ministerio-da-saude-em-compra-de-vacinas-de-segunda-geracao\/#primaryimage","url":"https:\/\/psol50.org.br\/inc\/uploads\/2022\/11\/montagem-1100-x-600-8.jpg","contentUrl":"https:\/\/psol50.org.br\/inc\/uploads\/2022\/11\/montagem-1100-x-600-8.jpg","width":1100,"height":600,"caption":"Foto: H\u00e9lia Scheppa\/Arquivo\/SEI"},{"@type":"BreadcrumbList","@id":"https:\/\/psol50.org.br\/psol-cobra-informacoes-sobre-atraso-do-ministerio-da-saude-em-compra-de-vacinas-de-segunda-geracao\/#breadcrumb","itemListElement":[{"@type":"ListItem","position":1,"name":"In\u00edcio","item":"https:\/\/psol50.org.br\/"},{"@type":"ListItem","position":2,"name":"PSOL cobra informa\u00e7\u00f5es sobre atraso do Minist\u00e9rio da Sa\u00fade em compra de vacinas de segunda gera\u00e7\u00e3o"}]},{"@type":"WebSite","@id":"https:\/\/psol50.org.br\/#website","url":"https:\/\/psol50.org.br\/","name":"PSOL 50","description":"Site oficial do Partido Socialismo e Liberdade","publisher":{"@id":"https:\/\/psol50.org.br\/#organization"},"alternateName":"PSOL50","potentialAction":[{"@type":"SearchAction","target":{"@type":"EntryPoint","urlTemplate":"https:\/\/psol50.org.br\/?s={search_term_string}"},"query-input":{"@type":"PropertyValueSpecification","valueRequired":true,"valueName":"search_term_string"}}],"inLanguage":"pt-BR"},{"@type":"Organization","@id":"https:\/\/psol50.org.br\/#organization","name":"PSOL 50","alternateName":"PSOL 50","url":"https:\/\/psol50.org.br\/","logo":{"@type":"ImageObject","inLanguage":"pt-BR","@id":"https:\/\/psol50.org.br\/#\/schema\/logo\/image\/","url":"https:\/\/psol50.org.br\/inc\/uploads\/2018\/07\/capa.png","contentUrl":"https:\/\/psol50.org.br\/inc\/uploads\/2018\/07\/capa.png","width":1350,"height":900,"caption":"PSOL 50"},"image":{"@id":"https:\/\/psol50.org.br\/#\/schema\/logo\/image\/"},"sameAs":["https:\/\/www.facebook.com\/psol50","https:\/\/x.com\/psol50","https:\/\/www.instagram.com\/psol50\/","https:\/\/www.youtube.com\/channel\/UC7SnJS5o1os7a6CaiNabzcg"]},{"@type":"Person","@id":"https:\/\/psol50.org.br\/#\/schema\/person\/475dfa57d0b815993c714c2e96491fcd","name":"Comunica\u00e7\u00e3o PSOL","image":{"@type":"ImageObject","inLanguage":"pt-BR","@id":"https:\/\/psol50.org.br\/#\/schema\/person\/image\/","url":"https:\/\/secure.gravatar.com\/avatar\/b34fc4f4e468a4e51785917065a3db57b841f5c95dba6ad8c73aaf8f66f8f9bf?s=96&d=mm&r=g","contentUrl":"https:\/\/secure.gravatar.com\/avatar\/b34fc4f4e468a4e51785917065a3db57b841f5c95dba6ad8c73aaf8f66f8f9bf?s=96&d=mm&r=g","caption":"Comunica\u00e7\u00e3o PSOL"}}]}},"_links":{"self":[{"href":"https:\/\/psol50.org.br\/rest\/wp\/v2\/posts\/36541","targetHints":{"allow":["GET"]}}],"collection":[{"href":"https:\/\/psol50.org.br\/rest\/wp\/v2\/posts"}],"about":[{"href":"https:\/\/psol50.org.br\/rest\/wp\/v2\/types\/post"}],"author":[{"embeddable":true,"href":"https:\/\/psol50.org.br\/rest\/wp\/v2\/users\/2"}],"replies":[{"embeddable":true,"href":"https:\/\/psol50.org.br\/rest\/wp\/v2\/comments?post=36541"}],"version-history":[{"count":2,"href":"https:\/\/psol50.org.br\/rest\/wp\/v2\/posts\/36541\/revisions"}],"predecessor-version":[{"id":36543,"href":"https:\/\/psol50.org.br\/rest\/wp\/v2\/posts\/36541\/revisions\/36543"}],"wp:featuredmedia":[{"embeddable":true,"href":"https:\/\/psol50.org.br\/rest\/wp\/v2\/media\/36544"}],"wp:attachment":[{"href":"https:\/\/psol50.org.br\/rest\/wp\/v2\/media?parent=36541"}],"wp:term":[{"taxonomy":"category","embeddable":true,"href":"https:\/\/psol50.org.br\/rest\/wp\/v2\/categories?post=36541"},{"taxonomy":"post_tag","embeddable":true,"href":"https:\/\/psol50.org.br\/rest\/wp\/v2\/tags?post=36541"}],"curies":[{"name":"wp","href":"https:\/\/api.w.org\/{rel}","templated":true}]}}