{"id":36559,"date":"2022-11-25T16:07:06","date_gmt":"2022-11-25T19:07:06","guid":{"rendered":"https:\/\/psol50.org.br\/?p=36559"},"modified":"2022-11-29T15:26:26","modified_gmt":"2022-11-29T18:26:26","slug":"tre-sp-aceita-denuncia-de-monica-seixas-psol-contra-vice-da-alesp-por-violencia-politica-de-genero","status":"publish","type":"post","link":"https:\/\/psol50.org.br\/tre-sp-aceita-denuncia-de-monica-seixas-psol-contra-vice-da-alesp-por-violencia-politica-de-genero\/","title":{"rendered":"TRE-SP aceita den\u00fancia de M\u00f4nica Seixas (PSOL) contra vice da Alesp por viol\u00eancia pol\u00edtica de g\u00eanero"},"content":{"rendered":"<p>O Tribunal Regional Eleitoral de S\u00e3o Paulo (TRE-SP) aceitou na \u00faltima quarta-feira (23) uma den\u00fancia de viol\u00eancia pol\u00edtica de g\u00eanero\u00a0contra o deputado Wellington Moura (Republicanos) por ele ter dito em plen\u00e1rio que iria\u00a0&#8220;colocar um cabresto&#8221; na boca da deputada estadual M\u00f4nica Seixas (PSOL).<\/p>\n<p>O epis\u00f3dio aconteceu em maio, quando o vice-presidente da Alesp afirmou na ocasi\u00e3o que &#8220;sempre colocaria um cabresto&#8221; na boca da parlamentar quando ele estivesse presidindo a sess\u00e3o.<\/p>\n<p>Segundo o Minist\u00e9rio P\u00fablico, o deputado &#8220;fazendo uso do microfone, assediou, constrangeu, humilhou, por palavras, a detentora de mandato eletivo e tamb\u00e9m deputada estadual M\u00f4nica Cristina Seixas Bonfim, em raz\u00e3o de menosprezo e discrimina\u00e7\u00e3o \u00e0 sua condi\u00e7\u00e3o de mulher e com a finalidade de impedir e dificultar o desempenho de seu mandato&#8221;.<\/p>\n<p>Aprovada no ano passado, a\u00a0lei 14.192 sobre viol\u00eancia pol\u00edtica contra mulher\u00a0estabelece que \u00e9 crime assediar, constranger, humilhar, perseguir ou amea\u00e7ar uma candidata ou mulheres que j\u00e1 ocupam cargos eletivos, com menosprezo ou discrimina\u00e7\u00e3o \u00e0 condi\u00e7\u00e3o de mulher ou ainda \u00e0 sua cor, ra\u00e7a ou etnia.<\/p>\n<p>A puni\u00e7\u00e3o \u00e9 de at\u00e9 quatro anos de pris\u00e3o e multa. Se a viol\u00eancia ocorrer pela internet e em redes sociais, a pena pode chegar a seis anos.<\/p>\n<p>Al\u00e9m do crime de viol\u00eancia pol\u00edtica contra a mulher, que consta no C\u00f3digo Eleitoral, h\u00e1 o crime de viol\u00eancia pol\u00edtica, que consta nos crimes contra o Estado democr\u00e1tico de Direito. A pena \u00e9 de tr\u00eas a seis anos de pris\u00e3o e multa.<\/p>\n","protected":false},"excerpt":{"rendered":"<p>O Tribunal Regional Eleitoral de S\u00e3o Paulo (TRE-SP) aceitou na \u00faltima quarta-feira (23) uma den\u00fancia de viol\u00eancia pol\u00edtica de g\u00eanero\u00a0contra o deputado Wellington Moura (Republicanos) por ele ter dito em plen\u00e1rio que iria\u00a0&#8220;colocar um cabresto&#8221; na boca da deputada estadual M\u00f4nica Seixas (PSOL). O epis\u00f3dio aconteceu em maio, quando o vice-presidente da Alesp afirmou na [&hellip;]<\/p>\n","protected":false},"author":2,"featured_media":36561,"comment_status":"open","ping_status":"open","sticky":false,"template":"","format":"standard","meta":{"_acf_changed":false,"footnotes":""},"categories":[654],"tags":[4825],"class_list":{"0":"post-36559","1":"post","2":"type-post","3":"status-publish","4":"format-standard","5":"has-post-thumbnail","7":"category-estados","8":"tag-noticias"},"acf":[],"yoast_head":"<!-- This site is optimized with the Yoast SEO plugin v26.5 - https:\/\/yoast.com\/wordpress\/plugins\/seo\/ -->\n<title>TRE-SP aceita den\u00fancia de M\u00f4nica Seixas (PSOL) contra vice da Alesp por viol\u00eancia pol\u00edtica de g\u00eanero<\/title>\n<meta name=\"description\" content=\"Wellington Moura (Republicanos) sugeriu colocar &#039;cabresto&#039; na boca da parlamentar do PSOL durante sess\u00e3o.\" \/>\n<meta name=\"robots\" content=\"index, follow, max-snippet:-1, max-image-preview:large, max-video-preview:-1\" \/>\n<link rel=\"canonical\" href=\"https:\/\/psol50.org.br\/tre-sp-aceita-denuncia-de-monica-seixas-psol-contra-vice-da-alesp-por-violencia-politica-de-genero\/\" \/>\n<meta property=\"og:locale\" content=\"pt_BR\" \/>\n<meta property=\"og:type\" content=\"article\" \/>\n<meta property=\"og:title\" content=\"TRE-SP aceita den\u00fancia de M\u00f4nica Seixas (PSOL) contra vice da Alesp por viol\u00eancia pol\u00edtica de g\u00eanero\" \/>\n<meta property=\"og:description\" content=\"Wellington Moura (Republicanos) sugeriu colocar &#039;cabresto&#039; na boca da parlamentar do PSOL durante sess\u00e3o.\" \/>\n<meta property=\"og:url\" content=\"https:\/\/psol50.org.br\/tre-sp-aceita-denuncia-de-monica-seixas-psol-contra-vice-da-alesp-por-violencia-politica-de-genero\/\" \/>\n<meta property=\"og:site_name\" content=\"PSOL 50\" \/>\n<meta property=\"article:publisher\" content=\"https:\/\/www.facebook.com\/psol50\" \/>\n<meta property=\"article:published_time\" content=\"2022-11-25T19:07:06+00:00\" \/>\n<meta property=\"article:modified_time\" content=\"2022-11-29T18:26:26+00:00\" \/>\n<meta property=\"og:image\" content=\"https:\/\/psol50.org.br\/inc\/uploads\/2022\/11\/f960x540-67818_141893_0.jpg\" \/>\n\t<meta property=\"og:image:width\" content=\"960\" \/>\n\t<meta property=\"og:image:height\" content=\"540\" \/>\n\t<meta property=\"og:image:type\" content=\"image\/jpeg\" \/>\n<meta name=\"author\" content=\"Comunica\u00e7\u00e3o PSOL\" \/>\n<meta name=\"twitter:card\" content=\"summary_large_image\" \/>\n<meta name=\"twitter:creator\" content=\"@psol50\" \/>\n<meta name=\"twitter:site\" content=\"@psol50\" \/>\n<meta name=\"twitter:label1\" content=\"Escrito por\" \/>\n\t<meta name=\"twitter:data1\" content=\"Comunica\u00e7\u00e3o PSOL\" \/>\n\t<meta name=\"twitter:label2\" content=\"Est. tempo de leitura\" \/>\n\t<meta name=\"twitter:data2\" content=\"1 minuto\" \/>\n<script type=\"application\/ld+json\" class=\"yoast-schema-graph\">{\"@context\":\"https:\/\/schema.org\",\"@graph\":[{\"@type\":\"Article\",\"@id\":\"https:\/\/psol50.org.br\/tre-sp-aceita-denuncia-de-monica-seixas-psol-contra-vice-da-alesp-por-violencia-politica-de-genero\/#article\",\"isPartOf\":{\"@id\":\"https:\/\/psol50.org.br\/tre-sp-aceita-denuncia-de-monica-seixas-psol-contra-vice-da-alesp-por-violencia-politica-de-genero\/\"},\"author\":{\"name\":\"Comunica\u00e7\u00e3o PSOL\",\"@id\":\"https:\/\/psol50.org.br\/#\/schema\/person\/475dfa57d0b815993c714c2e96491fcd\"},\"headline\":\"TRE-SP aceita den\u00fancia de M\u00f4nica Seixas (PSOL) contra vice da Alesp por viol\u00eancia pol\u00edtica de g\u00eanero\",\"datePublished\":\"2022-11-25T19:07:06+00:00\",\"dateModified\":\"2022-11-29T18:26:26+00:00\",\"mainEntityOfPage\":{\"@id\":\"https:\/\/psol50.org.br\/tre-sp-aceita-denuncia-de-monica-seixas-psol-contra-vice-da-alesp-por-violencia-politica-de-genero\/\"},\"wordCount\":290,\"commentCount\":0,\"publisher\":{\"@id\":\"https:\/\/psol50.org.br\/#organization\"},\"image\":{\"@id\":\"https:\/\/psol50.org.br\/tre-sp-aceita-denuncia-de-monica-seixas-psol-contra-vice-da-alesp-por-violencia-politica-de-genero\/#primaryimage\"},\"thumbnailUrl\":\"https:\/\/psol50.org.br\/inc\/uploads\/2022\/11\/f960x540-67818_141893_0.jpg\",\"keywords\":[\"Not\u00edcias\"],\"articleSection\":[\"Estados\"],\"inLanguage\":\"pt-BR\",\"potentialAction\":[{\"@type\":\"CommentAction\",\"name\":\"Comment\",\"target\":[\"https:\/\/psol50.org.br\/tre-sp-aceita-denuncia-de-monica-seixas-psol-contra-vice-da-alesp-por-violencia-politica-de-genero\/#respond\"]}]},{\"@type\":\"WebPage\",\"@id\":\"https:\/\/psol50.org.br\/tre-sp-aceita-denuncia-de-monica-seixas-psol-contra-vice-da-alesp-por-violencia-politica-de-genero\/\",\"url\":\"https:\/\/psol50.org.br\/tre-sp-aceita-denuncia-de-monica-seixas-psol-contra-vice-da-alesp-por-violencia-politica-de-genero\/\",\"name\":\"TRE-SP aceita den\u00fancia de M\u00f4nica Seixas (PSOL) contra vice da Alesp por viol\u00eancia pol\u00edtica de g\u00eanero\",\"isPartOf\":{\"@id\":\"https:\/\/psol50.org.br\/#website\"},\"primaryImageOfPage\":{\"@id\":\"https:\/\/psol50.org.br\/tre-sp-aceita-denuncia-de-monica-seixas-psol-contra-vice-da-alesp-por-violencia-politica-de-genero\/#primaryimage\"},\"image\":{\"@id\":\"https:\/\/psol50.org.br\/tre-sp-aceita-denuncia-de-monica-seixas-psol-contra-vice-da-alesp-por-violencia-politica-de-genero\/#primaryimage\"},\"thumbnailUrl\":\"https:\/\/psol50.org.br\/inc\/uploads\/2022\/11\/f960x540-67818_141893_0.jpg\",\"datePublished\":\"2022-11-25T19:07:06+00:00\",\"dateModified\":\"2022-11-29T18:26:26+00:00\",\"description\":\"Wellington Moura (Republicanos) sugeriu colocar 'cabresto' na boca da parlamentar do PSOL durante sess\u00e3o.\",\"breadcrumb\":{\"@id\":\"https:\/\/psol50.org.br\/tre-sp-aceita-denuncia-de-monica-seixas-psol-contra-vice-da-alesp-por-violencia-politica-de-genero\/#breadcrumb\"},\"inLanguage\":\"pt-BR\",\"potentialAction\":[{\"@type\":\"ReadAction\",\"target\":[\"https:\/\/psol50.org.br\/tre-sp-aceita-denuncia-de-monica-seixas-psol-contra-vice-da-alesp-por-violencia-politica-de-genero\/\"]}]},{\"@type\":\"ImageObject\",\"inLanguage\":\"pt-BR\",\"@id\":\"https:\/\/psol50.org.br\/tre-sp-aceita-denuncia-de-monica-seixas-psol-contra-vice-da-alesp-por-violencia-politica-de-genero\/#primaryimage\",\"url\":\"https:\/\/psol50.org.br\/inc\/uploads\/2022\/11\/f960x540-67818_141893_0.jpg\",\"contentUrl\":\"https:\/\/psol50.org.br\/inc\/uploads\/2022\/11\/f960x540-67818_141893_0.jpg\",\"width\":960,\"height\":540,\"caption\":\"Foto: Divulga\u00e7\u00e3o\/Mandato\"},{\"@type\":\"BreadcrumbList\",\"@id\":\"https:\/\/psol50.org.br\/tre-sp-aceita-denuncia-de-monica-seixas-psol-contra-vice-da-alesp-por-violencia-politica-de-genero\/#breadcrumb\",\"itemListElement\":[{\"@type\":\"ListItem\",\"position\":1,\"name\":\"In\u00edcio\",\"item\":\"https:\/\/psol50.org.br\/\"},{\"@type\":\"ListItem\",\"position\":2,\"name\":\"TRE-SP aceita den\u00fancia de M\u00f4nica Seixas (PSOL) contra vice da Alesp por viol\u00eancia pol\u00edtica de g\u00eanero\"}]},{\"@type\":\"WebSite\",\"@id\":\"https:\/\/psol50.org.br\/#website\",\"url\":\"https:\/\/psol50.org.br\/\",\"name\":\"PSOL 50\",\"description\":\"Site oficial do Partido Socialismo e Liberdade\",\"publisher\":{\"@id\":\"https:\/\/psol50.org.br\/#organization\"},\"alternateName\":\"PSOL50\",\"potentialAction\":[{\"@type\":\"SearchAction\",\"target\":{\"@type\":\"EntryPoint\",\"urlTemplate\":\"https:\/\/psol50.org.br\/?s={search_term_string}\"},\"query-input\":{\"@type\":\"PropertyValueSpecification\",\"valueRequired\":true,\"valueName\":\"search_term_string\"}}],\"inLanguage\":\"pt-BR\"},{\"@type\":\"Organization\",\"@id\":\"https:\/\/psol50.org.br\/#organization\",\"name\":\"PSOL 50\",\"alternateName\":\"PSOL 50\",\"url\":\"https:\/\/psol50.org.br\/\",\"logo\":{\"@type\":\"ImageObject\",\"inLanguage\":\"pt-BR\",\"@id\":\"https:\/\/psol50.org.br\/#\/schema\/logo\/image\/\",\"url\":\"https:\/\/psol50.org.br\/inc\/uploads\/2018\/07\/capa.png\",\"contentUrl\":\"https:\/\/psol50.org.br\/inc\/uploads\/2018\/07\/capa.png\",\"width\":1350,\"height\":900,\"caption\":\"PSOL 50\"},\"image\":{\"@id\":\"https:\/\/psol50.org.br\/#\/schema\/logo\/image\/\"},\"sameAs\":[\"https:\/\/www.facebook.com\/psol50\",\"https:\/\/x.com\/psol50\",\"https:\/\/www.instagram.com\/psol50\/\",\"https:\/\/www.youtube.com\/channel\/UC7SnJS5o1os7a6CaiNabzcg\"]},{\"@type\":\"Person\",\"@id\":\"https:\/\/psol50.org.br\/#\/schema\/person\/475dfa57d0b815993c714c2e96491fcd\",\"name\":\"Comunica\u00e7\u00e3o PSOL\",\"image\":{\"@type\":\"ImageObject\",\"inLanguage\":\"pt-BR\",\"@id\":\"https:\/\/psol50.org.br\/#\/schema\/person\/image\/\",\"url\":\"https:\/\/secure.gravatar.com\/avatar\/b34fc4f4e468a4e51785917065a3db57b841f5c95dba6ad8c73aaf8f66f8f9bf?s=96&d=mm&r=g\",\"contentUrl\":\"https:\/\/secure.gravatar.com\/avatar\/b34fc4f4e468a4e51785917065a3db57b841f5c95dba6ad8c73aaf8f66f8f9bf?s=96&d=mm&r=g\",\"caption\":\"Comunica\u00e7\u00e3o PSOL\"}}]}<\/script>\n<!-- \/ Yoast SEO plugin. -->","yoast_head_json":{"title":"TRE-SP aceita den\u00fancia de M\u00f4nica Seixas (PSOL) contra vice da Alesp por viol\u00eancia pol\u00edtica de g\u00eanero","description":"Wellington Moura (Republicanos) sugeriu colocar 'cabresto' na boca da parlamentar do PSOL durante sess\u00e3o.","robots":{"index":"index","follow":"follow","max-snippet":"max-snippet:-1","max-image-preview":"max-image-preview:large","max-video-preview":"max-video-preview:-1"},"canonical":"https:\/\/psol50.org.br\/tre-sp-aceita-denuncia-de-monica-seixas-psol-contra-vice-da-alesp-por-violencia-politica-de-genero\/","og_locale":"pt_BR","og_type":"article","og_title":"TRE-SP aceita den\u00fancia de M\u00f4nica Seixas (PSOL) contra vice da Alesp por viol\u00eancia pol\u00edtica de g\u00eanero","og_description":"Wellington Moura (Republicanos) sugeriu colocar 'cabresto' na boca da parlamentar do PSOL durante sess\u00e3o.","og_url":"https:\/\/psol50.org.br\/tre-sp-aceita-denuncia-de-monica-seixas-psol-contra-vice-da-alesp-por-violencia-politica-de-genero\/","og_site_name":"PSOL 50","article_publisher":"https:\/\/www.facebook.com\/psol50","article_published_time":"2022-11-25T19:07:06+00:00","article_modified_time":"2022-11-29T18:26:26+00:00","og_image":[{"width":960,"height":540,"url":"https:\/\/psol50.org.br\/inc\/uploads\/2022\/11\/f960x540-67818_141893_0.jpg","type":"image\/jpeg"}],"author":"Comunica\u00e7\u00e3o PSOL","twitter_card":"summary_large_image","twitter_creator":"@psol50","twitter_site":"@psol50","twitter_misc":{"Escrito por":"Comunica\u00e7\u00e3o PSOL","Est. tempo de leitura":"1 minuto"},"schema":{"@context":"https:\/\/schema.org","@graph":[{"@type":"Article","@id":"https:\/\/psol50.org.br\/tre-sp-aceita-denuncia-de-monica-seixas-psol-contra-vice-da-alesp-por-violencia-politica-de-genero\/#article","isPartOf":{"@id":"https:\/\/psol50.org.br\/tre-sp-aceita-denuncia-de-monica-seixas-psol-contra-vice-da-alesp-por-violencia-politica-de-genero\/"},"author":{"name":"Comunica\u00e7\u00e3o PSOL","@id":"https:\/\/psol50.org.br\/#\/schema\/person\/475dfa57d0b815993c714c2e96491fcd"},"headline":"TRE-SP aceita den\u00fancia de M\u00f4nica Seixas (PSOL) contra vice da Alesp por viol\u00eancia pol\u00edtica de g\u00eanero","datePublished":"2022-11-25T19:07:06+00:00","dateModified":"2022-11-29T18:26:26+00:00","mainEntityOfPage":{"@id":"https:\/\/psol50.org.br\/tre-sp-aceita-denuncia-de-monica-seixas-psol-contra-vice-da-alesp-por-violencia-politica-de-genero\/"},"wordCount":290,"commentCount":0,"publisher":{"@id":"https:\/\/psol50.org.br\/#organization"},"image":{"@id":"https:\/\/psol50.org.br\/tre-sp-aceita-denuncia-de-monica-seixas-psol-contra-vice-da-alesp-por-violencia-politica-de-genero\/#primaryimage"},"thumbnailUrl":"https:\/\/psol50.org.br\/inc\/uploads\/2022\/11\/f960x540-67818_141893_0.jpg","keywords":["Not\u00edcias"],"articleSection":["Estados"],"inLanguage":"pt-BR","potentialAction":[{"@type":"CommentAction","name":"Comment","target":["https:\/\/psol50.org.br\/tre-sp-aceita-denuncia-de-monica-seixas-psol-contra-vice-da-alesp-por-violencia-politica-de-genero\/#respond"]}]},{"@type":"WebPage","@id":"https:\/\/psol50.org.br\/tre-sp-aceita-denuncia-de-monica-seixas-psol-contra-vice-da-alesp-por-violencia-politica-de-genero\/","url":"https:\/\/psol50.org.br\/tre-sp-aceita-denuncia-de-monica-seixas-psol-contra-vice-da-alesp-por-violencia-politica-de-genero\/","name":"TRE-SP aceita den\u00fancia de M\u00f4nica Seixas (PSOL) contra vice da Alesp por viol\u00eancia pol\u00edtica de g\u00eanero","isPartOf":{"@id":"https:\/\/psol50.org.br\/#website"},"primaryImageOfPage":{"@id":"https:\/\/psol50.org.br\/tre-sp-aceita-denuncia-de-monica-seixas-psol-contra-vice-da-alesp-por-violencia-politica-de-genero\/#primaryimage"},"image":{"@id":"https:\/\/psol50.org.br\/tre-sp-aceita-denuncia-de-monica-seixas-psol-contra-vice-da-alesp-por-violencia-politica-de-genero\/#primaryimage"},"thumbnailUrl":"https:\/\/psol50.org.br\/inc\/uploads\/2022\/11\/f960x540-67818_141893_0.jpg","datePublished":"2022-11-25T19:07:06+00:00","dateModified":"2022-11-29T18:26:26+00:00","description":"Wellington Moura (Republicanos) sugeriu colocar 'cabresto' na boca da parlamentar do PSOL durante sess\u00e3o.","breadcrumb":{"@id":"https:\/\/psol50.org.br\/tre-sp-aceita-denuncia-de-monica-seixas-psol-contra-vice-da-alesp-por-violencia-politica-de-genero\/#breadcrumb"},"inLanguage":"pt-BR","potentialAction":[{"@type":"ReadAction","target":["https:\/\/psol50.org.br\/tre-sp-aceita-denuncia-de-monica-seixas-psol-contra-vice-da-alesp-por-violencia-politica-de-genero\/"]}]},{"@type":"ImageObject","inLanguage":"pt-BR","@id":"https:\/\/psol50.org.br\/tre-sp-aceita-denuncia-de-monica-seixas-psol-contra-vice-da-alesp-por-violencia-politica-de-genero\/#primaryimage","url":"https:\/\/psol50.org.br\/inc\/uploads\/2022\/11\/f960x540-67818_141893_0.jpg","contentUrl":"https:\/\/psol50.org.br\/inc\/uploads\/2022\/11\/f960x540-67818_141893_0.jpg","width":960,"height":540,"caption":"Foto: Divulga\u00e7\u00e3o\/Mandato"},{"@type":"BreadcrumbList","@id":"https:\/\/psol50.org.br\/tre-sp-aceita-denuncia-de-monica-seixas-psol-contra-vice-da-alesp-por-violencia-politica-de-genero\/#breadcrumb","itemListElement":[{"@type":"ListItem","position":1,"name":"In\u00edcio","item":"https:\/\/psol50.org.br\/"},{"@type":"ListItem","position":2,"name":"TRE-SP aceita den\u00fancia de M\u00f4nica Seixas (PSOL) contra vice da Alesp por viol\u00eancia pol\u00edtica de g\u00eanero"}]},{"@type":"WebSite","@id":"https:\/\/psol50.org.br\/#website","url":"https:\/\/psol50.org.br\/","name":"PSOL 50","description":"Site oficial do Partido Socialismo e Liberdade","publisher":{"@id":"https:\/\/psol50.org.br\/#organization"},"alternateName":"PSOL50","potentialAction":[{"@type":"SearchAction","target":{"@type":"EntryPoint","urlTemplate":"https:\/\/psol50.org.br\/?s={search_term_string}"},"query-input":{"@type":"PropertyValueSpecification","valueRequired":true,"valueName":"search_term_string"}}],"inLanguage":"pt-BR"},{"@type":"Organization","@id":"https:\/\/psol50.org.br\/#organization","name":"PSOL 50","alternateName":"PSOL 50","url":"https:\/\/psol50.org.br\/","logo":{"@type":"ImageObject","inLanguage":"pt-BR","@id":"https:\/\/psol50.org.br\/#\/schema\/logo\/image\/","url":"https:\/\/psol50.org.br\/inc\/uploads\/2018\/07\/capa.png","contentUrl":"https:\/\/psol50.org.br\/inc\/uploads\/2018\/07\/capa.png","width":1350,"height":900,"caption":"PSOL 50"},"image":{"@id":"https:\/\/psol50.org.br\/#\/schema\/logo\/image\/"},"sameAs":["https:\/\/www.facebook.com\/psol50","https:\/\/x.com\/psol50","https:\/\/www.instagram.com\/psol50\/","https:\/\/www.youtube.com\/channel\/UC7SnJS5o1os7a6CaiNabzcg"]},{"@type":"Person","@id":"https:\/\/psol50.org.br\/#\/schema\/person\/475dfa57d0b815993c714c2e96491fcd","name":"Comunica\u00e7\u00e3o PSOL","image":{"@type":"ImageObject","inLanguage":"pt-BR","@id":"https:\/\/psol50.org.br\/#\/schema\/person\/image\/","url":"https:\/\/secure.gravatar.com\/avatar\/b34fc4f4e468a4e51785917065a3db57b841f5c95dba6ad8c73aaf8f66f8f9bf?s=96&d=mm&r=g","contentUrl":"https:\/\/secure.gravatar.com\/avatar\/b34fc4f4e468a4e51785917065a3db57b841f5c95dba6ad8c73aaf8f66f8f9bf?s=96&d=mm&r=g","caption":"Comunica\u00e7\u00e3o PSOL"}}]}},"_links":{"self":[{"href":"https:\/\/psol50.org.br\/rest\/wp\/v2\/posts\/36559","targetHints":{"allow":["GET"]}}],"collection":[{"href":"https:\/\/psol50.org.br\/rest\/wp\/v2\/posts"}],"about":[{"href":"https:\/\/psol50.org.br\/rest\/wp\/v2\/types\/post"}],"author":[{"embeddable":true,"href":"https:\/\/psol50.org.br\/rest\/wp\/v2\/users\/2"}],"replies":[{"embeddable":true,"href":"https:\/\/psol50.org.br\/rest\/wp\/v2\/comments?post=36559"}],"version-history":[{"count":2,"href":"https:\/\/psol50.org.br\/rest\/wp\/v2\/posts\/36559\/revisions"}],"predecessor-version":[{"id":36562,"href":"https:\/\/psol50.org.br\/rest\/wp\/v2\/posts\/36559\/revisions\/36562"}],"wp:featuredmedia":[{"embeddable":true,"href":"https:\/\/psol50.org.br\/rest\/wp\/v2\/media\/36561"}],"wp:attachment":[{"href":"https:\/\/psol50.org.br\/rest\/wp\/v2\/media?parent=36559"}],"wp:term":[{"taxonomy":"category","embeddable":true,"href":"https:\/\/psol50.org.br\/rest\/wp\/v2\/categories?post=36559"},{"taxonomy":"post_tag","embeddable":true,"href":"https:\/\/psol50.org.br\/rest\/wp\/v2\/tags?post=36559"}],"curies":[{"name":"wp","href":"https:\/\/api.w.org\/{rel}","templated":true}]}}