{"id":36574,"date":"2022-11-29T15:25:11","date_gmt":"2022-11-29T18:25:11","guid":{"rendered":"https:\/\/psol50.org.br\/?p=36574"},"modified":"2022-12-08T15:03:06","modified_gmt":"2022-12-08T18:03:06","slug":"psol-convoca-ministro-de-bolsonaro-na-camara-apos-corte-de-r-244-milhoes-do-mec","status":"publish","type":"post","link":"https:\/\/psol50.org.br\/psol-convoca-ministro-de-bolsonaro-na-camara-apos-corte-de-r-244-milhoes-do-mec\/","title":{"rendered":"PSOL convoca ministro de Bolsonaro na C\u00e2mara ap\u00f3s corte de R$ 244 milh\u00f5es do MEC"},"content":{"rendered":"<p>A bancada do PSOL pediu nesta ter\u00e7a-feira (29) a convoca\u00e7\u00e3o do ministro da Educa\u00e7\u00e3o, Victor Godoy Veiga, na C\u00e2mara dos Deputados para que ele explique imediatamente ao Brasil o novo corte de R$ 244 milh\u00f5es no or\u00e7amento do MEC (Minist\u00e9rio da Educa\u00e7\u00e3o).<\/p>\n<p>O corte agrava a situa\u00e7\u00e3o das institui\u00e7\u00f5es, que ficar\u00e3o sem recursos para pagar servi\u00e7os b\u00e1sicos, como limpeza e seguran\u00e7a. O \u00faltimo corte de verba da pasta foi em 4 de outubro, quando as perdas de universidades e col\u00e9gios federais foram da ordem de R$ 1 bilh\u00e3o.<\/p>\n<p>Al\u00e9m disso, a bancada \u2013 que mant\u00e9m a\u00e7\u00e3o no STF contra o esquema das emendas de relator conhecido como Or\u00e7amento Secreto \u2013 quer que o governo tire recursos dessas emendas para utiliz\u00e1-los no custeio das institui\u00e7\u00f5es de ensino superior.<\/p>\n<p>Em outubro, a Associa\u00e7\u00e3o Nacional dos Dirigentes das Institui\u00e7\u00f5es Federais de Ensino Superior (Andifes) denunciou um bloqueio de R$ 328 milh\u00f5es nas verbas j\u00e1 previstas para o ano e alertou que o funcionamento das universidades seria inviabilizado se o contingenciamento fosse mantido.<\/p>\n<p>Ap\u00f3s press\u00e3o dos reitores, o MEC anunciou a suspens\u00e3o do bloqueio implementado em outubro. Com o novo corte, segundo a Andifes, o somat\u00f3rio do ano chega a R$ 1,68 bilh\u00e3o.<\/p>\n","protected":false},"excerpt":{"rendered":"<p>A bancada do PSOL pediu nesta ter\u00e7a-feira (29) a convoca\u00e7\u00e3o do ministro da Educa\u00e7\u00e3o, Victor Godoy Veiga, na C\u00e2mara dos Deputados para que ele explique imediatamente ao Brasil o novo corte de R$ 244 milh\u00f5es no or\u00e7amento do MEC (Minist\u00e9rio da Educa\u00e7\u00e3o). O corte agrava a situa\u00e7\u00e3o das institui\u00e7\u00f5es, que ficar\u00e3o sem recursos para pagar [&hellip;]<\/p>\n","protected":false},"author":2,"featured_media":25407,"comment_status":"open","ping_status":"open","sticky":false,"template":"","format":"standard","meta":{"_acf_changed":false,"footnotes":""},"categories":[10],"tags":[4825],"class_list":{"0":"post-36574","1":"post","2":"type-post","3":"status-publish","4":"format-standard","5":"has-post-thumbnail","7":"category-acao-parlamentares","8":"tag-noticias"},"acf":[],"yoast_head":"<!-- This site is optimized with the Yoast SEO plugin v26.5 - https:\/\/yoast.com\/wordpress\/plugins\/seo\/ -->\n<title>PSOL convoca ministro de Bolsonaro na C\u00e2mara ap\u00f3s corte de R$ 244 milh\u00f5es do MEC<\/title>\n<meta name=\"description\" content=\"Partido tamb\u00e9m sugeriu que corte seja feito nos recursos do &quot;or\u00e7amento secreto&quot; para custear investimentos nas universidades p\u00fablicas.\" \/>\n<meta name=\"robots\" content=\"index, follow, max-snippet:-1, max-image-preview:large, max-video-preview:-1\" \/>\n<link rel=\"canonical\" href=\"https:\/\/psol50.org.br\/psol-convoca-ministro-de-bolsonaro-na-camara-apos-corte-de-r-244-milhoes-do-mec\/\" \/>\n<meta property=\"og:locale\" content=\"pt_BR\" \/>\n<meta property=\"og:type\" content=\"article\" \/>\n<meta property=\"og:title\" content=\"PSOL convoca ministro de Bolsonaro na C\u00e2mara ap\u00f3s corte de R$ 244 milh\u00f5es do MEC\" \/>\n<meta property=\"og:description\" content=\"Partido tamb\u00e9m sugeriu que corte seja feito nos recursos do &quot;or\u00e7amento secreto&quot; para custear investimentos nas universidades p\u00fablicas.\" \/>\n<meta property=\"og:url\" content=\"https:\/\/psol50.org.br\/psol-convoca-ministro-de-bolsonaro-na-camara-apos-corte-de-r-244-milhoes-do-mec\/\" \/>\n<meta property=\"og:site_name\" content=\"PSOL 50\" \/>\n<meta property=\"article:publisher\" content=\"https:\/\/www.facebook.com\/psol50\" \/>\n<meta property=\"article:published_time\" content=\"2022-11-29T18:25:11+00:00\" \/>\n<meta property=\"article:modified_time\" content=\"2022-12-08T18:03:06+00:00\" \/>\n<meta property=\"og:image\" content=\"https:\/\/psol50.org.br\/inc\/uploads\/2019\/06\/Cartaz-Educacao.-Carol-Ferraz-Sul21.jpg\" \/>\n\t<meta property=\"og:image:width\" content=\"900\" \/>\n\t<meta property=\"og:image:height\" content=\"600\" \/>\n\t<meta property=\"og:image:type\" content=\"image\/jpeg\" \/>\n<meta name=\"author\" content=\"Comunica\u00e7\u00e3o PSOL\" \/>\n<meta name=\"twitter:card\" content=\"summary_large_image\" \/>\n<meta name=\"twitter:creator\" content=\"@psol50\" \/>\n<meta name=\"twitter:site\" content=\"@psol50\" \/>\n<meta name=\"twitter:label1\" content=\"Escrito por\" \/>\n\t<meta name=\"twitter:data1\" content=\"Comunica\u00e7\u00e3o PSOL\" \/>\n\t<meta name=\"twitter:label2\" content=\"Est. tempo de leitura\" \/>\n\t<meta name=\"twitter:data2\" content=\"1 minuto\" \/>\n<script type=\"application\/ld+json\" class=\"yoast-schema-graph\">{\"@context\":\"https:\/\/schema.org\",\"@graph\":[{\"@type\":\"Article\",\"@id\":\"https:\/\/psol50.org.br\/psol-convoca-ministro-de-bolsonaro-na-camara-apos-corte-de-r-244-milhoes-do-mec\/#article\",\"isPartOf\":{\"@id\":\"https:\/\/psol50.org.br\/psol-convoca-ministro-de-bolsonaro-na-camara-apos-corte-de-r-244-milhoes-do-mec\/\"},\"author\":{\"name\":\"Comunica\u00e7\u00e3o PSOL\",\"@id\":\"https:\/\/psol50.org.br\/#\/schema\/person\/475dfa57d0b815993c714c2e96491fcd\"},\"headline\":\"PSOL convoca ministro de Bolsonaro na C\u00e2mara ap\u00f3s corte de R$ 244 milh\u00f5es do MEC\",\"datePublished\":\"2022-11-29T18:25:11+00:00\",\"dateModified\":\"2022-12-08T18:03:06+00:00\",\"mainEntityOfPage\":{\"@id\":\"https:\/\/psol50.org.br\/psol-convoca-ministro-de-bolsonaro-na-camara-apos-corte-de-r-244-milhoes-do-mec\/\"},\"wordCount\":238,\"commentCount\":0,\"publisher\":{\"@id\":\"https:\/\/psol50.org.br\/#organization\"},\"image\":{\"@id\":\"https:\/\/psol50.org.br\/psol-convoca-ministro-de-bolsonaro-na-camara-apos-corte-de-r-244-milhoes-do-mec\/#primaryimage\"},\"thumbnailUrl\":\"https:\/\/psol50.org.br\/inc\/uploads\/2019\/06\/Cartaz-Educacao.-Carol-Ferraz-Sul21.jpg\",\"keywords\":[\"Not\u00edcias\"],\"articleSection\":[\"A\u00e7\u00e3o Parlamentar\"],\"inLanguage\":\"pt-BR\",\"potentialAction\":[{\"@type\":\"CommentAction\",\"name\":\"Comment\",\"target\":[\"https:\/\/psol50.org.br\/psol-convoca-ministro-de-bolsonaro-na-camara-apos-corte-de-r-244-milhoes-do-mec\/#respond\"]}]},{\"@type\":\"WebPage\",\"@id\":\"https:\/\/psol50.org.br\/psol-convoca-ministro-de-bolsonaro-na-camara-apos-corte-de-r-244-milhoes-do-mec\/\",\"url\":\"https:\/\/psol50.org.br\/psol-convoca-ministro-de-bolsonaro-na-camara-apos-corte-de-r-244-milhoes-do-mec\/\",\"name\":\"PSOL convoca ministro de Bolsonaro na C\u00e2mara ap\u00f3s corte de R$ 244 milh\u00f5es do MEC\",\"isPartOf\":{\"@id\":\"https:\/\/psol50.org.br\/#website\"},\"primaryImageOfPage\":{\"@id\":\"https:\/\/psol50.org.br\/psol-convoca-ministro-de-bolsonaro-na-camara-apos-corte-de-r-244-milhoes-do-mec\/#primaryimage\"},\"image\":{\"@id\":\"https:\/\/psol50.org.br\/psol-convoca-ministro-de-bolsonaro-na-camara-apos-corte-de-r-244-milhoes-do-mec\/#primaryimage\"},\"thumbnailUrl\":\"https:\/\/psol50.org.br\/inc\/uploads\/2019\/06\/Cartaz-Educacao.-Carol-Ferraz-Sul21.jpg\",\"datePublished\":\"2022-11-29T18:25:11+00:00\",\"dateModified\":\"2022-12-08T18:03:06+00:00\",\"description\":\"Partido tamb\u00e9m sugeriu que corte seja feito nos recursos do \\\"or\u00e7amento secreto\\\" para custear investimentos nas universidades p\u00fablicas.\",\"breadcrumb\":{\"@id\":\"https:\/\/psol50.org.br\/psol-convoca-ministro-de-bolsonaro-na-camara-apos-corte-de-r-244-milhoes-do-mec\/#breadcrumb\"},\"inLanguage\":\"pt-BR\",\"potentialAction\":[{\"@type\":\"ReadAction\",\"target\":[\"https:\/\/psol50.org.br\/psol-convoca-ministro-de-bolsonaro-na-camara-apos-corte-de-r-244-milhoes-do-mec\/\"]}]},{\"@type\":\"ImageObject\",\"inLanguage\":\"pt-BR\",\"@id\":\"https:\/\/psol50.org.br\/psol-convoca-ministro-de-bolsonaro-na-camara-apos-corte-de-r-244-milhoes-do-mec\/#primaryimage\",\"url\":\"https:\/\/psol50.org.br\/inc\/uploads\/2019\/06\/Cartaz-Educacao.-Carol-Ferraz-Sul21.jpg\",\"contentUrl\":\"https:\/\/psol50.org.br\/inc\/uploads\/2019\/06\/Cartaz-Educacao.-Carol-Ferraz-Sul21.jpg\",\"width\":900,\"height\":600,\"caption\":\"Carol Ferraz\/Sul21\"},{\"@type\":\"BreadcrumbList\",\"@id\":\"https:\/\/psol50.org.br\/psol-convoca-ministro-de-bolsonaro-na-camara-apos-corte-de-r-244-milhoes-do-mec\/#breadcrumb\",\"itemListElement\":[{\"@type\":\"ListItem\",\"position\":1,\"name\":\"In\u00edcio\",\"item\":\"https:\/\/psol50.org.br\/\"},{\"@type\":\"ListItem\",\"position\":2,\"name\":\"PSOL convoca ministro de Bolsonaro na C\u00e2mara ap\u00f3s corte de R$ 244 milh\u00f5es do MEC\"}]},{\"@type\":\"WebSite\",\"@id\":\"https:\/\/psol50.org.br\/#website\",\"url\":\"https:\/\/psol50.org.br\/\",\"name\":\"PSOL 50\",\"description\":\"Site oficial do Partido Socialismo e Liberdade\",\"publisher\":{\"@id\":\"https:\/\/psol50.org.br\/#organization\"},\"alternateName\":\"PSOL50\",\"potentialAction\":[{\"@type\":\"SearchAction\",\"target\":{\"@type\":\"EntryPoint\",\"urlTemplate\":\"https:\/\/psol50.org.br\/?s={search_term_string}\"},\"query-input\":{\"@type\":\"PropertyValueSpecification\",\"valueRequired\":true,\"valueName\":\"search_term_string\"}}],\"inLanguage\":\"pt-BR\"},{\"@type\":\"Organization\",\"@id\":\"https:\/\/psol50.org.br\/#organization\",\"name\":\"PSOL 50\",\"alternateName\":\"PSOL 50\",\"url\":\"https:\/\/psol50.org.br\/\",\"logo\":{\"@type\":\"ImageObject\",\"inLanguage\":\"pt-BR\",\"@id\":\"https:\/\/psol50.org.br\/#\/schema\/logo\/image\/\",\"url\":\"https:\/\/psol50.org.br\/inc\/uploads\/2018\/07\/capa.png\",\"contentUrl\":\"https:\/\/psol50.org.br\/inc\/uploads\/2018\/07\/capa.png\",\"width\":1350,\"height\":900,\"caption\":\"PSOL 50\"},\"image\":{\"@id\":\"https:\/\/psol50.org.br\/#\/schema\/logo\/image\/\"},\"sameAs\":[\"https:\/\/www.facebook.com\/psol50\",\"https:\/\/x.com\/psol50\",\"https:\/\/www.instagram.com\/psol50\/\",\"https:\/\/www.youtube.com\/channel\/UC7SnJS5o1os7a6CaiNabzcg\"]},{\"@type\":\"Person\",\"@id\":\"https:\/\/psol50.org.br\/#\/schema\/person\/475dfa57d0b815993c714c2e96491fcd\",\"name\":\"Comunica\u00e7\u00e3o PSOL\",\"image\":{\"@type\":\"ImageObject\",\"inLanguage\":\"pt-BR\",\"@id\":\"https:\/\/psol50.org.br\/#\/schema\/person\/image\/\",\"url\":\"https:\/\/secure.gravatar.com\/avatar\/b34fc4f4e468a4e51785917065a3db57b841f5c95dba6ad8c73aaf8f66f8f9bf?s=96&d=mm&r=g\",\"contentUrl\":\"https:\/\/secure.gravatar.com\/avatar\/b34fc4f4e468a4e51785917065a3db57b841f5c95dba6ad8c73aaf8f66f8f9bf?s=96&d=mm&r=g\",\"caption\":\"Comunica\u00e7\u00e3o PSOL\"}}]}<\/script>\n<!-- \/ Yoast SEO plugin. -->","yoast_head_json":{"title":"PSOL convoca ministro de Bolsonaro na C\u00e2mara ap\u00f3s corte de R$ 244 milh\u00f5es do MEC","description":"Partido tamb\u00e9m sugeriu que corte seja feito nos recursos do \"or\u00e7amento secreto\" para custear investimentos nas universidades p\u00fablicas.","robots":{"index":"index","follow":"follow","max-snippet":"max-snippet:-1","max-image-preview":"max-image-preview:large","max-video-preview":"max-video-preview:-1"},"canonical":"https:\/\/psol50.org.br\/psol-convoca-ministro-de-bolsonaro-na-camara-apos-corte-de-r-244-milhoes-do-mec\/","og_locale":"pt_BR","og_type":"article","og_title":"PSOL convoca ministro de Bolsonaro na C\u00e2mara ap\u00f3s corte de R$ 244 milh\u00f5es do MEC","og_description":"Partido tamb\u00e9m sugeriu que corte seja feito nos recursos do \"or\u00e7amento secreto\" para custear investimentos nas universidades p\u00fablicas.","og_url":"https:\/\/psol50.org.br\/psol-convoca-ministro-de-bolsonaro-na-camara-apos-corte-de-r-244-milhoes-do-mec\/","og_site_name":"PSOL 50","article_publisher":"https:\/\/www.facebook.com\/psol50","article_published_time":"2022-11-29T18:25:11+00:00","article_modified_time":"2022-12-08T18:03:06+00:00","og_image":[{"width":900,"height":600,"url":"https:\/\/psol50.org.br\/inc\/uploads\/2019\/06\/Cartaz-Educacao.-Carol-Ferraz-Sul21.jpg","type":"image\/jpeg"}],"author":"Comunica\u00e7\u00e3o PSOL","twitter_card":"summary_large_image","twitter_creator":"@psol50","twitter_site":"@psol50","twitter_misc":{"Escrito por":"Comunica\u00e7\u00e3o PSOL","Est. tempo de leitura":"1 minuto"},"schema":{"@context":"https:\/\/schema.org","@graph":[{"@type":"Article","@id":"https:\/\/psol50.org.br\/psol-convoca-ministro-de-bolsonaro-na-camara-apos-corte-de-r-244-milhoes-do-mec\/#article","isPartOf":{"@id":"https:\/\/psol50.org.br\/psol-convoca-ministro-de-bolsonaro-na-camara-apos-corte-de-r-244-milhoes-do-mec\/"},"author":{"name":"Comunica\u00e7\u00e3o PSOL","@id":"https:\/\/psol50.org.br\/#\/schema\/person\/475dfa57d0b815993c714c2e96491fcd"},"headline":"PSOL convoca ministro de Bolsonaro na C\u00e2mara ap\u00f3s corte de R$ 244 milh\u00f5es do MEC","datePublished":"2022-11-29T18:25:11+00:00","dateModified":"2022-12-08T18:03:06+00:00","mainEntityOfPage":{"@id":"https:\/\/psol50.org.br\/psol-convoca-ministro-de-bolsonaro-na-camara-apos-corte-de-r-244-milhoes-do-mec\/"},"wordCount":238,"commentCount":0,"publisher":{"@id":"https:\/\/psol50.org.br\/#organization"},"image":{"@id":"https:\/\/psol50.org.br\/psol-convoca-ministro-de-bolsonaro-na-camara-apos-corte-de-r-244-milhoes-do-mec\/#primaryimage"},"thumbnailUrl":"https:\/\/psol50.org.br\/inc\/uploads\/2019\/06\/Cartaz-Educacao.-Carol-Ferraz-Sul21.jpg","keywords":["Not\u00edcias"],"articleSection":["A\u00e7\u00e3o Parlamentar"],"inLanguage":"pt-BR","potentialAction":[{"@type":"CommentAction","name":"Comment","target":["https:\/\/psol50.org.br\/psol-convoca-ministro-de-bolsonaro-na-camara-apos-corte-de-r-244-milhoes-do-mec\/#respond"]}]},{"@type":"WebPage","@id":"https:\/\/psol50.org.br\/psol-convoca-ministro-de-bolsonaro-na-camara-apos-corte-de-r-244-milhoes-do-mec\/","url":"https:\/\/psol50.org.br\/psol-convoca-ministro-de-bolsonaro-na-camara-apos-corte-de-r-244-milhoes-do-mec\/","name":"PSOL convoca ministro de Bolsonaro na C\u00e2mara ap\u00f3s corte de R$ 244 milh\u00f5es do MEC","isPartOf":{"@id":"https:\/\/psol50.org.br\/#website"},"primaryImageOfPage":{"@id":"https:\/\/psol50.org.br\/psol-convoca-ministro-de-bolsonaro-na-camara-apos-corte-de-r-244-milhoes-do-mec\/#primaryimage"},"image":{"@id":"https:\/\/psol50.org.br\/psol-convoca-ministro-de-bolsonaro-na-camara-apos-corte-de-r-244-milhoes-do-mec\/#primaryimage"},"thumbnailUrl":"https:\/\/psol50.org.br\/inc\/uploads\/2019\/06\/Cartaz-Educacao.-Carol-Ferraz-Sul21.jpg","datePublished":"2022-11-29T18:25:11+00:00","dateModified":"2022-12-08T18:03:06+00:00","description":"Partido tamb\u00e9m sugeriu que corte seja feito nos recursos do \"or\u00e7amento secreto\" para custear investimentos nas universidades p\u00fablicas.","breadcrumb":{"@id":"https:\/\/psol50.org.br\/psol-convoca-ministro-de-bolsonaro-na-camara-apos-corte-de-r-244-milhoes-do-mec\/#breadcrumb"},"inLanguage":"pt-BR","potentialAction":[{"@type":"ReadAction","target":["https:\/\/psol50.org.br\/psol-convoca-ministro-de-bolsonaro-na-camara-apos-corte-de-r-244-milhoes-do-mec\/"]}]},{"@type":"ImageObject","inLanguage":"pt-BR","@id":"https:\/\/psol50.org.br\/psol-convoca-ministro-de-bolsonaro-na-camara-apos-corte-de-r-244-milhoes-do-mec\/#primaryimage","url":"https:\/\/psol50.org.br\/inc\/uploads\/2019\/06\/Cartaz-Educacao.-Carol-Ferraz-Sul21.jpg","contentUrl":"https:\/\/psol50.org.br\/inc\/uploads\/2019\/06\/Cartaz-Educacao.-Carol-Ferraz-Sul21.jpg","width":900,"height":600,"caption":"Carol Ferraz\/Sul21"},{"@type":"BreadcrumbList","@id":"https:\/\/psol50.org.br\/psol-convoca-ministro-de-bolsonaro-na-camara-apos-corte-de-r-244-milhoes-do-mec\/#breadcrumb","itemListElement":[{"@type":"ListItem","position":1,"name":"In\u00edcio","item":"https:\/\/psol50.org.br\/"},{"@type":"ListItem","position":2,"name":"PSOL convoca ministro de Bolsonaro na C\u00e2mara ap\u00f3s corte de R$ 244 milh\u00f5es do MEC"}]},{"@type":"WebSite","@id":"https:\/\/psol50.org.br\/#website","url":"https:\/\/psol50.org.br\/","name":"PSOL 50","description":"Site oficial do Partido Socialismo e Liberdade","publisher":{"@id":"https:\/\/psol50.org.br\/#organization"},"alternateName":"PSOL50","potentialAction":[{"@type":"SearchAction","target":{"@type":"EntryPoint","urlTemplate":"https:\/\/psol50.org.br\/?s={search_term_string}"},"query-input":{"@type":"PropertyValueSpecification","valueRequired":true,"valueName":"search_term_string"}}],"inLanguage":"pt-BR"},{"@type":"Organization","@id":"https:\/\/psol50.org.br\/#organization","name":"PSOL 50","alternateName":"PSOL 50","url":"https:\/\/psol50.org.br\/","logo":{"@type":"ImageObject","inLanguage":"pt-BR","@id":"https:\/\/psol50.org.br\/#\/schema\/logo\/image\/","url":"https:\/\/psol50.org.br\/inc\/uploads\/2018\/07\/capa.png","contentUrl":"https:\/\/psol50.org.br\/inc\/uploads\/2018\/07\/capa.png","width":1350,"height":900,"caption":"PSOL 50"},"image":{"@id":"https:\/\/psol50.org.br\/#\/schema\/logo\/image\/"},"sameAs":["https:\/\/www.facebook.com\/psol50","https:\/\/x.com\/psol50","https:\/\/www.instagram.com\/psol50\/","https:\/\/www.youtube.com\/channel\/UC7SnJS5o1os7a6CaiNabzcg"]},{"@type":"Person","@id":"https:\/\/psol50.org.br\/#\/schema\/person\/475dfa57d0b815993c714c2e96491fcd","name":"Comunica\u00e7\u00e3o PSOL","image":{"@type":"ImageObject","inLanguage":"pt-BR","@id":"https:\/\/psol50.org.br\/#\/schema\/person\/image\/","url":"https:\/\/secure.gravatar.com\/avatar\/b34fc4f4e468a4e51785917065a3db57b841f5c95dba6ad8c73aaf8f66f8f9bf?s=96&d=mm&r=g","contentUrl":"https:\/\/secure.gravatar.com\/avatar\/b34fc4f4e468a4e51785917065a3db57b841f5c95dba6ad8c73aaf8f66f8f9bf?s=96&d=mm&r=g","caption":"Comunica\u00e7\u00e3o PSOL"}}]}},"_links":{"self":[{"href":"https:\/\/psol50.org.br\/rest\/wp\/v2\/posts\/36574","targetHints":{"allow":["GET"]}}],"collection":[{"href":"https:\/\/psol50.org.br\/rest\/wp\/v2\/posts"}],"about":[{"href":"https:\/\/psol50.org.br\/rest\/wp\/v2\/types\/post"}],"author":[{"embeddable":true,"href":"https:\/\/psol50.org.br\/rest\/wp\/v2\/users\/2"}],"replies":[{"embeddable":true,"href":"https:\/\/psol50.org.br\/rest\/wp\/v2\/comments?post=36574"}],"version-history":[{"count":2,"href":"https:\/\/psol50.org.br\/rest\/wp\/v2\/posts\/36574\/revisions"}],"predecessor-version":[{"id":36576,"href":"https:\/\/psol50.org.br\/rest\/wp\/v2\/posts\/36574\/revisions\/36576"}],"wp:featuredmedia":[{"embeddable":true,"href":"https:\/\/psol50.org.br\/rest\/wp\/v2\/media\/25407"}],"wp:attachment":[{"href":"https:\/\/psol50.org.br\/rest\/wp\/v2\/media?parent=36574"}],"wp:term":[{"taxonomy":"category","embeddable":true,"href":"https:\/\/psol50.org.br\/rest\/wp\/v2\/categories?post=36574"},{"taxonomy":"post_tag","embeddable":true,"href":"https:\/\/psol50.org.br\/rest\/wp\/v2\/tags?post=36574"}],"curies":[{"name":"wp","href":"https:\/\/api.w.org\/{rel}","templated":true}]}}