{"id":36577,"date":"2022-11-30T11:09:38","date_gmt":"2022-11-30T14:09:38","guid":{"rendered":"https:\/\/psol50.org.br\/?p=36577"},"modified":"2022-12-15T11:29:13","modified_gmt":"2022-12-15T14:29:13","slug":"psol-nao-apoiara-reeleicao-de-lira-para-presidencia-da-camara","status":"publish","type":"post","link":"https:\/\/psol50.org.br\/psol-nao-apoiara-reeleicao-de-lira-para-presidencia-da-camara\/","title":{"rendered":"PSOL n\u00e3o apoiar\u00e1 reelei\u00e7\u00e3o de Lira para Presid\u00eancia da C\u00e2mara"},"content":{"rendered":"<p>A bancada do PSOL na C\u00e2mara dos Deputados divulgou nesta quarta-feira (30) uma nota apresentando o posicionamento dos parlamentares do partido sobre a elei\u00e7\u00e3o \u00e0 Presid\u00eancia da C\u00e2mara para os pr\u00f3ximos dois anos, que acontecer\u00e1 no dia da posse da nova legislatura, em fevereiro de 2023. Os deputados e deputadas do PSOL anunciaram que n\u00e3o apoiar\u00e3o a reelei\u00e7\u00e3o de Arthur Lira para o cargo de Presidente da C\u00e2mara.<\/p>\n<p>&#8220;Os \u00faltimos dois anos foram marcados pelo comando de Arthur Lira, representante do Centr\u00e3o e, sobretudo, aliado de primeira hora do governo Bolsonaro&#8221;, lembram os parlamentares do PSOL na nota.<\/p>\n<p>&#8220;N\u00e3o podemos aceitar sua reelei\u00e7\u00e3o como fato consumado. Uma nova correla\u00e7\u00e3o de for\u00e7as precisa ser constru\u00edda, confrontando o Or\u00e7amento Secreto e a l\u00f3gica de fisiologismo do Centr\u00e3o, que apequena a Pol\u00edtica&#8221;, continuam.<\/p>\n<p>Os deputados do PSOL ir\u00e3o trabalhar pela constru\u00e7\u00e3o de uma candidatura alternativa, prioritariamente em unidade com os partidos do campo progressista com uma pauta que expresse a agenda vitoriosa nas urnas em outubro com a elei\u00e7\u00e3o de Lula \u00e0 Presid\u00eancia.<\/p>\n<p>&#8220;A Bancada do PSOL n\u00e3o apoiar\u00e1 a reelei\u00e7\u00e3o de Lira e defende a constru\u00e7\u00e3o de uma alternativa \u00e0 Presid\u00eancia da C\u00e2mara, prioritariamente em unidade com os partidos do campo progressista&#8221;, concluem.<\/p>\n<h6><strong>Leia a nota na \u00edntegra:<\/strong><\/h6>\n<p style=\"text-align: center;\"><strong>PSOL N\u00c3O APOIAR\u00c1 REELEI\u00c7\u00c3O DE LIRA PARA PRESID\u00caNCIA DA C\u00c2MARA<\/strong><\/p>\n<p><em>Bras\u00edlia, 30 de novembro de 2022<\/em><\/p>\n<p>No dia da posse da nova legislatura, em fevereiro de 2023, ser\u00e1 realizada a elei\u00e7\u00e3o que determinar\u00e1 a condu\u00e7\u00e3o da C\u00e2mara dos Deputados nos pr\u00f3ximos dois anos. \u00c9 ineg\u00e1vel a import\u00e2ncia de quem exercer\u00e1 essa fun\u00e7\u00e3o.<\/p>\n<p>\u00c9 fundamental que o futuro presidente da Casa tenha compromisso com as liberdades democr\u00e1ticas e com as pautas sociais referendadas nas urnas na elei\u00e7\u00e3o presidencial.<\/p>\n<p>Os \u00faltimos dois anos foram marcados pelo comando de Arthur Lira, representante do Centr\u00e3o e, sobretudo, aliado de primeira hora do governo Bolsonaro. Com o instrumento absurdo do Or\u00e7amento Secreto, capturou o Or\u00e7amento da Uni\u00e3o e ganhou mais poder do que qualquer outro Presidente da C\u00e2mara na hist\u00f3ria da Nova Rep\u00fablica teve em suas m\u00e3os.<\/p>\n<p>Vota\u00e7\u00f5es como autonomia do Banco Central, congelamento de sal\u00e1rio de servidores p\u00fablicos, privatiza\u00e7\u00e3o da Eletrobr\u00e1s e desmonte ambiental (com o autolicenciamento) foram realizadas a toque de caixa.<\/p>\n<p>N\u00e3o podemos aceitar sua reelei\u00e7\u00e3o como fato consumado. Uma nova correla\u00e7\u00e3o de for\u00e7as precisa ser constru\u00edda, confrontando o Or\u00e7amento Secreto e a l\u00f3gica de fisiologismo do Centr\u00e3o, que apequena a Pol\u00edtica.<\/p>\n<p>Por isso, a Bancada do PSOL n\u00e3o apoiar\u00e1 a reelei\u00e7\u00e3o de Lira e defende a constru\u00e7\u00e3o de uma alternativa \u00e0 Presid\u00eancia da C\u00e2mara, prioritariamente em unidade com os partidos do campo progressista. Precisamos de um comando da C\u00e2mara que expresse a pauta vitoriosa nas urnas, ajude na reconstru\u00e7\u00e3o do pa\u00eds e contribua na supera\u00e7\u00e3o da pauta bolsonarista.<\/p>\n<p><em>Assinam:<\/em><br \/>\n<em>\u00c1urea Carolina<br \/>\nC\u00e9lia Xakriab\u00e1<br \/>\nChico Alencar<br \/>\nErika Hilton<br \/>\n<\/em><em>Fernanda Melchionna<\/em><br \/>\n<em>Glauber Braga<\/em><br \/>\n<em>Guilherme Boulos<br \/>\nIvan Valente<\/em><br \/>\n<em>Luiza Erundina<\/em><br \/>\n<em>Pastor Henrique Vieira<\/em><br \/>\n<em>S\u00e2mia Bomfim<br \/>\nS\u00f4nia Guajajara<\/em><br \/>\n<em>Tal\u00edria Petrone<br \/>\nTarc\u00edsio Motta<br \/>\nVivi Reis<br \/>\n<\/em><\/p>\n","protected":false},"excerpt":{"rendered":"<p>A bancada do PSOL na C\u00e2mara dos Deputados divulgou nesta quarta-feira (30) uma nota apresentando o posicionamento dos parlamentares do partido sobre a elei\u00e7\u00e3o \u00e0 Presid\u00eancia da C\u00e2mara para os pr\u00f3ximos dois anos, que acontecer\u00e1 no dia da posse da nova legislatura, em fevereiro de 2023. Os deputados e deputadas do PSOL anunciaram que n\u00e3o [&hellip;]<\/p>\n","protected":false},"author":2,"featured_media":33896,"comment_status":"open","ping_status":"open","sticky":false,"template":"","format":"standard","meta":{"_acf_changed":false,"footnotes":""},"categories":[14],"tags":[4825],"class_list":{"0":"post-36577","1":"post","2":"type-post","3":"status-publish","4":"format-standard","5":"has-post-thumbnail","7":"category-partido","8":"tag-noticias"},"acf":[],"yoast_head":"<!-- This site is optimized with the Yoast SEO plugin v26.5 - https:\/\/yoast.com\/wordpress\/plugins\/seo\/ -->\n<title>PSOL n\u00e3o apoiar\u00e1 reelei\u00e7\u00e3o de Lira para Presid\u00eancia da C\u00e2mara<\/title>\n<meta name=\"description\" content=\"Os parlamentares do PSOL trabalham pela constru\u00e7\u00e3o de uma candidatura alternativa, prioritariamente em unidade com os partidos do campo progressista.\" \/>\n<meta name=\"robots\" content=\"index, follow, max-snippet:-1, max-image-preview:large, max-video-preview:-1\" \/>\n<link rel=\"canonical\" href=\"https:\/\/psol50.org.br\/psol-nao-apoiara-reeleicao-de-lira-para-presidencia-da-camara\/\" \/>\n<meta property=\"og:locale\" content=\"pt_BR\" \/>\n<meta property=\"og:type\" content=\"article\" \/>\n<meta property=\"og:title\" content=\"PSOL n\u00e3o apoiar\u00e1 reelei\u00e7\u00e3o de Lira para Presid\u00eancia da C\u00e2mara\" \/>\n<meta property=\"og:description\" content=\"Os parlamentares do PSOL trabalham pela constru\u00e7\u00e3o de uma candidatura alternativa, prioritariamente em unidade com os partidos do campo progressista.\" \/>\n<meta property=\"og:url\" content=\"https:\/\/psol50.org.br\/psol-nao-apoiara-reeleicao-de-lira-para-presidencia-da-camara\/\" \/>\n<meta property=\"og:site_name\" content=\"PSOL 50\" \/>\n<meta property=\"article:publisher\" content=\"https:\/\/www.facebook.com\/psol50\" \/>\n<meta property=\"article:published_time\" content=\"2022-11-30T14:09:38+00:00\" \/>\n<meta property=\"article:modified_time\" content=\"2022-12-15T14:29:13+00:00\" \/>\n<meta property=\"og:image\" content=\"https:\/\/psol50.org.br\/inc\/uploads\/2021\/07\/10-02-2021_PSOLThumbs-01.jpg\" \/>\n\t<meta property=\"og:image:width\" content=\"1350\" \/>\n\t<meta property=\"og:image:height\" content=\"901\" \/>\n\t<meta property=\"og:image:type\" content=\"image\/jpeg\" \/>\n<meta name=\"author\" content=\"Comunica\u00e7\u00e3o PSOL\" \/>\n<meta name=\"twitter:card\" content=\"summary_large_image\" \/>\n<meta name=\"twitter:creator\" content=\"@psol50\" \/>\n<meta name=\"twitter:site\" content=\"@psol50\" \/>\n<meta name=\"twitter:label1\" content=\"Escrito por\" \/>\n\t<meta name=\"twitter:data1\" content=\"Comunica\u00e7\u00e3o PSOL\" \/>\n\t<meta name=\"twitter:label2\" content=\"Est. tempo de leitura\" \/>\n\t<meta name=\"twitter:data2\" content=\"3 minutos\" \/>\n<script type=\"application\/ld+json\" class=\"yoast-schema-graph\">{\"@context\":\"https:\/\/schema.org\",\"@graph\":[{\"@type\":\"Article\",\"@id\":\"https:\/\/psol50.org.br\/psol-nao-apoiara-reeleicao-de-lira-para-presidencia-da-camara\/#article\",\"isPartOf\":{\"@id\":\"https:\/\/psol50.org.br\/psol-nao-apoiara-reeleicao-de-lira-para-presidencia-da-camara\/\"},\"author\":{\"name\":\"Comunica\u00e7\u00e3o PSOL\",\"@id\":\"https:\/\/psol50.org.br\/#\/schema\/person\/475dfa57d0b815993c714c2e96491fcd\"},\"headline\":\"PSOL n\u00e3o apoiar\u00e1 reelei\u00e7\u00e3o de Lira para Presid\u00eancia da C\u00e2mara\",\"datePublished\":\"2022-11-30T14:09:38+00:00\",\"dateModified\":\"2022-12-15T14:29:13+00:00\",\"mainEntityOfPage\":{\"@id\":\"https:\/\/psol50.org.br\/psol-nao-apoiara-reeleicao-de-lira-para-presidencia-da-camara\/\"},\"wordCount\":566,\"commentCount\":0,\"publisher\":{\"@id\":\"https:\/\/psol50.org.br\/#organization\"},\"image\":{\"@id\":\"https:\/\/psol50.org.br\/psol-nao-apoiara-reeleicao-de-lira-para-presidencia-da-camara\/#primaryimage\"},\"thumbnailUrl\":\"https:\/\/psol50.org.br\/inc\/uploads\/2021\/07\/10-02-2021_PSOLThumbs-01.jpg\",\"keywords\":[\"Not\u00edcias\"],\"articleSection\":[\"Partido\"],\"inLanguage\":\"pt-BR\",\"potentialAction\":[{\"@type\":\"CommentAction\",\"name\":\"Comment\",\"target\":[\"https:\/\/psol50.org.br\/psol-nao-apoiara-reeleicao-de-lira-para-presidencia-da-camara\/#respond\"]}]},{\"@type\":\"WebPage\",\"@id\":\"https:\/\/psol50.org.br\/psol-nao-apoiara-reeleicao-de-lira-para-presidencia-da-camara\/\",\"url\":\"https:\/\/psol50.org.br\/psol-nao-apoiara-reeleicao-de-lira-para-presidencia-da-camara\/\",\"name\":\"PSOL n\u00e3o apoiar\u00e1 reelei\u00e7\u00e3o de Lira para Presid\u00eancia da C\u00e2mara\",\"isPartOf\":{\"@id\":\"https:\/\/psol50.org.br\/#website\"},\"primaryImageOfPage\":{\"@id\":\"https:\/\/psol50.org.br\/psol-nao-apoiara-reeleicao-de-lira-para-presidencia-da-camara\/#primaryimage\"},\"image\":{\"@id\":\"https:\/\/psol50.org.br\/psol-nao-apoiara-reeleicao-de-lira-para-presidencia-da-camara\/#primaryimage\"},\"thumbnailUrl\":\"https:\/\/psol50.org.br\/inc\/uploads\/2021\/07\/10-02-2021_PSOLThumbs-01.jpg\",\"datePublished\":\"2022-11-30T14:09:38+00:00\",\"dateModified\":\"2022-12-15T14:29:13+00:00\",\"description\":\"Os parlamentares do PSOL trabalham pela constru\u00e7\u00e3o de uma candidatura alternativa, prioritariamente em unidade com os partidos do campo progressista.\",\"breadcrumb\":{\"@id\":\"https:\/\/psol50.org.br\/psol-nao-apoiara-reeleicao-de-lira-para-presidencia-da-camara\/#breadcrumb\"},\"inLanguage\":\"pt-BR\",\"potentialAction\":[{\"@type\":\"ReadAction\",\"target\":[\"https:\/\/psol50.org.br\/psol-nao-apoiara-reeleicao-de-lira-para-presidencia-da-camara\/\"]}]},{\"@type\":\"ImageObject\",\"inLanguage\":\"pt-BR\",\"@id\":\"https:\/\/psol50.org.br\/psol-nao-apoiara-reeleicao-de-lira-para-presidencia-da-camara\/#primaryimage\",\"url\":\"https:\/\/psol50.org.br\/inc\/uploads\/2021\/07\/10-02-2021_PSOLThumbs-01.jpg\",\"contentUrl\":\"https:\/\/psol50.org.br\/inc\/uploads\/2021\/07\/10-02-2021_PSOLThumbs-01.jpg\",\"width\":1350,\"height\":901},{\"@type\":\"BreadcrumbList\",\"@id\":\"https:\/\/psol50.org.br\/psol-nao-apoiara-reeleicao-de-lira-para-presidencia-da-camara\/#breadcrumb\",\"itemListElement\":[{\"@type\":\"ListItem\",\"position\":1,\"name\":\"In\u00edcio\",\"item\":\"https:\/\/psol50.org.br\/\"},{\"@type\":\"ListItem\",\"position\":2,\"name\":\"PSOL n\u00e3o apoiar\u00e1 reelei\u00e7\u00e3o de Lira para Presid\u00eancia da C\u00e2mara\"}]},{\"@type\":\"WebSite\",\"@id\":\"https:\/\/psol50.org.br\/#website\",\"url\":\"https:\/\/psol50.org.br\/\",\"name\":\"PSOL 50\",\"description\":\"Site oficial do Partido Socialismo e Liberdade\",\"publisher\":{\"@id\":\"https:\/\/psol50.org.br\/#organization\"},\"alternateName\":\"PSOL50\",\"potentialAction\":[{\"@type\":\"SearchAction\",\"target\":{\"@type\":\"EntryPoint\",\"urlTemplate\":\"https:\/\/psol50.org.br\/?s={search_term_string}\"},\"query-input\":{\"@type\":\"PropertyValueSpecification\",\"valueRequired\":true,\"valueName\":\"search_term_string\"}}],\"inLanguage\":\"pt-BR\"},{\"@type\":\"Organization\",\"@id\":\"https:\/\/psol50.org.br\/#organization\",\"name\":\"PSOL 50\",\"alternateName\":\"PSOL 50\",\"url\":\"https:\/\/psol50.org.br\/\",\"logo\":{\"@type\":\"ImageObject\",\"inLanguage\":\"pt-BR\",\"@id\":\"https:\/\/psol50.org.br\/#\/schema\/logo\/image\/\",\"url\":\"https:\/\/psol50.org.br\/inc\/uploads\/2018\/07\/capa.png\",\"contentUrl\":\"https:\/\/psol50.org.br\/inc\/uploads\/2018\/07\/capa.png\",\"width\":1350,\"height\":900,\"caption\":\"PSOL 50\"},\"image\":{\"@id\":\"https:\/\/psol50.org.br\/#\/schema\/logo\/image\/\"},\"sameAs\":[\"https:\/\/www.facebook.com\/psol50\",\"https:\/\/x.com\/psol50\",\"https:\/\/www.instagram.com\/psol50\/\",\"https:\/\/www.youtube.com\/channel\/UC7SnJS5o1os7a6CaiNabzcg\"]},{\"@type\":\"Person\",\"@id\":\"https:\/\/psol50.org.br\/#\/schema\/person\/475dfa57d0b815993c714c2e96491fcd\",\"name\":\"Comunica\u00e7\u00e3o PSOL\",\"image\":{\"@type\":\"ImageObject\",\"inLanguage\":\"pt-BR\",\"@id\":\"https:\/\/psol50.org.br\/#\/schema\/person\/image\/\",\"url\":\"https:\/\/secure.gravatar.com\/avatar\/b34fc4f4e468a4e51785917065a3db57b841f5c95dba6ad8c73aaf8f66f8f9bf?s=96&d=mm&r=g\",\"contentUrl\":\"https:\/\/secure.gravatar.com\/avatar\/b34fc4f4e468a4e51785917065a3db57b841f5c95dba6ad8c73aaf8f66f8f9bf?s=96&d=mm&r=g\",\"caption\":\"Comunica\u00e7\u00e3o PSOL\"}}]}<\/script>\n<!-- \/ Yoast SEO plugin. -->","yoast_head_json":{"title":"PSOL n\u00e3o apoiar\u00e1 reelei\u00e7\u00e3o de Lira para Presid\u00eancia da C\u00e2mara","description":"Os parlamentares do PSOL trabalham pela constru\u00e7\u00e3o de uma candidatura alternativa, prioritariamente em unidade com os partidos do campo progressista.","robots":{"index":"index","follow":"follow","max-snippet":"max-snippet:-1","max-image-preview":"max-image-preview:large","max-video-preview":"max-video-preview:-1"},"canonical":"https:\/\/psol50.org.br\/psol-nao-apoiara-reeleicao-de-lira-para-presidencia-da-camara\/","og_locale":"pt_BR","og_type":"article","og_title":"PSOL n\u00e3o apoiar\u00e1 reelei\u00e7\u00e3o de Lira para Presid\u00eancia da C\u00e2mara","og_description":"Os parlamentares do PSOL trabalham pela constru\u00e7\u00e3o de uma candidatura alternativa, prioritariamente em unidade com os partidos do campo progressista.","og_url":"https:\/\/psol50.org.br\/psol-nao-apoiara-reeleicao-de-lira-para-presidencia-da-camara\/","og_site_name":"PSOL 50","article_publisher":"https:\/\/www.facebook.com\/psol50","article_published_time":"2022-11-30T14:09:38+00:00","article_modified_time":"2022-12-15T14:29:13+00:00","og_image":[{"width":1350,"height":901,"url":"https:\/\/psol50.org.br\/inc\/uploads\/2021\/07\/10-02-2021_PSOLThumbs-01.jpg","type":"image\/jpeg"}],"author":"Comunica\u00e7\u00e3o PSOL","twitter_card":"summary_large_image","twitter_creator":"@psol50","twitter_site":"@psol50","twitter_misc":{"Escrito por":"Comunica\u00e7\u00e3o PSOL","Est. tempo de leitura":"3 minutos"},"schema":{"@context":"https:\/\/schema.org","@graph":[{"@type":"Article","@id":"https:\/\/psol50.org.br\/psol-nao-apoiara-reeleicao-de-lira-para-presidencia-da-camara\/#article","isPartOf":{"@id":"https:\/\/psol50.org.br\/psol-nao-apoiara-reeleicao-de-lira-para-presidencia-da-camara\/"},"author":{"name":"Comunica\u00e7\u00e3o PSOL","@id":"https:\/\/psol50.org.br\/#\/schema\/person\/475dfa57d0b815993c714c2e96491fcd"},"headline":"PSOL n\u00e3o apoiar\u00e1 reelei\u00e7\u00e3o de Lira para Presid\u00eancia da C\u00e2mara","datePublished":"2022-11-30T14:09:38+00:00","dateModified":"2022-12-15T14:29:13+00:00","mainEntityOfPage":{"@id":"https:\/\/psol50.org.br\/psol-nao-apoiara-reeleicao-de-lira-para-presidencia-da-camara\/"},"wordCount":566,"commentCount":0,"publisher":{"@id":"https:\/\/psol50.org.br\/#organization"},"image":{"@id":"https:\/\/psol50.org.br\/psol-nao-apoiara-reeleicao-de-lira-para-presidencia-da-camara\/#primaryimage"},"thumbnailUrl":"https:\/\/psol50.org.br\/inc\/uploads\/2021\/07\/10-02-2021_PSOLThumbs-01.jpg","keywords":["Not\u00edcias"],"articleSection":["Partido"],"inLanguage":"pt-BR","potentialAction":[{"@type":"CommentAction","name":"Comment","target":["https:\/\/psol50.org.br\/psol-nao-apoiara-reeleicao-de-lira-para-presidencia-da-camara\/#respond"]}]},{"@type":"WebPage","@id":"https:\/\/psol50.org.br\/psol-nao-apoiara-reeleicao-de-lira-para-presidencia-da-camara\/","url":"https:\/\/psol50.org.br\/psol-nao-apoiara-reeleicao-de-lira-para-presidencia-da-camara\/","name":"PSOL n\u00e3o apoiar\u00e1 reelei\u00e7\u00e3o de Lira para Presid\u00eancia da C\u00e2mara","isPartOf":{"@id":"https:\/\/psol50.org.br\/#website"},"primaryImageOfPage":{"@id":"https:\/\/psol50.org.br\/psol-nao-apoiara-reeleicao-de-lira-para-presidencia-da-camara\/#primaryimage"},"image":{"@id":"https:\/\/psol50.org.br\/psol-nao-apoiara-reeleicao-de-lira-para-presidencia-da-camara\/#primaryimage"},"thumbnailUrl":"https:\/\/psol50.org.br\/inc\/uploads\/2021\/07\/10-02-2021_PSOLThumbs-01.jpg","datePublished":"2022-11-30T14:09:38+00:00","dateModified":"2022-12-15T14:29:13+00:00","description":"Os parlamentares do PSOL trabalham pela constru\u00e7\u00e3o de uma candidatura alternativa, prioritariamente em unidade com os partidos do campo progressista.","breadcrumb":{"@id":"https:\/\/psol50.org.br\/psol-nao-apoiara-reeleicao-de-lira-para-presidencia-da-camara\/#breadcrumb"},"inLanguage":"pt-BR","potentialAction":[{"@type":"ReadAction","target":["https:\/\/psol50.org.br\/psol-nao-apoiara-reeleicao-de-lira-para-presidencia-da-camara\/"]}]},{"@type":"ImageObject","inLanguage":"pt-BR","@id":"https:\/\/psol50.org.br\/psol-nao-apoiara-reeleicao-de-lira-para-presidencia-da-camara\/#primaryimage","url":"https:\/\/psol50.org.br\/inc\/uploads\/2021\/07\/10-02-2021_PSOLThumbs-01.jpg","contentUrl":"https:\/\/psol50.org.br\/inc\/uploads\/2021\/07\/10-02-2021_PSOLThumbs-01.jpg","width":1350,"height":901},{"@type":"BreadcrumbList","@id":"https:\/\/psol50.org.br\/psol-nao-apoiara-reeleicao-de-lira-para-presidencia-da-camara\/#breadcrumb","itemListElement":[{"@type":"ListItem","position":1,"name":"In\u00edcio","item":"https:\/\/psol50.org.br\/"},{"@type":"ListItem","position":2,"name":"PSOL n\u00e3o apoiar\u00e1 reelei\u00e7\u00e3o de Lira para Presid\u00eancia da C\u00e2mara"}]},{"@type":"WebSite","@id":"https:\/\/psol50.org.br\/#website","url":"https:\/\/psol50.org.br\/","name":"PSOL 50","description":"Site oficial do Partido Socialismo e Liberdade","publisher":{"@id":"https:\/\/psol50.org.br\/#organization"},"alternateName":"PSOL50","potentialAction":[{"@type":"SearchAction","target":{"@type":"EntryPoint","urlTemplate":"https:\/\/psol50.org.br\/?s={search_term_string}"},"query-input":{"@type":"PropertyValueSpecification","valueRequired":true,"valueName":"search_term_string"}}],"inLanguage":"pt-BR"},{"@type":"Organization","@id":"https:\/\/psol50.org.br\/#organization","name":"PSOL 50","alternateName":"PSOL 50","url":"https:\/\/psol50.org.br\/","logo":{"@type":"ImageObject","inLanguage":"pt-BR","@id":"https:\/\/psol50.org.br\/#\/schema\/logo\/image\/","url":"https:\/\/psol50.org.br\/inc\/uploads\/2018\/07\/capa.png","contentUrl":"https:\/\/psol50.org.br\/inc\/uploads\/2018\/07\/capa.png","width":1350,"height":900,"caption":"PSOL 50"},"image":{"@id":"https:\/\/psol50.org.br\/#\/schema\/logo\/image\/"},"sameAs":["https:\/\/www.facebook.com\/psol50","https:\/\/x.com\/psol50","https:\/\/www.instagram.com\/psol50\/","https:\/\/www.youtube.com\/channel\/UC7SnJS5o1os7a6CaiNabzcg"]},{"@type":"Person","@id":"https:\/\/psol50.org.br\/#\/schema\/person\/475dfa57d0b815993c714c2e96491fcd","name":"Comunica\u00e7\u00e3o PSOL","image":{"@type":"ImageObject","inLanguage":"pt-BR","@id":"https:\/\/psol50.org.br\/#\/schema\/person\/image\/","url":"https:\/\/secure.gravatar.com\/avatar\/b34fc4f4e468a4e51785917065a3db57b841f5c95dba6ad8c73aaf8f66f8f9bf?s=96&d=mm&r=g","contentUrl":"https:\/\/secure.gravatar.com\/avatar\/b34fc4f4e468a4e51785917065a3db57b841f5c95dba6ad8c73aaf8f66f8f9bf?s=96&d=mm&r=g","caption":"Comunica\u00e7\u00e3o PSOL"}}]}},"_links":{"self":[{"href":"https:\/\/psol50.org.br\/rest\/wp\/v2\/posts\/36577","targetHints":{"allow":["GET"]}}],"collection":[{"href":"https:\/\/psol50.org.br\/rest\/wp\/v2\/posts"}],"about":[{"href":"https:\/\/psol50.org.br\/rest\/wp\/v2\/types\/post"}],"author":[{"embeddable":true,"href":"https:\/\/psol50.org.br\/rest\/wp\/v2\/users\/2"}],"replies":[{"embeddable":true,"href":"https:\/\/psol50.org.br\/rest\/wp\/v2\/comments?post=36577"}],"version-history":[{"count":2,"href":"https:\/\/psol50.org.br\/rest\/wp\/v2\/posts\/36577\/revisions"}],"predecessor-version":[{"id":36579,"href":"https:\/\/psol50.org.br\/rest\/wp\/v2\/posts\/36577\/revisions\/36579"}],"wp:featuredmedia":[{"embeddable":true,"href":"https:\/\/psol50.org.br\/rest\/wp\/v2\/media\/33896"}],"wp:attachment":[{"href":"https:\/\/psol50.org.br\/rest\/wp\/v2\/media?parent=36577"}],"wp:term":[{"taxonomy":"category","embeddable":true,"href":"https:\/\/psol50.org.br\/rest\/wp\/v2\/categories?post=36577"},{"taxonomy":"post_tag","embeddable":true,"href":"https:\/\/psol50.org.br\/rest\/wp\/v2\/tags?post=36577"}],"curies":[{"name":"wp","href":"https:\/\/api.w.org\/{rel}","templated":true}]}}