{"id":36580,"date":"2022-12-02T11:06:37","date_gmt":"2022-12-02T14:06:37","guid":{"rendered":"https:\/\/psol50.org.br\/?p=36580"},"modified":"2022-12-08T16:02:06","modified_gmt":"2022-12-08T19:02:06","slug":"psol-pede-investigacao-sobre-carla-zambelli-e-silas-malafaia-apos-video-pedindo-golpe-militar","status":"publish","type":"post","link":"https:\/\/psol50.org.br\/psol-pede-investigacao-sobre-carla-zambelli-e-silas-malafaia-apos-video-pedindo-golpe-militar\/","title":{"rendered":"PSOL pede investiga\u00e7\u00e3o sobre Carla Zambelli e Silas Malafaia ap\u00f3s v\u00eddeo pedindo golpe militar"},"content":{"rendered":"<p>A bancada do PSOL na C\u00e2mara pediu na \u00faltima quinta-feira (1), ao ministro Alexandre de Moraes, do Supremo Tribunal Federal (STF), que a deputada Carla Zambelli\u00a0e o pastor Silas Malafaia sejam inclu\u00eddos entre os investigados do inqu\u00e9rito das mil\u00edcias digitais.<\/p>\n<p>Em v\u00eddeo nas suas redes sociais, Carla Zambelli incita generais das For\u00e7as Armadas a n\u00e3o reconhecerem o governo do presidente eleito Lula.<\/p>\n<p>&#8220;Dia 1\u00ba de janeiro, senhores generais quatro estrelas, v\u00e3o querer prestar contin\u00eancia a um bandido ou \u00e0 na\u00e7\u00e3o brasileira? N\u00e3o \u00e9 hora de responder com carta se dizendo apartid\u00e1rio. \u00c9 hora de se posicionar. De que lado da hist\u00f3ria voc\u00eas v\u00e3o ficar?&#8221;, disse Zambelli, abertamente pedindo um golpe militar.<\/p>\n<p>J\u00e1 Silas Malafaia cobrou em v\u00eddeo que Bolsonaro usasse as For\u00e7as Armadas &#8220;contra Alexandre de Moraes&#8221;.<\/p>\n<p>&#8220;Senhor presidente Jair Messias Bolsonaro, o senhor \u00e9 o presidente em exerc\u00edcio, o senhor tem poder de convocar as For\u00e7as Armadas para colocar ordem na bagun\u00e7a que esse ditador fez&#8221;, disse, em refer\u00eancia a Moraes. &#8220;Presidente Bolsonaro, como o senhor vai passar para a hist\u00f3ria? Omisso? Covarde? Ou como algu\u00e9m que usa o seu poder legal&#8221;, completou.<\/p>\n<p>A bancada do PSOL aponta as n\u00edtidas inten\u00e7\u00f5es de ruptura democr\u00e1tica de figuras influentes do bolsonarismo.<\/p>\n<p>&#8220;Existe um modus operandi articulado pela extrema-direita &#8211; e pelo Presidente da Rep\u00fablica &#8211; no Brasil: atacar as institui\u00e7\u00f5es, incitar a viol\u00eancia e manter um clima constante de guerra: tudo isso para manter seus seguidores radicalizados e engajados&#8221;, afirmam.<\/p>\n<p>Carla Zambelli e Malafaia podem ser enquadrados no artigo 359 do C\u00f3digo Penal, que disp\u00f5e sobre crimes contra a institui\u00e7\u00f5es democr\u00e1ticas, por &#8220;tentar abolir o Estado Democr\u00e1tico de Direito&#8221; (pena de at\u00e9 oito anos de reclus\u00e3o) e &#8220;tentar depor o governo legitimamente constitu\u00eddo&#8221; (at\u00e9 12 anos de pris\u00e3o).<\/p>\n<p>A bancada do PSOL tamb\u00e9m pede a quebra dos sigilos telef\u00f4nico e de mensagem da deputada e do pastor para averiguar se eles tiveram participa\u00e7\u00e3o em atos antidemocr\u00e1ticos contra o reconhecimento da vit\u00f3ria de Lula nas urnas.<\/p>\n","protected":false},"excerpt":{"rendered":"<p>A bancada do PSOL na C\u00e2mara pediu na \u00faltima quinta-feira (1), ao ministro Alexandre de Moraes, do Supremo Tribunal Federal (STF), que a deputada Carla Zambelli\u00a0e o pastor Silas Malafaia sejam inclu\u00eddos entre os investigados do inqu\u00e9rito das mil\u00edcias digitais. Em v\u00eddeo nas suas redes sociais, Carla Zambelli incita generais das For\u00e7as Armadas a n\u00e3o [&hellip;]<\/p>\n","protected":false},"author":2,"featured_media":36583,"comment_status":"open","ping_status":"open","sticky":false,"template":"","format":"standard","meta":{"_acf_changed":false,"footnotes":""},"categories":[10],"tags":[4825],"class_list":{"0":"post-36580","1":"post","2":"type-post","3":"status-publish","4":"format-standard","5":"has-post-thumbnail","7":"category-acao-parlamentares","8":"tag-noticias"},"acf":[],"yoast_head":"<!-- This site is optimized with the Yoast SEO plugin v26.5 - https:\/\/yoast.com\/wordpress\/plugins\/seo\/ -->\n<title>PSOL pede investiga\u00e7\u00e3o sobre Carla Zambelli e Silas Malafaia ap\u00f3s v\u00eddeo pedindo golpe militar<\/title>\n<meta name=\"description\" content=\"Bancada do partido pede ao STF a inclus\u00e3o dos bolsonaristas no inqu\u00e9rito das mil\u00edcias digitais.\" \/>\n<meta name=\"robots\" content=\"index, follow, max-snippet:-1, max-image-preview:large, max-video-preview:-1\" \/>\n<link rel=\"canonical\" href=\"https:\/\/psol50.org.br\/psol-pede-investigacao-sobre-carla-zambelli-e-silas-malafaia-apos-video-pedindo-golpe-militar\/\" \/>\n<meta property=\"og:locale\" content=\"pt_BR\" \/>\n<meta property=\"og:type\" content=\"article\" \/>\n<meta property=\"og:title\" content=\"PSOL pede investiga\u00e7\u00e3o sobre Carla Zambelli e Silas Malafaia ap\u00f3s v\u00eddeo pedindo golpe militar\" \/>\n<meta property=\"og:description\" content=\"Bancada do partido pede ao STF a inclus\u00e3o dos bolsonaristas no inqu\u00e9rito das mil\u00edcias digitais.\" \/>\n<meta property=\"og:url\" content=\"https:\/\/psol50.org.br\/psol-pede-investigacao-sobre-carla-zambelli-e-silas-malafaia-apos-video-pedindo-golpe-militar\/\" \/>\n<meta property=\"og:site_name\" content=\"PSOL 50\" \/>\n<meta property=\"article:publisher\" content=\"https:\/\/www.facebook.com\/psol50\" \/>\n<meta property=\"article:published_time\" content=\"2022-12-02T14:06:37+00:00\" \/>\n<meta property=\"article:modified_time\" content=\"2022-12-08T19:02:06+00:00\" \/>\n<meta property=\"og:image\" content=\"https:\/\/psol50.org.br\/inc\/uploads\/2022\/12\/pt-e-psol-miram-carla-zambelli-e-silas-malafaia-1669940046854_v2_900x506.jpg\" \/>\n\t<meta property=\"og:image:width\" content=\"900\" \/>\n\t<meta property=\"og:image:height\" content=\"506\" \/>\n\t<meta property=\"og:image:type\" content=\"image\/jpeg\" \/>\n<meta name=\"author\" content=\"Comunica\u00e7\u00e3o PSOL\" \/>\n<meta name=\"twitter:card\" content=\"summary_large_image\" \/>\n<meta name=\"twitter:creator\" content=\"@psol50\" \/>\n<meta name=\"twitter:site\" content=\"@psol50\" \/>\n<meta name=\"twitter:label1\" content=\"Escrito por\" \/>\n\t<meta name=\"twitter:data1\" content=\"Comunica\u00e7\u00e3o PSOL\" \/>\n\t<meta name=\"twitter:label2\" content=\"Est. tempo de leitura\" \/>\n\t<meta name=\"twitter:data2\" content=\"2 minutos\" \/>\n<script type=\"application\/ld+json\" class=\"yoast-schema-graph\">{\"@context\":\"https:\/\/schema.org\",\"@graph\":[{\"@type\":\"Article\",\"@id\":\"https:\/\/psol50.org.br\/psol-pede-investigacao-sobre-carla-zambelli-e-silas-malafaia-apos-video-pedindo-golpe-militar\/#article\",\"isPartOf\":{\"@id\":\"https:\/\/psol50.org.br\/psol-pede-investigacao-sobre-carla-zambelli-e-silas-malafaia-apos-video-pedindo-golpe-militar\/\"},\"author\":{\"name\":\"Comunica\u00e7\u00e3o PSOL\",\"@id\":\"https:\/\/psol50.org.br\/#\/schema\/person\/475dfa57d0b815993c714c2e96491fcd\"},\"headline\":\"PSOL pede investiga\u00e7\u00e3o sobre Carla Zambelli e Silas Malafaia ap\u00f3s v\u00eddeo pedindo golpe militar\",\"datePublished\":\"2022-12-02T14:06:37+00:00\",\"dateModified\":\"2022-12-08T19:02:06+00:00\",\"mainEntityOfPage\":{\"@id\":\"https:\/\/psol50.org.br\/psol-pede-investigacao-sobre-carla-zambelli-e-silas-malafaia-apos-video-pedindo-golpe-militar\/\"},\"wordCount\":376,\"commentCount\":0,\"publisher\":{\"@id\":\"https:\/\/psol50.org.br\/#organization\"},\"image\":{\"@id\":\"https:\/\/psol50.org.br\/psol-pede-investigacao-sobre-carla-zambelli-e-silas-malafaia-apos-video-pedindo-golpe-militar\/#primaryimage\"},\"thumbnailUrl\":\"https:\/\/psol50.org.br\/inc\/uploads\/2022\/12\/pt-e-psol-miram-carla-zambelli-e-silas-malafaia-1669940046854_v2_900x506.jpg\",\"keywords\":[\"Not\u00edcias\"],\"articleSection\":[\"A\u00e7\u00e3o Parlamentar\"],\"inLanguage\":\"pt-BR\",\"potentialAction\":[{\"@type\":\"CommentAction\",\"name\":\"Comment\",\"target\":[\"https:\/\/psol50.org.br\/psol-pede-investigacao-sobre-carla-zambelli-e-silas-malafaia-apos-video-pedindo-golpe-militar\/#respond\"]}]},{\"@type\":\"WebPage\",\"@id\":\"https:\/\/psol50.org.br\/psol-pede-investigacao-sobre-carla-zambelli-e-silas-malafaia-apos-video-pedindo-golpe-militar\/\",\"url\":\"https:\/\/psol50.org.br\/psol-pede-investigacao-sobre-carla-zambelli-e-silas-malafaia-apos-video-pedindo-golpe-militar\/\",\"name\":\"PSOL pede investiga\u00e7\u00e3o sobre Carla Zambelli e Silas Malafaia ap\u00f3s v\u00eddeo pedindo golpe militar\",\"isPartOf\":{\"@id\":\"https:\/\/psol50.org.br\/#website\"},\"primaryImageOfPage\":{\"@id\":\"https:\/\/psol50.org.br\/psol-pede-investigacao-sobre-carla-zambelli-e-silas-malafaia-apos-video-pedindo-golpe-militar\/#primaryimage\"},\"image\":{\"@id\":\"https:\/\/psol50.org.br\/psol-pede-investigacao-sobre-carla-zambelli-e-silas-malafaia-apos-video-pedindo-golpe-militar\/#primaryimage\"},\"thumbnailUrl\":\"https:\/\/psol50.org.br\/inc\/uploads\/2022\/12\/pt-e-psol-miram-carla-zambelli-e-silas-malafaia-1669940046854_v2_900x506.jpg\",\"datePublished\":\"2022-12-02T14:06:37+00:00\",\"dateModified\":\"2022-12-08T19:02:06+00:00\",\"description\":\"Bancada do partido pede ao STF a inclus\u00e3o dos bolsonaristas no inqu\u00e9rito das mil\u00edcias digitais.\",\"breadcrumb\":{\"@id\":\"https:\/\/psol50.org.br\/psol-pede-investigacao-sobre-carla-zambelli-e-silas-malafaia-apos-video-pedindo-golpe-militar\/#breadcrumb\"},\"inLanguage\":\"pt-BR\",\"potentialAction\":[{\"@type\":\"ReadAction\",\"target\":[\"https:\/\/psol50.org.br\/psol-pede-investigacao-sobre-carla-zambelli-e-silas-malafaia-apos-video-pedindo-golpe-militar\/\"]}]},{\"@type\":\"ImageObject\",\"inLanguage\":\"pt-BR\",\"@id\":\"https:\/\/psol50.org.br\/psol-pede-investigacao-sobre-carla-zambelli-e-silas-malafaia-apos-video-pedindo-golpe-militar\/#primaryimage\",\"url\":\"https:\/\/psol50.org.br\/inc\/uploads\/2022\/12\/pt-e-psol-miram-carla-zambelli-e-silas-malafaia-1669940046854_v2_900x506.jpg\",\"contentUrl\":\"https:\/\/psol50.org.br\/inc\/uploads\/2022\/12\/pt-e-psol-miram-carla-zambelli-e-silas-malafaia-1669940046854_v2_900x506.jpg\",\"width\":900,\"height\":506},{\"@type\":\"BreadcrumbList\",\"@id\":\"https:\/\/psol50.org.br\/psol-pede-investigacao-sobre-carla-zambelli-e-silas-malafaia-apos-video-pedindo-golpe-militar\/#breadcrumb\",\"itemListElement\":[{\"@type\":\"ListItem\",\"position\":1,\"name\":\"In\u00edcio\",\"item\":\"https:\/\/psol50.org.br\/\"},{\"@type\":\"ListItem\",\"position\":2,\"name\":\"PSOL pede investiga\u00e7\u00e3o sobre Carla Zambelli e Silas Malafaia ap\u00f3s v\u00eddeo pedindo golpe militar\"}]},{\"@type\":\"WebSite\",\"@id\":\"https:\/\/psol50.org.br\/#website\",\"url\":\"https:\/\/psol50.org.br\/\",\"name\":\"PSOL 50\",\"description\":\"Site oficial do Partido Socialismo e Liberdade\",\"publisher\":{\"@id\":\"https:\/\/psol50.org.br\/#organization\"},\"alternateName\":\"PSOL50\",\"potentialAction\":[{\"@type\":\"SearchAction\",\"target\":{\"@type\":\"EntryPoint\",\"urlTemplate\":\"https:\/\/psol50.org.br\/?s={search_term_string}\"},\"query-input\":{\"@type\":\"PropertyValueSpecification\",\"valueRequired\":true,\"valueName\":\"search_term_string\"}}],\"inLanguage\":\"pt-BR\"},{\"@type\":\"Organization\",\"@id\":\"https:\/\/psol50.org.br\/#organization\",\"name\":\"PSOL 50\",\"alternateName\":\"PSOL 50\",\"url\":\"https:\/\/psol50.org.br\/\",\"logo\":{\"@type\":\"ImageObject\",\"inLanguage\":\"pt-BR\",\"@id\":\"https:\/\/psol50.org.br\/#\/schema\/logo\/image\/\",\"url\":\"https:\/\/psol50.org.br\/inc\/uploads\/2018\/07\/capa.png\",\"contentUrl\":\"https:\/\/psol50.org.br\/inc\/uploads\/2018\/07\/capa.png\",\"width\":1350,\"height\":900,\"caption\":\"PSOL 50\"},\"image\":{\"@id\":\"https:\/\/psol50.org.br\/#\/schema\/logo\/image\/\"},\"sameAs\":[\"https:\/\/www.facebook.com\/psol50\",\"https:\/\/x.com\/psol50\",\"https:\/\/www.instagram.com\/psol50\/\",\"https:\/\/www.youtube.com\/channel\/UC7SnJS5o1os7a6CaiNabzcg\"]},{\"@type\":\"Person\",\"@id\":\"https:\/\/psol50.org.br\/#\/schema\/person\/475dfa57d0b815993c714c2e96491fcd\",\"name\":\"Comunica\u00e7\u00e3o PSOL\",\"image\":{\"@type\":\"ImageObject\",\"inLanguage\":\"pt-BR\",\"@id\":\"https:\/\/psol50.org.br\/#\/schema\/person\/image\/\",\"url\":\"https:\/\/secure.gravatar.com\/avatar\/b34fc4f4e468a4e51785917065a3db57b841f5c95dba6ad8c73aaf8f66f8f9bf?s=96&d=mm&r=g\",\"contentUrl\":\"https:\/\/secure.gravatar.com\/avatar\/b34fc4f4e468a4e51785917065a3db57b841f5c95dba6ad8c73aaf8f66f8f9bf?s=96&d=mm&r=g\",\"caption\":\"Comunica\u00e7\u00e3o PSOL\"}}]}<\/script>\n<!-- \/ Yoast SEO plugin. -->","yoast_head_json":{"title":"PSOL pede investiga\u00e7\u00e3o sobre Carla Zambelli e Silas Malafaia ap\u00f3s v\u00eddeo pedindo golpe militar","description":"Bancada do partido pede ao STF a inclus\u00e3o dos bolsonaristas no inqu\u00e9rito das mil\u00edcias digitais.","robots":{"index":"index","follow":"follow","max-snippet":"max-snippet:-1","max-image-preview":"max-image-preview:large","max-video-preview":"max-video-preview:-1"},"canonical":"https:\/\/psol50.org.br\/psol-pede-investigacao-sobre-carla-zambelli-e-silas-malafaia-apos-video-pedindo-golpe-militar\/","og_locale":"pt_BR","og_type":"article","og_title":"PSOL pede investiga\u00e7\u00e3o sobre Carla Zambelli e Silas Malafaia ap\u00f3s v\u00eddeo pedindo golpe militar","og_description":"Bancada do partido pede ao STF a inclus\u00e3o dos bolsonaristas no inqu\u00e9rito das mil\u00edcias digitais.","og_url":"https:\/\/psol50.org.br\/psol-pede-investigacao-sobre-carla-zambelli-e-silas-malafaia-apos-video-pedindo-golpe-militar\/","og_site_name":"PSOL 50","article_publisher":"https:\/\/www.facebook.com\/psol50","article_published_time":"2022-12-02T14:06:37+00:00","article_modified_time":"2022-12-08T19:02:06+00:00","og_image":[{"width":900,"height":506,"url":"https:\/\/psol50.org.br\/inc\/uploads\/2022\/12\/pt-e-psol-miram-carla-zambelli-e-silas-malafaia-1669940046854_v2_900x506.jpg","type":"image\/jpeg"}],"author":"Comunica\u00e7\u00e3o PSOL","twitter_card":"summary_large_image","twitter_creator":"@psol50","twitter_site":"@psol50","twitter_misc":{"Escrito por":"Comunica\u00e7\u00e3o PSOL","Est. tempo de leitura":"2 minutos"},"schema":{"@context":"https:\/\/schema.org","@graph":[{"@type":"Article","@id":"https:\/\/psol50.org.br\/psol-pede-investigacao-sobre-carla-zambelli-e-silas-malafaia-apos-video-pedindo-golpe-militar\/#article","isPartOf":{"@id":"https:\/\/psol50.org.br\/psol-pede-investigacao-sobre-carla-zambelli-e-silas-malafaia-apos-video-pedindo-golpe-militar\/"},"author":{"name":"Comunica\u00e7\u00e3o PSOL","@id":"https:\/\/psol50.org.br\/#\/schema\/person\/475dfa57d0b815993c714c2e96491fcd"},"headline":"PSOL pede investiga\u00e7\u00e3o sobre Carla Zambelli e Silas Malafaia ap\u00f3s v\u00eddeo pedindo golpe militar","datePublished":"2022-12-02T14:06:37+00:00","dateModified":"2022-12-08T19:02:06+00:00","mainEntityOfPage":{"@id":"https:\/\/psol50.org.br\/psol-pede-investigacao-sobre-carla-zambelli-e-silas-malafaia-apos-video-pedindo-golpe-militar\/"},"wordCount":376,"commentCount":0,"publisher":{"@id":"https:\/\/psol50.org.br\/#organization"},"image":{"@id":"https:\/\/psol50.org.br\/psol-pede-investigacao-sobre-carla-zambelli-e-silas-malafaia-apos-video-pedindo-golpe-militar\/#primaryimage"},"thumbnailUrl":"https:\/\/psol50.org.br\/inc\/uploads\/2022\/12\/pt-e-psol-miram-carla-zambelli-e-silas-malafaia-1669940046854_v2_900x506.jpg","keywords":["Not\u00edcias"],"articleSection":["A\u00e7\u00e3o Parlamentar"],"inLanguage":"pt-BR","potentialAction":[{"@type":"CommentAction","name":"Comment","target":["https:\/\/psol50.org.br\/psol-pede-investigacao-sobre-carla-zambelli-e-silas-malafaia-apos-video-pedindo-golpe-militar\/#respond"]}]},{"@type":"WebPage","@id":"https:\/\/psol50.org.br\/psol-pede-investigacao-sobre-carla-zambelli-e-silas-malafaia-apos-video-pedindo-golpe-militar\/","url":"https:\/\/psol50.org.br\/psol-pede-investigacao-sobre-carla-zambelli-e-silas-malafaia-apos-video-pedindo-golpe-militar\/","name":"PSOL pede investiga\u00e7\u00e3o sobre Carla Zambelli e Silas Malafaia ap\u00f3s v\u00eddeo pedindo golpe militar","isPartOf":{"@id":"https:\/\/psol50.org.br\/#website"},"primaryImageOfPage":{"@id":"https:\/\/psol50.org.br\/psol-pede-investigacao-sobre-carla-zambelli-e-silas-malafaia-apos-video-pedindo-golpe-militar\/#primaryimage"},"image":{"@id":"https:\/\/psol50.org.br\/psol-pede-investigacao-sobre-carla-zambelli-e-silas-malafaia-apos-video-pedindo-golpe-militar\/#primaryimage"},"thumbnailUrl":"https:\/\/psol50.org.br\/inc\/uploads\/2022\/12\/pt-e-psol-miram-carla-zambelli-e-silas-malafaia-1669940046854_v2_900x506.jpg","datePublished":"2022-12-02T14:06:37+00:00","dateModified":"2022-12-08T19:02:06+00:00","description":"Bancada do partido pede ao STF a inclus\u00e3o dos bolsonaristas no inqu\u00e9rito das mil\u00edcias digitais.","breadcrumb":{"@id":"https:\/\/psol50.org.br\/psol-pede-investigacao-sobre-carla-zambelli-e-silas-malafaia-apos-video-pedindo-golpe-militar\/#breadcrumb"},"inLanguage":"pt-BR","potentialAction":[{"@type":"ReadAction","target":["https:\/\/psol50.org.br\/psol-pede-investigacao-sobre-carla-zambelli-e-silas-malafaia-apos-video-pedindo-golpe-militar\/"]}]},{"@type":"ImageObject","inLanguage":"pt-BR","@id":"https:\/\/psol50.org.br\/psol-pede-investigacao-sobre-carla-zambelli-e-silas-malafaia-apos-video-pedindo-golpe-militar\/#primaryimage","url":"https:\/\/psol50.org.br\/inc\/uploads\/2022\/12\/pt-e-psol-miram-carla-zambelli-e-silas-malafaia-1669940046854_v2_900x506.jpg","contentUrl":"https:\/\/psol50.org.br\/inc\/uploads\/2022\/12\/pt-e-psol-miram-carla-zambelli-e-silas-malafaia-1669940046854_v2_900x506.jpg","width":900,"height":506},{"@type":"BreadcrumbList","@id":"https:\/\/psol50.org.br\/psol-pede-investigacao-sobre-carla-zambelli-e-silas-malafaia-apos-video-pedindo-golpe-militar\/#breadcrumb","itemListElement":[{"@type":"ListItem","position":1,"name":"In\u00edcio","item":"https:\/\/psol50.org.br\/"},{"@type":"ListItem","position":2,"name":"PSOL pede investiga\u00e7\u00e3o sobre Carla Zambelli e Silas Malafaia ap\u00f3s v\u00eddeo pedindo golpe militar"}]},{"@type":"WebSite","@id":"https:\/\/psol50.org.br\/#website","url":"https:\/\/psol50.org.br\/","name":"PSOL 50","description":"Site oficial do Partido Socialismo e Liberdade","publisher":{"@id":"https:\/\/psol50.org.br\/#organization"},"alternateName":"PSOL50","potentialAction":[{"@type":"SearchAction","target":{"@type":"EntryPoint","urlTemplate":"https:\/\/psol50.org.br\/?s={search_term_string}"},"query-input":{"@type":"PropertyValueSpecification","valueRequired":true,"valueName":"search_term_string"}}],"inLanguage":"pt-BR"},{"@type":"Organization","@id":"https:\/\/psol50.org.br\/#organization","name":"PSOL 50","alternateName":"PSOL 50","url":"https:\/\/psol50.org.br\/","logo":{"@type":"ImageObject","inLanguage":"pt-BR","@id":"https:\/\/psol50.org.br\/#\/schema\/logo\/image\/","url":"https:\/\/psol50.org.br\/inc\/uploads\/2018\/07\/capa.png","contentUrl":"https:\/\/psol50.org.br\/inc\/uploads\/2018\/07\/capa.png","width":1350,"height":900,"caption":"PSOL 50"},"image":{"@id":"https:\/\/psol50.org.br\/#\/schema\/logo\/image\/"},"sameAs":["https:\/\/www.facebook.com\/psol50","https:\/\/x.com\/psol50","https:\/\/www.instagram.com\/psol50\/","https:\/\/www.youtube.com\/channel\/UC7SnJS5o1os7a6CaiNabzcg"]},{"@type":"Person","@id":"https:\/\/psol50.org.br\/#\/schema\/person\/475dfa57d0b815993c714c2e96491fcd","name":"Comunica\u00e7\u00e3o PSOL","image":{"@type":"ImageObject","inLanguage":"pt-BR","@id":"https:\/\/psol50.org.br\/#\/schema\/person\/image\/","url":"https:\/\/secure.gravatar.com\/avatar\/b34fc4f4e468a4e51785917065a3db57b841f5c95dba6ad8c73aaf8f66f8f9bf?s=96&d=mm&r=g","contentUrl":"https:\/\/secure.gravatar.com\/avatar\/b34fc4f4e468a4e51785917065a3db57b841f5c95dba6ad8c73aaf8f66f8f9bf?s=96&d=mm&r=g","caption":"Comunica\u00e7\u00e3o PSOL"}}]}},"_links":{"self":[{"href":"https:\/\/psol50.org.br\/rest\/wp\/v2\/posts\/36580","targetHints":{"allow":["GET"]}}],"collection":[{"href":"https:\/\/psol50.org.br\/rest\/wp\/v2\/posts"}],"about":[{"href":"https:\/\/psol50.org.br\/rest\/wp\/v2\/types\/post"}],"author":[{"embeddable":true,"href":"https:\/\/psol50.org.br\/rest\/wp\/v2\/users\/2"}],"replies":[{"embeddable":true,"href":"https:\/\/psol50.org.br\/rest\/wp\/v2\/comments?post=36580"}],"version-history":[{"count":3,"href":"https:\/\/psol50.org.br\/rest\/wp\/v2\/posts\/36580\/revisions"}],"predecessor-version":[{"id":36584,"href":"https:\/\/psol50.org.br\/rest\/wp\/v2\/posts\/36580\/revisions\/36584"}],"wp:featuredmedia":[{"embeddable":true,"href":"https:\/\/psol50.org.br\/rest\/wp\/v2\/media\/36583"}],"wp:attachment":[{"href":"https:\/\/psol50.org.br\/rest\/wp\/v2\/media?parent=36580"}],"wp:term":[{"taxonomy":"category","embeddable":true,"href":"https:\/\/psol50.org.br\/rest\/wp\/v2\/categories?post=36580"},{"taxonomy":"post_tag","embeddable":true,"href":"https:\/\/psol50.org.br\/rest\/wp\/v2\/tags?post=36580"}],"curies":[{"name":"wp","href":"https:\/\/api.w.org\/{rel}","templated":true}]}}