{"id":36600,"date":"2022-12-08T16:00:58","date_gmt":"2022-12-08T19:00:58","guid":{"rendered":"https:\/\/psol50.org.br\/?p=36600"},"modified":"2022-12-09T10:10:04","modified_gmt":"2022-12-09T13:10:04","slug":"encabecado-por-luiza-erundina-psol-projeto-de-passe-livre-nas-eleicoes-e-apresentado-na-camara","status":"publish","type":"post","link":"https:\/\/psol50.org.br\/encabecado-por-luiza-erundina-psol-projeto-de-passe-livre-nas-eleicoes-e-apresentado-na-camara\/","title":{"rendered":"Encabe\u00e7ado por Luiza Erundina (PSOL), projeto de passe livre nas elei\u00e7\u00f5es \u00e9 apresentado na C\u00e2mara"},"content":{"rendered":"<p>A bancada do PSOL, ao lado de parlamentares de diversos partidos, apresentou nesta semana um projeto de lei para instituir o passe livre no transporte p\u00fablico em todo o Brasil nos dias de elei\u00e7\u00e3o. A proposta surgiu pela campanha &#8220;Passe Livre pela Democracia&#8221;, que tamb\u00e9m reivindicou a gratuidade do transporte p\u00fablico no segundo turno das elei\u00e7\u00f5es de 2022.<\/p>\n<p>O projeto \u00e9 encabe\u00e7ado pela deputada federal Luiza Erundina (PSOL), reconhecida pela proposta de tarifa zero nos transportes p\u00fablicos quando era prefeita da cidade de S\u00e3o Paulo no in\u00edcio da d\u00e9cada de 90, mas que nunca chegou a ser aprovada.<\/p>\n<p>As elei\u00e7\u00f5es de 2022 viram um movimento in\u00e9dito na sociedade civil e nas institui\u00e7\u00f5es brasileiras. No primeiro turno, 64 cidades implementaram a gratuidade no transporte p\u00fablico coletivo, sendo 14 delas capitais. No segundo turno, mais de 393 cidades, incluindo todas as capitais, adotaram o chamado passe livre nas elei\u00e7\u00f5es.<\/p>\n<p>Os parlamentares defendem &#8220;a gratuidade do transporte p\u00fablico coletivo de passageiros para residentes em zonas urbanas e semiurbanas durante o per\u00edodo de realiza\u00e7\u00e3o de elei\u00e7\u00f5es municipais, distritais, estaduais e federais, elei\u00e7\u00f5es suplementares, plebiscito e referendos&#8221;.<\/p>\n<p>Al\u00e9m disso, pedem a garantia da disponibiliza\u00e7\u00e3o de frota ao menos equiparada ao de dias \u00fateis, quadro de hor\u00e1rio compat\u00edvel com a realiza\u00e7\u00e3o das elei\u00e7\u00f5es, a cria\u00e7\u00e3o de linhas para \u00e1reas com pouco ou nenhum atendimento e uso de outros ve\u00edculos p\u00fablicos para o transporte de passageiros aos locais de vota\u00e7\u00e3o.<\/p>\n","protected":false},"excerpt":{"rendered":"<p>A bancada do PSOL, ao lado de parlamentares de diversos partidos, apresentou nesta semana um projeto de lei para instituir o passe livre no transporte p\u00fablico em todo o Brasil nos dias de elei\u00e7\u00e3o. A proposta surgiu pela campanha &#8220;Passe Livre pela Democracia&#8221;, que tamb\u00e9m reivindicou a gratuidade do transporte p\u00fablico no segundo turno das [&hellip;]<\/p>\n","protected":false},"author":2,"featured_media":36603,"comment_status":"open","ping_status":"open","sticky":false,"template":"","format":"standard","meta":{"_acf_changed":false,"footnotes":""},"categories":[10],"tags":[4825],"class_list":{"0":"post-36600","1":"post","2":"type-post","3":"status-publish","4":"format-standard","5":"has-post-thumbnail","7":"category-acao-parlamentares","8":"tag-noticias"},"acf":[],"yoast_head":"<!-- This site is optimized with the Yoast SEO plugin v26.5 - https:\/\/yoast.com\/wordpress\/plugins\/seo\/ -->\n<title>Encabe\u00e7ado por Luiza Erundina (PSOL), projeto de passe livre nas elei\u00e7\u00f5es \u00e9 apresentado na C\u00e2mara<\/title>\n<meta name=\"description\" content=\"Assinado por parlamentares do PSOL e de outros partidos, projeto garante tarifa zero no transporte p\u00fablico em todos os dias de elei\u00e7\u00e3o.\" \/>\n<meta name=\"robots\" content=\"index, follow, max-snippet:-1, max-image-preview:large, max-video-preview:-1\" \/>\n<link rel=\"canonical\" href=\"https:\/\/psol50.org.br\/encabecado-por-luiza-erundina-psol-projeto-de-passe-livre-nas-eleicoes-e-apresentado-na-camara\/\" \/>\n<meta property=\"og:locale\" content=\"pt_BR\" \/>\n<meta property=\"og:type\" content=\"article\" \/>\n<meta property=\"og:title\" content=\"Encabe\u00e7ado por Luiza Erundina (PSOL), projeto de passe livre nas elei\u00e7\u00f5es \u00e9 apresentado na C\u00e2mara\" \/>\n<meta property=\"og:description\" content=\"Assinado por parlamentares do PSOL e de outros partidos, projeto garante tarifa zero no transporte p\u00fablico em todos os dias de elei\u00e7\u00e3o.\" \/>\n<meta property=\"og:url\" content=\"https:\/\/psol50.org.br\/encabecado-por-luiza-erundina-psol-projeto-de-passe-livre-nas-eleicoes-e-apresentado-na-camara\/\" \/>\n<meta property=\"og:site_name\" content=\"PSOL 50\" \/>\n<meta property=\"article:publisher\" content=\"https:\/\/www.facebook.com\/psol50\" \/>\n<meta property=\"article:published_time\" content=\"2022-12-08T19:00:58+00:00\" \/>\n<meta property=\"article:modified_time\" content=\"2022-12-09T13:10:04+00:00\" \/>\n<meta property=\"og:image\" content=\"https:\/\/psol50.org.br\/inc\/uploads\/2022\/12\/20AGO2022_Alex20Rocha_Passe20Livre_-1.jpg\" \/>\n\t<meta property=\"og:image:width\" content=\"750\" \/>\n\t<meta property=\"og:image:height\" content=\"500\" \/>\n\t<meta property=\"og:image:type\" content=\"image\/jpeg\" \/>\n<meta name=\"author\" content=\"Comunica\u00e7\u00e3o PSOL\" \/>\n<meta name=\"twitter:card\" content=\"summary_large_image\" \/>\n<meta name=\"twitter:creator\" content=\"@psol50\" \/>\n<meta name=\"twitter:site\" content=\"@psol50\" \/>\n<meta name=\"twitter:label1\" content=\"Escrito por\" \/>\n\t<meta name=\"twitter:data1\" content=\"Comunica\u00e7\u00e3o PSOL\" \/>\n\t<meta name=\"twitter:label2\" content=\"Est. tempo de leitura\" \/>\n\t<meta name=\"twitter:data2\" content=\"1 minuto\" \/>\n<script type=\"application\/ld+json\" class=\"yoast-schema-graph\">{\"@context\":\"https:\/\/schema.org\",\"@graph\":[{\"@type\":\"Article\",\"@id\":\"https:\/\/psol50.org.br\/encabecado-por-luiza-erundina-psol-projeto-de-passe-livre-nas-eleicoes-e-apresentado-na-camara\/#article\",\"isPartOf\":{\"@id\":\"https:\/\/psol50.org.br\/encabecado-por-luiza-erundina-psol-projeto-de-passe-livre-nas-eleicoes-e-apresentado-na-camara\/\"},\"author\":{\"name\":\"Comunica\u00e7\u00e3o PSOL\",\"@id\":\"https:\/\/psol50.org.br\/#\/schema\/person\/475dfa57d0b815993c714c2e96491fcd\"},\"headline\":\"Encabe\u00e7ado por Luiza Erundina (PSOL), projeto de passe livre nas elei\u00e7\u00f5es \u00e9 apresentado na C\u00e2mara\",\"datePublished\":\"2022-12-08T19:00:58+00:00\",\"dateModified\":\"2022-12-09T13:10:04+00:00\",\"mainEntityOfPage\":{\"@id\":\"https:\/\/psol50.org.br\/encabecado-por-luiza-erundina-psol-projeto-de-passe-livre-nas-eleicoes-e-apresentado-na-camara\/\"},\"wordCount\":273,\"commentCount\":0,\"publisher\":{\"@id\":\"https:\/\/psol50.org.br\/#organization\"},\"image\":{\"@id\":\"https:\/\/psol50.org.br\/encabecado-por-luiza-erundina-psol-projeto-de-passe-livre-nas-eleicoes-e-apresentado-na-camara\/#primaryimage\"},\"thumbnailUrl\":\"https:\/\/psol50.org.br\/inc\/uploads\/2022\/12\/20AGO2022_Alex20Rocha_Passe20Livre_-1.jpg\",\"keywords\":[\"Not\u00edcias\"],\"articleSection\":[\"A\u00e7\u00e3o Parlamentar\"],\"inLanguage\":\"pt-BR\",\"potentialAction\":[{\"@type\":\"CommentAction\",\"name\":\"Comment\",\"target\":[\"https:\/\/psol50.org.br\/encabecado-por-luiza-erundina-psol-projeto-de-passe-livre-nas-eleicoes-e-apresentado-na-camara\/#respond\"]}]},{\"@type\":\"WebPage\",\"@id\":\"https:\/\/psol50.org.br\/encabecado-por-luiza-erundina-psol-projeto-de-passe-livre-nas-eleicoes-e-apresentado-na-camara\/\",\"url\":\"https:\/\/psol50.org.br\/encabecado-por-luiza-erundina-psol-projeto-de-passe-livre-nas-eleicoes-e-apresentado-na-camara\/\",\"name\":\"Encabe\u00e7ado por Luiza Erundina (PSOL), projeto de passe livre nas elei\u00e7\u00f5es \u00e9 apresentado na C\u00e2mara\",\"isPartOf\":{\"@id\":\"https:\/\/psol50.org.br\/#website\"},\"primaryImageOfPage\":{\"@id\":\"https:\/\/psol50.org.br\/encabecado-por-luiza-erundina-psol-projeto-de-passe-livre-nas-eleicoes-e-apresentado-na-camara\/#primaryimage\"},\"image\":{\"@id\":\"https:\/\/psol50.org.br\/encabecado-por-luiza-erundina-psol-projeto-de-passe-livre-nas-eleicoes-e-apresentado-na-camara\/#primaryimage\"},\"thumbnailUrl\":\"https:\/\/psol50.org.br\/inc\/uploads\/2022\/12\/20AGO2022_Alex20Rocha_Passe20Livre_-1.jpg\",\"datePublished\":\"2022-12-08T19:00:58+00:00\",\"dateModified\":\"2022-12-09T13:10:04+00:00\",\"description\":\"Assinado por parlamentares do PSOL e de outros partidos, projeto garante tarifa zero no transporte p\u00fablico em todos os dias de elei\u00e7\u00e3o.\",\"breadcrumb\":{\"@id\":\"https:\/\/psol50.org.br\/encabecado-por-luiza-erundina-psol-projeto-de-passe-livre-nas-eleicoes-e-apresentado-na-camara\/#breadcrumb\"},\"inLanguage\":\"pt-BR\",\"potentialAction\":[{\"@type\":\"ReadAction\",\"target\":[\"https:\/\/psol50.org.br\/encabecado-por-luiza-erundina-psol-projeto-de-passe-livre-nas-eleicoes-e-apresentado-na-camara\/\"]}]},{\"@type\":\"ImageObject\",\"inLanguage\":\"pt-BR\",\"@id\":\"https:\/\/psol50.org.br\/encabecado-por-luiza-erundina-psol-projeto-de-passe-livre-nas-eleicoes-e-apresentado-na-camara\/#primaryimage\",\"url\":\"https:\/\/psol50.org.br\/inc\/uploads\/2022\/12\/20AGO2022_Alex20Rocha_Passe20Livre_-1.jpg\",\"contentUrl\":\"https:\/\/psol50.org.br\/inc\/uploads\/2022\/12\/20AGO2022_Alex20Rocha_Passe20Livre_-1.jpg\",\"width\":750,\"height\":500,\"caption\":\"Foto: Alex Rocha\/PMPA\"},{\"@type\":\"BreadcrumbList\",\"@id\":\"https:\/\/psol50.org.br\/encabecado-por-luiza-erundina-psol-projeto-de-passe-livre-nas-eleicoes-e-apresentado-na-camara\/#breadcrumb\",\"itemListElement\":[{\"@type\":\"ListItem\",\"position\":1,\"name\":\"In\u00edcio\",\"item\":\"https:\/\/psol50.org.br\/\"},{\"@type\":\"ListItem\",\"position\":2,\"name\":\"Encabe\u00e7ado por Luiza Erundina (PSOL), projeto de passe livre nas elei\u00e7\u00f5es \u00e9 apresentado na C\u00e2mara\"}]},{\"@type\":\"WebSite\",\"@id\":\"https:\/\/psol50.org.br\/#website\",\"url\":\"https:\/\/psol50.org.br\/\",\"name\":\"PSOL 50\",\"description\":\"Site oficial do Partido Socialismo e Liberdade\",\"publisher\":{\"@id\":\"https:\/\/psol50.org.br\/#organization\"},\"alternateName\":\"PSOL50\",\"potentialAction\":[{\"@type\":\"SearchAction\",\"target\":{\"@type\":\"EntryPoint\",\"urlTemplate\":\"https:\/\/psol50.org.br\/?s={search_term_string}\"},\"query-input\":{\"@type\":\"PropertyValueSpecification\",\"valueRequired\":true,\"valueName\":\"search_term_string\"}}],\"inLanguage\":\"pt-BR\"},{\"@type\":\"Organization\",\"@id\":\"https:\/\/psol50.org.br\/#organization\",\"name\":\"PSOL 50\",\"alternateName\":\"PSOL 50\",\"url\":\"https:\/\/psol50.org.br\/\",\"logo\":{\"@type\":\"ImageObject\",\"inLanguage\":\"pt-BR\",\"@id\":\"https:\/\/psol50.org.br\/#\/schema\/logo\/image\/\",\"url\":\"https:\/\/psol50.org.br\/inc\/uploads\/2018\/07\/capa.png\",\"contentUrl\":\"https:\/\/psol50.org.br\/inc\/uploads\/2018\/07\/capa.png\",\"width\":1350,\"height\":900,\"caption\":\"PSOL 50\"},\"image\":{\"@id\":\"https:\/\/psol50.org.br\/#\/schema\/logo\/image\/\"},\"sameAs\":[\"https:\/\/www.facebook.com\/psol50\",\"https:\/\/x.com\/psol50\",\"https:\/\/www.instagram.com\/psol50\/\",\"https:\/\/www.youtube.com\/channel\/UC7SnJS5o1os7a6CaiNabzcg\"]},{\"@type\":\"Person\",\"@id\":\"https:\/\/psol50.org.br\/#\/schema\/person\/475dfa57d0b815993c714c2e96491fcd\",\"name\":\"Comunica\u00e7\u00e3o PSOL\",\"image\":{\"@type\":\"ImageObject\",\"inLanguage\":\"pt-BR\",\"@id\":\"https:\/\/psol50.org.br\/#\/schema\/person\/image\/\",\"url\":\"https:\/\/secure.gravatar.com\/avatar\/b34fc4f4e468a4e51785917065a3db57b841f5c95dba6ad8c73aaf8f66f8f9bf?s=96&d=mm&r=g\",\"contentUrl\":\"https:\/\/secure.gravatar.com\/avatar\/b34fc4f4e468a4e51785917065a3db57b841f5c95dba6ad8c73aaf8f66f8f9bf?s=96&d=mm&r=g\",\"caption\":\"Comunica\u00e7\u00e3o PSOL\"}}]}<\/script>\n<!-- \/ Yoast SEO plugin. -->","yoast_head_json":{"title":"Encabe\u00e7ado por Luiza Erundina (PSOL), projeto de passe livre nas elei\u00e7\u00f5es \u00e9 apresentado na C\u00e2mara","description":"Assinado por parlamentares do PSOL e de outros partidos, projeto garante tarifa zero no transporte p\u00fablico em todos os dias de elei\u00e7\u00e3o.","robots":{"index":"index","follow":"follow","max-snippet":"max-snippet:-1","max-image-preview":"max-image-preview:large","max-video-preview":"max-video-preview:-1"},"canonical":"https:\/\/psol50.org.br\/encabecado-por-luiza-erundina-psol-projeto-de-passe-livre-nas-eleicoes-e-apresentado-na-camara\/","og_locale":"pt_BR","og_type":"article","og_title":"Encabe\u00e7ado por Luiza Erundina (PSOL), projeto de passe livre nas elei\u00e7\u00f5es \u00e9 apresentado na C\u00e2mara","og_description":"Assinado por parlamentares do PSOL e de outros partidos, projeto garante tarifa zero no transporte p\u00fablico em todos os dias de elei\u00e7\u00e3o.","og_url":"https:\/\/psol50.org.br\/encabecado-por-luiza-erundina-psol-projeto-de-passe-livre-nas-eleicoes-e-apresentado-na-camara\/","og_site_name":"PSOL 50","article_publisher":"https:\/\/www.facebook.com\/psol50","article_published_time":"2022-12-08T19:00:58+00:00","article_modified_time":"2022-12-09T13:10:04+00:00","og_image":[{"width":750,"height":500,"url":"https:\/\/psol50.org.br\/inc\/uploads\/2022\/12\/20AGO2022_Alex20Rocha_Passe20Livre_-1.jpg","type":"image\/jpeg"}],"author":"Comunica\u00e7\u00e3o PSOL","twitter_card":"summary_large_image","twitter_creator":"@psol50","twitter_site":"@psol50","twitter_misc":{"Escrito por":"Comunica\u00e7\u00e3o PSOL","Est. tempo de leitura":"1 minuto"},"schema":{"@context":"https:\/\/schema.org","@graph":[{"@type":"Article","@id":"https:\/\/psol50.org.br\/encabecado-por-luiza-erundina-psol-projeto-de-passe-livre-nas-eleicoes-e-apresentado-na-camara\/#article","isPartOf":{"@id":"https:\/\/psol50.org.br\/encabecado-por-luiza-erundina-psol-projeto-de-passe-livre-nas-eleicoes-e-apresentado-na-camara\/"},"author":{"name":"Comunica\u00e7\u00e3o PSOL","@id":"https:\/\/psol50.org.br\/#\/schema\/person\/475dfa57d0b815993c714c2e96491fcd"},"headline":"Encabe\u00e7ado por Luiza Erundina (PSOL), projeto de passe livre nas elei\u00e7\u00f5es \u00e9 apresentado na C\u00e2mara","datePublished":"2022-12-08T19:00:58+00:00","dateModified":"2022-12-09T13:10:04+00:00","mainEntityOfPage":{"@id":"https:\/\/psol50.org.br\/encabecado-por-luiza-erundina-psol-projeto-de-passe-livre-nas-eleicoes-e-apresentado-na-camara\/"},"wordCount":273,"commentCount":0,"publisher":{"@id":"https:\/\/psol50.org.br\/#organization"},"image":{"@id":"https:\/\/psol50.org.br\/encabecado-por-luiza-erundina-psol-projeto-de-passe-livre-nas-eleicoes-e-apresentado-na-camara\/#primaryimage"},"thumbnailUrl":"https:\/\/psol50.org.br\/inc\/uploads\/2022\/12\/20AGO2022_Alex20Rocha_Passe20Livre_-1.jpg","keywords":["Not\u00edcias"],"articleSection":["A\u00e7\u00e3o Parlamentar"],"inLanguage":"pt-BR","potentialAction":[{"@type":"CommentAction","name":"Comment","target":["https:\/\/psol50.org.br\/encabecado-por-luiza-erundina-psol-projeto-de-passe-livre-nas-eleicoes-e-apresentado-na-camara\/#respond"]}]},{"@type":"WebPage","@id":"https:\/\/psol50.org.br\/encabecado-por-luiza-erundina-psol-projeto-de-passe-livre-nas-eleicoes-e-apresentado-na-camara\/","url":"https:\/\/psol50.org.br\/encabecado-por-luiza-erundina-psol-projeto-de-passe-livre-nas-eleicoes-e-apresentado-na-camara\/","name":"Encabe\u00e7ado por Luiza Erundina (PSOL), projeto de passe livre nas elei\u00e7\u00f5es \u00e9 apresentado na C\u00e2mara","isPartOf":{"@id":"https:\/\/psol50.org.br\/#website"},"primaryImageOfPage":{"@id":"https:\/\/psol50.org.br\/encabecado-por-luiza-erundina-psol-projeto-de-passe-livre-nas-eleicoes-e-apresentado-na-camara\/#primaryimage"},"image":{"@id":"https:\/\/psol50.org.br\/encabecado-por-luiza-erundina-psol-projeto-de-passe-livre-nas-eleicoes-e-apresentado-na-camara\/#primaryimage"},"thumbnailUrl":"https:\/\/psol50.org.br\/inc\/uploads\/2022\/12\/20AGO2022_Alex20Rocha_Passe20Livre_-1.jpg","datePublished":"2022-12-08T19:00:58+00:00","dateModified":"2022-12-09T13:10:04+00:00","description":"Assinado por parlamentares do PSOL e de outros partidos, projeto garante tarifa zero no transporte p\u00fablico em todos os dias de elei\u00e7\u00e3o.","breadcrumb":{"@id":"https:\/\/psol50.org.br\/encabecado-por-luiza-erundina-psol-projeto-de-passe-livre-nas-eleicoes-e-apresentado-na-camara\/#breadcrumb"},"inLanguage":"pt-BR","potentialAction":[{"@type":"ReadAction","target":["https:\/\/psol50.org.br\/encabecado-por-luiza-erundina-psol-projeto-de-passe-livre-nas-eleicoes-e-apresentado-na-camara\/"]}]},{"@type":"ImageObject","inLanguage":"pt-BR","@id":"https:\/\/psol50.org.br\/encabecado-por-luiza-erundina-psol-projeto-de-passe-livre-nas-eleicoes-e-apresentado-na-camara\/#primaryimage","url":"https:\/\/psol50.org.br\/inc\/uploads\/2022\/12\/20AGO2022_Alex20Rocha_Passe20Livre_-1.jpg","contentUrl":"https:\/\/psol50.org.br\/inc\/uploads\/2022\/12\/20AGO2022_Alex20Rocha_Passe20Livre_-1.jpg","width":750,"height":500,"caption":"Foto: Alex Rocha\/PMPA"},{"@type":"BreadcrumbList","@id":"https:\/\/psol50.org.br\/encabecado-por-luiza-erundina-psol-projeto-de-passe-livre-nas-eleicoes-e-apresentado-na-camara\/#breadcrumb","itemListElement":[{"@type":"ListItem","position":1,"name":"In\u00edcio","item":"https:\/\/psol50.org.br\/"},{"@type":"ListItem","position":2,"name":"Encabe\u00e7ado por Luiza Erundina (PSOL), projeto de passe livre nas elei\u00e7\u00f5es \u00e9 apresentado na C\u00e2mara"}]},{"@type":"WebSite","@id":"https:\/\/psol50.org.br\/#website","url":"https:\/\/psol50.org.br\/","name":"PSOL 50","description":"Site oficial do Partido Socialismo e Liberdade","publisher":{"@id":"https:\/\/psol50.org.br\/#organization"},"alternateName":"PSOL50","potentialAction":[{"@type":"SearchAction","target":{"@type":"EntryPoint","urlTemplate":"https:\/\/psol50.org.br\/?s={search_term_string}"},"query-input":{"@type":"PropertyValueSpecification","valueRequired":true,"valueName":"search_term_string"}}],"inLanguage":"pt-BR"},{"@type":"Organization","@id":"https:\/\/psol50.org.br\/#organization","name":"PSOL 50","alternateName":"PSOL 50","url":"https:\/\/psol50.org.br\/","logo":{"@type":"ImageObject","inLanguage":"pt-BR","@id":"https:\/\/psol50.org.br\/#\/schema\/logo\/image\/","url":"https:\/\/psol50.org.br\/inc\/uploads\/2018\/07\/capa.png","contentUrl":"https:\/\/psol50.org.br\/inc\/uploads\/2018\/07\/capa.png","width":1350,"height":900,"caption":"PSOL 50"},"image":{"@id":"https:\/\/psol50.org.br\/#\/schema\/logo\/image\/"},"sameAs":["https:\/\/www.facebook.com\/psol50","https:\/\/x.com\/psol50","https:\/\/www.instagram.com\/psol50\/","https:\/\/www.youtube.com\/channel\/UC7SnJS5o1os7a6CaiNabzcg"]},{"@type":"Person","@id":"https:\/\/psol50.org.br\/#\/schema\/person\/475dfa57d0b815993c714c2e96491fcd","name":"Comunica\u00e7\u00e3o PSOL","image":{"@type":"ImageObject","inLanguage":"pt-BR","@id":"https:\/\/psol50.org.br\/#\/schema\/person\/image\/","url":"https:\/\/secure.gravatar.com\/avatar\/b34fc4f4e468a4e51785917065a3db57b841f5c95dba6ad8c73aaf8f66f8f9bf?s=96&d=mm&r=g","contentUrl":"https:\/\/secure.gravatar.com\/avatar\/b34fc4f4e468a4e51785917065a3db57b841f5c95dba6ad8c73aaf8f66f8f9bf?s=96&d=mm&r=g","caption":"Comunica\u00e7\u00e3o PSOL"}}]}},"_links":{"self":[{"href":"https:\/\/psol50.org.br\/rest\/wp\/v2\/posts\/36600","targetHints":{"allow":["GET"]}}],"collection":[{"href":"https:\/\/psol50.org.br\/rest\/wp\/v2\/posts"}],"about":[{"href":"https:\/\/psol50.org.br\/rest\/wp\/v2\/types\/post"}],"author":[{"embeddable":true,"href":"https:\/\/psol50.org.br\/rest\/wp\/v2\/users\/2"}],"replies":[{"embeddable":true,"href":"https:\/\/psol50.org.br\/rest\/wp\/v2\/comments?post=36600"}],"version-history":[{"count":2,"href":"https:\/\/psol50.org.br\/rest\/wp\/v2\/posts\/36600\/revisions"}],"predecessor-version":[{"id":36602,"href":"https:\/\/psol50.org.br\/rest\/wp\/v2\/posts\/36600\/revisions\/36602"}],"wp:featuredmedia":[{"embeddable":true,"href":"https:\/\/psol50.org.br\/rest\/wp\/v2\/media\/36603"}],"wp:attachment":[{"href":"https:\/\/psol50.org.br\/rest\/wp\/v2\/media?parent=36600"}],"wp:term":[{"taxonomy":"category","embeddable":true,"href":"https:\/\/psol50.org.br\/rest\/wp\/v2\/categories?post=36600"},{"taxonomy":"post_tag","embeddable":true,"href":"https:\/\/psol50.org.br\/rest\/wp\/v2\/tags?post=36600"}],"curies":[{"name":"wp","href":"https:\/\/api.w.org\/{rel}","templated":true}]}}