{"id":36734,"date":"2023-01-09T12:51:39","date_gmt":"2023-01-09T15:51:39","guid":{"rendered":"https:\/\/psol50.org.br\/?p=36734"},"modified":"2023-01-11T16:21:44","modified_gmt":"2023-01-11T19:21:44","slug":"psol-pede-impeachment-do-governador-do-df-ibaneis-rocha","status":"publish","type":"post","link":"https:\/\/psol50.org.br\/psol-pede-impeachment-do-governador-do-df-ibaneis-rocha\/","title":{"rendered":"PSOL pede impeachment do governador do DF Ibaneis Rocha"},"content":{"rendered":"<p>Foi apresentado nesta segunda-feira (9), na C\u00e2mara Legislativa do Distrito Federal (CLDF), um pedido de impeachment do governador do DF, Ibaneis Rocha, ap\u00f3s a demonstra\u00e7\u00e3o de sua incapacidade de deter os atos golpistas e terroristas na capital federal e garantir a seguran\u00e7a da popula\u00e7\u00e3o.<\/p>\n<blockquote class=\"twitter-tweet\" data-width=\"550\" data-dnt=\"true\">\n<p lang=\"pt\" dir=\"ltr\">\ud83d\udea8 Impeachment de Ibaneis Rocha protocolado na C\u00e2mara Legislativa do Distrito Federal! \u270a<\/p>\n<p>\ud83d\udcf8 Alexandre Bastos <a href=\"https:\/\/t.co\/7YhAiOTmGG\">pic.twitter.com\/7YhAiOTmGG<\/a><\/p>\n<p>&mdash; PSOL 50 (@psol50) <a href=\"https:\/\/twitter.com\/psol50\/status\/1612522206088552465?ref_src=twsrc%5Etfw\">January 9, 2023<\/a><\/p><\/blockquote>\n<p><script async src=\"https:\/\/platform.twitter.com\/widgets.js\" charset=\"utf-8\"><\/script><\/p>\n<p>O pedido foi idealizado e apresentado pelos deputados distritais do PSOL, F\u00e1bio F\u00e9lix e Max Maciel, protocolado junto com o presidente nacional do partido, Juliano Medeiros. Participaram da a\u00e7\u00e3o tamb\u00e9m as deputadas federais S\u00e2mia Bomfim e C\u00e9lia Xakriab\u00e1, do PSOL. Deputados distritais de partidos aliados &#8211; como PT e Rede &#8211; tamb\u00e9m assinam o pedido de impeachment de Ibaneis Rocha.<\/p>\n<blockquote class=\"twitter-tweet\" data-width=\"550\" data-dnt=\"true\">\n<p lang=\"pt\" dir=\"ltr\">Decolando agora para Bras\u00edlia. \u00c0s 13h vou protocolar junto com os deputados distritais do PSOL, <a href=\"https:\/\/twitter.com\/maxmacieldf?ref_src=twsrc%5Etfw\">@maxmacieldf<\/a> e <a href=\"https:\/\/twitter.com\/fabiofelixdf?ref_src=twsrc%5Etfw\">@fabiofelixdf<\/a>, junto com partidos aliados, o pedido de IMPEACHMENT do governador Ibaneis Rocha. Ele perdeu as condi\u00e7\u00f5es de seguir governando e assegurar a ordem no DF.<\/p>\n<p>&mdash; Juliano Medeiros (@julianopsol) <a href=\"https:\/\/twitter.com\/julianopsol\/status\/1612457749560045568?ref_src=twsrc%5Etfw\">January 9, 2023<\/a><\/p><\/blockquote>\n<p><script async src=\"https:\/\/platform.twitter.com\/widgets.js\" charset=\"utf-8\"><\/script><\/p>\n<p>O presidente Lula precisou decretar interven\u00e7\u00e3o federal na seguran\u00e7a p\u00fablica do DF, que ser\u00e1 votada nesta segunda pelo Congresso Nacional em sess\u00e3o extraordin\u00e1ria.<\/p>\n<blockquote class=\"twitter-tweet\" data-width=\"550\" data-dnt=\"true\">\n<p lang=\"pt\" dir=\"ltr\">\ud83d\udea8AGORA: Protocolamos o pedido de impeachment ao governador Ibaneis Rocha <a href=\"https:\/\/t.co\/V8vANrsVMA\">pic.twitter.com\/V8vANrsVMA<\/a><\/p>\n<p>&mdash; Max Maciel (@maxmacieldf) <a href=\"https:\/\/twitter.com\/maxmacieldf\/status\/1612514047781396487?ref_src=twsrc%5Etfw\">January 9, 2023<\/a><\/p><\/blockquote>\n<p><script async src=\"https:\/\/platform.twitter.com\/widgets.js\" charset=\"utf-8\"><\/script><\/p>\n<p>Tamb\u00e9m o ministro do STF Alexandre de Moraes decretou o afastamento de Ibaneis Rocha por 90 dias do cargo de governador do DF ap\u00f3s a sua incapacidade de responder de forma en\u00e9rgica aos atos terroristas dentro das sedes dos Tr\u00eas Poderes do pa\u00eds.<\/p>\n<blockquote class=\"twitter-tweet\" data-width=\"550\" data-dnt=\"true\">\n<p lang=\"pt\" dir=\"ltr\">\ud83d\udea8Protocolamos agora pedido de impeachment do governador Ibaneis  Rocha. N\u00f3s do PSOL nos somamos a lideran\u00e7as do PT e da Rede para pedir que o governador do DF seja investigado por crime de responsabilidade. <a href=\"https:\/\/twitter.com\/samiabomfim?ref_src=twsrc%5Etfw\">@samiabomfim<\/a> <a href=\"https:\/\/twitter.com\/celiaxakriaba?ref_src=twsrc%5Etfw\">@celiaxakriaba<\/a> <a href=\"https:\/\/twitter.com\/maxmacieldf?ref_src=twsrc%5Etfw\">@maxmacieldf<\/a> <a href=\"https:\/\/twitter.com\/julianopsol?ref_src=twsrc%5Etfw\">@julianopsol<\/a> <a href=\"https:\/\/t.co\/Qo1ZoqWQ3F\">pic.twitter.com\/Qo1ZoqWQ3F<\/a><\/p>\n<p>&mdash; F\u00e1bio Felix (@fabiofelixdf) <a href=\"https:\/\/twitter.com\/fabiofelixdf\/status\/1612513266395144199?ref_src=twsrc%5Etfw\">January 9, 2023<\/a><\/p><\/blockquote>\n<p><script async src=\"https:\/\/platform.twitter.com\/widgets.js\" charset=\"utf-8\"><\/script><\/p>\n","protected":false},"excerpt":{"rendered":"<p>Foi apresentado nesta segunda-feira (9), na C\u00e2mara Legislativa do Distrito Federal (CLDF), um pedido de impeachment do governador do DF, Ibaneis Rocha, ap\u00f3s a demonstra\u00e7\u00e3o de sua incapacidade de deter os atos golpistas e terroristas na capital federal e garantir a seguran\u00e7a da popula\u00e7\u00e3o. \ud83d\udea8 Impeachment de Ibaneis Rocha protocolado na C\u00e2mara Legislativa do Distrito [&hellip;]<\/p>\n","protected":false},"author":2,"featured_media":36740,"comment_status":"open","ping_status":"open","sticky":false,"template":"","format":"standard","meta":{"_acf_changed":false,"footnotes":""},"categories":[1664],"tags":[4825],"class_list":{"0":"post-36734","1":"post","2":"type-post","3":"status-publish","4":"format-standard","5":"has-post-thumbnail","7":"category-acao-do-psol","8":"tag-noticias"},"acf":[],"yoast_head":"<!-- This site is optimized with the Yoast SEO plugin v26.5 - https:\/\/yoast.com\/wordpress\/plugins\/seo\/ -->\n<title>PSOL pede impeachment do governador do DF Ibaneis Rocha<\/title>\n<meta name=\"description\" content=\"Pedido \u00e9 apresentado pelos deputados distritais F\u00e1bio F\u00e9lix e Max Maciel, ambos do PSOL, ao lado de partidos aliados.\" \/>\n<meta name=\"robots\" content=\"index, follow, max-snippet:-1, max-image-preview:large, max-video-preview:-1\" \/>\n<link rel=\"canonical\" href=\"https:\/\/psol50.org.br\/psol-pede-impeachment-do-governador-do-df-ibaneis-rocha\/\" \/>\n<meta property=\"og:locale\" content=\"pt_BR\" \/>\n<meta property=\"og:type\" content=\"article\" \/>\n<meta property=\"og:title\" content=\"PSOL pede impeachment do governador do DF Ibaneis Rocha\" \/>\n<meta property=\"og:description\" content=\"Pedido \u00e9 apresentado pelos deputados distritais F\u00e1bio F\u00e9lix e Max Maciel, ambos do PSOL, ao lado de partidos aliados.\" \/>\n<meta property=\"og:url\" content=\"https:\/\/psol50.org.br\/psol-pede-impeachment-do-governador-do-df-ibaneis-rocha\/\" \/>\n<meta property=\"og:site_name\" content=\"PSOL 50\" \/>\n<meta property=\"article:publisher\" content=\"https:\/\/www.facebook.com\/psol50\" \/>\n<meta property=\"article:published_time\" content=\"2023-01-09T15:51:39+00:00\" \/>\n<meta property=\"article:modified_time\" content=\"2023-01-11T19:21:44+00:00\" \/>\n<meta property=\"og:image\" content=\"https:\/\/psol50.org.br\/inc\/uploads\/2023\/01\/image-15.png\" \/>\n\t<meta property=\"og:image:width\" content=\"1024\" \/>\n\t<meta property=\"og:image:height\" content=\"684\" \/>\n\t<meta property=\"og:image:type\" content=\"image\/png\" \/>\n<meta name=\"author\" content=\"Comunica\u00e7\u00e3o PSOL\" \/>\n<meta name=\"twitter:card\" content=\"summary_large_image\" \/>\n<meta name=\"twitter:creator\" content=\"@psol50\" \/>\n<meta name=\"twitter:site\" content=\"@psol50\" \/>\n<meta name=\"twitter:label1\" content=\"Escrito por\" \/>\n\t<meta name=\"twitter:data1\" content=\"Comunica\u00e7\u00e3o PSOL\" \/>\n\t<meta name=\"twitter:label2\" content=\"Est. tempo de leitura\" \/>\n\t<meta name=\"twitter:data2\" content=\"1 minuto\" \/>\n<script type=\"application\/ld+json\" class=\"yoast-schema-graph\">{\"@context\":\"https:\/\/schema.org\",\"@graph\":[{\"@type\":\"Article\",\"@id\":\"https:\/\/psol50.org.br\/psol-pede-impeachment-do-governador-do-df-ibaneis-rocha\/#article\",\"isPartOf\":{\"@id\":\"https:\/\/psol50.org.br\/psol-pede-impeachment-do-governador-do-df-ibaneis-rocha\/\"},\"author\":{\"name\":\"Comunica\u00e7\u00e3o PSOL\",\"@id\":\"https:\/\/psol50.org.br\/#\/schema\/person\/475dfa57d0b815993c714c2e96491fcd\"},\"headline\":\"PSOL pede impeachment do governador do DF Ibaneis Rocha\",\"datePublished\":\"2023-01-09T15:51:39+00:00\",\"dateModified\":\"2023-01-11T19:21:44+00:00\",\"mainEntityOfPage\":{\"@id\":\"https:\/\/psol50.org.br\/psol-pede-impeachment-do-governador-do-df-ibaneis-rocha\/\"},\"wordCount\":219,\"commentCount\":0,\"publisher\":{\"@id\":\"https:\/\/psol50.org.br\/#organization\"},\"image\":{\"@id\":\"https:\/\/psol50.org.br\/psol-pede-impeachment-do-governador-do-df-ibaneis-rocha\/#primaryimage\"},\"thumbnailUrl\":\"https:\/\/psol50.org.br\/inc\/uploads\/2023\/01\/image-15.png\",\"keywords\":[\"Not\u00edcias\"],\"articleSection\":[\"A\u00e7\u00e3o do PSOL\"],\"inLanguage\":\"pt-BR\",\"potentialAction\":[{\"@type\":\"CommentAction\",\"name\":\"Comment\",\"target\":[\"https:\/\/psol50.org.br\/psol-pede-impeachment-do-governador-do-df-ibaneis-rocha\/#respond\"]}]},{\"@type\":\"WebPage\",\"@id\":\"https:\/\/psol50.org.br\/psol-pede-impeachment-do-governador-do-df-ibaneis-rocha\/\",\"url\":\"https:\/\/psol50.org.br\/psol-pede-impeachment-do-governador-do-df-ibaneis-rocha\/\",\"name\":\"PSOL pede impeachment do governador do DF Ibaneis Rocha\",\"isPartOf\":{\"@id\":\"https:\/\/psol50.org.br\/#website\"},\"primaryImageOfPage\":{\"@id\":\"https:\/\/psol50.org.br\/psol-pede-impeachment-do-governador-do-df-ibaneis-rocha\/#primaryimage\"},\"image\":{\"@id\":\"https:\/\/psol50.org.br\/psol-pede-impeachment-do-governador-do-df-ibaneis-rocha\/#primaryimage\"},\"thumbnailUrl\":\"https:\/\/psol50.org.br\/inc\/uploads\/2023\/01\/image-15.png\",\"datePublished\":\"2023-01-09T15:51:39+00:00\",\"dateModified\":\"2023-01-11T19:21:44+00:00\",\"description\":\"Pedido \u00e9 apresentado pelos deputados distritais F\u00e1bio F\u00e9lix e Max Maciel, ambos do PSOL, ao lado de partidos aliados.\",\"breadcrumb\":{\"@id\":\"https:\/\/psol50.org.br\/psol-pede-impeachment-do-governador-do-df-ibaneis-rocha\/#breadcrumb\"},\"inLanguage\":\"pt-BR\",\"potentialAction\":[{\"@type\":\"ReadAction\",\"target\":[\"https:\/\/psol50.org.br\/psol-pede-impeachment-do-governador-do-df-ibaneis-rocha\/\"]}]},{\"@type\":\"ImageObject\",\"inLanguage\":\"pt-BR\",\"@id\":\"https:\/\/psol50.org.br\/psol-pede-impeachment-do-governador-do-df-ibaneis-rocha\/#primaryimage\",\"url\":\"https:\/\/psol50.org.br\/inc\/uploads\/2023\/01\/image-15.png\",\"contentUrl\":\"https:\/\/psol50.org.br\/inc\/uploads\/2023\/01\/image-15.png\",\"width\":1024,\"height\":684,\"caption\":\"Foto: Alexandre Bastos\"},{\"@type\":\"BreadcrumbList\",\"@id\":\"https:\/\/psol50.org.br\/psol-pede-impeachment-do-governador-do-df-ibaneis-rocha\/#breadcrumb\",\"itemListElement\":[{\"@type\":\"ListItem\",\"position\":1,\"name\":\"In\u00edcio\",\"item\":\"https:\/\/psol50.org.br\/\"},{\"@type\":\"ListItem\",\"position\":2,\"name\":\"PSOL pede impeachment do governador do DF Ibaneis Rocha\"}]},{\"@type\":\"WebSite\",\"@id\":\"https:\/\/psol50.org.br\/#website\",\"url\":\"https:\/\/psol50.org.br\/\",\"name\":\"PSOL 50\",\"description\":\"Site oficial do Partido Socialismo e Liberdade\",\"publisher\":{\"@id\":\"https:\/\/psol50.org.br\/#organization\"},\"alternateName\":\"PSOL50\",\"potentialAction\":[{\"@type\":\"SearchAction\",\"target\":{\"@type\":\"EntryPoint\",\"urlTemplate\":\"https:\/\/psol50.org.br\/?s={search_term_string}\"},\"query-input\":{\"@type\":\"PropertyValueSpecification\",\"valueRequired\":true,\"valueName\":\"search_term_string\"}}],\"inLanguage\":\"pt-BR\"},{\"@type\":\"Organization\",\"@id\":\"https:\/\/psol50.org.br\/#organization\",\"name\":\"PSOL 50\",\"alternateName\":\"PSOL 50\",\"url\":\"https:\/\/psol50.org.br\/\",\"logo\":{\"@type\":\"ImageObject\",\"inLanguage\":\"pt-BR\",\"@id\":\"https:\/\/psol50.org.br\/#\/schema\/logo\/image\/\",\"url\":\"https:\/\/psol50.org.br\/inc\/uploads\/2018\/07\/capa.png\",\"contentUrl\":\"https:\/\/psol50.org.br\/inc\/uploads\/2018\/07\/capa.png\",\"width\":1350,\"height\":900,\"caption\":\"PSOL 50\"},\"image\":{\"@id\":\"https:\/\/psol50.org.br\/#\/schema\/logo\/image\/\"},\"sameAs\":[\"https:\/\/www.facebook.com\/psol50\",\"https:\/\/x.com\/psol50\",\"https:\/\/www.instagram.com\/psol50\/\",\"https:\/\/www.youtube.com\/channel\/UC7SnJS5o1os7a6CaiNabzcg\"]},{\"@type\":\"Person\",\"@id\":\"https:\/\/psol50.org.br\/#\/schema\/person\/475dfa57d0b815993c714c2e96491fcd\",\"name\":\"Comunica\u00e7\u00e3o PSOL\",\"image\":{\"@type\":\"ImageObject\",\"inLanguage\":\"pt-BR\",\"@id\":\"https:\/\/psol50.org.br\/#\/schema\/person\/image\/\",\"url\":\"https:\/\/secure.gravatar.com\/avatar\/b34fc4f4e468a4e51785917065a3db57b841f5c95dba6ad8c73aaf8f66f8f9bf?s=96&d=mm&r=g\",\"contentUrl\":\"https:\/\/secure.gravatar.com\/avatar\/b34fc4f4e468a4e51785917065a3db57b841f5c95dba6ad8c73aaf8f66f8f9bf?s=96&d=mm&r=g\",\"caption\":\"Comunica\u00e7\u00e3o PSOL\"}}]}<\/script>\n<!-- \/ Yoast SEO plugin. -->","yoast_head_json":{"title":"PSOL pede impeachment do governador do DF Ibaneis Rocha","description":"Pedido \u00e9 apresentado pelos deputados distritais F\u00e1bio F\u00e9lix e Max Maciel, ambos do PSOL, ao lado de partidos aliados.","robots":{"index":"index","follow":"follow","max-snippet":"max-snippet:-1","max-image-preview":"max-image-preview:large","max-video-preview":"max-video-preview:-1"},"canonical":"https:\/\/psol50.org.br\/psol-pede-impeachment-do-governador-do-df-ibaneis-rocha\/","og_locale":"pt_BR","og_type":"article","og_title":"PSOL pede impeachment do governador do DF Ibaneis Rocha","og_description":"Pedido \u00e9 apresentado pelos deputados distritais F\u00e1bio F\u00e9lix e Max Maciel, ambos do PSOL, ao lado de partidos aliados.","og_url":"https:\/\/psol50.org.br\/psol-pede-impeachment-do-governador-do-df-ibaneis-rocha\/","og_site_name":"PSOL 50","article_publisher":"https:\/\/www.facebook.com\/psol50","article_published_time":"2023-01-09T15:51:39+00:00","article_modified_time":"2023-01-11T19:21:44+00:00","og_image":[{"width":1024,"height":684,"url":"https:\/\/psol50.org.br\/inc\/uploads\/2023\/01\/image-15.png","type":"image\/png"}],"author":"Comunica\u00e7\u00e3o PSOL","twitter_card":"summary_large_image","twitter_creator":"@psol50","twitter_site":"@psol50","twitter_misc":{"Escrito por":"Comunica\u00e7\u00e3o PSOL","Est. tempo de leitura":"1 minuto"},"schema":{"@context":"https:\/\/schema.org","@graph":[{"@type":"Article","@id":"https:\/\/psol50.org.br\/psol-pede-impeachment-do-governador-do-df-ibaneis-rocha\/#article","isPartOf":{"@id":"https:\/\/psol50.org.br\/psol-pede-impeachment-do-governador-do-df-ibaneis-rocha\/"},"author":{"name":"Comunica\u00e7\u00e3o PSOL","@id":"https:\/\/psol50.org.br\/#\/schema\/person\/475dfa57d0b815993c714c2e96491fcd"},"headline":"PSOL pede impeachment do governador do DF Ibaneis Rocha","datePublished":"2023-01-09T15:51:39+00:00","dateModified":"2023-01-11T19:21:44+00:00","mainEntityOfPage":{"@id":"https:\/\/psol50.org.br\/psol-pede-impeachment-do-governador-do-df-ibaneis-rocha\/"},"wordCount":219,"commentCount":0,"publisher":{"@id":"https:\/\/psol50.org.br\/#organization"},"image":{"@id":"https:\/\/psol50.org.br\/psol-pede-impeachment-do-governador-do-df-ibaneis-rocha\/#primaryimage"},"thumbnailUrl":"https:\/\/psol50.org.br\/inc\/uploads\/2023\/01\/image-15.png","keywords":["Not\u00edcias"],"articleSection":["A\u00e7\u00e3o do PSOL"],"inLanguage":"pt-BR","potentialAction":[{"@type":"CommentAction","name":"Comment","target":["https:\/\/psol50.org.br\/psol-pede-impeachment-do-governador-do-df-ibaneis-rocha\/#respond"]}]},{"@type":"WebPage","@id":"https:\/\/psol50.org.br\/psol-pede-impeachment-do-governador-do-df-ibaneis-rocha\/","url":"https:\/\/psol50.org.br\/psol-pede-impeachment-do-governador-do-df-ibaneis-rocha\/","name":"PSOL pede impeachment do governador do DF Ibaneis Rocha","isPartOf":{"@id":"https:\/\/psol50.org.br\/#website"},"primaryImageOfPage":{"@id":"https:\/\/psol50.org.br\/psol-pede-impeachment-do-governador-do-df-ibaneis-rocha\/#primaryimage"},"image":{"@id":"https:\/\/psol50.org.br\/psol-pede-impeachment-do-governador-do-df-ibaneis-rocha\/#primaryimage"},"thumbnailUrl":"https:\/\/psol50.org.br\/inc\/uploads\/2023\/01\/image-15.png","datePublished":"2023-01-09T15:51:39+00:00","dateModified":"2023-01-11T19:21:44+00:00","description":"Pedido \u00e9 apresentado pelos deputados distritais F\u00e1bio F\u00e9lix e Max Maciel, ambos do PSOL, ao lado de partidos aliados.","breadcrumb":{"@id":"https:\/\/psol50.org.br\/psol-pede-impeachment-do-governador-do-df-ibaneis-rocha\/#breadcrumb"},"inLanguage":"pt-BR","potentialAction":[{"@type":"ReadAction","target":["https:\/\/psol50.org.br\/psol-pede-impeachment-do-governador-do-df-ibaneis-rocha\/"]}]},{"@type":"ImageObject","inLanguage":"pt-BR","@id":"https:\/\/psol50.org.br\/psol-pede-impeachment-do-governador-do-df-ibaneis-rocha\/#primaryimage","url":"https:\/\/psol50.org.br\/inc\/uploads\/2023\/01\/image-15.png","contentUrl":"https:\/\/psol50.org.br\/inc\/uploads\/2023\/01\/image-15.png","width":1024,"height":684,"caption":"Foto: Alexandre Bastos"},{"@type":"BreadcrumbList","@id":"https:\/\/psol50.org.br\/psol-pede-impeachment-do-governador-do-df-ibaneis-rocha\/#breadcrumb","itemListElement":[{"@type":"ListItem","position":1,"name":"In\u00edcio","item":"https:\/\/psol50.org.br\/"},{"@type":"ListItem","position":2,"name":"PSOL pede impeachment do governador do DF Ibaneis Rocha"}]},{"@type":"WebSite","@id":"https:\/\/psol50.org.br\/#website","url":"https:\/\/psol50.org.br\/","name":"PSOL 50","description":"Site oficial do Partido Socialismo e Liberdade","publisher":{"@id":"https:\/\/psol50.org.br\/#organization"},"alternateName":"PSOL50","potentialAction":[{"@type":"SearchAction","target":{"@type":"EntryPoint","urlTemplate":"https:\/\/psol50.org.br\/?s={search_term_string}"},"query-input":{"@type":"PropertyValueSpecification","valueRequired":true,"valueName":"search_term_string"}}],"inLanguage":"pt-BR"},{"@type":"Organization","@id":"https:\/\/psol50.org.br\/#organization","name":"PSOL 50","alternateName":"PSOL 50","url":"https:\/\/psol50.org.br\/","logo":{"@type":"ImageObject","inLanguage":"pt-BR","@id":"https:\/\/psol50.org.br\/#\/schema\/logo\/image\/","url":"https:\/\/psol50.org.br\/inc\/uploads\/2018\/07\/capa.png","contentUrl":"https:\/\/psol50.org.br\/inc\/uploads\/2018\/07\/capa.png","width":1350,"height":900,"caption":"PSOL 50"},"image":{"@id":"https:\/\/psol50.org.br\/#\/schema\/logo\/image\/"},"sameAs":["https:\/\/www.facebook.com\/psol50","https:\/\/x.com\/psol50","https:\/\/www.instagram.com\/psol50\/","https:\/\/www.youtube.com\/channel\/UC7SnJS5o1os7a6CaiNabzcg"]},{"@type":"Person","@id":"https:\/\/psol50.org.br\/#\/schema\/person\/475dfa57d0b815993c714c2e96491fcd","name":"Comunica\u00e7\u00e3o PSOL","image":{"@type":"ImageObject","inLanguage":"pt-BR","@id":"https:\/\/psol50.org.br\/#\/schema\/person\/image\/","url":"https:\/\/secure.gravatar.com\/avatar\/b34fc4f4e468a4e51785917065a3db57b841f5c95dba6ad8c73aaf8f66f8f9bf?s=96&d=mm&r=g","contentUrl":"https:\/\/secure.gravatar.com\/avatar\/b34fc4f4e468a4e51785917065a3db57b841f5c95dba6ad8c73aaf8f66f8f9bf?s=96&d=mm&r=g","caption":"Comunica\u00e7\u00e3o PSOL"}}]}},"_links":{"self":[{"href":"https:\/\/psol50.org.br\/rest\/wp\/v2\/posts\/36734","targetHints":{"allow":["GET"]}}],"collection":[{"href":"https:\/\/psol50.org.br\/rest\/wp\/v2\/posts"}],"about":[{"href":"https:\/\/psol50.org.br\/rest\/wp\/v2\/types\/post"}],"author":[{"embeddable":true,"href":"https:\/\/psol50.org.br\/rest\/wp\/v2\/users\/2"}],"replies":[{"embeddable":true,"href":"https:\/\/psol50.org.br\/rest\/wp\/v2\/comments?post=36734"}],"version-history":[{"count":7,"href":"https:\/\/psol50.org.br\/rest\/wp\/v2\/posts\/36734\/revisions"}],"predecessor-version":[{"id":36743,"href":"https:\/\/psol50.org.br\/rest\/wp\/v2\/posts\/36734\/revisions\/36743"}],"wp:featuredmedia":[{"embeddable":true,"href":"https:\/\/psol50.org.br\/rest\/wp\/v2\/media\/36740"}],"wp:attachment":[{"href":"https:\/\/psol50.org.br\/rest\/wp\/v2\/media?parent=36734"}],"wp:term":[{"taxonomy":"category","embeddable":true,"href":"https:\/\/psol50.org.br\/rest\/wp\/v2\/categories?post=36734"},{"taxonomy":"post_tag","embeddable":true,"href":"https:\/\/psol50.org.br\/rest\/wp\/v2\/tags?post=36734"}],"curies":[{"name":"wp","href":"https:\/\/api.w.org\/{rel}","templated":true}]}}