{"id":36748,"date":"2023-01-11T10:11:06","date_gmt":"2023-01-11T13:11:06","guid":{"rendered":"https:\/\/psol50.org.br\/?p=36748"},"modified":"2023-01-26T13:59:00","modified_gmt":"2023-01-26T16:59:00","slug":"apoie-psol-lanca-campanha-bolsonaro-preso-sem-anistia","status":"publish","type":"post","link":"https:\/\/psol50.org.br\/apoie-psol-lanca-campanha-bolsonaro-preso-sem-anistia\/","title":{"rendered":"Apoie: PSOL lan\u00e7a campanha &#8220;Bolsonaro preso: sem anistia&#8221;"},"content":{"rendered":"<p>O PSOL lan\u00e7ou nesta quarta-feira (11) a campanha <strong><a href=\"https:\/\/bolsonaropreso.com.br\/\" target=\"_blank\" rel=\"noopener\">&#8220;Bolsonaro preso: sem anistia&#8221;<\/a><\/strong>, para coletar assinaturas exigindo a extradi\u00e7\u00e3o e a pris\u00e3o de Jair Bolsonaro, investiga\u00e7\u00e3o dos financiadores dos atos terroristas e puni\u00e7\u00e3o a todos os organizadores das manifesta\u00e7\u00f5es antidemocr\u00e1ticas, que culminaram com a destrui\u00e7\u00e3o das sedes dos Tr\u00eas Poderes em Bras\u00edlia (DF) no \u00faltimo domingo (8).<\/p>\n<p><strong>ASSINE:<\/strong> <strong><a href=\"https:\/\/bolsonaropreso.com.br\/\" target=\"_blank\" rel=\"noopener\">Acesse o site da campanha clicando aqui e participe!<\/a><\/strong><\/p>\n<p>As assinaturas coletadas ser\u00e3o entregues para o Congresso Nacional e o Supremo Tribunal Federal (STF) pelos parlamentares do partido.<\/p>\n<p>Na primeira semana de 2023, o <strong><a href=\"https:\/\/psol50.org.br\/entenda-acao-do-psol-que-pede-prisao-preventiva-de-bolsonaro\/\" target=\"_blank\" rel=\"noopener\">PSOL pediu a pris\u00e3o preventiva do ex-presidente Jair Bolsonaro<\/a><\/strong> em uma a\u00e7\u00e3o no STF no inqu\u00e9rito que investiga os atos antidemocr\u00e1ticos, golpistas e terroristas promovidos por apoiadores de Bolsonaro.<\/p>\n<p>Com a ida do ex-presidente para os EUA no \u00faltimo dia 30 de dezembro, a possibilidade de fuga n\u00e3o pode ser desprezada. O PSOL pediu a apreens\u00e3o do passaporte e a quebra dos sigilos telef\u00f4nico e telem\u00e1tico de Bolsonaro, assim como mandados de busca e apreens\u00e3o de poss\u00edveis provas.<\/p>\n<p>Como resposta \u00e0 selvageria promovida por bolsonaristas nas sedes dos Tr\u00eas Poderes em Bras\u00edlia (DF) no \u00faltimo domingo, o PSOL tamb\u00e9m pediu a <strong><a href=\"https:\/\/psol50.org.br\/psol-pede-cpi-para-investigar-atos-golpistas-e-terroristas\/\" target=\"_blank\" rel=\"noopener\">abertura de uma CPI<\/a><\/strong> para investigar os financiadores e organizadores dos atos, o <strong><a href=\"https:\/\/psol50.org.br\/psol-pede-impeachment-do-governador-do-df-ibaneis-rocha\/\" target=\"_blank\" rel=\"noopener\">impeachment do governador do DF Ibaneis Rocha<\/a><\/strong> pela incapacidade de controlar a seguran\u00e7a p\u00fablica da capital federal e a <strong><a href=\"https:\/\/psol50.org.br\/psol-pede-inclusao-de-parlamentares-bolsonaristas-que-incitaram-golpe-em-inquerito-no-stf\/\" target=\"_blank\" rel=\"noopener\">inclus\u00e3o de mais de uma dezena de parlamentares bolsonaristas no rol de investigados<\/a><\/strong> pelo STF na promo\u00e7\u00e3o dos atos terroristas e antidemocr\u00e1ticos que insistem em questionar os resultados das elei\u00e7\u00f5es do ano passado.<\/p>\n","protected":false},"excerpt":{"rendered":"<p>O PSOL lan\u00e7ou nesta quarta-feira (11) a campanha &#8220;Bolsonaro preso: sem anistia&#8221;, para coletar assinaturas exigindo a extradi\u00e7\u00e3o e a pris\u00e3o de Jair Bolsonaro, investiga\u00e7\u00e3o dos financiadores dos atos terroristas e puni\u00e7\u00e3o a todos os organizadores das manifesta\u00e7\u00f5es antidemocr\u00e1ticas, que culminaram com a destrui\u00e7\u00e3o das sedes dos Tr\u00eas Poderes em Bras\u00edlia (DF) no \u00faltimo domingo [&hellip;]<\/p>\n","protected":false},"author":2,"featured_media":36753,"comment_status":"open","ping_status":"open","sticky":false,"template":"","format":"standard","meta":{"_acf_changed":false,"footnotes":""},"categories":[1882],"tags":[4825],"class_list":{"0":"post-36748","1":"post","2":"type-post","3":"status-publish","4":"format-standard","5":"has-post-thumbnail","7":"category-brasil","8":"tag-noticias"},"acf":[],"yoast_head":"<!-- This site is optimized with the Yoast SEO plugin v26.5 - https:\/\/yoast.com\/wordpress\/plugins\/seo\/ -->\n<title>Apoie: PSOL lan\u00e7a campanha &quot;Bolsonaro preso: sem anistia&quot;<\/title>\n<meta name=\"description\" content=\"As assinaturas coletadas ser\u00e3o entregues para o Congresso Nacional e o Supremo Tribunal Federal (STF).\" \/>\n<meta name=\"robots\" content=\"index, follow, max-snippet:-1, max-image-preview:large, max-video-preview:-1\" \/>\n<link rel=\"canonical\" href=\"https:\/\/psol50.org.br\/apoie-psol-lanca-campanha-bolsonaro-preso-sem-anistia\/\" \/>\n<meta property=\"og:locale\" content=\"pt_BR\" \/>\n<meta property=\"og:type\" content=\"article\" \/>\n<meta property=\"og:title\" content=\"Apoie: PSOL lan\u00e7a campanha &quot;Bolsonaro preso: sem anistia&quot;\" \/>\n<meta property=\"og:description\" content=\"As assinaturas coletadas ser\u00e3o entregues para o Congresso Nacional e o Supremo Tribunal Federal (STF).\" \/>\n<meta property=\"og:url\" content=\"https:\/\/psol50.org.br\/apoie-psol-lanca-campanha-bolsonaro-preso-sem-anistia\/\" \/>\n<meta property=\"og:site_name\" content=\"PSOL 50\" \/>\n<meta property=\"article:publisher\" content=\"https:\/\/www.facebook.com\/psol50\" \/>\n<meta property=\"article:published_time\" content=\"2023-01-11T13:11:06+00:00\" \/>\n<meta property=\"article:modified_time\" content=\"2023-01-26T16:59:00+00:00\" \/>\n<meta property=\"og:image\" content=\"https:\/\/psol50.org.br\/inc\/uploads\/2023\/01\/Captura-de-Tela-2023-01-10-as-14.15.18.png\" \/>\n\t<meta property=\"og:image:width\" content=\"2352\" \/>\n\t<meta property=\"og:image:height\" content=\"1322\" \/>\n\t<meta property=\"og:image:type\" content=\"image\/png\" \/>\n<meta name=\"author\" content=\"Comunica\u00e7\u00e3o PSOL\" \/>\n<meta name=\"twitter:card\" content=\"summary_large_image\" \/>\n<meta name=\"twitter:creator\" content=\"@psol50\" \/>\n<meta name=\"twitter:site\" content=\"@psol50\" \/>\n<meta name=\"twitter:label1\" content=\"Escrito por\" \/>\n\t<meta name=\"twitter:data1\" content=\"Comunica\u00e7\u00e3o PSOL\" \/>\n\t<meta name=\"twitter:label2\" content=\"Est. tempo de leitura\" \/>\n\t<meta name=\"twitter:data2\" content=\"1 minuto\" \/>\n<script type=\"application\/ld+json\" class=\"yoast-schema-graph\">{\"@context\":\"https:\/\/schema.org\",\"@graph\":[{\"@type\":\"Article\",\"@id\":\"https:\/\/psol50.org.br\/apoie-psol-lanca-campanha-bolsonaro-preso-sem-anistia\/#article\",\"isPartOf\":{\"@id\":\"https:\/\/psol50.org.br\/apoie-psol-lanca-campanha-bolsonaro-preso-sem-anistia\/\"},\"author\":{\"name\":\"Comunica\u00e7\u00e3o PSOL\",\"@id\":\"https:\/\/psol50.org.br\/#\/schema\/person\/475dfa57d0b815993c714c2e96491fcd\"},\"headline\":\"Apoie: PSOL lan\u00e7a campanha &#8220;Bolsonaro preso: sem anistia&#8221;\",\"datePublished\":\"2023-01-11T13:11:06+00:00\",\"dateModified\":\"2023-01-26T16:59:00+00:00\",\"mainEntityOfPage\":{\"@id\":\"https:\/\/psol50.org.br\/apoie-psol-lanca-campanha-bolsonaro-preso-sem-anistia\/\"},\"wordCount\":291,\"commentCount\":0,\"publisher\":{\"@id\":\"https:\/\/psol50.org.br\/#organization\"},\"image\":{\"@id\":\"https:\/\/psol50.org.br\/apoie-psol-lanca-campanha-bolsonaro-preso-sem-anistia\/#primaryimage\"},\"thumbnailUrl\":\"https:\/\/psol50.org.br\/inc\/uploads\/2023\/01\/Captura-de-Tela-2023-01-10-as-14.15.18.png\",\"keywords\":[\"Not\u00edcias\"],\"articleSection\":[\"Brasil\"],\"inLanguage\":\"pt-BR\",\"potentialAction\":[{\"@type\":\"CommentAction\",\"name\":\"Comment\",\"target\":[\"https:\/\/psol50.org.br\/apoie-psol-lanca-campanha-bolsonaro-preso-sem-anistia\/#respond\"]}]},{\"@type\":\"WebPage\",\"@id\":\"https:\/\/psol50.org.br\/apoie-psol-lanca-campanha-bolsonaro-preso-sem-anistia\/\",\"url\":\"https:\/\/psol50.org.br\/apoie-psol-lanca-campanha-bolsonaro-preso-sem-anistia\/\",\"name\":\"Apoie: PSOL lan\u00e7a campanha \\\"Bolsonaro preso: sem anistia\\\"\",\"isPartOf\":{\"@id\":\"https:\/\/psol50.org.br\/#website\"},\"primaryImageOfPage\":{\"@id\":\"https:\/\/psol50.org.br\/apoie-psol-lanca-campanha-bolsonaro-preso-sem-anistia\/#primaryimage\"},\"image\":{\"@id\":\"https:\/\/psol50.org.br\/apoie-psol-lanca-campanha-bolsonaro-preso-sem-anistia\/#primaryimage\"},\"thumbnailUrl\":\"https:\/\/psol50.org.br\/inc\/uploads\/2023\/01\/Captura-de-Tela-2023-01-10-as-14.15.18.png\",\"datePublished\":\"2023-01-11T13:11:06+00:00\",\"dateModified\":\"2023-01-26T16:59:00+00:00\",\"description\":\"As assinaturas coletadas ser\u00e3o entregues para o Congresso Nacional e o Supremo Tribunal Federal (STF).\",\"breadcrumb\":{\"@id\":\"https:\/\/psol50.org.br\/apoie-psol-lanca-campanha-bolsonaro-preso-sem-anistia\/#breadcrumb\"},\"inLanguage\":\"pt-BR\",\"potentialAction\":[{\"@type\":\"ReadAction\",\"target\":[\"https:\/\/psol50.org.br\/apoie-psol-lanca-campanha-bolsonaro-preso-sem-anistia\/\"]}]},{\"@type\":\"ImageObject\",\"inLanguage\":\"pt-BR\",\"@id\":\"https:\/\/psol50.org.br\/apoie-psol-lanca-campanha-bolsonaro-preso-sem-anistia\/#primaryimage\",\"url\":\"https:\/\/psol50.org.br\/inc\/uploads\/2023\/01\/Captura-de-Tela-2023-01-10-as-14.15.18.png\",\"contentUrl\":\"https:\/\/psol50.org.br\/inc\/uploads\/2023\/01\/Captura-de-Tela-2023-01-10-as-14.15.18.png\",\"width\":2352,\"height\":1322},{\"@type\":\"BreadcrumbList\",\"@id\":\"https:\/\/psol50.org.br\/apoie-psol-lanca-campanha-bolsonaro-preso-sem-anistia\/#breadcrumb\",\"itemListElement\":[{\"@type\":\"ListItem\",\"position\":1,\"name\":\"In\u00edcio\",\"item\":\"https:\/\/psol50.org.br\/\"},{\"@type\":\"ListItem\",\"position\":2,\"name\":\"Apoie: PSOL lan\u00e7a campanha &#8220;Bolsonaro preso: sem anistia&#8221;\"}]},{\"@type\":\"WebSite\",\"@id\":\"https:\/\/psol50.org.br\/#website\",\"url\":\"https:\/\/psol50.org.br\/\",\"name\":\"PSOL 50\",\"description\":\"Site oficial do Partido Socialismo e Liberdade\",\"publisher\":{\"@id\":\"https:\/\/psol50.org.br\/#organization\"},\"alternateName\":\"PSOL50\",\"potentialAction\":[{\"@type\":\"SearchAction\",\"target\":{\"@type\":\"EntryPoint\",\"urlTemplate\":\"https:\/\/psol50.org.br\/?s={search_term_string}\"},\"query-input\":{\"@type\":\"PropertyValueSpecification\",\"valueRequired\":true,\"valueName\":\"search_term_string\"}}],\"inLanguage\":\"pt-BR\"},{\"@type\":\"Organization\",\"@id\":\"https:\/\/psol50.org.br\/#organization\",\"name\":\"PSOL 50\",\"alternateName\":\"PSOL 50\",\"url\":\"https:\/\/psol50.org.br\/\",\"logo\":{\"@type\":\"ImageObject\",\"inLanguage\":\"pt-BR\",\"@id\":\"https:\/\/psol50.org.br\/#\/schema\/logo\/image\/\",\"url\":\"https:\/\/psol50.org.br\/inc\/uploads\/2018\/07\/capa.png\",\"contentUrl\":\"https:\/\/psol50.org.br\/inc\/uploads\/2018\/07\/capa.png\",\"width\":1350,\"height\":900,\"caption\":\"PSOL 50\"},\"image\":{\"@id\":\"https:\/\/psol50.org.br\/#\/schema\/logo\/image\/\"},\"sameAs\":[\"https:\/\/www.facebook.com\/psol50\",\"https:\/\/x.com\/psol50\",\"https:\/\/www.instagram.com\/psol50\/\",\"https:\/\/www.youtube.com\/channel\/UC7SnJS5o1os7a6CaiNabzcg\"]},{\"@type\":\"Person\",\"@id\":\"https:\/\/psol50.org.br\/#\/schema\/person\/475dfa57d0b815993c714c2e96491fcd\",\"name\":\"Comunica\u00e7\u00e3o PSOL\",\"image\":{\"@type\":\"ImageObject\",\"inLanguage\":\"pt-BR\",\"@id\":\"https:\/\/psol50.org.br\/#\/schema\/person\/image\/\",\"url\":\"https:\/\/secure.gravatar.com\/avatar\/b34fc4f4e468a4e51785917065a3db57b841f5c95dba6ad8c73aaf8f66f8f9bf?s=96&d=mm&r=g\",\"contentUrl\":\"https:\/\/secure.gravatar.com\/avatar\/b34fc4f4e468a4e51785917065a3db57b841f5c95dba6ad8c73aaf8f66f8f9bf?s=96&d=mm&r=g\",\"caption\":\"Comunica\u00e7\u00e3o PSOL\"}}]}<\/script>\n<!-- \/ Yoast SEO plugin. -->","yoast_head_json":{"title":"Apoie: PSOL lan\u00e7a campanha \"Bolsonaro preso: sem anistia\"","description":"As assinaturas coletadas ser\u00e3o entregues para o Congresso Nacional e o Supremo Tribunal Federal (STF).","robots":{"index":"index","follow":"follow","max-snippet":"max-snippet:-1","max-image-preview":"max-image-preview:large","max-video-preview":"max-video-preview:-1"},"canonical":"https:\/\/psol50.org.br\/apoie-psol-lanca-campanha-bolsonaro-preso-sem-anistia\/","og_locale":"pt_BR","og_type":"article","og_title":"Apoie: PSOL lan\u00e7a campanha \"Bolsonaro preso: sem anistia\"","og_description":"As assinaturas coletadas ser\u00e3o entregues para o Congresso Nacional e o Supremo Tribunal Federal (STF).","og_url":"https:\/\/psol50.org.br\/apoie-psol-lanca-campanha-bolsonaro-preso-sem-anistia\/","og_site_name":"PSOL 50","article_publisher":"https:\/\/www.facebook.com\/psol50","article_published_time":"2023-01-11T13:11:06+00:00","article_modified_time":"2023-01-26T16:59:00+00:00","og_image":[{"width":2352,"height":1322,"url":"https:\/\/psol50.org.br\/inc\/uploads\/2023\/01\/Captura-de-Tela-2023-01-10-as-14.15.18.png","type":"image\/png"}],"author":"Comunica\u00e7\u00e3o PSOL","twitter_card":"summary_large_image","twitter_creator":"@psol50","twitter_site":"@psol50","twitter_misc":{"Escrito por":"Comunica\u00e7\u00e3o PSOL","Est. tempo de leitura":"1 minuto"},"schema":{"@context":"https:\/\/schema.org","@graph":[{"@type":"Article","@id":"https:\/\/psol50.org.br\/apoie-psol-lanca-campanha-bolsonaro-preso-sem-anistia\/#article","isPartOf":{"@id":"https:\/\/psol50.org.br\/apoie-psol-lanca-campanha-bolsonaro-preso-sem-anistia\/"},"author":{"name":"Comunica\u00e7\u00e3o PSOL","@id":"https:\/\/psol50.org.br\/#\/schema\/person\/475dfa57d0b815993c714c2e96491fcd"},"headline":"Apoie: PSOL lan\u00e7a campanha &#8220;Bolsonaro preso: sem anistia&#8221;","datePublished":"2023-01-11T13:11:06+00:00","dateModified":"2023-01-26T16:59:00+00:00","mainEntityOfPage":{"@id":"https:\/\/psol50.org.br\/apoie-psol-lanca-campanha-bolsonaro-preso-sem-anistia\/"},"wordCount":291,"commentCount":0,"publisher":{"@id":"https:\/\/psol50.org.br\/#organization"},"image":{"@id":"https:\/\/psol50.org.br\/apoie-psol-lanca-campanha-bolsonaro-preso-sem-anistia\/#primaryimage"},"thumbnailUrl":"https:\/\/psol50.org.br\/inc\/uploads\/2023\/01\/Captura-de-Tela-2023-01-10-as-14.15.18.png","keywords":["Not\u00edcias"],"articleSection":["Brasil"],"inLanguage":"pt-BR","potentialAction":[{"@type":"CommentAction","name":"Comment","target":["https:\/\/psol50.org.br\/apoie-psol-lanca-campanha-bolsonaro-preso-sem-anistia\/#respond"]}]},{"@type":"WebPage","@id":"https:\/\/psol50.org.br\/apoie-psol-lanca-campanha-bolsonaro-preso-sem-anistia\/","url":"https:\/\/psol50.org.br\/apoie-psol-lanca-campanha-bolsonaro-preso-sem-anistia\/","name":"Apoie: PSOL lan\u00e7a campanha \"Bolsonaro preso: sem anistia\"","isPartOf":{"@id":"https:\/\/psol50.org.br\/#website"},"primaryImageOfPage":{"@id":"https:\/\/psol50.org.br\/apoie-psol-lanca-campanha-bolsonaro-preso-sem-anistia\/#primaryimage"},"image":{"@id":"https:\/\/psol50.org.br\/apoie-psol-lanca-campanha-bolsonaro-preso-sem-anistia\/#primaryimage"},"thumbnailUrl":"https:\/\/psol50.org.br\/inc\/uploads\/2023\/01\/Captura-de-Tela-2023-01-10-as-14.15.18.png","datePublished":"2023-01-11T13:11:06+00:00","dateModified":"2023-01-26T16:59:00+00:00","description":"As assinaturas coletadas ser\u00e3o entregues para o Congresso Nacional e o Supremo Tribunal Federal (STF).","breadcrumb":{"@id":"https:\/\/psol50.org.br\/apoie-psol-lanca-campanha-bolsonaro-preso-sem-anistia\/#breadcrumb"},"inLanguage":"pt-BR","potentialAction":[{"@type":"ReadAction","target":["https:\/\/psol50.org.br\/apoie-psol-lanca-campanha-bolsonaro-preso-sem-anistia\/"]}]},{"@type":"ImageObject","inLanguage":"pt-BR","@id":"https:\/\/psol50.org.br\/apoie-psol-lanca-campanha-bolsonaro-preso-sem-anistia\/#primaryimage","url":"https:\/\/psol50.org.br\/inc\/uploads\/2023\/01\/Captura-de-Tela-2023-01-10-as-14.15.18.png","contentUrl":"https:\/\/psol50.org.br\/inc\/uploads\/2023\/01\/Captura-de-Tela-2023-01-10-as-14.15.18.png","width":2352,"height":1322},{"@type":"BreadcrumbList","@id":"https:\/\/psol50.org.br\/apoie-psol-lanca-campanha-bolsonaro-preso-sem-anistia\/#breadcrumb","itemListElement":[{"@type":"ListItem","position":1,"name":"In\u00edcio","item":"https:\/\/psol50.org.br\/"},{"@type":"ListItem","position":2,"name":"Apoie: PSOL lan\u00e7a campanha &#8220;Bolsonaro preso: sem anistia&#8221;"}]},{"@type":"WebSite","@id":"https:\/\/psol50.org.br\/#website","url":"https:\/\/psol50.org.br\/","name":"PSOL 50","description":"Site oficial do Partido Socialismo e Liberdade","publisher":{"@id":"https:\/\/psol50.org.br\/#organization"},"alternateName":"PSOL50","potentialAction":[{"@type":"SearchAction","target":{"@type":"EntryPoint","urlTemplate":"https:\/\/psol50.org.br\/?s={search_term_string}"},"query-input":{"@type":"PropertyValueSpecification","valueRequired":true,"valueName":"search_term_string"}}],"inLanguage":"pt-BR"},{"@type":"Organization","@id":"https:\/\/psol50.org.br\/#organization","name":"PSOL 50","alternateName":"PSOL 50","url":"https:\/\/psol50.org.br\/","logo":{"@type":"ImageObject","inLanguage":"pt-BR","@id":"https:\/\/psol50.org.br\/#\/schema\/logo\/image\/","url":"https:\/\/psol50.org.br\/inc\/uploads\/2018\/07\/capa.png","contentUrl":"https:\/\/psol50.org.br\/inc\/uploads\/2018\/07\/capa.png","width":1350,"height":900,"caption":"PSOL 50"},"image":{"@id":"https:\/\/psol50.org.br\/#\/schema\/logo\/image\/"},"sameAs":["https:\/\/www.facebook.com\/psol50","https:\/\/x.com\/psol50","https:\/\/www.instagram.com\/psol50\/","https:\/\/www.youtube.com\/channel\/UC7SnJS5o1os7a6CaiNabzcg"]},{"@type":"Person","@id":"https:\/\/psol50.org.br\/#\/schema\/person\/475dfa57d0b815993c714c2e96491fcd","name":"Comunica\u00e7\u00e3o PSOL","image":{"@type":"ImageObject","inLanguage":"pt-BR","@id":"https:\/\/psol50.org.br\/#\/schema\/person\/image\/","url":"https:\/\/secure.gravatar.com\/avatar\/b34fc4f4e468a4e51785917065a3db57b841f5c95dba6ad8c73aaf8f66f8f9bf?s=96&d=mm&r=g","contentUrl":"https:\/\/secure.gravatar.com\/avatar\/b34fc4f4e468a4e51785917065a3db57b841f5c95dba6ad8c73aaf8f66f8f9bf?s=96&d=mm&r=g","caption":"Comunica\u00e7\u00e3o PSOL"}}]}},"_links":{"self":[{"href":"https:\/\/psol50.org.br\/rest\/wp\/v2\/posts\/36748","targetHints":{"allow":["GET"]}}],"collection":[{"href":"https:\/\/psol50.org.br\/rest\/wp\/v2\/posts"}],"about":[{"href":"https:\/\/psol50.org.br\/rest\/wp\/v2\/types\/post"}],"author":[{"embeddable":true,"href":"https:\/\/psol50.org.br\/rest\/wp\/v2\/users\/2"}],"replies":[{"embeddable":true,"href":"https:\/\/psol50.org.br\/rest\/wp\/v2\/comments?post=36748"}],"version-history":[{"count":5,"href":"https:\/\/psol50.org.br\/rest\/wp\/v2\/posts\/36748\/revisions"}],"predecessor-version":[{"id":36754,"href":"https:\/\/psol50.org.br\/rest\/wp\/v2\/posts\/36748\/revisions\/36754"}],"wp:featuredmedia":[{"embeddable":true,"href":"https:\/\/psol50.org.br\/rest\/wp\/v2\/media\/36753"}],"wp:attachment":[{"href":"https:\/\/psol50.org.br\/rest\/wp\/v2\/media?parent=36748"}],"wp:term":[{"taxonomy":"category","embeddable":true,"href":"https:\/\/psol50.org.br\/rest\/wp\/v2\/categories?post=36748"},{"taxonomy":"post_tag","embeddable":true,"href":"https:\/\/psol50.org.br\/rest\/wp\/v2\/tags?post=36748"}],"curies":[{"name":"wp","href":"https:\/\/api.w.org\/{rel}","templated":true}]}}