{"id":36763,"date":"2023-01-11T16:20:56","date_gmt":"2023-01-11T19:20:56","guid":{"rendered":"https:\/\/psol50.org.br\/?p=36763"},"modified":"2023-01-20T13:57:29","modified_gmt":"2023-01-20T16:57:29","slug":"psol-pede-suspensao-das-redes-sociais-de-bolsonaro","status":"publish","type":"post","link":"https:\/\/psol50.org.br\/psol-pede-suspensao-das-redes-sociais-de-bolsonaro\/","title":{"rendered":"PSOL pede suspens\u00e3o das redes sociais de Bolsonaro"},"content":{"rendered":"<p>A l\u00edder da bancada do PSOL na C\u00e2mara, S\u00e2mia Bomfim, anunciou nesta quarta-feira (11) que apresentar\u00e1 a\u00e7\u00e3o para pedir a suspens\u00e3o das redes sociais do ex-presidente Jair Bolsonaro. Na a\u00e7\u00e3o, o <strong><a href=\"https:\/\/psol50.org.br\/entenda-acao-do-psol-que-pede-prisao-preventiva-de-bolsonaro\/\" target=\"_blank\" rel=\"noopener\">pedido de pris\u00e3o preventiva de Bolsonaro<\/a><\/strong> tamb\u00e9m ser\u00e1 refor\u00e7ado.<\/p>\n<p><strong>ASSINE: <a href=\"https:\/\/bolsonaropreso.com.br\/\" target=\"_blank\" rel=\"noopener\">Campanha Bolsonaro Preso: Sem Anistia!<\/a><\/strong><\/p>\n<p>Na madrugada entre a \u00faltima ter\u00e7a e quarta-feira, Jair Bolsonaro, que est\u00e1 nos EUA desde o \u00faltimo dia 30 de dezembro, postou em suas redes sociais um v\u00eddeo com fake news sobre as elei\u00e7\u00f5es e com evidente teor golpista e antidemocr\u00e1tico. Pouco tempo depois, o v\u00eddeo foi deletado, mas o recado a seus seguidores j\u00e1 estava dado.<\/p>\n<blockquote class=\"twitter-tweet\" data-width=\"550\" data-dnt=\"true\">\n<p lang=\"pt\" dir=\"ltr\">Como l\u00edder do PSOL, pedirei o bloqueio das redes sociais de Jair Bolsonaro diante de mais uma demonstra\u00e7\u00e3o golpista. Durante a madrugada, o ex-presidente postou v\u00eddeo com fake news sobre as elei\u00e7\u00f5es. Refor\u00e7aremos tamb\u00e9m nosso pedido de pris\u00e3o preventiva do fascista. SEM ANISTIA!<\/p>\n<p>&mdash; S\u00e2mia Bomfim (@samiabomfim) <a href=\"https:\/\/twitter.com\/samiabomfim\/status\/1613179706026692608?ref_src=twsrc%5Etfw\">January 11, 2023<\/a><\/p><\/blockquote>\n<p><script async src=\"https:\/\/platform.twitter.com\/widgets.js\" charset=\"utf-8\"><\/script><\/p>\n<p>A a\u00e7\u00e3o acontece dias depois da selvageria promovida por bolsonaristas na Pra\u00e7a dos Tr\u00eas Poderes, no \u00faltimo domingo (8), com preju\u00edzos incalcul\u00e1veis nas sedes do STF e do Congresso Nacional. Centenas de terroristas seguem detidos pela Pol\u00edcia Federal em Bras\u00edlia (DF).<\/p>\n<p>A a\u00e7\u00e3o da l\u00edder do PSOL pede que as redes sociais (como Facebook, Twitter, Instagram e Telegram) deem a Bolsonaro tratamento semelhante ao dado ao ex-presidente dos EUA, Donald Trump, que teve suas contas suspensas no in\u00edcio de 2021 ap\u00f3s reiteradas viola\u00e7\u00f5es \u00e0 lei, com postagens de fake news em massa e incita\u00e7\u00e3o \u00e0 quebra da ordem democr\u00e1tica, expediente semelhante ao usado por Bolsonaro e seus seguidores no Brasil.<\/p>\n","protected":false},"excerpt":{"rendered":"<p>A l\u00edder da bancada do PSOL na C\u00e2mara, S\u00e2mia Bomfim, anunciou nesta quarta-feira (11) que apresentar\u00e1 a\u00e7\u00e3o para pedir a suspens\u00e3o das redes sociais do ex-presidente Jair Bolsonaro. Na a\u00e7\u00e3o, o pedido de pris\u00e3o preventiva de Bolsonaro tamb\u00e9m ser\u00e1 refor\u00e7ado. ASSINE: Campanha Bolsonaro Preso: Sem Anistia! Na madrugada entre a \u00faltima ter\u00e7a e quarta-feira, Jair [&hellip;]<\/p>\n","protected":false},"author":2,"featured_media":26773,"comment_status":"open","ping_status":"open","sticky":false,"template":"","format":"standard","meta":{"_acf_changed":false,"footnotes":""},"categories":[10],"tags":[4825],"class_list":{"0":"post-36763","1":"post","2":"type-post","3":"status-publish","4":"format-standard","5":"has-post-thumbnail","7":"category-acao-parlamentares","8":"tag-noticias"},"acf":[],"yoast_head":"<!-- This site is optimized with the Yoast SEO plugin v26.5 - https:\/\/yoast.com\/wordpress\/plugins\/seo\/ -->\n<title>PSOL pede suspens\u00e3o das redes sociais de Bolsonaro<\/title>\n<meta name=\"description\" content=\"Na \u00faltima madrugada, ex-presidente usou suas redes sociais para postar v\u00eddeo com fake news sobre as elei\u00e7\u00f5es e instigando o golpismo.\" \/>\n<meta name=\"robots\" content=\"index, follow, max-snippet:-1, max-image-preview:large, max-video-preview:-1\" \/>\n<link rel=\"canonical\" href=\"https:\/\/psol50.org.br\/psol-pede-suspensao-das-redes-sociais-de-bolsonaro\/\" \/>\n<meta property=\"og:locale\" content=\"pt_BR\" \/>\n<meta property=\"og:type\" content=\"article\" \/>\n<meta property=\"og:title\" content=\"PSOL pede suspens\u00e3o das redes sociais de Bolsonaro\" \/>\n<meta property=\"og:description\" content=\"Na \u00faltima madrugada, ex-presidente usou suas redes sociais para postar v\u00eddeo com fake news sobre as elei\u00e7\u00f5es e instigando o golpismo.\" \/>\n<meta property=\"og:url\" content=\"https:\/\/psol50.org.br\/psol-pede-suspensao-das-redes-sociais-de-bolsonaro\/\" \/>\n<meta property=\"og:site_name\" content=\"PSOL 50\" \/>\n<meta property=\"article:publisher\" content=\"https:\/\/www.facebook.com\/psol50\" \/>\n<meta property=\"article:published_time\" content=\"2023-01-11T19:20:56+00:00\" \/>\n<meta property=\"article:modified_time\" content=\"2023-01-20T16:57:29+00:00\" \/>\n<meta property=\"og:image\" content=\"https:\/\/psol50.org.br\/inc\/uploads\/2019\/10\/Bolsonaro-vendo-o-Celular-640x403-1.jpg\" \/>\n\t<meta property=\"og:image:width\" content=\"640\" \/>\n\t<meta property=\"og:image:height\" content=\"403\" \/>\n\t<meta property=\"og:image:type\" content=\"image\/jpeg\" \/>\n<meta name=\"author\" content=\"Comunica\u00e7\u00e3o PSOL\" \/>\n<meta name=\"twitter:card\" content=\"summary_large_image\" \/>\n<meta name=\"twitter:creator\" content=\"@psol50\" \/>\n<meta name=\"twitter:site\" content=\"@psol50\" \/>\n<meta name=\"twitter:label1\" content=\"Escrito por\" \/>\n\t<meta name=\"twitter:data1\" content=\"Comunica\u00e7\u00e3o PSOL\" \/>\n\t<meta name=\"twitter:label2\" content=\"Est. tempo de leitura\" \/>\n\t<meta name=\"twitter:data2\" content=\"1 minuto\" \/>\n<script type=\"application\/ld+json\" class=\"yoast-schema-graph\">{\"@context\":\"https:\/\/schema.org\",\"@graph\":[{\"@type\":\"Article\",\"@id\":\"https:\/\/psol50.org.br\/psol-pede-suspensao-das-redes-sociais-de-bolsonaro\/#article\",\"isPartOf\":{\"@id\":\"https:\/\/psol50.org.br\/psol-pede-suspensao-das-redes-sociais-de-bolsonaro\/\"},\"author\":{\"name\":\"Comunica\u00e7\u00e3o PSOL\",\"@id\":\"https:\/\/psol50.org.br\/#\/schema\/person\/475dfa57d0b815993c714c2e96491fcd\"},\"headline\":\"PSOL pede suspens\u00e3o das redes sociais de Bolsonaro\",\"datePublished\":\"2023-01-11T19:20:56+00:00\",\"dateModified\":\"2023-01-20T16:57:29+00:00\",\"mainEntityOfPage\":{\"@id\":\"https:\/\/psol50.org.br\/psol-pede-suspensao-das-redes-sociais-de-bolsonaro\/\"},\"wordCount\":249,\"commentCount\":0,\"publisher\":{\"@id\":\"https:\/\/psol50.org.br\/#organization\"},\"image\":{\"@id\":\"https:\/\/psol50.org.br\/psol-pede-suspensao-das-redes-sociais-de-bolsonaro\/#primaryimage\"},\"thumbnailUrl\":\"https:\/\/psol50.org.br\/inc\/uploads\/2019\/10\/Bolsonaro-vendo-o-Celular-640x403-1.jpg\",\"keywords\":[\"Not\u00edcias\"],\"articleSection\":[\"A\u00e7\u00e3o Parlamentar\"],\"inLanguage\":\"pt-BR\",\"potentialAction\":[{\"@type\":\"CommentAction\",\"name\":\"Comment\",\"target\":[\"https:\/\/psol50.org.br\/psol-pede-suspensao-das-redes-sociais-de-bolsonaro\/#respond\"]}]},{\"@type\":\"WebPage\",\"@id\":\"https:\/\/psol50.org.br\/psol-pede-suspensao-das-redes-sociais-de-bolsonaro\/\",\"url\":\"https:\/\/psol50.org.br\/psol-pede-suspensao-das-redes-sociais-de-bolsonaro\/\",\"name\":\"PSOL pede suspens\u00e3o das redes sociais de Bolsonaro\",\"isPartOf\":{\"@id\":\"https:\/\/psol50.org.br\/#website\"},\"primaryImageOfPage\":{\"@id\":\"https:\/\/psol50.org.br\/psol-pede-suspensao-das-redes-sociais-de-bolsonaro\/#primaryimage\"},\"image\":{\"@id\":\"https:\/\/psol50.org.br\/psol-pede-suspensao-das-redes-sociais-de-bolsonaro\/#primaryimage\"},\"thumbnailUrl\":\"https:\/\/psol50.org.br\/inc\/uploads\/2019\/10\/Bolsonaro-vendo-o-Celular-640x403-1.jpg\",\"datePublished\":\"2023-01-11T19:20:56+00:00\",\"dateModified\":\"2023-01-20T16:57:29+00:00\",\"description\":\"Na \u00faltima madrugada, ex-presidente usou suas redes sociais para postar v\u00eddeo com fake news sobre as elei\u00e7\u00f5es e instigando o golpismo.\",\"breadcrumb\":{\"@id\":\"https:\/\/psol50.org.br\/psol-pede-suspensao-das-redes-sociais-de-bolsonaro\/#breadcrumb\"},\"inLanguage\":\"pt-BR\",\"potentialAction\":[{\"@type\":\"ReadAction\",\"target\":[\"https:\/\/psol50.org.br\/psol-pede-suspensao-das-redes-sociais-de-bolsonaro\/\"]}]},{\"@type\":\"ImageObject\",\"inLanguage\":\"pt-BR\",\"@id\":\"https:\/\/psol50.org.br\/psol-pede-suspensao-das-redes-sociais-de-bolsonaro\/#primaryimage\",\"url\":\"https:\/\/psol50.org.br\/inc\/uploads\/2019\/10\/Bolsonaro-vendo-o-Celular-640x403-1.jpg\",\"contentUrl\":\"https:\/\/psol50.org.br\/inc\/uploads\/2019\/10\/Bolsonaro-vendo-o-Celular-640x403-1.jpg\",\"width\":640,\"height\":403,\"caption\":\"Foto: Jorge William\"},{\"@type\":\"BreadcrumbList\",\"@id\":\"https:\/\/psol50.org.br\/psol-pede-suspensao-das-redes-sociais-de-bolsonaro\/#breadcrumb\",\"itemListElement\":[{\"@type\":\"ListItem\",\"position\":1,\"name\":\"In\u00edcio\",\"item\":\"https:\/\/psol50.org.br\/\"},{\"@type\":\"ListItem\",\"position\":2,\"name\":\"PSOL pede suspens\u00e3o das redes sociais de Bolsonaro\"}]},{\"@type\":\"WebSite\",\"@id\":\"https:\/\/psol50.org.br\/#website\",\"url\":\"https:\/\/psol50.org.br\/\",\"name\":\"PSOL 50\",\"description\":\"Site oficial do Partido Socialismo e Liberdade\",\"publisher\":{\"@id\":\"https:\/\/psol50.org.br\/#organization\"},\"alternateName\":\"PSOL50\",\"potentialAction\":[{\"@type\":\"SearchAction\",\"target\":{\"@type\":\"EntryPoint\",\"urlTemplate\":\"https:\/\/psol50.org.br\/?s={search_term_string}\"},\"query-input\":{\"@type\":\"PropertyValueSpecification\",\"valueRequired\":true,\"valueName\":\"search_term_string\"}}],\"inLanguage\":\"pt-BR\"},{\"@type\":\"Organization\",\"@id\":\"https:\/\/psol50.org.br\/#organization\",\"name\":\"PSOL 50\",\"alternateName\":\"PSOL 50\",\"url\":\"https:\/\/psol50.org.br\/\",\"logo\":{\"@type\":\"ImageObject\",\"inLanguage\":\"pt-BR\",\"@id\":\"https:\/\/psol50.org.br\/#\/schema\/logo\/image\/\",\"url\":\"https:\/\/psol50.org.br\/inc\/uploads\/2018\/07\/capa.png\",\"contentUrl\":\"https:\/\/psol50.org.br\/inc\/uploads\/2018\/07\/capa.png\",\"width\":1350,\"height\":900,\"caption\":\"PSOL 50\"},\"image\":{\"@id\":\"https:\/\/psol50.org.br\/#\/schema\/logo\/image\/\"},\"sameAs\":[\"https:\/\/www.facebook.com\/psol50\",\"https:\/\/x.com\/psol50\",\"https:\/\/www.instagram.com\/psol50\/\",\"https:\/\/www.youtube.com\/channel\/UC7SnJS5o1os7a6CaiNabzcg\"]},{\"@type\":\"Person\",\"@id\":\"https:\/\/psol50.org.br\/#\/schema\/person\/475dfa57d0b815993c714c2e96491fcd\",\"name\":\"Comunica\u00e7\u00e3o PSOL\",\"image\":{\"@type\":\"ImageObject\",\"inLanguage\":\"pt-BR\",\"@id\":\"https:\/\/psol50.org.br\/#\/schema\/person\/image\/\",\"url\":\"https:\/\/secure.gravatar.com\/avatar\/b34fc4f4e468a4e51785917065a3db57b841f5c95dba6ad8c73aaf8f66f8f9bf?s=96&d=mm&r=g\",\"contentUrl\":\"https:\/\/secure.gravatar.com\/avatar\/b34fc4f4e468a4e51785917065a3db57b841f5c95dba6ad8c73aaf8f66f8f9bf?s=96&d=mm&r=g\",\"caption\":\"Comunica\u00e7\u00e3o PSOL\"}}]}<\/script>\n<!-- \/ Yoast SEO plugin. -->","yoast_head_json":{"title":"PSOL pede suspens\u00e3o das redes sociais de Bolsonaro","description":"Na \u00faltima madrugada, ex-presidente usou suas redes sociais para postar v\u00eddeo com fake news sobre as elei\u00e7\u00f5es e instigando o golpismo.","robots":{"index":"index","follow":"follow","max-snippet":"max-snippet:-1","max-image-preview":"max-image-preview:large","max-video-preview":"max-video-preview:-1"},"canonical":"https:\/\/psol50.org.br\/psol-pede-suspensao-das-redes-sociais-de-bolsonaro\/","og_locale":"pt_BR","og_type":"article","og_title":"PSOL pede suspens\u00e3o das redes sociais de Bolsonaro","og_description":"Na \u00faltima madrugada, ex-presidente usou suas redes sociais para postar v\u00eddeo com fake news sobre as elei\u00e7\u00f5es e instigando o golpismo.","og_url":"https:\/\/psol50.org.br\/psol-pede-suspensao-das-redes-sociais-de-bolsonaro\/","og_site_name":"PSOL 50","article_publisher":"https:\/\/www.facebook.com\/psol50","article_published_time":"2023-01-11T19:20:56+00:00","article_modified_time":"2023-01-20T16:57:29+00:00","og_image":[{"width":640,"height":403,"url":"https:\/\/psol50.org.br\/inc\/uploads\/2019\/10\/Bolsonaro-vendo-o-Celular-640x403-1.jpg","type":"image\/jpeg"}],"author":"Comunica\u00e7\u00e3o PSOL","twitter_card":"summary_large_image","twitter_creator":"@psol50","twitter_site":"@psol50","twitter_misc":{"Escrito por":"Comunica\u00e7\u00e3o PSOL","Est. tempo de leitura":"1 minuto"},"schema":{"@context":"https:\/\/schema.org","@graph":[{"@type":"Article","@id":"https:\/\/psol50.org.br\/psol-pede-suspensao-das-redes-sociais-de-bolsonaro\/#article","isPartOf":{"@id":"https:\/\/psol50.org.br\/psol-pede-suspensao-das-redes-sociais-de-bolsonaro\/"},"author":{"name":"Comunica\u00e7\u00e3o PSOL","@id":"https:\/\/psol50.org.br\/#\/schema\/person\/475dfa57d0b815993c714c2e96491fcd"},"headline":"PSOL pede suspens\u00e3o das redes sociais de Bolsonaro","datePublished":"2023-01-11T19:20:56+00:00","dateModified":"2023-01-20T16:57:29+00:00","mainEntityOfPage":{"@id":"https:\/\/psol50.org.br\/psol-pede-suspensao-das-redes-sociais-de-bolsonaro\/"},"wordCount":249,"commentCount":0,"publisher":{"@id":"https:\/\/psol50.org.br\/#organization"},"image":{"@id":"https:\/\/psol50.org.br\/psol-pede-suspensao-das-redes-sociais-de-bolsonaro\/#primaryimage"},"thumbnailUrl":"https:\/\/psol50.org.br\/inc\/uploads\/2019\/10\/Bolsonaro-vendo-o-Celular-640x403-1.jpg","keywords":["Not\u00edcias"],"articleSection":["A\u00e7\u00e3o Parlamentar"],"inLanguage":"pt-BR","potentialAction":[{"@type":"CommentAction","name":"Comment","target":["https:\/\/psol50.org.br\/psol-pede-suspensao-das-redes-sociais-de-bolsonaro\/#respond"]}]},{"@type":"WebPage","@id":"https:\/\/psol50.org.br\/psol-pede-suspensao-das-redes-sociais-de-bolsonaro\/","url":"https:\/\/psol50.org.br\/psol-pede-suspensao-das-redes-sociais-de-bolsonaro\/","name":"PSOL pede suspens\u00e3o das redes sociais de Bolsonaro","isPartOf":{"@id":"https:\/\/psol50.org.br\/#website"},"primaryImageOfPage":{"@id":"https:\/\/psol50.org.br\/psol-pede-suspensao-das-redes-sociais-de-bolsonaro\/#primaryimage"},"image":{"@id":"https:\/\/psol50.org.br\/psol-pede-suspensao-das-redes-sociais-de-bolsonaro\/#primaryimage"},"thumbnailUrl":"https:\/\/psol50.org.br\/inc\/uploads\/2019\/10\/Bolsonaro-vendo-o-Celular-640x403-1.jpg","datePublished":"2023-01-11T19:20:56+00:00","dateModified":"2023-01-20T16:57:29+00:00","description":"Na \u00faltima madrugada, ex-presidente usou suas redes sociais para postar v\u00eddeo com fake news sobre as elei\u00e7\u00f5es e instigando o golpismo.","breadcrumb":{"@id":"https:\/\/psol50.org.br\/psol-pede-suspensao-das-redes-sociais-de-bolsonaro\/#breadcrumb"},"inLanguage":"pt-BR","potentialAction":[{"@type":"ReadAction","target":["https:\/\/psol50.org.br\/psol-pede-suspensao-das-redes-sociais-de-bolsonaro\/"]}]},{"@type":"ImageObject","inLanguage":"pt-BR","@id":"https:\/\/psol50.org.br\/psol-pede-suspensao-das-redes-sociais-de-bolsonaro\/#primaryimage","url":"https:\/\/psol50.org.br\/inc\/uploads\/2019\/10\/Bolsonaro-vendo-o-Celular-640x403-1.jpg","contentUrl":"https:\/\/psol50.org.br\/inc\/uploads\/2019\/10\/Bolsonaro-vendo-o-Celular-640x403-1.jpg","width":640,"height":403,"caption":"Foto: Jorge William"},{"@type":"BreadcrumbList","@id":"https:\/\/psol50.org.br\/psol-pede-suspensao-das-redes-sociais-de-bolsonaro\/#breadcrumb","itemListElement":[{"@type":"ListItem","position":1,"name":"In\u00edcio","item":"https:\/\/psol50.org.br\/"},{"@type":"ListItem","position":2,"name":"PSOL pede suspens\u00e3o das redes sociais de Bolsonaro"}]},{"@type":"WebSite","@id":"https:\/\/psol50.org.br\/#website","url":"https:\/\/psol50.org.br\/","name":"PSOL 50","description":"Site oficial do Partido Socialismo e Liberdade","publisher":{"@id":"https:\/\/psol50.org.br\/#organization"},"alternateName":"PSOL50","potentialAction":[{"@type":"SearchAction","target":{"@type":"EntryPoint","urlTemplate":"https:\/\/psol50.org.br\/?s={search_term_string}"},"query-input":{"@type":"PropertyValueSpecification","valueRequired":true,"valueName":"search_term_string"}}],"inLanguage":"pt-BR"},{"@type":"Organization","@id":"https:\/\/psol50.org.br\/#organization","name":"PSOL 50","alternateName":"PSOL 50","url":"https:\/\/psol50.org.br\/","logo":{"@type":"ImageObject","inLanguage":"pt-BR","@id":"https:\/\/psol50.org.br\/#\/schema\/logo\/image\/","url":"https:\/\/psol50.org.br\/inc\/uploads\/2018\/07\/capa.png","contentUrl":"https:\/\/psol50.org.br\/inc\/uploads\/2018\/07\/capa.png","width":1350,"height":900,"caption":"PSOL 50"},"image":{"@id":"https:\/\/psol50.org.br\/#\/schema\/logo\/image\/"},"sameAs":["https:\/\/www.facebook.com\/psol50","https:\/\/x.com\/psol50","https:\/\/www.instagram.com\/psol50\/","https:\/\/www.youtube.com\/channel\/UC7SnJS5o1os7a6CaiNabzcg"]},{"@type":"Person","@id":"https:\/\/psol50.org.br\/#\/schema\/person\/475dfa57d0b815993c714c2e96491fcd","name":"Comunica\u00e7\u00e3o PSOL","image":{"@type":"ImageObject","inLanguage":"pt-BR","@id":"https:\/\/psol50.org.br\/#\/schema\/person\/image\/","url":"https:\/\/secure.gravatar.com\/avatar\/b34fc4f4e468a4e51785917065a3db57b841f5c95dba6ad8c73aaf8f66f8f9bf?s=96&d=mm&r=g","contentUrl":"https:\/\/secure.gravatar.com\/avatar\/b34fc4f4e468a4e51785917065a3db57b841f5c95dba6ad8c73aaf8f66f8f9bf?s=96&d=mm&r=g","caption":"Comunica\u00e7\u00e3o PSOL"}}]}},"_links":{"self":[{"href":"https:\/\/psol50.org.br\/rest\/wp\/v2\/posts\/36763","targetHints":{"allow":["GET"]}}],"collection":[{"href":"https:\/\/psol50.org.br\/rest\/wp\/v2\/posts"}],"about":[{"href":"https:\/\/psol50.org.br\/rest\/wp\/v2\/types\/post"}],"author":[{"embeddable":true,"href":"https:\/\/psol50.org.br\/rest\/wp\/v2\/users\/2"}],"replies":[{"embeddable":true,"href":"https:\/\/psol50.org.br\/rest\/wp\/v2\/comments?post=36763"}],"version-history":[{"count":3,"href":"https:\/\/psol50.org.br\/rest\/wp\/v2\/posts\/36763\/revisions"}],"predecessor-version":[{"id":36766,"href":"https:\/\/psol50.org.br\/rest\/wp\/v2\/posts\/36763\/revisions\/36766"}],"wp:featuredmedia":[{"embeddable":true,"href":"https:\/\/psol50.org.br\/rest\/wp\/v2\/media\/26773"}],"wp:attachment":[{"href":"https:\/\/psol50.org.br\/rest\/wp\/v2\/media?parent=36763"}],"wp:term":[{"taxonomy":"category","embeddable":true,"href":"https:\/\/psol50.org.br\/rest\/wp\/v2\/categories?post=36763"},{"taxonomy":"post_tag","embeddable":true,"href":"https:\/\/psol50.org.br\/rest\/wp\/v2\/tags?post=36763"}],"curies":[{"name":"wp","href":"https:\/\/api.w.org\/{rel}","templated":true}]}}