{"id":36776,"date":"2023-01-12T13:17:28","date_gmt":"2023-01-12T16:17:28","guid":{"rendered":"https:\/\/psol50.org.br\/?p=36776"},"modified":"2023-01-20T15:52:44","modified_gmt":"2023-01-20T18:52:44","slug":"luciene-cavalcante-psol-sofre-ameacas-de-morte-antes-de-assumir-como-deputada-federal","status":"publish","type":"post","link":"https:\/\/psol50.org.br\/luciene-cavalcante-psol-sofre-ameacas-de-morte-antes-de-assumir-como-deputada-federal\/","title":{"rendered":"Luciene Cavalcante (PSOL) sofre amea\u00e7as de morte antes de assumir como deputada federal"},"content":{"rendered":"<p>A deputada federal eleita Luciene Cavalcante (PSOL) precisou acionar o Minist\u00e9rio P\u00fablico Federal e a Pol\u00edcia Federal ap\u00f3s ser alvo de amea\u00e7a de morte na \u00faltima quarta-feira (11). Um boletim de ocorr\u00eancia tamb\u00e9m foi registrado no 77\u00ba Distrito Policial da Pol\u00edcia Civil de S\u00e3o Paulo.<\/p>\n<blockquote class=\"twitter-tweet\" data-width=\"550\" data-dnt=\"true\">\n<p lang=\"pt\" dir=\"ltr\">N\u00e3o vou recuar! \u270a<\/p>\n<p>Recebi amea\u00e7as de morte por e-mail, no dia de hoje. <br \/>Fiz um Boletim de Ocorr\u00eancia e acionei o Minist\u00e9rio P\u00fablico Federal. <\/p>\n<p>Assumirei o mandato para o qual fui eleita e lutarei contra toda tentativa de golpe, em defesa da educa\u00e7\u00e3o e dos servidores p\u00fablicos. <a href=\"https:\/\/t.co\/0wWlm5HfWr\">pic.twitter.com\/0wWlm5HfWr<\/a><\/p>\n<p>&mdash; Luciene Cavalcante (@_lucavalcante) <a href=\"https:\/\/twitter.com\/_lucavalcante\/status\/1613310361213575168?ref_src=twsrc%5Etfw\">January 11, 2023<\/a><\/p><\/blockquote>\n<p><script async src=\"https:\/\/platform.twitter.com\/widgets.js\" charset=\"utf-8\"><\/script><\/p>\n<p>A amea\u00e7a foi enviada por e-mail, por um autor an\u00f4nimo que diz ter 37 anos. Na mensagem, ele sugere que Cavalcante &#8220;durma de olhos abertos&#8221;, \u00e0 espreita de um eventual ataque. &#8220;Pode ser uma invas\u00e3o, um atropelamento, um assalto, um vendedor batendo \u00e0 sua porta ou at\u00e9 mesmo um aluno&#8221;, afirma.<\/p>\n<p>Ele ainda diz que colou um retrato da parlamentar eleita na porta de seu quarto \u2014e que aponta para ele, todos os dias, uma arma de fogo. &#8220;Irei deixar meu rastro de f\u00faria quando te encontrar&#8221;, escreve.<\/p>\n<p>Luciene Cavalcante ficou como primeira suplente da bancada de parlamentares federais da federa\u00e7\u00e3o PSOL-Rede em S\u00e3o Paulo nas elei\u00e7\u00f5es do ano passado, com quase 50 mil votos. Com a ida das eleitas Marina Silva (Rede) e S\u00f4nia Guajajara (PSOL) para os Minist\u00e9rios do Meio Ambiente e dos Povos Ind\u00edgenas, respectivamente, ela assumir\u00e1 a vaga de deputada federal na bancada do PSOL.<\/p>\n<p>Professora e supervisora da rede municipal de educa\u00e7\u00e3o em S\u00e3o Paulo, Cavalcante nunca tinha recebido uma amea\u00e7a de morte at\u00e9 ent\u00e3o.<\/p>\n<p>A parlamentar eleita suspeita que a amea\u00e7a tenha rela\u00e7\u00e3o com seu pedido de extradi\u00e7\u00e3o do ex-presidente Jair Bolsonaro (PL) feito ao Supremo Tribunal Federal (STF).<\/p>\n<p>&#8220;As amea\u00e7as v\u00eam depois dessas a\u00e7\u00f5es como uma tentativa de nos calar, de nos intimidar, de colocar o terror, de impor o medo. Mas a gente n\u00e3o vai parar. N\u00f3s fomos eleitos democraticamente e vamos exercer toda a nossa potencialidade. Vamos lutar para defender a\u00a0democracia&#8221;, afirma Luciene Cavalcante.<\/p>\n","protected":false},"excerpt":{"rendered":"<p>A deputada federal eleita Luciene Cavalcante (PSOL) precisou acionar o Minist\u00e9rio P\u00fablico Federal e a Pol\u00edcia Federal ap\u00f3s ser alvo de amea\u00e7a de morte na \u00faltima quarta-feira (11). Um boletim de ocorr\u00eancia tamb\u00e9m foi registrado no 77\u00ba Distrito Policial da Pol\u00edcia Civil de S\u00e3o Paulo. N\u00e3o vou recuar! \u270a Recebi amea\u00e7as de morte por e-mail, [&hellip;]<\/p>\n","protected":false},"author":2,"featured_media":36779,"comment_status":"open","ping_status":"open","sticky":false,"template":"","format":"standard","meta":{"_acf_changed":false,"footnotes":""},"categories":[14],"tags":[4825],"class_list":{"0":"post-36776","1":"post","2":"type-post","3":"status-publish","4":"format-standard","5":"has-post-thumbnail","7":"category-partido","8":"tag-noticias"},"acf":[],"yoast_head":"<!-- This site is optimized with the Yoast SEO plugin v26.5 - https:\/\/yoast.com\/wordpress\/plugins\/seo\/ -->\n<title>Luciene Cavalcante (PSOL) sofre amea\u00e7as de morte antes de assumir como deputada federal<\/title>\n<meta name=\"description\" content=\"Parlamentar do PSOL acionou o Minist\u00e9rio P\u00fablico Federal (MPF) e registrou boletim de ocorr\u00eancia na Pol\u00edcia Civil.\" \/>\n<meta name=\"robots\" content=\"index, follow, max-snippet:-1, max-image-preview:large, max-video-preview:-1\" \/>\n<link rel=\"canonical\" href=\"https:\/\/psol50.org.br\/luciene-cavalcante-psol-sofre-ameacas-de-morte-antes-de-assumir-como-deputada-federal\/\" \/>\n<meta property=\"og:locale\" content=\"pt_BR\" \/>\n<meta property=\"og:type\" content=\"article\" \/>\n<meta property=\"og:title\" content=\"Luciene Cavalcante (PSOL) sofre amea\u00e7as de morte antes de assumir como deputada federal\" \/>\n<meta property=\"og:description\" content=\"Parlamentar do PSOL acionou o Minist\u00e9rio P\u00fablico Federal (MPF) e registrou boletim de ocorr\u00eancia na Pol\u00edcia Civil.\" \/>\n<meta property=\"og:url\" content=\"https:\/\/psol50.org.br\/luciene-cavalcante-psol-sofre-ameacas-de-morte-antes-de-assumir-como-deputada-federal\/\" \/>\n<meta property=\"og:site_name\" content=\"PSOL 50\" \/>\n<meta property=\"article:publisher\" content=\"https:\/\/www.facebook.com\/psol50\" \/>\n<meta property=\"article:published_time\" content=\"2023-01-12T16:17:28+00:00\" \/>\n<meta property=\"article:modified_time\" content=\"2023-01-20T18:52:44+00:00\" \/>\n<meta property=\"og:image\" content=\"https:\/\/psol50.org.br\/inc\/uploads\/2023\/01\/1708-Convoca1-1-1024x682-1.jpg\" \/>\n\t<meta property=\"og:image:width\" content=\"1024\" \/>\n\t<meta property=\"og:image:height\" content=\"682\" \/>\n\t<meta property=\"og:image:type\" content=\"image\/jpeg\" \/>\n<meta name=\"author\" content=\"Comunica\u00e7\u00e3o PSOL\" \/>\n<meta name=\"twitter:card\" content=\"summary_large_image\" \/>\n<meta name=\"twitter:creator\" content=\"@psol50\" \/>\n<meta name=\"twitter:site\" content=\"@psol50\" \/>\n<meta name=\"twitter:label1\" content=\"Escrito por\" \/>\n\t<meta name=\"twitter:data1\" content=\"Comunica\u00e7\u00e3o PSOL\" \/>\n\t<meta name=\"twitter:label2\" content=\"Est. tempo de leitura\" \/>\n\t<meta name=\"twitter:data2\" content=\"2 minutos\" \/>\n<script type=\"application\/ld+json\" class=\"yoast-schema-graph\">{\"@context\":\"https:\/\/schema.org\",\"@graph\":[{\"@type\":\"Article\",\"@id\":\"https:\/\/psol50.org.br\/luciene-cavalcante-psol-sofre-ameacas-de-morte-antes-de-assumir-como-deputada-federal\/#article\",\"isPartOf\":{\"@id\":\"https:\/\/psol50.org.br\/luciene-cavalcante-psol-sofre-ameacas-de-morte-antes-de-assumir-como-deputada-federal\/\"},\"author\":{\"name\":\"Comunica\u00e7\u00e3o PSOL\",\"@id\":\"https:\/\/psol50.org.br\/#\/schema\/person\/475dfa57d0b815993c714c2e96491fcd\"},\"headline\":\"Luciene Cavalcante (PSOL) sofre amea\u00e7as de morte antes de assumir como deputada federal\",\"datePublished\":\"2023-01-12T16:17:28+00:00\",\"dateModified\":\"2023-01-20T18:52:44+00:00\",\"mainEntityOfPage\":{\"@id\":\"https:\/\/psol50.org.br\/luciene-cavalcante-psol-sofre-ameacas-de-morte-antes-de-assumir-como-deputada-federal\/\"},\"wordCount\":333,\"commentCount\":0,\"publisher\":{\"@id\":\"https:\/\/psol50.org.br\/#organization\"},\"image\":{\"@id\":\"https:\/\/psol50.org.br\/luciene-cavalcante-psol-sofre-ameacas-de-morte-antes-de-assumir-como-deputada-federal\/#primaryimage\"},\"thumbnailUrl\":\"https:\/\/psol50.org.br\/inc\/uploads\/2023\/01\/1708-Convoca1-1-1024x682-1.jpg\",\"keywords\":[\"Not\u00edcias\"],\"articleSection\":[\"Partido\"],\"inLanguage\":\"pt-BR\",\"potentialAction\":[{\"@type\":\"CommentAction\",\"name\":\"Comment\",\"target\":[\"https:\/\/psol50.org.br\/luciene-cavalcante-psol-sofre-ameacas-de-morte-antes-de-assumir-como-deputada-federal\/#respond\"]}]},{\"@type\":\"WebPage\",\"@id\":\"https:\/\/psol50.org.br\/luciene-cavalcante-psol-sofre-ameacas-de-morte-antes-de-assumir-como-deputada-federal\/\",\"url\":\"https:\/\/psol50.org.br\/luciene-cavalcante-psol-sofre-ameacas-de-morte-antes-de-assumir-como-deputada-federal\/\",\"name\":\"Luciene Cavalcante (PSOL) sofre amea\u00e7as de morte antes de assumir como deputada federal\",\"isPartOf\":{\"@id\":\"https:\/\/psol50.org.br\/#website\"},\"primaryImageOfPage\":{\"@id\":\"https:\/\/psol50.org.br\/luciene-cavalcante-psol-sofre-ameacas-de-morte-antes-de-assumir-como-deputada-federal\/#primaryimage\"},\"image\":{\"@id\":\"https:\/\/psol50.org.br\/luciene-cavalcante-psol-sofre-ameacas-de-morte-antes-de-assumir-como-deputada-federal\/#primaryimage\"},\"thumbnailUrl\":\"https:\/\/psol50.org.br\/inc\/uploads\/2023\/01\/1708-Convoca1-1-1024x682-1.jpg\",\"datePublished\":\"2023-01-12T16:17:28+00:00\",\"dateModified\":\"2023-01-20T18:52:44+00:00\",\"description\":\"Parlamentar do PSOL acionou o Minist\u00e9rio P\u00fablico Federal (MPF) e registrou boletim de ocorr\u00eancia na Pol\u00edcia Civil.\",\"breadcrumb\":{\"@id\":\"https:\/\/psol50.org.br\/luciene-cavalcante-psol-sofre-ameacas-de-morte-antes-de-assumir-como-deputada-federal\/#breadcrumb\"},\"inLanguage\":\"pt-BR\",\"potentialAction\":[{\"@type\":\"ReadAction\",\"target\":[\"https:\/\/psol50.org.br\/luciene-cavalcante-psol-sofre-ameacas-de-morte-antes-de-assumir-como-deputada-federal\/\"]}]},{\"@type\":\"ImageObject\",\"inLanguage\":\"pt-BR\",\"@id\":\"https:\/\/psol50.org.br\/luciene-cavalcante-psol-sofre-ameacas-de-morte-antes-de-assumir-como-deputada-federal\/#primaryimage\",\"url\":\"https:\/\/psol50.org.br\/inc\/uploads\/2023\/01\/1708-Convoca1-1-1024x682-1.jpg\",\"contentUrl\":\"https:\/\/psol50.org.br\/inc\/uploads\/2023\/01\/1708-Convoca1-1-1024x682-1.jpg\",\"width\":1024,\"height\":682,\"caption\":\"Foto: Reprodu\u00e7\u00e3o\"},{\"@type\":\"BreadcrumbList\",\"@id\":\"https:\/\/psol50.org.br\/luciene-cavalcante-psol-sofre-ameacas-de-morte-antes-de-assumir-como-deputada-federal\/#breadcrumb\",\"itemListElement\":[{\"@type\":\"ListItem\",\"position\":1,\"name\":\"In\u00edcio\",\"item\":\"https:\/\/psol50.org.br\/\"},{\"@type\":\"ListItem\",\"position\":2,\"name\":\"Luciene Cavalcante (PSOL) sofre amea\u00e7as de morte antes de assumir como deputada federal\"}]},{\"@type\":\"WebSite\",\"@id\":\"https:\/\/psol50.org.br\/#website\",\"url\":\"https:\/\/psol50.org.br\/\",\"name\":\"PSOL 50\",\"description\":\"Site oficial do Partido Socialismo e Liberdade\",\"publisher\":{\"@id\":\"https:\/\/psol50.org.br\/#organization\"},\"alternateName\":\"PSOL50\",\"potentialAction\":[{\"@type\":\"SearchAction\",\"target\":{\"@type\":\"EntryPoint\",\"urlTemplate\":\"https:\/\/psol50.org.br\/?s={search_term_string}\"},\"query-input\":{\"@type\":\"PropertyValueSpecification\",\"valueRequired\":true,\"valueName\":\"search_term_string\"}}],\"inLanguage\":\"pt-BR\"},{\"@type\":\"Organization\",\"@id\":\"https:\/\/psol50.org.br\/#organization\",\"name\":\"PSOL 50\",\"alternateName\":\"PSOL 50\",\"url\":\"https:\/\/psol50.org.br\/\",\"logo\":{\"@type\":\"ImageObject\",\"inLanguage\":\"pt-BR\",\"@id\":\"https:\/\/psol50.org.br\/#\/schema\/logo\/image\/\",\"url\":\"https:\/\/psol50.org.br\/inc\/uploads\/2018\/07\/capa.png\",\"contentUrl\":\"https:\/\/psol50.org.br\/inc\/uploads\/2018\/07\/capa.png\",\"width\":1350,\"height\":900,\"caption\":\"PSOL 50\"},\"image\":{\"@id\":\"https:\/\/psol50.org.br\/#\/schema\/logo\/image\/\"},\"sameAs\":[\"https:\/\/www.facebook.com\/psol50\",\"https:\/\/x.com\/psol50\",\"https:\/\/www.instagram.com\/psol50\/\",\"https:\/\/www.youtube.com\/channel\/UC7SnJS5o1os7a6CaiNabzcg\"]},{\"@type\":\"Person\",\"@id\":\"https:\/\/psol50.org.br\/#\/schema\/person\/475dfa57d0b815993c714c2e96491fcd\",\"name\":\"Comunica\u00e7\u00e3o PSOL\",\"image\":{\"@type\":\"ImageObject\",\"inLanguage\":\"pt-BR\",\"@id\":\"https:\/\/psol50.org.br\/#\/schema\/person\/image\/\",\"url\":\"https:\/\/secure.gravatar.com\/avatar\/b34fc4f4e468a4e51785917065a3db57b841f5c95dba6ad8c73aaf8f66f8f9bf?s=96&d=mm&r=g\",\"contentUrl\":\"https:\/\/secure.gravatar.com\/avatar\/b34fc4f4e468a4e51785917065a3db57b841f5c95dba6ad8c73aaf8f66f8f9bf?s=96&d=mm&r=g\",\"caption\":\"Comunica\u00e7\u00e3o PSOL\"}}]}<\/script>\n<!-- \/ Yoast SEO plugin. -->","yoast_head_json":{"title":"Luciene Cavalcante (PSOL) sofre amea\u00e7as de morte antes de assumir como deputada federal","description":"Parlamentar do PSOL acionou o Minist\u00e9rio P\u00fablico Federal (MPF) e registrou boletim de ocorr\u00eancia na Pol\u00edcia Civil.","robots":{"index":"index","follow":"follow","max-snippet":"max-snippet:-1","max-image-preview":"max-image-preview:large","max-video-preview":"max-video-preview:-1"},"canonical":"https:\/\/psol50.org.br\/luciene-cavalcante-psol-sofre-ameacas-de-morte-antes-de-assumir-como-deputada-federal\/","og_locale":"pt_BR","og_type":"article","og_title":"Luciene Cavalcante (PSOL) sofre amea\u00e7as de morte antes de assumir como deputada federal","og_description":"Parlamentar do PSOL acionou o Minist\u00e9rio P\u00fablico Federal (MPF) e registrou boletim de ocorr\u00eancia na Pol\u00edcia Civil.","og_url":"https:\/\/psol50.org.br\/luciene-cavalcante-psol-sofre-ameacas-de-morte-antes-de-assumir-como-deputada-federal\/","og_site_name":"PSOL 50","article_publisher":"https:\/\/www.facebook.com\/psol50","article_published_time":"2023-01-12T16:17:28+00:00","article_modified_time":"2023-01-20T18:52:44+00:00","og_image":[{"width":1024,"height":682,"url":"https:\/\/psol50.org.br\/inc\/uploads\/2023\/01\/1708-Convoca1-1-1024x682-1.jpg","type":"image\/jpeg"}],"author":"Comunica\u00e7\u00e3o PSOL","twitter_card":"summary_large_image","twitter_creator":"@psol50","twitter_site":"@psol50","twitter_misc":{"Escrito por":"Comunica\u00e7\u00e3o PSOL","Est. tempo de leitura":"2 minutos"},"schema":{"@context":"https:\/\/schema.org","@graph":[{"@type":"Article","@id":"https:\/\/psol50.org.br\/luciene-cavalcante-psol-sofre-ameacas-de-morte-antes-de-assumir-como-deputada-federal\/#article","isPartOf":{"@id":"https:\/\/psol50.org.br\/luciene-cavalcante-psol-sofre-ameacas-de-morte-antes-de-assumir-como-deputada-federal\/"},"author":{"name":"Comunica\u00e7\u00e3o PSOL","@id":"https:\/\/psol50.org.br\/#\/schema\/person\/475dfa57d0b815993c714c2e96491fcd"},"headline":"Luciene Cavalcante (PSOL) sofre amea\u00e7as de morte antes de assumir como deputada federal","datePublished":"2023-01-12T16:17:28+00:00","dateModified":"2023-01-20T18:52:44+00:00","mainEntityOfPage":{"@id":"https:\/\/psol50.org.br\/luciene-cavalcante-psol-sofre-ameacas-de-morte-antes-de-assumir-como-deputada-federal\/"},"wordCount":333,"commentCount":0,"publisher":{"@id":"https:\/\/psol50.org.br\/#organization"},"image":{"@id":"https:\/\/psol50.org.br\/luciene-cavalcante-psol-sofre-ameacas-de-morte-antes-de-assumir-como-deputada-federal\/#primaryimage"},"thumbnailUrl":"https:\/\/psol50.org.br\/inc\/uploads\/2023\/01\/1708-Convoca1-1-1024x682-1.jpg","keywords":["Not\u00edcias"],"articleSection":["Partido"],"inLanguage":"pt-BR","potentialAction":[{"@type":"CommentAction","name":"Comment","target":["https:\/\/psol50.org.br\/luciene-cavalcante-psol-sofre-ameacas-de-morte-antes-de-assumir-como-deputada-federal\/#respond"]}]},{"@type":"WebPage","@id":"https:\/\/psol50.org.br\/luciene-cavalcante-psol-sofre-ameacas-de-morte-antes-de-assumir-como-deputada-federal\/","url":"https:\/\/psol50.org.br\/luciene-cavalcante-psol-sofre-ameacas-de-morte-antes-de-assumir-como-deputada-federal\/","name":"Luciene Cavalcante (PSOL) sofre amea\u00e7as de morte antes de assumir como deputada federal","isPartOf":{"@id":"https:\/\/psol50.org.br\/#website"},"primaryImageOfPage":{"@id":"https:\/\/psol50.org.br\/luciene-cavalcante-psol-sofre-ameacas-de-morte-antes-de-assumir-como-deputada-federal\/#primaryimage"},"image":{"@id":"https:\/\/psol50.org.br\/luciene-cavalcante-psol-sofre-ameacas-de-morte-antes-de-assumir-como-deputada-federal\/#primaryimage"},"thumbnailUrl":"https:\/\/psol50.org.br\/inc\/uploads\/2023\/01\/1708-Convoca1-1-1024x682-1.jpg","datePublished":"2023-01-12T16:17:28+00:00","dateModified":"2023-01-20T18:52:44+00:00","description":"Parlamentar do PSOL acionou o Minist\u00e9rio P\u00fablico Federal (MPF) e registrou boletim de ocorr\u00eancia na Pol\u00edcia Civil.","breadcrumb":{"@id":"https:\/\/psol50.org.br\/luciene-cavalcante-psol-sofre-ameacas-de-morte-antes-de-assumir-como-deputada-federal\/#breadcrumb"},"inLanguage":"pt-BR","potentialAction":[{"@type":"ReadAction","target":["https:\/\/psol50.org.br\/luciene-cavalcante-psol-sofre-ameacas-de-morte-antes-de-assumir-como-deputada-federal\/"]}]},{"@type":"ImageObject","inLanguage":"pt-BR","@id":"https:\/\/psol50.org.br\/luciene-cavalcante-psol-sofre-ameacas-de-morte-antes-de-assumir-como-deputada-federal\/#primaryimage","url":"https:\/\/psol50.org.br\/inc\/uploads\/2023\/01\/1708-Convoca1-1-1024x682-1.jpg","contentUrl":"https:\/\/psol50.org.br\/inc\/uploads\/2023\/01\/1708-Convoca1-1-1024x682-1.jpg","width":1024,"height":682,"caption":"Foto: Reprodu\u00e7\u00e3o"},{"@type":"BreadcrumbList","@id":"https:\/\/psol50.org.br\/luciene-cavalcante-psol-sofre-ameacas-de-morte-antes-de-assumir-como-deputada-federal\/#breadcrumb","itemListElement":[{"@type":"ListItem","position":1,"name":"In\u00edcio","item":"https:\/\/psol50.org.br\/"},{"@type":"ListItem","position":2,"name":"Luciene Cavalcante (PSOL) sofre amea\u00e7as de morte antes de assumir como deputada federal"}]},{"@type":"WebSite","@id":"https:\/\/psol50.org.br\/#website","url":"https:\/\/psol50.org.br\/","name":"PSOL 50","description":"Site oficial do Partido Socialismo e Liberdade","publisher":{"@id":"https:\/\/psol50.org.br\/#organization"},"alternateName":"PSOL50","potentialAction":[{"@type":"SearchAction","target":{"@type":"EntryPoint","urlTemplate":"https:\/\/psol50.org.br\/?s={search_term_string}"},"query-input":{"@type":"PropertyValueSpecification","valueRequired":true,"valueName":"search_term_string"}}],"inLanguage":"pt-BR"},{"@type":"Organization","@id":"https:\/\/psol50.org.br\/#organization","name":"PSOL 50","alternateName":"PSOL 50","url":"https:\/\/psol50.org.br\/","logo":{"@type":"ImageObject","inLanguage":"pt-BR","@id":"https:\/\/psol50.org.br\/#\/schema\/logo\/image\/","url":"https:\/\/psol50.org.br\/inc\/uploads\/2018\/07\/capa.png","contentUrl":"https:\/\/psol50.org.br\/inc\/uploads\/2018\/07\/capa.png","width":1350,"height":900,"caption":"PSOL 50"},"image":{"@id":"https:\/\/psol50.org.br\/#\/schema\/logo\/image\/"},"sameAs":["https:\/\/www.facebook.com\/psol50","https:\/\/x.com\/psol50","https:\/\/www.instagram.com\/psol50\/","https:\/\/www.youtube.com\/channel\/UC7SnJS5o1os7a6CaiNabzcg"]},{"@type":"Person","@id":"https:\/\/psol50.org.br\/#\/schema\/person\/475dfa57d0b815993c714c2e96491fcd","name":"Comunica\u00e7\u00e3o PSOL","image":{"@type":"ImageObject","inLanguage":"pt-BR","@id":"https:\/\/psol50.org.br\/#\/schema\/person\/image\/","url":"https:\/\/secure.gravatar.com\/avatar\/b34fc4f4e468a4e51785917065a3db57b841f5c95dba6ad8c73aaf8f66f8f9bf?s=96&d=mm&r=g","contentUrl":"https:\/\/secure.gravatar.com\/avatar\/b34fc4f4e468a4e51785917065a3db57b841f5c95dba6ad8c73aaf8f66f8f9bf?s=96&d=mm&r=g","caption":"Comunica\u00e7\u00e3o PSOL"}}]}},"_links":{"self":[{"href":"https:\/\/psol50.org.br\/rest\/wp\/v2\/posts\/36776","targetHints":{"allow":["GET"]}}],"collection":[{"href":"https:\/\/psol50.org.br\/rest\/wp\/v2\/posts"}],"about":[{"href":"https:\/\/psol50.org.br\/rest\/wp\/v2\/types\/post"}],"author":[{"embeddable":true,"href":"https:\/\/psol50.org.br\/rest\/wp\/v2\/users\/2"}],"replies":[{"embeddable":true,"href":"https:\/\/psol50.org.br\/rest\/wp\/v2\/comments?post=36776"}],"version-history":[{"count":4,"href":"https:\/\/psol50.org.br\/rest\/wp\/v2\/posts\/36776\/revisions"}],"predecessor-version":[{"id":36781,"href":"https:\/\/psol50.org.br\/rest\/wp\/v2\/posts\/36776\/revisions\/36781"}],"wp:featuredmedia":[{"embeddable":true,"href":"https:\/\/psol50.org.br\/rest\/wp\/v2\/media\/36779"}],"wp:attachment":[{"href":"https:\/\/psol50.org.br\/rest\/wp\/v2\/media?parent=36776"}],"wp:term":[{"taxonomy":"category","embeddable":true,"href":"https:\/\/psol50.org.br\/rest\/wp\/v2\/categories?post=36776"},{"taxonomy":"post_tag","embeddable":true,"href":"https:\/\/psol50.org.br\/rest\/wp\/v2\/tags?post=36776"}],"curies":[{"name":"wp","href":"https:\/\/api.w.org\/{rel}","templated":true}]}}