{"id":36782,"date":"2023-01-12T16:52:54","date_gmt":"2023-01-12T19:52:54","guid":{"rendered":"https:\/\/psol50.org.br\/?p=36782"},"modified":"2023-01-20T11:11:34","modified_gmt":"2023-01-20T14:11:34","slug":"apos-acao-do-psol-pgr-abre-inquerito-contra-tres-deputados-bolsonaristas","status":"publish","type":"post","link":"https:\/\/psol50.org.br\/apos-acao-do-psol-pgr-abre-inquerito-contra-tres-deputados-bolsonaristas\/","title":{"rendered":"Ap\u00f3s a\u00e7\u00e3o do PSOL, PGR abre inqu\u00e9rito contra tr\u00eas deputados bolsonaristas"},"content":{"rendered":"<p>O procurador-geral da Rep\u00fablica, Augusto Aras, abriu\u00a0inqu\u00e9rito contra tr\u00eas deputados\u00a0bolsonaristas que promoveram e incitaram os atos antidemocr\u00e1ticos do \u00faltimo domingo (8) em Bras\u00edlia. Os alvos da decis\u00e3o s\u00e3o os deputados estaduais Andr\u00e9 Fernandes (PL-CE) e Clarissa T\u00e9rcio (PP-PE) e a deputada federal Silvia\u00a0Wai\u00e3pi\u00a0(PL-AP).<\/p>\n<p>O Minist\u00e9rio P\u00fablico Federal apurou que os tr\u00eas incentivaram os atos golpistas por meio de \u00e1udios, v\u00eddeos e reuni\u00f5es. O inqu\u00e9rito ser\u00e1 encaminhado ao\u00a0Supremo Tribunal Federal (STF).<\/p>\n<p>A decis\u00e3o acontece em resposta a a\u00e7\u00f5es do PSOL e do PT que pediram abertura de inqu\u00e9rito no STF contra parlamentares que\u00a0participaram ou incentivaram atos antidemocr\u00e1ticos e\u00a0golpistas.<\/p>\n<p><strong>Saiba mais: <a href=\"https:\/\/psol50.org.br\/psol-pede-inclusao-de-parlamentares-bolsonaristas-que-incitaram-golpe-em-inquerito-no-stf\/\" target=\"_blank\" rel=\"noopener\">PSOL pede inclus\u00e3o de parlamentares bolsonaristas que incitaram golpe em inqu\u00e9rito no STF<\/a><\/strong><\/p>\n<p>Al\u00e9m dos tr\u00eas, o PSOL pediu abertura de inqu\u00e9rito contra o senador Magno Malta (PL\/ES), os deputados federais Ricardo Barros (PP\/PR), Carlos Jordy (PL\/RJ), Jos\u00e9 Medeiros (PL\/MT) e Coronel Tadeu (PL\/SP), al\u00e9m dos deputados estaduais J\u00fanior T\u00e9rcio (PP\/PE), Sargento Rodrigues (PL\/MG) e Ana Compagnolo (PL\/SC).<\/p>\n","protected":false},"excerpt":{"rendered":"<p>O procurador-geral da Rep\u00fablica, Augusto Aras, abriu\u00a0inqu\u00e9rito contra tr\u00eas deputados\u00a0bolsonaristas que promoveram e incitaram os atos antidemocr\u00e1ticos do \u00faltimo domingo (8) em Bras\u00edlia. Os alvos da decis\u00e3o s\u00e3o os deputados estaduais Andr\u00e9 Fernandes (PL-CE) e Clarissa T\u00e9rcio (PP-PE) e a deputada federal Silvia\u00a0Wai\u00e3pi\u00a0(PL-AP). O Minist\u00e9rio P\u00fablico Federal apurou que os tr\u00eas incentivaram os atos golpistas [&hellip;]<\/p>\n","protected":false},"author":2,"featured_media":36785,"comment_status":"open","ping_status":"open","sticky":false,"template":"","format":"standard","meta":{"_acf_changed":false,"footnotes":""},"categories":[10],"tags":[4825],"class_list":{"0":"post-36782","1":"post","2":"type-post","3":"status-publish","4":"format-standard","5":"has-post-thumbnail","7":"category-acao-parlamentares","8":"tag-noticias"},"acf":[],"yoast_head":"<!-- This site is optimized with the Yoast SEO plugin v26.5 - https:\/\/yoast.com\/wordpress\/plugins\/seo\/ -->\n<title>Ap\u00f3s a\u00e7\u00e3o do PSOL, PGR abre inqu\u00e9rito contra tr\u00eas deputados bolsonaristas<\/title>\n<meta name=\"description\" content=\"Parlamentares incentivaram e promoveram os atos golpistas do \u00faltimo domingo em Bras\u00edlia (DF).\" \/>\n<meta name=\"robots\" content=\"index, follow, max-snippet:-1, max-image-preview:large, max-video-preview:-1\" \/>\n<link rel=\"canonical\" href=\"https:\/\/psol50.org.br\/apos-acao-do-psol-pgr-abre-inquerito-contra-tres-deputados-bolsonaristas\/\" \/>\n<meta property=\"og:locale\" content=\"pt_BR\" \/>\n<meta property=\"og:type\" content=\"article\" \/>\n<meta property=\"og:title\" content=\"Ap\u00f3s a\u00e7\u00e3o do PSOL, PGR abre inqu\u00e9rito contra tr\u00eas deputados bolsonaristas\" \/>\n<meta property=\"og:description\" content=\"Parlamentares incentivaram e promoveram os atos golpistas do \u00faltimo domingo em Bras\u00edlia (DF).\" \/>\n<meta property=\"og:url\" content=\"https:\/\/psol50.org.br\/apos-acao-do-psol-pgr-abre-inquerito-contra-tres-deputados-bolsonaristas\/\" \/>\n<meta property=\"og:site_name\" content=\"PSOL 50\" \/>\n<meta property=\"article:publisher\" content=\"https:\/\/www.facebook.com\/psol50\" \/>\n<meta property=\"article:published_time\" content=\"2023-01-12T19:52:54+00:00\" \/>\n<meta property=\"article:modified_time\" content=\"2023-01-20T14:11:34+00:00\" \/>\n<meta property=\"og:image\" content=\"https:\/\/psol50.org.br\/inc\/uploads\/2023\/01\/Captura-de-Tela-2023-01-12-as-16.52.06-1024x576.png\" \/>\n\t<meta property=\"og:image:width\" content=\"1024\" \/>\n\t<meta property=\"og:image:height\" content=\"576\" \/>\n\t<meta property=\"og:image:type\" content=\"image\/png\" \/>\n<meta name=\"author\" content=\"Comunica\u00e7\u00e3o PSOL\" \/>\n<meta name=\"twitter:card\" content=\"summary_large_image\" \/>\n<meta name=\"twitter:creator\" content=\"@psol50\" \/>\n<meta name=\"twitter:site\" content=\"@psol50\" \/>\n<meta name=\"twitter:label1\" content=\"Escrito por\" \/>\n\t<meta name=\"twitter:data1\" content=\"Comunica\u00e7\u00e3o PSOL\" \/>\n\t<meta name=\"twitter:label2\" content=\"Est. tempo de leitura\" \/>\n\t<meta name=\"twitter:data2\" content=\"1 minuto\" \/>\n<script type=\"application\/ld+json\" class=\"yoast-schema-graph\">{\"@context\":\"https:\/\/schema.org\",\"@graph\":[{\"@type\":\"Article\",\"@id\":\"https:\/\/psol50.org.br\/apos-acao-do-psol-pgr-abre-inquerito-contra-tres-deputados-bolsonaristas\/#article\",\"isPartOf\":{\"@id\":\"https:\/\/psol50.org.br\/apos-acao-do-psol-pgr-abre-inquerito-contra-tres-deputados-bolsonaristas\/\"},\"author\":{\"name\":\"Comunica\u00e7\u00e3o PSOL\",\"@id\":\"https:\/\/psol50.org.br\/#\/schema\/person\/475dfa57d0b815993c714c2e96491fcd\"},\"headline\":\"Ap\u00f3s a\u00e7\u00e3o do PSOL, PGR abre inqu\u00e9rito contra tr\u00eas deputados bolsonaristas\",\"datePublished\":\"2023-01-12T19:52:54+00:00\",\"dateModified\":\"2023-01-20T14:11:34+00:00\",\"mainEntityOfPage\":{\"@id\":\"https:\/\/psol50.org.br\/apos-acao-do-psol-pgr-abre-inquerito-contra-tres-deputados-bolsonaristas\/\"},\"wordCount\":213,\"commentCount\":0,\"publisher\":{\"@id\":\"https:\/\/psol50.org.br\/#organization\"},\"image\":{\"@id\":\"https:\/\/psol50.org.br\/apos-acao-do-psol-pgr-abre-inquerito-contra-tres-deputados-bolsonaristas\/#primaryimage\"},\"thumbnailUrl\":\"https:\/\/psol50.org.br\/inc\/uploads\/2023\/01\/Captura-de-Tela-2023-01-12-as-16.52.06.png\",\"keywords\":[\"Not\u00edcias\"],\"articleSection\":[\"A\u00e7\u00e3o Parlamentar\"],\"inLanguage\":\"pt-BR\",\"potentialAction\":[{\"@type\":\"CommentAction\",\"name\":\"Comment\",\"target\":[\"https:\/\/psol50.org.br\/apos-acao-do-psol-pgr-abre-inquerito-contra-tres-deputados-bolsonaristas\/#respond\"]}]},{\"@type\":\"WebPage\",\"@id\":\"https:\/\/psol50.org.br\/apos-acao-do-psol-pgr-abre-inquerito-contra-tres-deputados-bolsonaristas\/\",\"url\":\"https:\/\/psol50.org.br\/apos-acao-do-psol-pgr-abre-inquerito-contra-tres-deputados-bolsonaristas\/\",\"name\":\"Ap\u00f3s a\u00e7\u00e3o do PSOL, PGR abre inqu\u00e9rito contra tr\u00eas deputados bolsonaristas\",\"isPartOf\":{\"@id\":\"https:\/\/psol50.org.br\/#website\"},\"primaryImageOfPage\":{\"@id\":\"https:\/\/psol50.org.br\/apos-acao-do-psol-pgr-abre-inquerito-contra-tres-deputados-bolsonaristas\/#primaryimage\"},\"image\":{\"@id\":\"https:\/\/psol50.org.br\/apos-acao-do-psol-pgr-abre-inquerito-contra-tres-deputados-bolsonaristas\/#primaryimage\"},\"thumbnailUrl\":\"https:\/\/psol50.org.br\/inc\/uploads\/2023\/01\/Captura-de-Tela-2023-01-12-as-16.52.06.png\",\"datePublished\":\"2023-01-12T19:52:54+00:00\",\"dateModified\":\"2023-01-20T14:11:34+00:00\",\"description\":\"Parlamentares incentivaram e promoveram os atos golpistas do \u00faltimo domingo em Bras\u00edlia (DF).\",\"breadcrumb\":{\"@id\":\"https:\/\/psol50.org.br\/apos-acao-do-psol-pgr-abre-inquerito-contra-tres-deputados-bolsonaristas\/#breadcrumb\"},\"inLanguage\":\"pt-BR\",\"potentialAction\":[{\"@type\":\"ReadAction\",\"target\":[\"https:\/\/psol50.org.br\/apos-acao-do-psol-pgr-abre-inquerito-contra-tres-deputados-bolsonaristas\/\"]}]},{\"@type\":\"ImageObject\",\"inLanguage\":\"pt-BR\",\"@id\":\"https:\/\/psol50.org.br\/apos-acao-do-psol-pgr-abre-inquerito-contra-tres-deputados-bolsonaristas\/#primaryimage\",\"url\":\"https:\/\/psol50.org.br\/inc\/uploads\/2023\/01\/Captura-de-Tela-2023-01-12-as-16.52.06.png\",\"contentUrl\":\"https:\/\/psol50.org.br\/inc\/uploads\/2023\/01\/Captura-de-Tela-2023-01-12-as-16.52.06.png\",\"width\":1626,\"height\":914,\"caption\":\"Fotos: Reprodu\u00e7\u00e3o\"},{\"@type\":\"BreadcrumbList\",\"@id\":\"https:\/\/psol50.org.br\/apos-acao-do-psol-pgr-abre-inquerito-contra-tres-deputados-bolsonaristas\/#breadcrumb\",\"itemListElement\":[{\"@type\":\"ListItem\",\"position\":1,\"name\":\"In\u00edcio\",\"item\":\"https:\/\/psol50.org.br\/\"},{\"@type\":\"ListItem\",\"position\":2,\"name\":\"Ap\u00f3s a\u00e7\u00e3o do PSOL, PGR abre inqu\u00e9rito contra tr\u00eas deputados bolsonaristas\"}]},{\"@type\":\"WebSite\",\"@id\":\"https:\/\/psol50.org.br\/#website\",\"url\":\"https:\/\/psol50.org.br\/\",\"name\":\"PSOL 50\",\"description\":\"Site oficial do Partido Socialismo e Liberdade\",\"publisher\":{\"@id\":\"https:\/\/psol50.org.br\/#organization\"},\"alternateName\":\"PSOL50\",\"potentialAction\":[{\"@type\":\"SearchAction\",\"target\":{\"@type\":\"EntryPoint\",\"urlTemplate\":\"https:\/\/psol50.org.br\/?s={search_term_string}\"},\"query-input\":{\"@type\":\"PropertyValueSpecification\",\"valueRequired\":true,\"valueName\":\"search_term_string\"}}],\"inLanguage\":\"pt-BR\"},{\"@type\":\"Organization\",\"@id\":\"https:\/\/psol50.org.br\/#organization\",\"name\":\"PSOL 50\",\"alternateName\":\"PSOL 50\",\"url\":\"https:\/\/psol50.org.br\/\",\"logo\":{\"@type\":\"ImageObject\",\"inLanguage\":\"pt-BR\",\"@id\":\"https:\/\/psol50.org.br\/#\/schema\/logo\/image\/\",\"url\":\"https:\/\/psol50.org.br\/inc\/uploads\/2018\/07\/capa.png\",\"contentUrl\":\"https:\/\/psol50.org.br\/inc\/uploads\/2018\/07\/capa.png\",\"width\":1350,\"height\":900,\"caption\":\"PSOL 50\"},\"image\":{\"@id\":\"https:\/\/psol50.org.br\/#\/schema\/logo\/image\/\"},\"sameAs\":[\"https:\/\/www.facebook.com\/psol50\",\"https:\/\/x.com\/psol50\",\"https:\/\/www.instagram.com\/psol50\/\",\"https:\/\/www.youtube.com\/channel\/UC7SnJS5o1os7a6CaiNabzcg\"]},{\"@type\":\"Person\",\"@id\":\"https:\/\/psol50.org.br\/#\/schema\/person\/475dfa57d0b815993c714c2e96491fcd\",\"name\":\"Comunica\u00e7\u00e3o PSOL\",\"image\":{\"@type\":\"ImageObject\",\"inLanguage\":\"pt-BR\",\"@id\":\"https:\/\/psol50.org.br\/#\/schema\/person\/image\/\",\"url\":\"https:\/\/secure.gravatar.com\/avatar\/b34fc4f4e468a4e51785917065a3db57b841f5c95dba6ad8c73aaf8f66f8f9bf?s=96&d=mm&r=g\",\"contentUrl\":\"https:\/\/secure.gravatar.com\/avatar\/b34fc4f4e468a4e51785917065a3db57b841f5c95dba6ad8c73aaf8f66f8f9bf?s=96&d=mm&r=g\",\"caption\":\"Comunica\u00e7\u00e3o PSOL\"}}]}<\/script>\n<!-- \/ Yoast SEO plugin. -->","yoast_head_json":{"title":"Ap\u00f3s a\u00e7\u00e3o do PSOL, PGR abre inqu\u00e9rito contra tr\u00eas deputados bolsonaristas","description":"Parlamentares incentivaram e promoveram os atos golpistas do \u00faltimo domingo em Bras\u00edlia (DF).","robots":{"index":"index","follow":"follow","max-snippet":"max-snippet:-1","max-image-preview":"max-image-preview:large","max-video-preview":"max-video-preview:-1"},"canonical":"https:\/\/psol50.org.br\/apos-acao-do-psol-pgr-abre-inquerito-contra-tres-deputados-bolsonaristas\/","og_locale":"pt_BR","og_type":"article","og_title":"Ap\u00f3s a\u00e7\u00e3o do PSOL, PGR abre inqu\u00e9rito contra tr\u00eas deputados bolsonaristas","og_description":"Parlamentares incentivaram e promoveram os atos golpistas do \u00faltimo domingo em Bras\u00edlia (DF).","og_url":"https:\/\/psol50.org.br\/apos-acao-do-psol-pgr-abre-inquerito-contra-tres-deputados-bolsonaristas\/","og_site_name":"PSOL 50","article_publisher":"https:\/\/www.facebook.com\/psol50","article_published_time":"2023-01-12T19:52:54+00:00","article_modified_time":"2023-01-20T14:11:34+00:00","og_image":[{"width":1024,"height":576,"url":"https:\/\/psol50.org.br\/inc\/uploads\/2023\/01\/Captura-de-Tela-2023-01-12-as-16.52.06-1024x576.png","type":"image\/png"}],"author":"Comunica\u00e7\u00e3o PSOL","twitter_card":"summary_large_image","twitter_creator":"@psol50","twitter_site":"@psol50","twitter_misc":{"Escrito por":"Comunica\u00e7\u00e3o PSOL","Est. tempo de leitura":"1 minuto"},"schema":{"@context":"https:\/\/schema.org","@graph":[{"@type":"Article","@id":"https:\/\/psol50.org.br\/apos-acao-do-psol-pgr-abre-inquerito-contra-tres-deputados-bolsonaristas\/#article","isPartOf":{"@id":"https:\/\/psol50.org.br\/apos-acao-do-psol-pgr-abre-inquerito-contra-tres-deputados-bolsonaristas\/"},"author":{"name":"Comunica\u00e7\u00e3o PSOL","@id":"https:\/\/psol50.org.br\/#\/schema\/person\/475dfa57d0b815993c714c2e96491fcd"},"headline":"Ap\u00f3s a\u00e7\u00e3o do PSOL, PGR abre inqu\u00e9rito contra tr\u00eas deputados bolsonaristas","datePublished":"2023-01-12T19:52:54+00:00","dateModified":"2023-01-20T14:11:34+00:00","mainEntityOfPage":{"@id":"https:\/\/psol50.org.br\/apos-acao-do-psol-pgr-abre-inquerito-contra-tres-deputados-bolsonaristas\/"},"wordCount":213,"commentCount":0,"publisher":{"@id":"https:\/\/psol50.org.br\/#organization"},"image":{"@id":"https:\/\/psol50.org.br\/apos-acao-do-psol-pgr-abre-inquerito-contra-tres-deputados-bolsonaristas\/#primaryimage"},"thumbnailUrl":"https:\/\/psol50.org.br\/inc\/uploads\/2023\/01\/Captura-de-Tela-2023-01-12-as-16.52.06.png","keywords":["Not\u00edcias"],"articleSection":["A\u00e7\u00e3o Parlamentar"],"inLanguage":"pt-BR","potentialAction":[{"@type":"CommentAction","name":"Comment","target":["https:\/\/psol50.org.br\/apos-acao-do-psol-pgr-abre-inquerito-contra-tres-deputados-bolsonaristas\/#respond"]}]},{"@type":"WebPage","@id":"https:\/\/psol50.org.br\/apos-acao-do-psol-pgr-abre-inquerito-contra-tres-deputados-bolsonaristas\/","url":"https:\/\/psol50.org.br\/apos-acao-do-psol-pgr-abre-inquerito-contra-tres-deputados-bolsonaristas\/","name":"Ap\u00f3s a\u00e7\u00e3o do PSOL, PGR abre inqu\u00e9rito contra tr\u00eas deputados bolsonaristas","isPartOf":{"@id":"https:\/\/psol50.org.br\/#website"},"primaryImageOfPage":{"@id":"https:\/\/psol50.org.br\/apos-acao-do-psol-pgr-abre-inquerito-contra-tres-deputados-bolsonaristas\/#primaryimage"},"image":{"@id":"https:\/\/psol50.org.br\/apos-acao-do-psol-pgr-abre-inquerito-contra-tres-deputados-bolsonaristas\/#primaryimage"},"thumbnailUrl":"https:\/\/psol50.org.br\/inc\/uploads\/2023\/01\/Captura-de-Tela-2023-01-12-as-16.52.06.png","datePublished":"2023-01-12T19:52:54+00:00","dateModified":"2023-01-20T14:11:34+00:00","description":"Parlamentares incentivaram e promoveram os atos golpistas do \u00faltimo domingo em Bras\u00edlia (DF).","breadcrumb":{"@id":"https:\/\/psol50.org.br\/apos-acao-do-psol-pgr-abre-inquerito-contra-tres-deputados-bolsonaristas\/#breadcrumb"},"inLanguage":"pt-BR","potentialAction":[{"@type":"ReadAction","target":["https:\/\/psol50.org.br\/apos-acao-do-psol-pgr-abre-inquerito-contra-tres-deputados-bolsonaristas\/"]}]},{"@type":"ImageObject","inLanguage":"pt-BR","@id":"https:\/\/psol50.org.br\/apos-acao-do-psol-pgr-abre-inquerito-contra-tres-deputados-bolsonaristas\/#primaryimage","url":"https:\/\/psol50.org.br\/inc\/uploads\/2023\/01\/Captura-de-Tela-2023-01-12-as-16.52.06.png","contentUrl":"https:\/\/psol50.org.br\/inc\/uploads\/2023\/01\/Captura-de-Tela-2023-01-12-as-16.52.06.png","width":1626,"height":914,"caption":"Fotos: Reprodu\u00e7\u00e3o"},{"@type":"BreadcrumbList","@id":"https:\/\/psol50.org.br\/apos-acao-do-psol-pgr-abre-inquerito-contra-tres-deputados-bolsonaristas\/#breadcrumb","itemListElement":[{"@type":"ListItem","position":1,"name":"In\u00edcio","item":"https:\/\/psol50.org.br\/"},{"@type":"ListItem","position":2,"name":"Ap\u00f3s a\u00e7\u00e3o do PSOL, PGR abre inqu\u00e9rito contra tr\u00eas deputados bolsonaristas"}]},{"@type":"WebSite","@id":"https:\/\/psol50.org.br\/#website","url":"https:\/\/psol50.org.br\/","name":"PSOL 50","description":"Site oficial do Partido Socialismo e Liberdade","publisher":{"@id":"https:\/\/psol50.org.br\/#organization"},"alternateName":"PSOL50","potentialAction":[{"@type":"SearchAction","target":{"@type":"EntryPoint","urlTemplate":"https:\/\/psol50.org.br\/?s={search_term_string}"},"query-input":{"@type":"PropertyValueSpecification","valueRequired":true,"valueName":"search_term_string"}}],"inLanguage":"pt-BR"},{"@type":"Organization","@id":"https:\/\/psol50.org.br\/#organization","name":"PSOL 50","alternateName":"PSOL 50","url":"https:\/\/psol50.org.br\/","logo":{"@type":"ImageObject","inLanguage":"pt-BR","@id":"https:\/\/psol50.org.br\/#\/schema\/logo\/image\/","url":"https:\/\/psol50.org.br\/inc\/uploads\/2018\/07\/capa.png","contentUrl":"https:\/\/psol50.org.br\/inc\/uploads\/2018\/07\/capa.png","width":1350,"height":900,"caption":"PSOL 50"},"image":{"@id":"https:\/\/psol50.org.br\/#\/schema\/logo\/image\/"},"sameAs":["https:\/\/www.facebook.com\/psol50","https:\/\/x.com\/psol50","https:\/\/www.instagram.com\/psol50\/","https:\/\/www.youtube.com\/channel\/UC7SnJS5o1os7a6CaiNabzcg"]},{"@type":"Person","@id":"https:\/\/psol50.org.br\/#\/schema\/person\/475dfa57d0b815993c714c2e96491fcd","name":"Comunica\u00e7\u00e3o PSOL","image":{"@type":"ImageObject","inLanguage":"pt-BR","@id":"https:\/\/psol50.org.br\/#\/schema\/person\/image\/","url":"https:\/\/secure.gravatar.com\/avatar\/b34fc4f4e468a4e51785917065a3db57b841f5c95dba6ad8c73aaf8f66f8f9bf?s=96&d=mm&r=g","contentUrl":"https:\/\/secure.gravatar.com\/avatar\/b34fc4f4e468a4e51785917065a3db57b841f5c95dba6ad8c73aaf8f66f8f9bf?s=96&d=mm&r=g","caption":"Comunica\u00e7\u00e3o PSOL"}}]}},"_links":{"self":[{"href":"https:\/\/psol50.org.br\/rest\/wp\/v2\/posts\/36782","targetHints":{"allow":["GET"]}}],"collection":[{"href":"https:\/\/psol50.org.br\/rest\/wp\/v2\/posts"}],"about":[{"href":"https:\/\/psol50.org.br\/rest\/wp\/v2\/types\/post"}],"author":[{"embeddable":true,"href":"https:\/\/psol50.org.br\/rest\/wp\/v2\/users\/2"}],"replies":[{"embeddable":true,"href":"https:\/\/psol50.org.br\/rest\/wp\/v2\/comments?post=36782"}],"version-history":[{"count":2,"href":"https:\/\/psol50.org.br\/rest\/wp\/v2\/posts\/36782\/revisions"}],"predecessor-version":[{"id":36784,"href":"https:\/\/psol50.org.br\/rest\/wp\/v2\/posts\/36782\/revisions\/36784"}],"wp:featuredmedia":[{"embeddable":true,"href":"https:\/\/psol50.org.br\/rest\/wp\/v2\/media\/36785"}],"wp:attachment":[{"href":"https:\/\/psol50.org.br\/rest\/wp\/v2\/media?parent=36782"}],"wp:term":[{"taxonomy":"category","embeddable":true,"href":"https:\/\/psol50.org.br\/rest\/wp\/v2\/categories?post=36782"},{"taxonomy":"post_tag","embeddable":true,"href":"https:\/\/psol50.org.br\/rest\/wp\/v2\/tags?post=36782"}],"curies":[{"name":"wp","href":"https:\/\/api.w.org\/{rel}","templated":true}]}}