{"id":36805,"date":"2023-01-20T11:10:18","date_gmt":"2023-01-20T14:10:18","guid":{"rendered":"https:\/\/psol50.org.br\/?p=36805"},"modified":"2023-01-20T16:15:25","modified_gmt":"2023-01-20T19:15:25","slug":"livia-duarte-psol-vereadora-de-belem-pa-faz-bo-apos-ataques-bolsonaristas-nas-redes-sociais","status":"publish","type":"post","link":"https:\/\/psol50.org.br\/livia-duarte-psol-vereadora-de-belem-pa-faz-bo-apos-ataques-bolsonaristas-nas-redes-sociais\/","title":{"rendered":"L\u00edvia Duarte (PSOL), vereadora de Bel\u00e9m (PA), faz BO ap\u00f3s ataques bolsonaristas nas redes sociais"},"content":{"rendered":"<p>A vereadora de Bel\u00e9m (PA) e deputada estadual eleita L\u00edvia Duarte (PSOL) faz nesta sexta-feira (20) o registro de um boletim de ocorr\u00eancia na Delegacia de Crimes Virtuais de Bel\u00e9m contra perfis autores de mensagens amea\u00e7adoras e de ataques virtuais \u00e0s suas redes sociais.<\/p>\n<p>A parlamentar vem sendo alvo da ira de bolsonaristas desde que formalizou, junto \u00e0 Procuradoria da Rep\u00fablica (PGR) e ao Minist\u00e9rio P\u00fablico do Estado do Par\u00e1 (MPPA), o pedido de investiga\u00e7\u00e3o do influencer paraense David Mafra. Ele \u00e9 suspeito de participar da organiza\u00e7\u00e3o de atos terroristas por meio de grupos de Whatsapp, Telegram e outros.<\/p>\n<p>\u201cN\u00e3o estou sozinha. O mandato parlamentar \u00e9 uma constru\u00e7\u00e3o coletiva, da qual sou representante. N\u00e3o iremos recuar. A defesa da democracia para n\u00f3s \u00e9 inegoci\u00e1vel&#8221;, avisa L\u00edvia Duarte.<\/p>\n<p>\u201cQuem ataca o meu perfil nas redes sociais, ataca a coletividade que represento. A pol\u00edcia vai apurar quem s\u00e3o os autores e atribuir a cada um o devido enquadramento legal. Confio que a justi\u00e7a ser\u00e1 feita\u201d.<\/p>\n<p>A parlamentar recebeu a solidariedade de mais de 35 entidades organizadas do movimento social, que assinaram uma carta em conjunto em apoio \u00e0 parlamentar do PSOL. \u201cN\u00f3s, organiza\u00e7\u00f5es sociais da sociedade civil de diversos setores, viemos por meio desta nota, manifestar nosso apoio e solidariedade \u00e0 deputada estadual eleita L\u00edvia Duarte que, diante de sua atua\u00e7\u00e3o em defesa da democracia, vem sofrendo repres\u00e1lia e amea\u00e7as em suas redes sociais\u201d, inicia a carta.<\/p>\n<p>\u201cO Brasil viveu mais intensamente nos \u00faltimos quatro anos o incentivo ao \u00f3dio, deixando muitas marcas, dentre as principais: o uso da viol\u00eancia e de discursos fascistas. Mesmo ap\u00f3s a derrota de Bolsonaro, apoiadores do ex-presidente que n\u00e3o aceitam a vit\u00f3ria de Lula, continuam usando a estrat\u00e9gia de propagar mentiras e medos na popula\u00e7\u00e3o\u201d, aponta a carta ao mencionar a invas\u00e3o por radicais do Pal\u00e1cio do Planalto, Congresso Nacional e Supremo Tribunal Federal (STF) em Bras\u00edlia, no \u00faltimo dia 8.<\/p>\n<p>\u201cParabenizamos a atitude da parlamentar, que usa da autoridade que lhe foi atribu\u00edda pelo voto popular, para defender os interesses do povo diante daqueles que tentam destruir o pa\u00eds e sistema democr\u00e1tico. Estaremos de prontid\u00e3o, alertas e fortes, para que os envolvidos nos atos antidemocr\u00e1ticos sejam devidamente investigados e culpabilizados. Sem Anistia!\u201d, conclui a carta.<\/p>\n<p>A carta recebeu as ades\u00f5es da deputada federal Vivi Reis (PSOL), da vereadora Nazar\u00e9 Lima (PSOL), do mandato de verean\u00e7a de Bel\u00e9m da Bancada das Mulheres Amaz\u00f4nidas (PSOL) e da professora, historiadora e cr\u00edtica de cinema Luzia Miranda Alves, al\u00e9m de diversas entidades e movimentos sociais.<\/p>\n","protected":false},"excerpt":{"rendered":"<p>A vereadora de Bel\u00e9m (PA) e deputada estadual eleita L\u00edvia Duarte (PSOL) faz nesta sexta-feira (20) o registro de um boletim de ocorr\u00eancia na Delegacia de Crimes Virtuais de Bel\u00e9m contra perfis autores de mensagens amea\u00e7adoras e de ataques virtuais \u00e0s suas redes sociais. A parlamentar vem sendo alvo da ira de bolsonaristas desde que [&hellip;]<\/p>\n","protected":false},"author":2,"featured_media":36520,"comment_status":"open","ping_status":"open","sticky":false,"template":"","format":"standard","meta":{"_acf_changed":false,"footnotes":""},"categories":[654],"tags":[4825],"class_list":{"0":"post-36805","1":"post","2":"type-post","3":"status-publish","4":"format-standard","5":"has-post-thumbnail","7":"category-estados","8":"tag-noticias"},"acf":[],"yoast_head":"<!-- This site is optimized with the Yoast SEO plugin v26.5 - https:\/\/yoast.com\/wordpress\/plugins\/seo\/ -->\n<title>L\u00edvia Duarte (PSOL), vereadora de Bel\u00e9m (PA), faz BO ap\u00f3s ataques bolsonaristas nas redes sociais<\/title>\n<meta name=\"description\" content=\"A parlamentar vem sendo alvo de ataques desde que acionou a PGR e o MP pela investiga\u00e7\u00e3o do influencer paraense David Mafra.\" \/>\n<meta name=\"robots\" content=\"index, follow, max-snippet:-1, max-image-preview:large, max-video-preview:-1\" \/>\n<link rel=\"canonical\" href=\"https:\/\/psol50.org.br\/livia-duarte-psol-vereadora-de-belem-pa-faz-bo-apos-ataques-bolsonaristas-nas-redes-sociais\/\" \/>\n<meta property=\"og:locale\" content=\"pt_BR\" \/>\n<meta property=\"og:type\" content=\"article\" \/>\n<meta property=\"og:title\" content=\"L\u00edvia Duarte (PSOL), vereadora de Bel\u00e9m (PA), faz BO ap\u00f3s ataques bolsonaristas nas redes sociais\" \/>\n<meta property=\"og:description\" content=\"A parlamentar vem sendo alvo de ataques desde que acionou a PGR e o MP pela investiga\u00e7\u00e3o do influencer paraense David Mafra.\" \/>\n<meta property=\"og:url\" content=\"https:\/\/psol50.org.br\/livia-duarte-psol-vereadora-de-belem-pa-faz-bo-apos-ataques-bolsonaristas-nas-redes-sociais\/\" \/>\n<meta property=\"og:site_name\" content=\"PSOL 50\" \/>\n<meta property=\"article:publisher\" content=\"https:\/\/www.facebook.com\/psol50\" \/>\n<meta property=\"article:published_time\" content=\"2023-01-20T14:10:18+00:00\" \/>\n<meta property=\"article:modified_time\" content=\"2023-01-20T19:15:25+00:00\" \/>\n<meta property=\"og:image\" content=\"https:\/\/psol50.org.br\/inc\/uploads\/2022\/11\/2022-11-13-Livia-Duarte.jpeg\" \/>\n\t<meta property=\"og:image:width\" content=\"674\" \/>\n\t<meta property=\"og:image:height\" content=\"442\" \/>\n\t<meta property=\"og:image:type\" content=\"image\/jpeg\" \/>\n<meta name=\"author\" content=\"Comunica\u00e7\u00e3o PSOL\" \/>\n<meta name=\"twitter:card\" content=\"summary_large_image\" \/>\n<meta name=\"twitter:creator\" content=\"@psol50\" \/>\n<meta name=\"twitter:site\" content=\"@psol50\" \/>\n<meta name=\"twitter:label1\" content=\"Escrito por\" \/>\n\t<meta name=\"twitter:data1\" content=\"Comunica\u00e7\u00e3o PSOL\" \/>\n\t<meta name=\"twitter:label2\" content=\"Est. tempo de leitura\" \/>\n\t<meta name=\"twitter:data2\" content=\"2 minutos\" \/>\n<script type=\"application\/ld+json\" class=\"yoast-schema-graph\">{\"@context\":\"https:\/\/schema.org\",\"@graph\":[{\"@type\":\"Article\",\"@id\":\"https:\/\/psol50.org.br\/livia-duarte-psol-vereadora-de-belem-pa-faz-bo-apos-ataques-bolsonaristas-nas-redes-sociais\/#article\",\"isPartOf\":{\"@id\":\"https:\/\/psol50.org.br\/livia-duarte-psol-vereadora-de-belem-pa-faz-bo-apos-ataques-bolsonaristas-nas-redes-sociais\/\"},\"author\":{\"name\":\"Comunica\u00e7\u00e3o PSOL\",\"@id\":\"https:\/\/psol50.org.br\/#\/schema\/person\/475dfa57d0b815993c714c2e96491fcd\"},\"headline\":\"L\u00edvia Duarte (PSOL), vereadora de Bel\u00e9m (PA), faz BO ap\u00f3s ataques bolsonaristas nas redes sociais\",\"datePublished\":\"2023-01-20T14:10:18+00:00\",\"dateModified\":\"2023-01-20T19:15:25+00:00\",\"mainEntityOfPage\":{\"@id\":\"https:\/\/psol50.org.br\/livia-duarte-psol-vereadora-de-belem-pa-faz-bo-apos-ataques-bolsonaristas-nas-redes-sociais\/\"},\"wordCount\":470,\"commentCount\":0,\"publisher\":{\"@id\":\"https:\/\/psol50.org.br\/#organization\"},\"image\":{\"@id\":\"https:\/\/psol50.org.br\/livia-duarte-psol-vereadora-de-belem-pa-faz-bo-apos-ataques-bolsonaristas-nas-redes-sociais\/#primaryimage\"},\"thumbnailUrl\":\"https:\/\/psol50.org.br\/inc\/uploads\/2022\/11\/2022-11-13-Livia-Duarte.jpeg\",\"keywords\":[\"Not\u00edcias\"],\"articleSection\":[\"Estados\"],\"inLanguage\":\"pt-BR\",\"potentialAction\":[{\"@type\":\"CommentAction\",\"name\":\"Comment\",\"target\":[\"https:\/\/psol50.org.br\/livia-duarte-psol-vereadora-de-belem-pa-faz-bo-apos-ataques-bolsonaristas-nas-redes-sociais\/#respond\"]}]},{\"@type\":\"WebPage\",\"@id\":\"https:\/\/psol50.org.br\/livia-duarte-psol-vereadora-de-belem-pa-faz-bo-apos-ataques-bolsonaristas-nas-redes-sociais\/\",\"url\":\"https:\/\/psol50.org.br\/livia-duarte-psol-vereadora-de-belem-pa-faz-bo-apos-ataques-bolsonaristas-nas-redes-sociais\/\",\"name\":\"L\u00edvia Duarte (PSOL), vereadora de Bel\u00e9m (PA), faz BO ap\u00f3s ataques bolsonaristas nas redes sociais\",\"isPartOf\":{\"@id\":\"https:\/\/psol50.org.br\/#website\"},\"primaryImageOfPage\":{\"@id\":\"https:\/\/psol50.org.br\/livia-duarte-psol-vereadora-de-belem-pa-faz-bo-apos-ataques-bolsonaristas-nas-redes-sociais\/#primaryimage\"},\"image\":{\"@id\":\"https:\/\/psol50.org.br\/livia-duarte-psol-vereadora-de-belem-pa-faz-bo-apos-ataques-bolsonaristas-nas-redes-sociais\/#primaryimage\"},\"thumbnailUrl\":\"https:\/\/psol50.org.br\/inc\/uploads\/2022\/11\/2022-11-13-Livia-Duarte.jpeg\",\"datePublished\":\"2023-01-20T14:10:18+00:00\",\"dateModified\":\"2023-01-20T19:15:25+00:00\",\"description\":\"A parlamentar vem sendo alvo de ataques desde que acionou a PGR e o MP pela investiga\u00e7\u00e3o do influencer paraense David Mafra.\",\"breadcrumb\":{\"@id\":\"https:\/\/psol50.org.br\/livia-duarte-psol-vereadora-de-belem-pa-faz-bo-apos-ataques-bolsonaristas-nas-redes-sociais\/#breadcrumb\"},\"inLanguage\":\"pt-BR\",\"potentialAction\":[{\"@type\":\"ReadAction\",\"target\":[\"https:\/\/psol50.org.br\/livia-duarte-psol-vereadora-de-belem-pa-faz-bo-apos-ataques-bolsonaristas-nas-redes-sociais\/\"]}]},{\"@type\":\"ImageObject\",\"inLanguage\":\"pt-BR\",\"@id\":\"https:\/\/psol50.org.br\/livia-duarte-psol-vereadora-de-belem-pa-faz-bo-apos-ataques-bolsonaristas-nas-redes-sociais\/#primaryimage\",\"url\":\"https:\/\/psol50.org.br\/inc\/uploads\/2022\/11\/2022-11-13-Livia-Duarte.jpeg\",\"contentUrl\":\"https:\/\/psol50.org.br\/inc\/uploads\/2022\/11\/2022-11-13-Livia-Duarte.jpeg\",\"width\":674,\"height\":442},{\"@type\":\"BreadcrumbList\",\"@id\":\"https:\/\/psol50.org.br\/livia-duarte-psol-vereadora-de-belem-pa-faz-bo-apos-ataques-bolsonaristas-nas-redes-sociais\/#breadcrumb\",\"itemListElement\":[{\"@type\":\"ListItem\",\"position\":1,\"name\":\"In\u00edcio\",\"item\":\"https:\/\/psol50.org.br\/\"},{\"@type\":\"ListItem\",\"position\":2,\"name\":\"L\u00edvia Duarte (PSOL), vereadora de Bel\u00e9m (PA), faz BO ap\u00f3s ataques bolsonaristas nas redes sociais\"}]},{\"@type\":\"WebSite\",\"@id\":\"https:\/\/psol50.org.br\/#website\",\"url\":\"https:\/\/psol50.org.br\/\",\"name\":\"PSOL 50\",\"description\":\"Site oficial do Partido Socialismo e Liberdade\",\"publisher\":{\"@id\":\"https:\/\/psol50.org.br\/#organization\"},\"alternateName\":\"PSOL50\",\"potentialAction\":[{\"@type\":\"SearchAction\",\"target\":{\"@type\":\"EntryPoint\",\"urlTemplate\":\"https:\/\/psol50.org.br\/?s={search_term_string}\"},\"query-input\":{\"@type\":\"PropertyValueSpecification\",\"valueRequired\":true,\"valueName\":\"search_term_string\"}}],\"inLanguage\":\"pt-BR\"},{\"@type\":\"Organization\",\"@id\":\"https:\/\/psol50.org.br\/#organization\",\"name\":\"PSOL 50\",\"alternateName\":\"PSOL 50\",\"url\":\"https:\/\/psol50.org.br\/\",\"logo\":{\"@type\":\"ImageObject\",\"inLanguage\":\"pt-BR\",\"@id\":\"https:\/\/psol50.org.br\/#\/schema\/logo\/image\/\",\"url\":\"https:\/\/psol50.org.br\/inc\/uploads\/2018\/07\/capa.png\",\"contentUrl\":\"https:\/\/psol50.org.br\/inc\/uploads\/2018\/07\/capa.png\",\"width\":1350,\"height\":900,\"caption\":\"PSOL 50\"},\"image\":{\"@id\":\"https:\/\/psol50.org.br\/#\/schema\/logo\/image\/\"},\"sameAs\":[\"https:\/\/www.facebook.com\/psol50\",\"https:\/\/x.com\/psol50\",\"https:\/\/www.instagram.com\/psol50\/\",\"https:\/\/www.youtube.com\/channel\/UC7SnJS5o1os7a6CaiNabzcg\"]},{\"@type\":\"Person\",\"@id\":\"https:\/\/psol50.org.br\/#\/schema\/person\/475dfa57d0b815993c714c2e96491fcd\",\"name\":\"Comunica\u00e7\u00e3o PSOL\",\"image\":{\"@type\":\"ImageObject\",\"inLanguage\":\"pt-BR\",\"@id\":\"https:\/\/psol50.org.br\/#\/schema\/person\/image\/\",\"url\":\"https:\/\/secure.gravatar.com\/avatar\/b34fc4f4e468a4e51785917065a3db57b841f5c95dba6ad8c73aaf8f66f8f9bf?s=96&d=mm&r=g\",\"contentUrl\":\"https:\/\/secure.gravatar.com\/avatar\/b34fc4f4e468a4e51785917065a3db57b841f5c95dba6ad8c73aaf8f66f8f9bf?s=96&d=mm&r=g\",\"caption\":\"Comunica\u00e7\u00e3o PSOL\"}}]}<\/script>\n<!-- \/ Yoast SEO plugin. -->","yoast_head_json":{"title":"L\u00edvia Duarte (PSOL), vereadora de Bel\u00e9m (PA), faz BO ap\u00f3s ataques bolsonaristas nas redes sociais","description":"A parlamentar vem sendo alvo de ataques desde que acionou a PGR e o MP pela investiga\u00e7\u00e3o do influencer paraense David Mafra.","robots":{"index":"index","follow":"follow","max-snippet":"max-snippet:-1","max-image-preview":"max-image-preview:large","max-video-preview":"max-video-preview:-1"},"canonical":"https:\/\/psol50.org.br\/livia-duarte-psol-vereadora-de-belem-pa-faz-bo-apos-ataques-bolsonaristas-nas-redes-sociais\/","og_locale":"pt_BR","og_type":"article","og_title":"L\u00edvia Duarte (PSOL), vereadora de Bel\u00e9m (PA), faz BO ap\u00f3s ataques bolsonaristas nas redes sociais","og_description":"A parlamentar vem sendo alvo de ataques desde que acionou a PGR e o MP pela investiga\u00e7\u00e3o do influencer paraense David Mafra.","og_url":"https:\/\/psol50.org.br\/livia-duarte-psol-vereadora-de-belem-pa-faz-bo-apos-ataques-bolsonaristas-nas-redes-sociais\/","og_site_name":"PSOL 50","article_publisher":"https:\/\/www.facebook.com\/psol50","article_published_time":"2023-01-20T14:10:18+00:00","article_modified_time":"2023-01-20T19:15:25+00:00","og_image":[{"width":674,"height":442,"url":"https:\/\/psol50.org.br\/inc\/uploads\/2022\/11\/2022-11-13-Livia-Duarte.jpeg","type":"image\/jpeg"}],"author":"Comunica\u00e7\u00e3o PSOL","twitter_card":"summary_large_image","twitter_creator":"@psol50","twitter_site":"@psol50","twitter_misc":{"Escrito por":"Comunica\u00e7\u00e3o PSOL","Est. tempo de leitura":"2 minutos"},"schema":{"@context":"https:\/\/schema.org","@graph":[{"@type":"Article","@id":"https:\/\/psol50.org.br\/livia-duarte-psol-vereadora-de-belem-pa-faz-bo-apos-ataques-bolsonaristas-nas-redes-sociais\/#article","isPartOf":{"@id":"https:\/\/psol50.org.br\/livia-duarte-psol-vereadora-de-belem-pa-faz-bo-apos-ataques-bolsonaristas-nas-redes-sociais\/"},"author":{"name":"Comunica\u00e7\u00e3o PSOL","@id":"https:\/\/psol50.org.br\/#\/schema\/person\/475dfa57d0b815993c714c2e96491fcd"},"headline":"L\u00edvia Duarte (PSOL), vereadora de Bel\u00e9m (PA), faz BO ap\u00f3s ataques bolsonaristas nas redes sociais","datePublished":"2023-01-20T14:10:18+00:00","dateModified":"2023-01-20T19:15:25+00:00","mainEntityOfPage":{"@id":"https:\/\/psol50.org.br\/livia-duarte-psol-vereadora-de-belem-pa-faz-bo-apos-ataques-bolsonaristas-nas-redes-sociais\/"},"wordCount":470,"commentCount":0,"publisher":{"@id":"https:\/\/psol50.org.br\/#organization"},"image":{"@id":"https:\/\/psol50.org.br\/livia-duarte-psol-vereadora-de-belem-pa-faz-bo-apos-ataques-bolsonaristas-nas-redes-sociais\/#primaryimage"},"thumbnailUrl":"https:\/\/psol50.org.br\/inc\/uploads\/2022\/11\/2022-11-13-Livia-Duarte.jpeg","keywords":["Not\u00edcias"],"articleSection":["Estados"],"inLanguage":"pt-BR","potentialAction":[{"@type":"CommentAction","name":"Comment","target":["https:\/\/psol50.org.br\/livia-duarte-psol-vereadora-de-belem-pa-faz-bo-apos-ataques-bolsonaristas-nas-redes-sociais\/#respond"]}]},{"@type":"WebPage","@id":"https:\/\/psol50.org.br\/livia-duarte-psol-vereadora-de-belem-pa-faz-bo-apos-ataques-bolsonaristas-nas-redes-sociais\/","url":"https:\/\/psol50.org.br\/livia-duarte-psol-vereadora-de-belem-pa-faz-bo-apos-ataques-bolsonaristas-nas-redes-sociais\/","name":"L\u00edvia Duarte (PSOL), vereadora de Bel\u00e9m (PA), faz BO ap\u00f3s ataques bolsonaristas nas redes sociais","isPartOf":{"@id":"https:\/\/psol50.org.br\/#website"},"primaryImageOfPage":{"@id":"https:\/\/psol50.org.br\/livia-duarte-psol-vereadora-de-belem-pa-faz-bo-apos-ataques-bolsonaristas-nas-redes-sociais\/#primaryimage"},"image":{"@id":"https:\/\/psol50.org.br\/livia-duarte-psol-vereadora-de-belem-pa-faz-bo-apos-ataques-bolsonaristas-nas-redes-sociais\/#primaryimage"},"thumbnailUrl":"https:\/\/psol50.org.br\/inc\/uploads\/2022\/11\/2022-11-13-Livia-Duarte.jpeg","datePublished":"2023-01-20T14:10:18+00:00","dateModified":"2023-01-20T19:15:25+00:00","description":"A parlamentar vem sendo alvo de ataques desde que acionou a PGR e o MP pela investiga\u00e7\u00e3o do influencer paraense David Mafra.","breadcrumb":{"@id":"https:\/\/psol50.org.br\/livia-duarte-psol-vereadora-de-belem-pa-faz-bo-apos-ataques-bolsonaristas-nas-redes-sociais\/#breadcrumb"},"inLanguage":"pt-BR","potentialAction":[{"@type":"ReadAction","target":["https:\/\/psol50.org.br\/livia-duarte-psol-vereadora-de-belem-pa-faz-bo-apos-ataques-bolsonaristas-nas-redes-sociais\/"]}]},{"@type":"ImageObject","inLanguage":"pt-BR","@id":"https:\/\/psol50.org.br\/livia-duarte-psol-vereadora-de-belem-pa-faz-bo-apos-ataques-bolsonaristas-nas-redes-sociais\/#primaryimage","url":"https:\/\/psol50.org.br\/inc\/uploads\/2022\/11\/2022-11-13-Livia-Duarte.jpeg","contentUrl":"https:\/\/psol50.org.br\/inc\/uploads\/2022\/11\/2022-11-13-Livia-Duarte.jpeg","width":674,"height":442},{"@type":"BreadcrumbList","@id":"https:\/\/psol50.org.br\/livia-duarte-psol-vereadora-de-belem-pa-faz-bo-apos-ataques-bolsonaristas-nas-redes-sociais\/#breadcrumb","itemListElement":[{"@type":"ListItem","position":1,"name":"In\u00edcio","item":"https:\/\/psol50.org.br\/"},{"@type":"ListItem","position":2,"name":"L\u00edvia Duarte (PSOL), vereadora de Bel\u00e9m (PA), faz BO ap\u00f3s ataques bolsonaristas nas redes sociais"}]},{"@type":"WebSite","@id":"https:\/\/psol50.org.br\/#website","url":"https:\/\/psol50.org.br\/","name":"PSOL 50","description":"Site oficial do Partido Socialismo e Liberdade","publisher":{"@id":"https:\/\/psol50.org.br\/#organization"},"alternateName":"PSOL50","potentialAction":[{"@type":"SearchAction","target":{"@type":"EntryPoint","urlTemplate":"https:\/\/psol50.org.br\/?s={search_term_string}"},"query-input":{"@type":"PropertyValueSpecification","valueRequired":true,"valueName":"search_term_string"}}],"inLanguage":"pt-BR"},{"@type":"Organization","@id":"https:\/\/psol50.org.br\/#organization","name":"PSOL 50","alternateName":"PSOL 50","url":"https:\/\/psol50.org.br\/","logo":{"@type":"ImageObject","inLanguage":"pt-BR","@id":"https:\/\/psol50.org.br\/#\/schema\/logo\/image\/","url":"https:\/\/psol50.org.br\/inc\/uploads\/2018\/07\/capa.png","contentUrl":"https:\/\/psol50.org.br\/inc\/uploads\/2018\/07\/capa.png","width":1350,"height":900,"caption":"PSOL 50"},"image":{"@id":"https:\/\/psol50.org.br\/#\/schema\/logo\/image\/"},"sameAs":["https:\/\/www.facebook.com\/psol50","https:\/\/x.com\/psol50","https:\/\/www.instagram.com\/psol50\/","https:\/\/www.youtube.com\/channel\/UC7SnJS5o1os7a6CaiNabzcg"]},{"@type":"Person","@id":"https:\/\/psol50.org.br\/#\/schema\/person\/475dfa57d0b815993c714c2e96491fcd","name":"Comunica\u00e7\u00e3o PSOL","image":{"@type":"ImageObject","inLanguage":"pt-BR","@id":"https:\/\/psol50.org.br\/#\/schema\/person\/image\/","url":"https:\/\/secure.gravatar.com\/avatar\/b34fc4f4e468a4e51785917065a3db57b841f5c95dba6ad8c73aaf8f66f8f9bf?s=96&d=mm&r=g","contentUrl":"https:\/\/secure.gravatar.com\/avatar\/b34fc4f4e468a4e51785917065a3db57b841f5c95dba6ad8c73aaf8f66f8f9bf?s=96&d=mm&r=g","caption":"Comunica\u00e7\u00e3o PSOL"}}]}},"_links":{"self":[{"href":"https:\/\/psol50.org.br\/rest\/wp\/v2\/posts\/36805","targetHints":{"allow":["GET"]}}],"collection":[{"href":"https:\/\/psol50.org.br\/rest\/wp\/v2\/posts"}],"about":[{"href":"https:\/\/psol50.org.br\/rest\/wp\/v2\/types\/post"}],"author":[{"embeddable":true,"href":"https:\/\/psol50.org.br\/rest\/wp\/v2\/users\/2"}],"replies":[{"embeddable":true,"href":"https:\/\/psol50.org.br\/rest\/wp\/v2\/comments?post=36805"}],"version-history":[{"count":2,"href":"https:\/\/psol50.org.br\/rest\/wp\/v2\/posts\/36805\/revisions"}],"predecessor-version":[{"id":36807,"href":"https:\/\/psol50.org.br\/rest\/wp\/v2\/posts\/36805\/revisions\/36807"}],"wp:featuredmedia":[{"embeddable":true,"href":"https:\/\/psol50.org.br\/rest\/wp\/v2\/media\/36520"}],"wp:attachment":[{"href":"https:\/\/psol50.org.br\/rest\/wp\/v2\/media?parent=36805"}],"wp:term":[{"taxonomy":"category","embeddable":true,"href":"https:\/\/psol50.org.br\/rest\/wp\/v2\/categories?post=36805"},{"taxonomy":"post_tag","embeddable":true,"href":"https:\/\/psol50.org.br\/rest\/wp\/v2\/tags?post=36805"}],"curies":[{"name":"wp","href":"https:\/\/api.w.org\/{rel}","templated":true}]}}