{"id":36813,"date":"2023-01-20T15:51:59","date_gmt":"2023-01-20T18:51:59","guid":{"rendered":"https:\/\/psol50.org.br\/?p=36813"},"modified":"2023-01-23T10:50:30","modified_gmt":"2023-01-23T13:50:30","slug":"psol-aciona-mpf-contra-comandante-do-exercito-por-prevaricacao-com-atos-golpistas","status":"publish","type":"post","link":"https:\/\/psol50.org.br\/psol-aciona-mpf-contra-comandante-do-exercito-por-prevaricacao-com-atos-golpistas\/","title":{"rendered":"PSOL aciona MPF contra comandante do Ex\u00e9rcito por prevarica\u00e7\u00e3o com atos golpistas"},"content":{"rendered":"<p>A deputada federal rec\u00e9m-eleita Luciene Cavalcante denunciou nesta semana no Minist\u00e9rio P\u00fablico Federal (MPF) o comandante do Ex\u00e9rcito, general J\u00falio C\u00e9sar de Arruda, pelo crime de prevarica\u00e7\u00e3o. O comandante n\u00e3o se empenhou na desmobiliza\u00e7\u00e3o do acampamento bolsonarista montado em frente ao quartel-general do Distrito Federal.<\/p>\n<p>O acampamento do DF foi estrat\u00e9gico para o ato golpista e serviu para abrigar os terroristas que depredaram as sedes dos Tr\u00eas Poderes no \u00faltimo dia 8 de janeiro.<\/p>\n<p>O Ex\u00e9rcito al\u00e9m de n\u00e3o desmobilizar o acampamento, ainda fez um cord\u00e3o de isolamento para postergar a pris\u00e3o de golpistas envolvidos na depreda\u00e7\u00e3o. O acesso ao acampamento e o desmonte das instala\u00e7\u00f5es s\u00f3 foram poss\u00edveis na manh\u00e3 do dia seguinte. Nesse sentido \u00e9 urgente investigar os relatos que d\u00e3o conta da participa\u00e7\u00e3o do alto comando do Ex\u00e9rcito.<\/p>\n<p>\u201cOs depoimentos feitos \u00e0 Pol\u00edcia Federal demonstram que o acampamento do Distrito Federal foi estrat\u00e9gico para o ato golpista, e nesse sentido \u00e9 urgente investigar os relatos que d\u00e3o conta da participa\u00e7\u00e3o, seja por a\u00e7\u00e3o ou por omiss\u00e3o, do alto comando do Ex\u00e9rcito\u201d, ressalta a deputada.<\/p>\n<p>Luciene pede tamb\u00e9m que, al\u00e9m do general J\u00falio C\u00e9sar de Arruda, outros militares sejam investigados por n\u00e3o promoverem a desocupa\u00e7\u00e3o dos acampamentos golpistas.<\/p>\n","protected":false},"excerpt":{"rendered":"<p>A deputada federal rec\u00e9m-eleita Luciene Cavalcante denunciou nesta semana no Minist\u00e9rio P\u00fablico Federal (MPF) o comandante do Ex\u00e9rcito, general J\u00falio C\u00e9sar de Arruda, pelo crime de prevarica\u00e7\u00e3o. O comandante n\u00e3o se empenhou na desmobiliza\u00e7\u00e3o do acampamento bolsonarista montado em frente ao quartel-general do Distrito Federal. O acampamento do DF foi estrat\u00e9gico para o ato golpista [&hellip;]<\/p>\n","protected":false},"author":2,"featured_media":36816,"comment_status":"open","ping_status":"open","sticky":false,"template":"","format":"standard","meta":{"_acf_changed":false,"footnotes":""},"categories":[10],"tags":[4825],"class_list":{"0":"post-36813","1":"post","2":"type-post","3":"status-publish","4":"format-standard","5":"has-post-thumbnail","7":"category-acao-parlamentares","8":"tag-noticias"},"acf":[],"yoast_head":"<!-- This site is optimized with the Yoast SEO plugin v26.5 - https:\/\/yoast.com\/wordpress\/plugins\/seo\/ -->\n<title>PSOL aciona MPF contra comandante do Ex\u00e9rcito por prevarica\u00e7\u00e3o com atos golpistas<\/title>\n<meta name=\"description\" content=\"Deputada eleita Luciene Cavalcante apresentou not\u00edcia-crime contra J\u00falio C\u00e9sar de Arruda por ele n\u00e3o ter desmobilizado acampamento bolsonarista no DF.\" \/>\n<meta name=\"robots\" content=\"index, follow, max-snippet:-1, max-image-preview:large, max-video-preview:-1\" \/>\n<link rel=\"canonical\" href=\"https:\/\/psol50.org.br\/psol-aciona-mpf-contra-comandante-do-exercito-por-prevaricacao-com-atos-golpistas\/\" \/>\n<meta property=\"og:locale\" content=\"pt_BR\" \/>\n<meta property=\"og:type\" content=\"article\" \/>\n<meta property=\"og:title\" content=\"PSOL aciona MPF contra comandante do Ex\u00e9rcito por prevarica\u00e7\u00e3o com atos golpistas\" \/>\n<meta property=\"og:description\" content=\"Deputada eleita Luciene Cavalcante apresentou not\u00edcia-crime contra J\u00falio C\u00e9sar de Arruda por ele n\u00e3o ter desmobilizado acampamento bolsonarista no DF.\" \/>\n<meta property=\"og:url\" content=\"https:\/\/psol50.org.br\/psol-aciona-mpf-contra-comandante-do-exercito-por-prevaricacao-com-atos-golpistas\/\" \/>\n<meta property=\"og:site_name\" content=\"PSOL 50\" \/>\n<meta property=\"article:publisher\" content=\"https:\/\/www.facebook.com\/psol50\" \/>\n<meta property=\"article:published_time\" content=\"2023-01-20T18:51:59+00:00\" \/>\n<meta property=\"article:modified_time\" content=\"2023-01-23T13:50:30+00:00\" \/>\n<meta property=\"og:image\" content=\"https:\/\/psol50.org.br\/inc\/uploads\/2023\/01\/FlMQMvMaYAIZY1A.jpg\" \/>\n\t<meta property=\"og:image:width\" content=\"1024\" \/>\n\t<meta property=\"og:image:height\" content=\"682\" \/>\n\t<meta property=\"og:image:type\" content=\"image\/jpeg\" \/>\n<meta name=\"author\" content=\"Comunica\u00e7\u00e3o PSOL\" \/>\n<meta name=\"twitter:card\" content=\"summary_large_image\" \/>\n<meta name=\"twitter:creator\" content=\"@psol50\" \/>\n<meta name=\"twitter:site\" content=\"@psol50\" \/>\n<meta name=\"twitter:label1\" content=\"Escrito por\" \/>\n\t<meta name=\"twitter:data1\" content=\"Comunica\u00e7\u00e3o PSOL\" \/>\n\t<meta name=\"twitter:label2\" content=\"Est. tempo de leitura\" \/>\n\t<meta name=\"twitter:data2\" content=\"1 minuto\" \/>\n<script type=\"application\/ld+json\" class=\"yoast-schema-graph\">{\"@context\":\"https:\/\/schema.org\",\"@graph\":[{\"@type\":\"Article\",\"@id\":\"https:\/\/psol50.org.br\/psol-aciona-mpf-contra-comandante-do-exercito-por-prevaricacao-com-atos-golpistas\/#article\",\"isPartOf\":{\"@id\":\"https:\/\/psol50.org.br\/psol-aciona-mpf-contra-comandante-do-exercito-por-prevaricacao-com-atos-golpistas\/\"},\"author\":{\"name\":\"Comunica\u00e7\u00e3o PSOL\",\"@id\":\"https:\/\/psol50.org.br\/#\/schema\/person\/475dfa57d0b815993c714c2e96491fcd\"},\"headline\":\"PSOL aciona MPF contra comandante do Ex\u00e9rcito por prevarica\u00e7\u00e3o com atos golpistas\",\"datePublished\":\"2023-01-20T18:51:59+00:00\",\"dateModified\":\"2023-01-23T13:50:30+00:00\",\"mainEntityOfPage\":{\"@id\":\"https:\/\/psol50.org.br\/psol-aciona-mpf-contra-comandante-do-exercito-por-prevaricacao-com-atos-golpistas\/\"},\"wordCount\":245,\"commentCount\":0,\"publisher\":{\"@id\":\"https:\/\/psol50.org.br\/#organization\"},\"image\":{\"@id\":\"https:\/\/psol50.org.br\/psol-aciona-mpf-contra-comandante-do-exercito-por-prevaricacao-com-atos-golpistas\/#primaryimage\"},\"thumbnailUrl\":\"https:\/\/psol50.org.br\/inc\/uploads\/2023\/01\/FlMQMvMaYAIZY1A.jpg\",\"keywords\":[\"Not\u00edcias\"],\"articleSection\":[\"A\u00e7\u00e3o Parlamentar\"],\"inLanguage\":\"pt-BR\",\"potentialAction\":[{\"@type\":\"CommentAction\",\"name\":\"Comment\",\"target\":[\"https:\/\/psol50.org.br\/psol-aciona-mpf-contra-comandante-do-exercito-por-prevaricacao-com-atos-golpistas\/#respond\"]}]},{\"@type\":\"WebPage\",\"@id\":\"https:\/\/psol50.org.br\/psol-aciona-mpf-contra-comandante-do-exercito-por-prevaricacao-com-atos-golpistas\/\",\"url\":\"https:\/\/psol50.org.br\/psol-aciona-mpf-contra-comandante-do-exercito-por-prevaricacao-com-atos-golpistas\/\",\"name\":\"PSOL aciona MPF contra comandante do Ex\u00e9rcito por prevarica\u00e7\u00e3o com atos golpistas\",\"isPartOf\":{\"@id\":\"https:\/\/psol50.org.br\/#website\"},\"primaryImageOfPage\":{\"@id\":\"https:\/\/psol50.org.br\/psol-aciona-mpf-contra-comandante-do-exercito-por-prevaricacao-com-atos-golpistas\/#primaryimage\"},\"image\":{\"@id\":\"https:\/\/psol50.org.br\/psol-aciona-mpf-contra-comandante-do-exercito-por-prevaricacao-com-atos-golpistas\/#primaryimage\"},\"thumbnailUrl\":\"https:\/\/psol50.org.br\/inc\/uploads\/2023\/01\/FlMQMvMaYAIZY1A.jpg\",\"datePublished\":\"2023-01-20T18:51:59+00:00\",\"dateModified\":\"2023-01-23T13:50:30+00:00\",\"description\":\"Deputada eleita Luciene Cavalcante apresentou not\u00edcia-crime contra J\u00falio C\u00e9sar de Arruda por ele n\u00e3o ter desmobilizado acampamento bolsonarista no DF.\",\"breadcrumb\":{\"@id\":\"https:\/\/psol50.org.br\/psol-aciona-mpf-contra-comandante-do-exercito-por-prevaricacao-com-atos-golpistas\/#breadcrumb\"},\"inLanguage\":\"pt-BR\",\"potentialAction\":[{\"@type\":\"ReadAction\",\"target\":[\"https:\/\/psol50.org.br\/psol-aciona-mpf-contra-comandante-do-exercito-por-prevaricacao-com-atos-golpistas\/\"]}]},{\"@type\":\"ImageObject\",\"inLanguage\":\"pt-BR\",\"@id\":\"https:\/\/psol50.org.br\/psol-aciona-mpf-contra-comandante-do-exercito-por-prevaricacao-com-atos-golpistas\/#primaryimage\",\"url\":\"https:\/\/psol50.org.br\/inc\/uploads\/2023\/01\/FlMQMvMaYAIZY1A.jpg\",\"contentUrl\":\"https:\/\/psol50.org.br\/inc\/uploads\/2023\/01\/FlMQMvMaYAIZY1A.jpg\",\"width\":1024,\"height\":682,\"caption\":\"Foto: Cb Francilaine\/Comando Militar do Leste\/Divulga\u00e7\u00e3o\"},{\"@type\":\"BreadcrumbList\",\"@id\":\"https:\/\/psol50.org.br\/psol-aciona-mpf-contra-comandante-do-exercito-por-prevaricacao-com-atos-golpistas\/#breadcrumb\",\"itemListElement\":[{\"@type\":\"ListItem\",\"position\":1,\"name\":\"In\u00edcio\",\"item\":\"https:\/\/psol50.org.br\/\"},{\"@type\":\"ListItem\",\"position\":2,\"name\":\"PSOL aciona MPF contra comandante do Ex\u00e9rcito por prevarica\u00e7\u00e3o com atos golpistas\"}]},{\"@type\":\"WebSite\",\"@id\":\"https:\/\/psol50.org.br\/#website\",\"url\":\"https:\/\/psol50.org.br\/\",\"name\":\"PSOL 50\",\"description\":\"Site oficial do Partido Socialismo e Liberdade\",\"publisher\":{\"@id\":\"https:\/\/psol50.org.br\/#organization\"},\"alternateName\":\"PSOL50\",\"potentialAction\":[{\"@type\":\"SearchAction\",\"target\":{\"@type\":\"EntryPoint\",\"urlTemplate\":\"https:\/\/psol50.org.br\/?s={search_term_string}\"},\"query-input\":{\"@type\":\"PropertyValueSpecification\",\"valueRequired\":true,\"valueName\":\"search_term_string\"}}],\"inLanguage\":\"pt-BR\"},{\"@type\":\"Organization\",\"@id\":\"https:\/\/psol50.org.br\/#organization\",\"name\":\"PSOL 50\",\"alternateName\":\"PSOL 50\",\"url\":\"https:\/\/psol50.org.br\/\",\"logo\":{\"@type\":\"ImageObject\",\"inLanguage\":\"pt-BR\",\"@id\":\"https:\/\/psol50.org.br\/#\/schema\/logo\/image\/\",\"url\":\"https:\/\/psol50.org.br\/inc\/uploads\/2018\/07\/capa.png\",\"contentUrl\":\"https:\/\/psol50.org.br\/inc\/uploads\/2018\/07\/capa.png\",\"width\":1350,\"height\":900,\"caption\":\"PSOL 50\"},\"image\":{\"@id\":\"https:\/\/psol50.org.br\/#\/schema\/logo\/image\/\"},\"sameAs\":[\"https:\/\/www.facebook.com\/psol50\",\"https:\/\/x.com\/psol50\",\"https:\/\/www.instagram.com\/psol50\/\",\"https:\/\/www.youtube.com\/channel\/UC7SnJS5o1os7a6CaiNabzcg\"]},{\"@type\":\"Person\",\"@id\":\"https:\/\/psol50.org.br\/#\/schema\/person\/475dfa57d0b815993c714c2e96491fcd\",\"name\":\"Comunica\u00e7\u00e3o PSOL\",\"image\":{\"@type\":\"ImageObject\",\"inLanguage\":\"pt-BR\",\"@id\":\"https:\/\/psol50.org.br\/#\/schema\/person\/image\/\",\"url\":\"https:\/\/secure.gravatar.com\/avatar\/b34fc4f4e468a4e51785917065a3db57b841f5c95dba6ad8c73aaf8f66f8f9bf?s=96&d=mm&r=g\",\"contentUrl\":\"https:\/\/secure.gravatar.com\/avatar\/b34fc4f4e468a4e51785917065a3db57b841f5c95dba6ad8c73aaf8f66f8f9bf?s=96&d=mm&r=g\",\"caption\":\"Comunica\u00e7\u00e3o PSOL\"}}]}<\/script>\n<!-- \/ Yoast SEO plugin. -->","yoast_head_json":{"title":"PSOL aciona MPF contra comandante do Ex\u00e9rcito por prevarica\u00e7\u00e3o com atos golpistas","description":"Deputada eleita Luciene Cavalcante apresentou not\u00edcia-crime contra J\u00falio C\u00e9sar de Arruda por ele n\u00e3o ter desmobilizado acampamento bolsonarista no DF.","robots":{"index":"index","follow":"follow","max-snippet":"max-snippet:-1","max-image-preview":"max-image-preview:large","max-video-preview":"max-video-preview:-1"},"canonical":"https:\/\/psol50.org.br\/psol-aciona-mpf-contra-comandante-do-exercito-por-prevaricacao-com-atos-golpistas\/","og_locale":"pt_BR","og_type":"article","og_title":"PSOL aciona MPF contra comandante do Ex\u00e9rcito por prevarica\u00e7\u00e3o com atos golpistas","og_description":"Deputada eleita Luciene Cavalcante apresentou not\u00edcia-crime contra J\u00falio C\u00e9sar de Arruda por ele n\u00e3o ter desmobilizado acampamento bolsonarista no DF.","og_url":"https:\/\/psol50.org.br\/psol-aciona-mpf-contra-comandante-do-exercito-por-prevaricacao-com-atos-golpistas\/","og_site_name":"PSOL 50","article_publisher":"https:\/\/www.facebook.com\/psol50","article_published_time":"2023-01-20T18:51:59+00:00","article_modified_time":"2023-01-23T13:50:30+00:00","og_image":[{"width":1024,"height":682,"url":"https:\/\/psol50.org.br\/inc\/uploads\/2023\/01\/FlMQMvMaYAIZY1A.jpg","type":"image\/jpeg"}],"author":"Comunica\u00e7\u00e3o PSOL","twitter_card":"summary_large_image","twitter_creator":"@psol50","twitter_site":"@psol50","twitter_misc":{"Escrito por":"Comunica\u00e7\u00e3o PSOL","Est. tempo de leitura":"1 minuto"},"schema":{"@context":"https:\/\/schema.org","@graph":[{"@type":"Article","@id":"https:\/\/psol50.org.br\/psol-aciona-mpf-contra-comandante-do-exercito-por-prevaricacao-com-atos-golpistas\/#article","isPartOf":{"@id":"https:\/\/psol50.org.br\/psol-aciona-mpf-contra-comandante-do-exercito-por-prevaricacao-com-atos-golpistas\/"},"author":{"name":"Comunica\u00e7\u00e3o PSOL","@id":"https:\/\/psol50.org.br\/#\/schema\/person\/475dfa57d0b815993c714c2e96491fcd"},"headline":"PSOL aciona MPF contra comandante do Ex\u00e9rcito por prevarica\u00e7\u00e3o com atos golpistas","datePublished":"2023-01-20T18:51:59+00:00","dateModified":"2023-01-23T13:50:30+00:00","mainEntityOfPage":{"@id":"https:\/\/psol50.org.br\/psol-aciona-mpf-contra-comandante-do-exercito-por-prevaricacao-com-atos-golpistas\/"},"wordCount":245,"commentCount":0,"publisher":{"@id":"https:\/\/psol50.org.br\/#organization"},"image":{"@id":"https:\/\/psol50.org.br\/psol-aciona-mpf-contra-comandante-do-exercito-por-prevaricacao-com-atos-golpistas\/#primaryimage"},"thumbnailUrl":"https:\/\/psol50.org.br\/inc\/uploads\/2023\/01\/FlMQMvMaYAIZY1A.jpg","keywords":["Not\u00edcias"],"articleSection":["A\u00e7\u00e3o Parlamentar"],"inLanguage":"pt-BR","potentialAction":[{"@type":"CommentAction","name":"Comment","target":["https:\/\/psol50.org.br\/psol-aciona-mpf-contra-comandante-do-exercito-por-prevaricacao-com-atos-golpistas\/#respond"]}]},{"@type":"WebPage","@id":"https:\/\/psol50.org.br\/psol-aciona-mpf-contra-comandante-do-exercito-por-prevaricacao-com-atos-golpistas\/","url":"https:\/\/psol50.org.br\/psol-aciona-mpf-contra-comandante-do-exercito-por-prevaricacao-com-atos-golpistas\/","name":"PSOL aciona MPF contra comandante do Ex\u00e9rcito por prevarica\u00e7\u00e3o com atos golpistas","isPartOf":{"@id":"https:\/\/psol50.org.br\/#website"},"primaryImageOfPage":{"@id":"https:\/\/psol50.org.br\/psol-aciona-mpf-contra-comandante-do-exercito-por-prevaricacao-com-atos-golpistas\/#primaryimage"},"image":{"@id":"https:\/\/psol50.org.br\/psol-aciona-mpf-contra-comandante-do-exercito-por-prevaricacao-com-atos-golpistas\/#primaryimage"},"thumbnailUrl":"https:\/\/psol50.org.br\/inc\/uploads\/2023\/01\/FlMQMvMaYAIZY1A.jpg","datePublished":"2023-01-20T18:51:59+00:00","dateModified":"2023-01-23T13:50:30+00:00","description":"Deputada eleita Luciene Cavalcante apresentou not\u00edcia-crime contra J\u00falio C\u00e9sar de Arruda por ele n\u00e3o ter desmobilizado acampamento bolsonarista no DF.","breadcrumb":{"@id":"https:\/\/psol50.org.br\/psol-aciona-mpf-contra-comandante-do-exercito-por-prevaricacao-com-atos-golpistas\/#breadcrumb"},"inLanguage":"pt-BR","potentialAction":[{"@type":"ReadAction","target":["https:\/\/psol50.org.br\/psol-aciona-mpf-contra-comandante-do-exercito-por-prevaricacao-com-atos-golpistas\/"]}]},{"@type":"ImageObject","inLanguage":"pt-BR","@id":"https:\/\/psol50.org.br\/psol-aciona-mpf-contra-comandante-do-exercito-por-prevaricacao-com-atos-golpistas\/#primaryimage","url":"https:\/\/psol50.org.br\/inc\/uploads\/2023\/01\/FlMQMvMaYAIZY1A.jpg","contentUrl":"https:\/\/psol50.org.br\/inc\/uploads\/2023\/01\/FlMQMvMaYAIZY1A.jpg","width":1024,"height":682,"caption":"Foto: Cb Francilaine\/Comando Militar do Leste\/Divulga\u00e7\u00e3o"},{"@type":"BreadcrumbList","@id":"https:\/\/psol50.org.br\/psol-aciona-mpf-contra-comandante-do-exercito-por-prevaricacao-com-atos-golpistas\/#breadcrumb","itemListElement":[{"@type":"ListItem","position":1,"name":"In\u00edcio","item":"https:\/\/psol50.org.br\/"},{"@type":"ListItem","position":2,"name":"PSOL aciona MPF contra comandante do Ex\u00e9rcito por prevarica\u00e7\u00e3o com atos golpistas"}]},{"@type":"WebSite","@id":"https:\/\/psol50.org.br\/#website","url":"https:\/\/psol50.org.br\/","name":"PSOL 50","description":"Site oficial do Partido Socialismo e Liberdade","publisher":{"@id":"https:\/\/psol50.org.br\/#organization"},"alternateName":"PSOL50","potentialAction":[{"@type":"SearchAction","target":{"@type":"EntryPoint","urlTemplate":"https:\/\/psol50.org.br\/?s={search_term_string}"},"query-input":{"@type":"PropertyValueSpecification","valueRequired":true,"valueName":"search_term_string"}}],"inLanguage":"pt-BR"},{"@type":"Organization","@id":"https:\/\/psol50.org.br\/#organization","name":"PSOL 50","alternateName":"PSOL 50","url":"https:\/\/psol50.org.br\/","logo":{"@type":"ImageObject","inLanguage":"pt-BR","@id":"https:\/\/psol50.org.br\/#\/schema\/logo\/image\/","url":"https:\/\/psol50.org.br\/inc\/uploads\/2018\/07\/capa.png","contentUrl":"https:\/\/psol50.org.br\/inc\/uploads\/2018\/07\/capa.png","width":1350,"height":900,"caption":"PSOL 50"},"image":{"@id":"https:\/\/psol50.org.br\/#\/schema\/logo\/image\/"},"sameAs":["https:\/\/www.facebook.com\/psol50","https:\/\/x.com\/psol50","https:\/\/www.instagram.com\/psol50\/","https:\/\/www.youtube.com\/channel\/UC7SnJS5o1os7a6CaiNabzcg"]},{"@type":"Person","@id":"https:\/\/psol50.org.br\/#\/schema\/person\/475dfa57d0b815993c714c2e96491fcd","name":"Comunica\u00e7\u00e3o PSOL","image":{"@type":"ImageObject","inLanguage":"pt-BR","@id":"https:\/\/psol50.org.br\/#\/schema\/person\/image\/","url":"https:\/\/secure.gravatar.com\/avatar\/b34fc4f4e468a4e51785917065a3db57b841f5c95dba6ad8c73aaf8f66f8f9bf?s=96&d=mm&r=g","contentUrl":"https:\/\/secure.gravatar.com\/avatar\/b34fc4f4e468a4e51785917065a3db57b841f5c95dba6ad8c73aaf8f66f8f9bf?s=96&d=mm&r=g","caption":"Comunica\u00e7\u00e3o PSOL"}}]}},"_links":{"self":[{"href":"https:\/\/psol50.org.br\/rest\/wp\/v2\/posts\/36813","targetHints":{"allow":["GET"]}}],"collection":[{"href":"https:\/\/psol50.org.br\/rest\/wp\/v2\/posts"}],"about":[{"href":"https:\/\/psol50.org.br\/rest\/wp\/v2\/types\/post"}],"author":[{"embeddable":true,"href":"https:\/\/psol50.org.br\/rest\/wp\/v2\/users\/2"}],"replies":[{"embeddable":true,"href":"https:\/\/psol50.org.br\/rest\/wp\/v2\/comments?post=36813"}],"version-history":[{"count":2,"href":"https:\/\/psol50.org.br\/rest\/wp\/v2\/posts\/36813\/revisions"}],"predecessor-version":[{"id":36815,"href":"https:\/\/psol50.org.br\/rest\/wp\/v2\/posts\/36813\/revisions\/36815"}],"wp:featuredmedia":[{"embeddable":true,"href":"https:\/\/psol50.org.br\/rest\/wp\/v2\/media\/36816"}],"wp:attachment":[{"href":"https:\/\/psol50.org.br\/rest\/wp\/v2\/media?parent=36813"}],"wp:term":[{"taxonomy":"category","embeddable":true,"href":"https:\/\/psol50.org.br\/rest\/wp\/v2\/categories?post=36813"},{"taxonomy":"post_tag","embeddable":true,"href":"https:\/\/psol50.org.br\/rest\/wp\/v2\/tags?post=36813"}],"curies":[{"name":"wp","href":"https:\/\/api.w.org\/{rel}","templated":true}]}}