{"id":36853,"date":"2023-01-30T09:18:23","date_gmt":"2023-01-30T12:18:23","guid":{"rendered":"https:\/\/psol50.org.br\/?p=36853"},"modified":"2023-01-30T09:18:23","modified_gmt":"2023-01-30T12:18:23","slug":"declaracao-do-psol-todo-apoio-ao-povo-peruano","status":"publish","type":"post","link":"https:\/\/psol50.org.br\/declaracao-do-psol-todo-apoio-ao-povo-peruano\/","title":{"rendered":"Declara\u00e7\u00e3o do PSOL: Todo apoio ao povo peruano!"},"content":{"rendered":"<p>Desde a destitui\u00e7\u00e3o e pris\u00e3o do presidente eleito Pedro Castillo pelo Congresso Nacional no \u00faltimo dezembro, o Peru mergulhou numa sanguinolenta espiral de viol\u00eancia, que at\u00e9 agora j\u00e1 totalizou mais de 50 mortes e 300 feridos em manifesta\u00e7\u00f5es populares.<\/p>\n<p>A vice Dina Boluarte, tendo assumido a presid\u00eancia, ordenou uma repress\u00e3o violenta contra as manifesta\u00e7\u00f5es que exigem sua ren\u00fancia e dos congressistas, liberdade para Castillo, seguidas de elei\u00e7\u00f5es gerais para a Presid\u00eancia e o Congresso Nacional, ainda em 2023, al\u00e9m da abertura de um processo rumo \u00e0 uma Assembleia Constituinte. Dina \u00e9 respons\u00e1vel pelo verdadeiro massacre contra os manifestantes.<\/p>\n<p>Apesar da viol\u00eancia, o povo segue se manifestando em corajosas marchas e manifesta\u00e7\u00f5es expressando todo seu rep\u00fadio ao golpe e \u00e0 repress\u00e3o. A Marcha dos 4 suyos, evocando a tradi\u00e7\u00e3o de luta hist\u00f3rica do povo peruano, chegou a Lima em 19\/01, culminando numa grande greve geral que nacionalizou o processo de luta.<\/p>\n<p>O governo respondeu com mais repress\u00e3o: invadiu com tanques a Universidade de San Marcos, prendendo 200 ativistas e estudantes; enviou as tropas do ex\u00e9rcito para a regi\u00e3o de Puno.<\/p>\n<p>O PSOL se solidariza com o povo peruano e se soma aos pedidos internacionais de fim da repress\u00e3o e liberdade aos presos pol\u00edticos. Chega de massacres, nenhum morto mais! Nossa bancada parlamentar se posicionou e ainda questionou a comercializa\u00e7\u00e3o de armas para o Peru, onde nosso pa\u00eds exporta muni\u00e7\u00f5es e bombas para a repress\u00e3o dos manifestantes.<\/p>\n<p>Entendemos que o governo brasileiro, com a autoridade que tem, deve se pronunciar sobre a crise peruana, tal como fizeram os governos de Honduras, Col\u00f4mbia, M\u00e9xico, Bol\u00edvia e Chile. Seria necess\u00e1rio a ruptura das rela\u00e7\u00f5es com a ditadura de Boluarte, como gesto para o conjunto dos povos do continente.<\/p>\n<p>O PSOL tamb\u00e9m apoia as reivindica\u00e7\u00f5es populares de elei\u00e7\u00f5es gerais para a presid\u00eancia e o Congresso em 2023 e a abertura de um processo para elei\u00e7\u00e3o de uma Assembleia Nacional Constituinte. O povo peruano merece solidariedade e apoio!<\/p>\n<p><em><strong>Executiva Nacional do PSOL<\/strong><\/em><br \/>\n<em><strong>27 de janeiro de 2023<\/strong><\/em><\/p>\n","protected":false},"excerpt":{"rendered":"<p>Desde a destitui\u00e7\u00e3o e pris\u00e3o do presidente eleito Pedro Castillo pelo Congresso Nacional no \u00faltimo dezembro, o Peru mergulhou numa sanguinolenta espiral de viol\u00eancia, que at\u00e9 agora j\u00e1 totalizou mais de 50 mortes e 300 feridos em manifesta\u00e7\u00f5es populares. A vice Dina Boluarte, tendo assumido a presid\u00eancia, ordenou uma repress\u00e3o violenta contra as manifesta\u00e7\u00f5es que [&hellip;]<\/p>\n","protected":false},"author":2,"featured_media":36820,"comment_status":"open","ping_status":"open","sticky":false,"template":"","format":"standard","meta":{"_acf_changed":false,"footnotes":""},"categories":[836,20],"tags":[4825],"class_list":{"0":"post-36853","1":"post","2":"type-post","3":"status-publish","4":"format-standard","5":"has-post-thumbnail","7":"category-internacional","8":"category-notas","9":"tag-noticias"},"acf":[],"yoast_head":"<!-- This site is optimized with the Yoast SEO plugin v26.5 - https:\/\/yoast.com\/wordpress\/plugins\/seo\/ -->\n<title>Declara\u00e7\u00e3o do PSOL: Todo apoio ao povo peruano!<\/title>\n<meta name=\"description\" content=\"O PSOL apoia as reivindica\u00e7\u00f5es populares de elei\u00e7\u00f5es gerais para a Presid\u00eancia e o Congresso e a elei\u00e7\u00e3o de uma Assembleia Nacional Constituinte.\" \/>\n<meta name=\"robots\" content=\"index, follow, max-snippet:-1, max-image-preview:large, max-video-preview:-1\" \/>\n<link rel=\"canonical\" href=\"https:\/\/psol50.org.br\/declaracao-do-psol-todo-apoio-ao-povo-peruano\/\" \/>\n<meta property=\"og:locale\" content=\"pt_BR\" \/>\n<meta property=\"og:type\" content=\"article\" \/>\n<meta property=\"og:title\" content=\"Declara\u00e7\u00e3o do PSOL: Todo apoio ao povo peruano!\" \/>\n<meta property=\"og:description\" content=\"O PSOL apoia as reivindica\u00e7\u00f5es populares de elei\u00e7\u00f5es gerais para a Presid\u00eancia e o Congresso e a elei\u00e7\u00e3o de uma Assembleia Nacional Constituinte.\" \/>\n<meta property=\"og:url\" content=\"https:\/\/psol50.org.br\/declaracao-do-psol-todo-apoio-ao-povo-peruano\/\" \/>\n<meta property=\"og:site_name\" content=\"PSOL 50\" \/>\n<meta property=\"article:publisher\" content=\"https:\/\/www.facebook.com\/psol50\" \/>\n<meta property=\"article:published_time\" content=\"2023-01-30T12:18:23+00:00\" \/>\n<meta property=\"og:image\" content=\"https:\/\/psol50.org.br\/inc\/uploads\/2023\/01\/FjZPKP-XwCk6Scv-scaled.jpeg\" \/>\n\t<meta property=\"og:image:width\" content=\"2560\" \/>\n\t<meta property=\"og:image:height\" content=\"1707\" \/>\n\t<meta property=\"og:image:type\" content=\"image\/jpeg\" \/>\n<meta name=\"author\" content=\"Comunica\u00e7\u00e3o PSOL\" \/>\n<meta name=\"twitter:card\" content=\"summary_large_image\" \/>\n<meta name=\"twitter:creator\" content=\"@psol50\" \/>\n<meta name=\"twitter:site\" content=\"@psol50\" \/>\n<meta name=\"twitter:label1\" content=\"Escrito por\" \/>\n\t<meta name=\"twitter:data1\" content=\"Comunica\u00e7\u00e3o PSOL\" \/>\n\t<meta name=\"twitter:label2\" content=\"Est. tempo de leitura\" \/>\n\t<meta name=\"twitter:data2\" content=\"2 minutos\" \/>\n<script type=\"application\/ld+json\" class=\"yoast-schema-graph\">{\"@context\":\"https:\/\/schema.org\",\"@graph\":[{\"@type\":\"Article\",\"@id\":\"https:\/\/psol50.org.br\/declaracao-do-psol-todo-apoio-ao-povo-peruano\/#article\",\"isPartOf\":{\"@id\":\"https:\/\/psol50.org.br\/declaracao-do-psol-todo-apoio-ao-povo-peruano\/\"},\"author\":{\"name\":\"Comunica\u00e7\u00e3o PSOL\",\"@id\":\"https:\/\/psol50.org.br\/#\/schema\/person\/475dfa57d0b815993c714c2e96491fcd\"},\"headline\":\"Declara\u00e7\u00e3o do PSOL: Todo apoio ao povo peruano!\",\"datePublished\":\"2023-01-30T12:18:23+00:00\",\"mainEntityOfPage\":{\"@id\":\"https:\/\/psol50.org.br\/declaracao-do-psol-todo-apoio-ao-povo-peruano\/\"},\"wordCount\":365,\"commentCount\":0,\"publisher\":{\"@id\":\"https:\/\/psol50.org.br\/#organization\"},\"image\":{\"@id\":\"https:\/\/psol50.org.br\/declaracao-do-psol-todo-apoio-ao-povo-peruano\/#primaryimage\"},\"thumbnailUrl\":\"https:\/\/psol50.org.br\/inc\/uploads\/2023\/01\/FjZPKP-XwCk6Scv-scaled.jpeg\",\"keywords\":[\"Not\u00edcias\"],\"articleSection\":[\"Internacional\",\"Notas\"],\"inLanguage\":\"pt-BR\",\"potentialAction\":[{\"@type\":\"CommentAction\",\"name\":\"Comment\",\"target\":[\"https:\/\/psol50.org.br\/declaracao-do-psol-todo-apoio-ao-povo-peruano\/#respond\"]}]},{\"@type\":\"WebPage\",\"@id\":\"https:\/\/psol50.org.br\/declaracao-do-psol-todo-apoio-ao-povo-peruano\/\",\"url\":\"https:\/\/psol50.org.br\/declaracao-do-psol-todo-apoio-ao-povo-peruano\/\",\"name\":\"Declara\u00e7\u00e3o do PSOL: Todo apoio ao povo peruano!\",\"isPartOf\":{\"@id\":\"https:\/\/psol50.org.br\/#website\"},\"primaryImageOfPage\":{\"@id\":\"https:\/\/psol50.org.br\/declaracao-do-psol-todo-apoio-ao-povo-peruano\/#primaryimage\"},\"image\":{\"@id\":\"https:\/\/psol50.org.br\/declaracao-do-psol-todo-apoio-ao-povo-peruano\/#primaryimage\"},\"thumbnailUrl\":\"https:\/\/psol50.org.br\/inc\/uploads\/2023\/01\/FjZPKP-XwCk6Scv-scaled.jpeg\",\"datePublished\":\"2023-01-30T12:18:23+00:00\",\"description\":\"O PSOL apoia as reivindica\u00e7\u00f5es populares de elei\u00e7\u00f5es gerais para a Presid\u00eancia e o Congresso e a elei\u00e7\u00e3o de uma Assembleia Nacional Constituinte.\",\"breadcrumb\":{\"@id\":\"https:\/\/psol50.org.br\/declaracao-do-psol-todo-apoio-ao-povo-peruano\/#breadcrumb\"},\"inLanguage\":\"pt-BR\",\"potentialAction\":[{\"@type\":\"ReadAction\",\"target\":[\"https:\/\/psol50.org.br\/declaracao-do-psol-todo-apoio-ao-povo-peruano\/\"]}]},{\"@type\":\"ImageObject\",\"inLanguage\":\"pt-BR\",\"@id\":\"https:\/\/psol50.org.br\/declaracao-do-psol-todo-apoio-ao-povo-peruano\/#primaryimage\",\"url\":\"https:\/\/psol50.org.br\/inc\/uploads\/2023\/01\/FjZPKP-XwCk6Scv-scaled.jpeg\",\"contentUrl\":\"https:\/\/psol50.org.br\/inc\/uploads\/2023\/01\/FjZPKP-XwCk6Scv-scaled.jpeg\",\"width\":2560,\"height\":1707,\"caption\":\"Foto: Aldair Mejia\"},{\"@type\":\"BreadcrumbList\",\"@id\":\"https:\/\/psol50.org.br\/declaracao-do-psol-todo-apoio-ao-povo-peruano\/#breadcrumb\",\"itemListElement\":[{\"@type\":\"ListItem\",\"position\":1,\"name\":\"In\u00edcio\",\"item\":\"https:\/\/psol50.org.br\/\"},{\"@type\":\"ListItem\",\"position\":2,\"name\":\"Declara\u00e7\u00e3o do PSOL: Todo apoio ao povo peruano!\"}]},{\"@type\":\"WebSite\",\"@id\":\"https:\/\/psol50.org.br\/#website\",\"url\":\"https:\/\/psol50.org.br\/\",\"name\":\"PSOL 50\",\"description\":\"Site oficial do Partido Socialismo e Liberdade\",\"publisher\":{\"@id\":\"https:\/\/psol50.org.br\/#organization\"},\"alternateName\":\"PSOL50\",\"potentialAction\":[{\"@type\":\"SearchAction\",\"target\":{\"@type\":\"EntryPoint\",\"urlTemplate\":\"https:\/\/psol50.org.br\/?s={search_term_string}\"},\"query-input\":{\"@type\":\"PropertyValueSpecification\",\"valueRequired\":true,\"valueName\":\"search_term_string\"}}],\"inLanguage\":\"pt-BR\"},{\"@type\":\"Organization\",\"@id\":\"https:\/\/psol50.org.br\/#organization\",\"name\":\"PSOL 50\",\"alternateName\":\"PSOL 50\",\"url\":\"https:\/\/psol50.org.br\/\",\"logo\":{\"@type\":\"ImageObject\",\"inLanguage\":\"pt-BR\",\"@id\":\"https:\/\/psol50.org.br\/#\/schema\/logo\/image\/\",\"url\":\"https:\/\/psol50.org.br\/inc\/uploads\/2018\/07\/capa.png\",\"contentUrl\":\"https:\/\/psol50.org.br\/inc\/uploads\/2018\/07\/capa.png\",\"width\":1350,\"height\":900,\"caption\":\"PSOL 50\"},\"image\":{\"@id\":\"https:\/\/psol50.org.br\/#\/schema\/logo\/image\/\"},\"sameAs\":[\"https:\/\/www.facebook.com\/psol50\",\"https:\/\/x.com\/psol50\",\"https:\/\/www.instagram.com\/psol50\/\",\"https:\/\/www.youtube.com\/channel\/UC7SnJS5o1os7a6CaiNabzcg\"]},{\"@type\":\"Person\",\"@id\":\"https:\/\/psol50.org.br\/#\/schema\/person\/475dfa57d0b815993c714c2e96491fcd\",\"name\":\"Comunica\u00e7\u00e3o PSOL\",\"image\":{\"@type\":\"ImageObject\",\"inLanguage\":\"pt-BR\",\"@id\":\"https:\/\/psol50.org.br\/#\/schema\/person\/image\/\",\"url\":\"https:\/\/secure.gravatar.com\/avatar\/b34fc4f4e468a4e51785917065a3db57b841f5c95dba6ad8c73aaf8f66f8f9bf?s=96&d=mm&r=g\",\"contentUrl\":\"https:\/\/secure.gravatar.com\/avatar\/b34fc4f4e468a4e51785917065a3db57b841f5c95dba6ad8c73aaf8f66f8f9bf?s=96&d=mm&r=g\",\"caption\":\"Comunica\u00e7\u00e3o PSOL\"}}]}<\/script>\n<!-- \/ Yoast SEO plugin. -->","yoast_head_json":{"title":"Declara\u00e7\u00e3o do PSOL: Todo apoio ao povo peruano!","description":"O PSOL apoia as reivindica\u00e7\u00f5es populares de elei\u00e7\u00f5es gerais para a Presid\u00eancia e o Congresso e a elei\u00e7\u00e3o de uma Assembleia Nacional Constituinte.","robots":{"index":"index","follow":"follow","max-snippet":"max-snippet:-1","max-image-preview":"max-image-preview:large","max-video-preview":"max-video-preview:-1"},"canonical":"https:\/\/psol50.org.br\/declaracao-do-psol-todo-apoio-ao-povo-peruano\/","og_locale":"pt_BR","og_type":"article","og_title":"Declara\u00e7\u00e3o do PSOL: Todo apoio ao povo peruano!","og_description":"O PSOL apoia as reivindica\u00e7\u00f5es populares de elei\u00e7\u00f5es gerais para a Presid\u00eancia e o Congresso e a elei\u00e7\u00e3o de uma Assembleia Nacional Constituinte.","og_url":"https:\/\/psol50.org.br\/declaracao-do-psol-todo-apoio-ao-povo-peruano\/","og_site_name":"PSOL 50","article_publisher":"https:\/\/www.facebook.com\/psol50","article_published_time":"2023-01-30T12:18:23+00:00","og_image":[{"width":2560,"height":1707,"url":"https:\/\/psol50.org.br\/inc\/uploads\/2023\/01\/FjZPKP-XwCk6Scv-scaled.jpeg","type":"image\/jpeg"}],"author":"Comunica\u00e7\u00e3o PSOL","twitter_card":"summary_large_image","twitter_creator":"@psol50","twitter_site":"@psol50","twitter_misc":{"Escrito por":"Comunica\u00e7\u00e3o PSOL","Est. tempo de leitura":"2 minutos"},"schema":{"@context":"https:\/\/schema.org","@graph":[{"@type":"Article","@id":"https:\/\/psol50.org.br\/declaracao-do-psol-todo-apoio-ao-povo-peruano\/#article","isPartOf":{"@id":"https:\/\/psol50.org.br\/declaracao-do-psol-todo-apoio-ao-povo-peruano\/"},"author":{"name":"Comunica\u00e7\u00e3o PSOL","@id":"https:\/\/psol50.org.br\/#\/schema\/person\/475dfa57d0b815993c714c2e96491fcd"},"headline":"Declara\u00e7\u00e3o do PSOL: Todo apoio ao povo peruano!","datePublished":"2023-01-30T12:18:23+00:00","mainEntityOfPage":{"@id":"https:\/\/psol50.org.br\/declaracao-do-psol-todo-apoio-ao-povo-peruano\/"},"wordCount":365,"commentCount":0,"publisher":{"@id":"https:\/\/psol50.org.br\/#organization"},"image":{"@id":"https:\/\/psol50.org.br\/declaracao-do-psol-todo-apoio-ao-povo-peruano\/#primaryimage"},"thumbnailUrl":"https:\/\/psol50.org.br\/inc\/uploads\/2023\/01\/FjZPKP-XwCk6Scv-scaled.jpeg","keywords":["Not\u00edcias"],"articleSection":["Internacional","Notas"],"inLanguage":"pt-BR","potentialAction":[{"@type":"CommentAction","name":"Comment","target":["https:\/\/psol50.org.br\/declaracao-do-psol-todo-apoio-ao-povo-peruano\/#respond"]}]},{"@type":"WebPage","@id":"https:\/\/psol50.org.br\/declaracao-do-psol-todo-apoio-ao-povo-peruano\/","url":"https:\/\/psol50.org.br\/declaracao-do-psol-todo-apoio-ao-povo-peruano\/","name":"Declara\u00e7\u00e3o do PSOL: Todo apoio ao povo peruano!","isPartOf":{"@id":"https:\/\/psol50.org.br\/#website"},"primaryImageOfPage":{"@id":"https:\/\/psol50.org.br\/declaracao-do-psol-todo-apoio-ao-povo-peruano\/#primaryimage"},"image":{"@id":"https:\/\/psol50.org.br\/declaracao-do-psol-todo-apoio-ao-povo-peruano\/#primaryimage"},"thumbnailUrl":"https:\/\/psol50.org.br\/inc\/uploads\/2023\/01\/FjZPKP-XwCk6Scv-scaled.jpeg","datePublished":"2023-01-30T12:18:23+00:00","description":"O PSOL apoia as reivindica\u00e7\u00f5es populares de elei\u00e7\u00f5es gerais para a Presid\u00eancia e o Congresso e a elei\u00e7\u00e3o de uma Assembleia Nacional Constituinte.","breadcrumb":{"@id":"https:\/\/psol50.org.br\/declaracao-do-psol-todo-apoio-ao-povo-peruano\/#breadcrumb"},"inLanguage":"pt-BR","potentialAction":[{"@type":"ReadAction","target":["https:\/\/psol50.org.br\/declaracao-do-psol-todo-apoio-ao-povo-peruano\/"]}]},{"@type":"ImageObject","inLanguage":"pt-BR","@id":"https:\/\/psol50.org.br\/declaracao-do-psol-todo-apoio-ao-povo-peruano\/#primaryimage","url":"https:\/\/psol50.org.br\/inc\/uploads\/2023\/01\/FjZPKP-XwCk6Scv-scaled.jpeg","contentUrl":"https:\/\/psol50.org.br\/inc\/uploads\/2023\/01\/FjZPKP-XwCk6Scv-scaled.jpeg","width":2560,"height":1707,"caption":"Foto: Aldair Mejia"},{"@type":"BreadcrumbList","@id":"https:\/\/psol50.org.br\/declaracao-do-psol-todo-apoio-ao-povo-peruano\/#breadcrumb","itemListElement":[{"@type":"ListItem","position":1,"name":"In\u00edcio","item":"https:\/\/psol50.org.br\/"},{"@type":"ListItem","position":2,"name":"Declara\u00e7\u00e3o do PSOL: Todo apoio ao povo peruano!"}]},{"@type":"WebSite","@id":"https:\/\/psol50.org.br\/#website","url":"https:\/\/psol50.org.br\/","name":"PSOL 50","description":"Site oficial do Partido Socialismo e Liberdade","publisher":{"@id":"https:\/\/psol50.org.br\/#organization"},"alternateName":"PSOL50","potentialAction":[{"@type":"SearchAction","target":{"@type":"EntryPoint","urlTemplate":"https:\/\/psol50.org.br\/?s={search_term_string}"},"query-input":{"@type":"PropertyValueSpecification","valueRequired":true,"valueName":"search_term_string"}}],"inLanguage":"pt-BR"},{"@type":"Organization","@id":"https:\/\/psol50.org.br\/#organization","name":"PSOL 50","alternateName":"PSOL 50","url":"https:\/\/psol50.org.br\/","logo":{"@type":"ImageObject","inLanguage":"pt-BR","@id":"https:\/\/psol50.org.br\/#\/schema\/logo\/image\/","url":"https:\/\/psol50.org.br\/inc\/uploads\/2018\/07\/capa.png","contentUrl":"https:\/\/psol50.org.br\/inc\/uploads\/2018\/07\/capa.png","width":1350,"height":900,"caption":"PSOL 50"},"image":{"@id":"https:\/\/psol50.org.br\/#\/schema\/logo\/image\/"},"sameAs":["https:\/\/www.facebook.com\/psol50","https:\/\/x.com\/psol50","https:\/\/www.instagram.com\/psol50\/","https:\/\/www.youtube.com\/channel\/UC7SnJS5o1os7a6CaiNabzcg"]},{"@type":"Person","@id":"https:\/\/psol50.org.br\/#\/schema\/person\/475dfa57d0b815993c714c2e96491fcd","name":"Comunica\u00e7\u00e3o PSOL","image":{"@type":"ImageObject","inLanguage":"pt-BR","@id":"https:\/\/psol50.org.br\/#\/schema\/person\/image\/","url":"https:\/\/secure.gravatar.com\/avatar\/b34fc4f4e468a4e51785917065a3db57b841f5c95dba6ad8c73aaf8f66f8f9bf?s=96&d=mm&r=g","contentUrl":"https:\/\/secure.gravatar.com\/avatar\/b34fc4f4e468a4e51785917065a3db57b841f5c95dba6ad8c73aaf8f66f8f9bf?s=96&d=mm&r=g","caption":"Comunica\u00e7\u00e3o PSOL"}}]}},"_links":{"self":[{"href":"https:\/\/psol50.org.br\/rest\/wp\/v2\/posts\/36853","targetHints":{"allow":["GET"]}}],"collection":[{"href":"https:\/\/psol50.org.br\/rest\/wp\/v2\/posts"}],"about":[{"href":"https:\/\/psol50.org.br\/rest\/wp\/v2\/types\/post"}],"author":[{"embeddable":true,"href":"https:\/\/psol50.org.br\/rest\/wp\/v2\/users\/2"}],"replies":[{"embeddable":true,"href":"https:\/\/psol50.org.br\/rest\/wp\/v2\/comments?post=36853"}],"version-history":[{"count":1,"href":"https:\/\/psol50.org.br\/rest\/wp\/v2\/posts\/36853\/revisions"}],"predecessor-version":[{"id":36854,"href":"https:\/\/psol50.org.br\/rest\/wp\/v2\/posts\/36853\/revisions\/36854"}],"wp:featuredmedia":[{"embeddable":true,"href":"https:\/\/psol50.org.br\/rest\/wp\/v2\/media\/36820"}],"wp:attachment":[{"href":"https:\/\/psol50.org.br\/rest\/wp\/v2\/media?parent=36853"}],"wp:term":[{"taxonomy":"category","embeddable":true,"href":"https:\/\/psol50.org.br\/rest\/wp\/v2\/categories?post=36853"},{"taxonomy":"post_tag","embeddable":true,"href":"https:\/\/psol50.org.br\/rest\/wp\/v2\/tags?post=36853"}],"curies":[{"name":"wp","href":"https:\/\/api.w.org\/{rel}","templated":true}]}}