{"id":36855,"date":"2023-01-30T10:33:12","date_gmt":"2023-01-30T13:33:12","guid":{"rendered":"https:\/\/psol50.org.br\/?p=36855"},"modified":"2023-01-30T10:33:12","modified_gmt":"2023-01-30T13:33:12","slug":"luiz-arnaldo-campos-a-cop-em-belem","status":"publish","type":"post","link":"https:\/\/psol50.org.br\/luiz-arnaldo-campos-a-cop-em-belem\/","title":{"rendered":"Luiz Arnaldo Campos: A COP em Bel\u00e9m"},"content":{"rendered":"<p class=\"p1\">Depois de passar por Glasgow, Sharm el Sheik, Dubai e outros destinos luxuosos do mundo, a Confer\u00eancia das Na\u00e7\u00f5es Unidas para o Clima, a COP de n\u00famero 30, chegar\u00e1 finalmente \u00e0 Amaz\u00f4nia, mais precisamente em Bel\u00e9m, em 2025. J\u00e1 n\u00e3o era sem tempo, afinal de contas, o ataque contra as florestas tropicais \u00e9 o segundo maior causador de gases de efeito estufa do mundo, superado apenas pela emiss\u00e3o de combust\u00edveis f\u00f3sseis, e a Amaz\u00f4nia, como se sabe, \u00e9 a maior floresta tropical do planeta. Somos portanto o cen\u00e1rio adequado para uma confer\u00eancia desta natureza. Mais do que isto, somos o cen\u00e1rio justo e necess\u00e1rio.<\/p>\n<p class=\"p1\">At\u00e9 a pen\u00faltima COP, em Glasgow, a Amaz\u00f4nia era uma nota de rodap\u00e9, nestas reuni\u00f5es dos governantes mundiais, onde mais se fala do que se age para deter as mudan\u00e7as clim\u00e1ticas. Na cidade escocesa as coisas come\u00e7aram a mudar. A presen\u00e7a de delega\u00e7\u00f5es expressivas das organiza\u00e7\u00f5es ind\u00edgenas dos pa\u00edses da Pan-Amaz\u00f4nia, incluindo a\u00ed fortes representa\u00e7\u00f5es da Articula\u00e7\u00e3o dos Povos Ind\u00edgenas do Brasil \u2013 APIB e da Confedera\u00e7\u00e3o das Organiza\u00e7\u00f5es Ind\u00edgenas da Amaz\u00f4nia Brasileira-COIAB, foi uma das principais marcas da COP. N\u00e3o por acaso, a gigantesca marcha, pelas ruas de Glasgow, de movimentos populares do mundo inteiro, foi encabe\u00e7ada pelas lideran\u00e7as ind\u00edgenas da Amaz\u00f4nia.<\/p>\n<p class=\"p1\">Tamb\u00e9m nesta COP aconteceu o d\u00e9but do Cons\u00f3rcio Interestadual dos Governos da Amaz\u00f4nia, com uma palestra do governador Helder Barbalho, e a leitura da Carta de Bel\u00e9m, produzida pelo Encontro de Saberes da Amaz\u00f4nia e Mudan\u00e7as Clim\u00e1ticas, que reuniu em Bel\u00e9m, um m\u00eas antes, expressivos cientistas latino-americanos e detentores da sabedoria ancestral dos povos da floresta para discutir os meios para se deter o fim da humanidade.<\/p>\n<p class=\"p1\">Assim, a marca\u00e7\u00e3o da COP 30 em 2025, em Bel\u00e9m, deve ser visto, em primeiro lugar como um resultado do expressivo avan\u00e7o da luta dos povos amaz\u00f4nicos, que tem gerado lutas e rebeli\u00f5es na Bol\u00edvia, Peru, Equador e que no Brasil, pode ser simbolizado pelos Acampamentos Terra Livre, em Bras\u00edlia, onde os ind\u00edgenas sustentaram uma das principais frentes de resist\u00eancia contra o governo fascista. N\u00e3o por acaso, a d\u00e9cima edi\u00e7\u00e3o do F\u00f3rum Social Pan-amaz\u00f4nico, realizada em julho de 2022, em Bel\u00e9m, reuniu 15 mil participantes dos nove pa\u00edses que compartilham a bacia do rio Amazonas, com uma expressiva representa\u00e7\u00e3o de ind\u00edgenas, notadamente mulheres, destes pa\u00edses.<\/p>\n<p class=\"p1\">Foi este protagonismo, na luta, dos povos da floresta, o reconhecimento mundial do seu papel como preservadores dos biomas tropicais, somados ao vento de esperan\u00e7a que a elei\u00e7\u00e3o de Lula soprou no mundo, que trouxe a COP 30, em primeiro lugar para a Amaz\u00f4nia e depois para Bel\u00e9m, logo ap\u00f3s a carta do prefeito Edmilson Rodrigues ao presidente eleito, solicitando para a nossa cidade a honra de sediar a Conferencia. E convenhamos, n\u00e3o existe uma cidade melhor na Amaz\u00f4nia para sediar uma COP do que Bel\u00e9m. Pelo simbolismo da Cabanagem, por ser a \u00fanica prefeitura de capital amaz\u00f4nica a esquerda no quadro pol\u00edtico e principalmente, por ser um centro de converg\u00eancia dos movimentos ind\u00edgenas, dos camponeses sem-terra, dos quilombolas, das mulheres, das periferias urbanas e da juventude. Porque esta COP n\u00e3o ocorrer\u00e1 apenas nos sal\u00f5es onde se encontrar\u00e3o os governantes, mas principalmente nas ruas, onde nossa gente ir\u00e1 dizer, em alto e bom som, que n\u00e3o existe possibilidade de se deter as mudan\u00e7as clim\u00e1ticas se n\u00e3o se det\u00e9m a destrui\u00e7\u00e3o da Amaz\u00f4nia.<\/p>\n<p class=\"p1\">E n\u00e3o s\u00e3o apenas as florestas que est\u00e3o sendo destru\u00eddas: nossas cidades tamb\u00e9m s\u00e3o v\u00edtimas deste modelo colonial, explorador e excludente que golpeia homens e mulheres da selva e da urbe. Por isso n\u00e3o existe lugar melhor para sediar a COP 30 do que Bel\u00e9m do Par\u00e1.<\/p>\n<p class=\"p1\">Sempre existir\u00e1 quem diga que n\u00e3o estamos preparados para acolher um evento de tamanha magnitude e apontar\u00e1 para nossas defici\u00eancias em infraestrutura, transporte, esgotamento sanit\u00e1rio. Por\u00e9m, eu penso exatamente o contr\u00e1rio. J\u00e1 est\u00e1 na hora dos senhores do mundo pararem de discutir o futuro da humanidade nos poucos nichos de prosperidade que este planeta disp\u00f5e. \u00c9 hora de ver, cara a cara, as consequ\u00eancias de um modelo perverso que destr\u00f3i a natureza e a humanidade. E mais do que ver, ouvir e sentir a for\u00e7a dos despossu\u00eddos. E para isto n\u00e3o existe lugar melhor do que Bel\u00e9m, a capital das resist\u00eancias, a trincheira dos povos.<\/p>\n<p class=\"p1\"><em><strong>Luiz Arnaldo Campos<\/strong><\/em><br \/>\n<em><strong>Cineasta e Coordenador de Rela\u00e7\u00f5es Internacionais da Prefeitura de Bel\u00e9m<\/strong><\/em><\/p>\n","protected":false},"excerpt":{"rendered":"<p>Depois de passar por Glasgow, Sharm el Sheik, Dubai e outros destinos luxuosos do mundo, a Confer\u00eancia das Na\u00e7\u00f5es Unidas para o Clima, a COP de n\u00famero 30, chegar\u00e1 finalmente \u00e0 Amaz\u00f4nia, mais precisamente em Bel\u00e9m, em 2025. J\u00e1 n\u00e3o era sem tempo, afinal de contas, o ataque contra as florestas tropicais \u00e9 o segundo [&hellip;]<\/p>\n","protected":false},"author":2,"featured_media":36857,"comment_status":"open","ping_status":"open","sticky":false,"template":"","format":"standard","meta":{"_acf_changed":false,"footnotes":""},"categories":[654],"tags":[4825],"class_list":{"0":"post-36855","1":"post","2":"type-post","3":"status-publish","4":"format-standard","5":"has-post-thumbnail","7":"category-estados","8":"tag-noticias"},"acf":[],"yoast_head":"<!-- This site is optimized with the Yoast SEO plugin v26.5 - https:\/\/yoast.com\/wordpress\/plugins\/seo\/ -->\n<title>Luiz Arnaldo Campos: A COP em Bel\u00e9m<\/title>\n<meta name=\"description\" content=\"Coordenador de Rela\u00e7\u00f5es Internacionais da Prefeitura de Bel\u00e9m fala da import\u00e2ncia da COP-30, em 2025, acontecer no cora\u00e7\u00e3o da Amaz\u00f4nia.\" \/>\n<meta name=\"robots\" content=\"index, follow, max-snippet:-1, max-image-preview:large, max-video-preview:-1\" \/>\n<link rel=\"canonical\" href=\"https:\/\/psol50.org.br\/luiz-arnaldo-campos-a-cop-em-belem\/\" \/>\n<meta property=\"og:locale\" content=\"pt_BR\" \/>\n<meta property=\"og:type\" content=\"article\" \/>\n<meta property=\"og:title\" content=\"Luiz Arnaldo Campos: A COP em Bel\u00e9m\" \/>\n<meta property=\"og:description\" content=\"Coordenador de Rela\u00e7\u00f5es Internacionais da Prefeitura de Bel\u00e9m fala da import\u00e2ncia da COP-30, em 2025, acontecer no cora\u00e7\u00e3o da Amaz\u00f4nia.\" \/>\n<meta property=\"og:url\" content=\"https:\/\/psol50.org.br\/luiz-arnaldo-campos-a-cop-em-belem\/\" \/>\n<meta property=\"og:site_name\" content=\"PSOL 50\" \/>\n<meta property=\"article:publisher\" content=\"https:\/\/www.facebook.com\/psol50\" \/>\n<meta property=\"article:published_time\" content=\"2023-01-30T13:33:12+00:00\" \/>\n<meta property=\"og:image\" content=\"https:\/\/psol50.org.br\/inc\/uploads\/2023\/01\/571b1ffb-8523-4214-bf94-11d4adf19986-scaled.jpg\" \/>\n\t<meta property=\"og:image:width\" content=\"2560\" \/>\n\t<meta property=\"og:image:height\" content=\"1707\" \/>\n\t<meta property=\"og:image:type\" content=\"image\/jpeg\" \/>\n<meta name=\"author\" content=\"Comunica\u00e7\u00e3o PSOL\" \/>\n<meta name=\"twitter:card\" content=\"summary_large_image\" \/>\n<meta name=\"twitter:creator\" content=\"@psol50\" \/>\n<meta name=\"twitter:site\" content=\"@psol50\" \/>\n<meta name=\"twitter:label1\" content=\"Escrito por\" \/>\n\t<meta name=\"twitter:data1\" content=\"Comunica\u00e7\u00e3o PSOL\" \/>\n\t<meta name=\"twitter:label2\" content=\"Est. tempo de leitura\" \/>\n\t<meta name=\"twitter:data2\" content=\"4 minutos\" \/>\n<script type=\"application\/ld+json\" class=\"yoast-schema-graph\">{\"@context\":\"https:\/\/schema.org\",\"@graph\":[{\"@type\":\"Article\",\"@id\":\"https:\/\/psol50.org.br\/luiz-arnaldo-campos-a-cop-em-belem\/#article\",\"isPartOf\":{\"@id\":\"https:\/\/psol50.org.br\/luiz-arnaldo-campos-a-cop-em-belem\/\"},\"author\":{\"name\":\"Comunica\u00e7\u00e3o PSOL\",\"@id\":\"https:\/\/psol50.org.br\/#\/schema\/person\/475dfa57d0b815993c714c2e96491fcd\"},\"headline\":\"Luiz Arnaldo Campos: A COP em Bel\u00e9m\",\"datePublished\":\"2023-01-30T13:33:12+00:00\",\"mainEntityOfPage\":{\"@id\":\"https:\/\/psol50.org.br\/luiz-arnaldo-campos-a-cop-em-belem\/\"},\"wordCount\":824,\"commentCount\":0,\"publisher\":{\"@id\":\"https:\/\/psol50.org.br\/#organization\"},\"image\":{\"@id\":\"https:\/\/psol50.org.br\/luiz-arnaldo-campos-a-cop-em-belem\/#primaryimage\"},\"thumbnailUrl\":\"https:\/\/psol50.org.br\/inc\/uploads\/2023\/01\/571b1ffb-8523-4214-bf94-11d4adf19986-scaled.jpg\",\"keywords\":[\"Not\u00edcias\"],\"articleSection\":[\"Estados\"],\"inLanguage\":\"pt-BR\",\"potentialAction\":[{\"@type\":\"CommentAction\",\"name\":\"Comment\",\"target\":[\"https:\/\/psol50.org.br\/luiz-arnaldo-campos-a-cop-em-belem\/#respond\"]}]},{\"@type\":\"WebPage\",\"@id\":\"https:\/\/psol50.org.br\/luiz-arnaldo-campos-a-cop-em-belem\/\",\"url\":\"https:\/\/psol50.org.br\/luiz-arnaldo-campos-a-cop-em-belem\/\",\"name\":\"Luiz Arnaldo Campos: A COP em Bel\u00e9m\",\"isPartOf\":{\"@id\":\"https:\/\/psol50.org.br\/#website\"},\"primaryImageOfPage\":{\"@id\":\"https:\/\/psol50.org.br\/luiz-arnaldo-campos-a-cop-em-belem\/#primaryimage\"},\"image\":{\"@id\":\"https:\/\/psol50.org.br\/luiz-arnaldo-campos-a-cop-em-belem\/#primaryimage\"},\"thumbnailUrl\":\"https:\/\/psol50.org.br\/inc\/uploads\/2023\/01\/571b1ffb-8523-4214-bf94-11d4adf19986-scaled.jpg\",\"datePublished\":\"2023-01-30T13:33:12+00:00\",\"description\":\"Coordenador de Rela\u00e7\u00f5es Internacionais da Prefeitura de Bel\u00e9m fala da import\u00e2ncia da COP-30, em 2025, acontecer no cora\u00e7\u00e3o da Amaz\u00f4nia.\",\"breadcrumb\":{\"@id\":\"https:\/\/psol50.org.br\/luiz-arnaldo-campos-a-cop-em-belem\/#breadcrumb\"},\"inLanguage\":\"pt-BR\",\"potentialAction\":[{\"@type\":\"ReadAction\",\"target\":[\"https:\/\/psol50.org.br\/luiz-arnaldo-campos-a-cop-em-belem\/\"]}]},{\"@type\":\"ImageObject\",\"inLanguage\":\"pt-BR\",\"@id\":\"https:\/\/psol50.org.br\/luiz-arnaldo-campos-a-cop-em-belem\/#primaryimage\",\"url\":\"https:\/\/psol50.org.br\/inc\/uploads\/2023\/01\/571b1ffb-8523-4214-bf94-11d4adf19986-scaled.jpg\",\"contentUrl\":\"https:\/\/psol50.org.br\/inc\/uploads\/2023\/01\/571b1ffb-8523-4214-bf94-11d4adf19986-scaled.jpg\",\"width\":2560,\"height\":1707,\"caption\":\"Foto: M\u00e1cio Ferreira\/Ag\u00eancia Bel\u00e9m\"},{\"@type\":\"BreadcrumbList\",\"@id\":\"https:\/\/psol50.org.br\/luiz-arnaldo-campos-a-cop-em-belem\/#breadcrumb\",\"itemListElement\":[{\"@type\":\"ListItem\",\"position\":1,\"name\":\"In\u00edcio\",\"item\":\"https:\/\/psol50.org.br\/\"},{\"@type\":\"ListItem\",\"position\":2,\"name\":\"Luiz Arnaldo Campos: A COP em Bel\u00e9m\"}]},{\"@type\":\"WebSite\",\"@id\":\"https:\/\/psol50.org.br\/#website\",\"url\":\"https:\/\/psol50.org.br\/\",\"name\":\"PSOL 50\",\"description\":\"Site oficial do Partido Socialismo e Liberdade\",\"publisher\":{\"@id\":\"https:\/\/psol50.org.br\/#organization\"},\"alternateName\":\"PSOL50\",\"potentialAction\":[{\"@type\":\"SearchAction\",\"target\":{\"@type\":\"EntryPoint\",\"urlTemplate\":\"https:\/\/psol50.org.br\/?s={search_term_string}\"},\"query-input\":{\"@type\":\"PropertyValueSpecification\",\"valueRequired\":true,\"valueName\":\"search_term_string\"}}],\"inLanguage\":\"pt-BR\"},{\"@type\":\"Organization\",\"@id\":\"https:\/\/psol50.org.br\/#organization\",\"name\":\"PSOL 50\",\"alternateName\":\"PSOL 50\",\"url\":\"https:\/\/psol50.org.br\/\",\"logo\":{\"@type\":\"ImageObject\",\"inLanguage\":\"pt-BR\",\"@id\":\"https:\/\/psol50.org.br\/#\/schema\/logo\/image\/\",\"url\":\"https:\/\/psol50.org.br\/inc\/uploads\/2018\/07\/capa.png\",\"contentUrl\":\"https:\/\/psol50.org.br\/inc\/uploads\/2018\/07\/capa.png\",\"width\":1350,\"height\":900,\"caption\":\"PSOL 50\"},\"image\":{\"@id\":\"https:\/\/psol50.org.br\/#\/schema\/logo\/image\/\"},\"sameAs\":[\"https:\/\/www.facebook.com\/psol50\",\"https:\/\/x.com\/psol50\",\"https:\/\/www.instagram.com\/psol50\/\",\"https:\/\/www.youtube.com\/channel\/UC7SnJS5o1os7a6CaiNabzcg\"]},{\"@type\":\"Person\",\"@id\":\"https:\/\/psol50.org.br\/#\/schema\/person\/475dfa57d0b815993c714c2e96491fcd\",\"name\":\"Comunica\u00e7\u00e3o PSOL\",\"image\":{\"@type\":\"ImageObject\",\"inLanguage\":\"pt-BR\",\"@id\":\"https:\/\/psol50.org.br\/#\/schema\/person\/image\/\",\"url\":\"https:\/\/secure.gravatar.com\/avatar\/b34fc4f4e468a4e51785917065a3db57b841f5c95dba6ad8c73aaf8f66f8f9bf?s=96&d=mm&r=g\",\"contentUrl\":\"https:\/\/secure.gravatar.com\/avatar\/b34fc4f4e468a4e51785917065a3db57b841f5c95dba6ad8c73aaf8f66f8f9bf?s=96&d=mm&r=g\",\"caption\":\"Comunica\u00e7\u00e3o PSOL\"}}]}<\/script>\n<!-- \/ Yoast SEO plugin. -->","yoast_head_json":{"title":"Luiz Arnaldo Campos: A COP em Bel\u00e9m","description":"Coordenador de Rela\u00e7\u00f5es Internacionais da Prefeitura de Bel\u00e9m fala da import\u00e2ncia da COP-30, em 2025, acontecer no cora\u00e7\u00e3o da Amaz\u00f4nia.","robots":{"index":"index","follow":"follow","max-snippet":"max-snippet:-1","max-image-preview":"max-image-preview:large","max-video-preview":"max-video-preview:-1"},"canonical":"https:\/\/psol50.org.br\/luiz-arnaldo-campos-a-cop-em-belem\/","og_locale":"pt_BR","og_type":"article","og_title":"Luiz Arnaldo Campos: A COP em Bel\u00e9m","og_description":"Coordenador de Rela\u00e7\u00f5es Internacionais da Prefeitura de Bel\u00e9m fala da import\u00e2ncia da COP-30, em 2025, acontecer no cora\u00e7\u00e3o da Amaz\u00f4nia.","og_url":"https:\/\/psol50.org.br\/luiz-arnaldo-campos-a-cop-em-belem\/","og_site_name":"PSOL 50","article_publisher":"https:\/\/www.facebook.com\/psol50","article_published_time":"2023-01-30T13:33:12+00:00","og_image":[{"width":2560,"height":1707,"url":"https:\/\/psol50.org.br\/inc\/uploads\/2023\/01\/571b1ffb-8523-4214-bf94-11d4adf19986-scaled.jpg","type":"image\/jpeg"}],"author":"Comunica\u00e7\u00e3o PSOL","twitter_card":"summary_large_image","twitter_creator":"@psol50","twitter_site":"@psol50","twitter_misc":{"Escrito por":"Comunica\u00e7\u00e3o PSOL","Est. tempo de leitura":"4 minutos"},"schema":{"@context":"https:\/\/schema.org","@graph":[{"@type":"Article","@id":"https:\/\/psol50.org.br\/luiz-arnaldo-campos-a-cop-em-belem\/#article","isPartOf":{"@id":"https:\/\/psol50.org.br\/luiz-arnaldo-campos-a-cop-em-belem\/"},"author":{"name":"Comunica\u00e7\u00e3o PSOL","@id":"https:\/\/psol50.org.br\/#\/schema\/person\/475dfa57d0b815993c714c2e96491fcd"},"headline":"Luiz Arnaldo Campos: A COP em Bel\u00e9m","datePublished":"2023-01-30T13:33:12+00:00","mainEntityOfPage":{"@id":"https:\/\/psol50.org.br\/luiz-arnaldo-campos-a-cop-em-belem\/"},"wordCount":824,"commentCount":0,"publisher":{"@id":"https:\/\/psol50.org.br\/#organization"},"image":{"@id":"https:\/\/psol50.org.br\/luiz-arnaldo-campos-a-cop-em-belem\/#primaryimage"},"thumbnailUrl":"https:\/\/psol50.org.br\/inc\/uploads\/2023\/01\/571b1ffb-8523-4214-bf94-11d4adf19986-scaled.jpg","keywords":["Not\u00edcias"],"articleSection":["Estados"],"inLanguage":"pt-BR","potentialAction":[{"@type":"CommentAction","name":"Comment","target":["https:\/\/psol50.org.br\/luiz-arnaldo-campos-a-cop-em-belem\/#respond"]}]},{"@type":"WebPage","@id":"https:\/\/psol50.org.br\/luiz-arnaldo-campos-a-cop-em-belem\/","url":"https:\/\/psol50.org.br\/luiz-arnaldo-campos-a-cop-em-belem\/","name":"Luiz Arnaldo Campos: A COP em Bel\u00e9m","isPartOf":{"@id":"https:\/\/psol50.org.br\/#website"},"primaryImageOfPage":{"@id":"https:\/\/psol50.org.br\/luiz-arnaldo-campos-a-cop-em-belem\/#primaryimage"},"image":{"@id":"https:\/\/psol50.org.br\/luiz-arnaldo-campos-a-cop-em-belem\/#primaryimage"},"thumbnailUrl":"https:\/\/psol50.org.br\/inc\/uploads\/2023\/01\/571b1ffb-8523-4214-bf94-11d4adf19986-scaled.jpg","datePublished":"2023-01-30T13:33:12+00:00","description":"Coordenador de Rela\u00e7\u00f5es Internacionais da Prefeitura de Bel\u00e9m fala da import\u00e2ncia da COP-30, em 2025, acontecer no cora\u00e7\u00e3o da Amaz\u00f4nia.","breadcrumb":{"@id":"https:\/\/psol50.org.br\/luiz-arnaldo-campos-a-cop-em-belem\/#breadcrumb"},"inLanguage":"pt-BR","potentialAction":[{"@type":"ReadAction","target":["https:\/\/psol50.org.br\/luiz-arnaldo-campos-a-cop-em-belem\/"]}]},{"@type":"ImageObject","inLanguage":"pt-BR","@id":"https:\/\/psol50.org.br\/luiz-arnaldo-campos-a-cop-em-belem\/#primaryimage","url":"https:\/\/psol50.org.br\/inc\/uploads\/2023\/01\/571b1ffb-8523-4214-bf94-11d4adf19986-scaled.jpg","contentUrl":"https:\/\/psol50.org.br\/inc\/uploads\/2023\/01\/571b1ffb-8523-4214-bf94-11d4adf19986-scaled.jpg","width":2560,"height":1707,"caption":"Foto: M\u00e1cio Ferreira\/Ag\u00eancia Bel\u00e9m"},{"@type":"BreadcrumbList","@id":"https:\/\/psol50.org.br\/luiz-arnaldo-campos-a-cop-em-belem\/#breadcrumb","itemListElement":[{"@type":"ListItem","position":1,"name":"In\u00edcio","item":"https:\/\/psol50.org.br\/"},{"@type":"ListItem","position":2,"name":"Luiz Arnaldo Campos: A COP em Bel\u00e9m"}]},{"@type":"WebSite","@id":"https:\/\/psol50.org.br\/#website","url":"https:\/\/psol50.org.br\/","name":"PSOL 50","description":"Site oficial do Partido Socialismo e Liberdade","publisher":{"@id":"https:\/\/psol50.org.br\/#organization"},"alternateName":"PSOL50","potentialAction":[{"@type":"SearchAction","target":{"@type":"EntryPoint","urlTemplate":"https:\/\/psol50.org.br\/?s={search_term_string}"},"query-input":{"@type":"PropertyValueSpecification","valueRequired":true,"valueName":"search_term_string"}}],"inLanguage":"pt-BR"},{"@type":"Organization","@id":"https:\/\/psol50.org.br\/#organization","name":"PSOL 50","alternateName":"PSOL 50","url":"https:\/\/psol50.org.br\/","logo":{"@type":"ImageObject","inLanguage":"pt-BR","@id":"https:\/\/psol50.org.br\/#\/schema\/logo\/image\/","url":"https:\/\/psol50.org.br\/inc\/uploads\/2018\/07\/capa.png","contentUrl":"https:\/\/psol50.org.br\/inc\/uploads\/2018\/07\/capa.png","width":1350,"height":900,"caption":"PSOL 50"},"image":{"@id":"https:\/\/psol50.org.br\/#\/schema\/logo\/image\/"},"sameAs":["https:\/\/www.facebook.com\/psol50","https:\/\/x.com\/psol50","https:\/\/www.instagram.com\/psol50\/","https:\/\/www.youtube.com\/channel\/UC7SnJS5o1os7a6CaiNabzcg"]},{"@type":"Person","@id":"https:\/\/psol50.org.br\/#\/schema\/person\/475dfa57d0b815993c714c2e96491fcd","name":"Comunica\u00e7\u00e3o PSOL","image":{"@type":"ImageObject","inLanguage":"pt-BR","@id":"https:\/\/psol50.org.br\/#\/schema\/person\/image\/","url":"https:\/\/secure.gravatar.com\/avatar\/b34fc4f4e468a4e51785917065a3db57b841f5c95dba6ad8c73aaf8f66f8f9bf?s=96&d=mm&r=g","contentUrl":"https:\/\/secure.gravatar.com\/avatar\/b34fc4f4e468a4e51785917065a3db57b841f5c95dba6ad8c73aaf8f66f8f9bf?s=96&d=mm&r=g","caption":"Comunica\u00e7\u00e3o PSOL"}}]}},"_links":{"self":[{"href":"https:\/\/psol50.org.br\/rest\/wp\/v2\/posts\/36855","targetHints":{"allow":["GET"]}}],"collection":[{"href":"https:\/\/psol50.org.br\/rest\/wp\/v2\/posts"}],"about":[{"href":"https:\/\/psol50.org.br\/rest\/wp\/v2\/types\/post"}],"author":[{"embeddable":true,"href":"https:\/\/psol50.org.br\/rest\/wp\/v2\/users\/2"}],"replies":[{"embeddable":true,"href":"https:\/\/psol50.org.br\/rest\/wp\/v2\/comments?post=36855"}],"version-history":[{"count":1,"href":"https:\/\/psol50.org.br\/rest\/wp\/v2\/posts\/36855\/revisions"}],"predecessor-version":[{"id":36856,"href":"https:\/\/psol50.org.br\/rest\/wp\/v2\/posts\/36855\/revisions\/36856"}],"wp:featuredmedia":[{"embeddable":true,"href":"https:\/\/psol50.org.br\/rest\/wp\/v2\/media\/36857"}],"wp:attachment":[{"href":"https:\/\/psol50.org.br\/rest\/wp\/v2\/media?parent=36855"}],"wp:term":[{"taxonomy":"category","embeddable":true,"href":"https:\/\/psol50.org.br\/rest\/wp\/v2\/categories?post=36855"},{"taxonomy":"post_tag","embeddable":true,"href":"https:\/\/psol50.org.br\/rest\/wp\/v2\/tags?post=36855"}],"curies":[{"name":"wp","href":"https:\/\/api.w.org\/{rel}","templated":true}]}}